{"id":79891,"date":"2011-10-31T00:00:00","date_gmt":"2011-10-30T23:00:00","guid":{"rendered":"http:\/\/b.bati-journal.com\/atrium-construction-au-salon-international-du-patrimoine-culturel-2\/79891"},"modified":"2011-10-31T00:00:00","modified_gmt":"2011-10-30T23:00:00","slug":"atrium-construction-au-salon-international-du-patrimoine-culturel-2","status":"publish","type":"post","link":"https:\/\/batijournal.com\/index.php\/atrium-construction-au-salon-international-du-patrimoine-culturel-2\/79891\/","title":{"rendered":"Atrium Construction au Salon international du Patrimoine culturel"},"content":{"rendered":"<p>Du 3 au 6 novembre 2011, nous donnons rendez-vous \u00e0 tous nos lecteurs au Carrousel du Louvre pour la nouvelle \u00e9dition du Salon international du Patrimoine culturel, le grand rendez-vous annuel de notre secteur professionnel. Vous nous retrouverez comme d&rsquo;habitude , salle Le N\u00f4tre, stand K2. Et ne manquez pas nos interventions : &#8211; Remise des prix 2011 du concours Terroirs de Terreal &#8211; Jeudi 3 novembre \u00e0 12 h, salle Delorme (invitations aupr\u00e8s de St\u00e9phanie Piere au 01 46 34 60 60) &#8211; Les origines de la restauration du patrimoine industriel dans la ville, par Serge Van den Broucke, journaliste du patrimoine et r\u00e9dacteur en chef d&rsquo;Atrium Construction &#8211; Jeudi 3 novembre de 15h30 \u00e0 16h30, salle Delorme (entr\u00e9e libre). Aujourd&rsquo;hui, les \u00e9lus sont sensibilis\u00e9s \u00e0 la pr\u00e9servation du patrimoine industriel urbain, notamment gr\u00e2ce au choix habile de nouvelles affectations des b\u00e2timents, soit en logements, soit en ERP (\u00e9tablissement recevant du public). Ce ne fut pas toujours le cas. Si l&rsquo;Angleterre a entrepris de r\u00e9nover et d&rsquo;\u00e9tudier s\u00e9rieusement son patrimoine industriel d\u00e8s les ann\u00e9es 1940, la France ne s&rsquo;y est vraiment int\u00e9ress\u00e9e que vers 1980-1990. Depuis le c\u00e9l\u00e8bre pont en fonte d&rsquo;Ironbridge, consid\u00e9r\u00e9 comme le symbole de l&rsquo;av\u00e8nement de la r\u00e9volution industrielle britannique, inaugur\u00e9 en 1781 et class\u00e9 Monument Historique en 1934, jusqu&rsquo;aux restaurations fran\u00e7aises contemporaines, nous examinerons l&rsquo;origine et l&rsquo;\u00e9volution de cette volont\u00e9 de conservation de la m\u00e9moire architecturale. &#8211; Urbanisme et modernit\u00e9 : un couple sous haute tension ? Vendredi 4 novembre 2011 &#8211; 11h00 \u00e0 12h30 &#8211; Studio-Th\u00e9\u00e2tre de la Com\u00e9die-Fran\u00e7aise. Un d\u00e9bat propos\u00e9 par l&rsquo;Association des Journalistes du Patrimoine, pr\u00e9sent\u00e9 par Laurence Thiriat (France T\u00e9l\u00e9vision et ARTE) et Serge Van den Broucke (Atrium Construction), pr\u00e9par\u00e9 avec Michel Fulla (Sites et Monuments) et Remi Koltirine (Paris Patrimoine). Les intervenants seront prestigieux : Jacques Ferrier, architecte et ing\u00e9nieur dipl\u00f4m\u00e9 de l&rsquo;\u00fbcole centrale Paris, cr\u00e9ateur du concept de la \u00ab ville sensuelle \u00bb au pavillon fran\u00e7ais de l&rsquo;exposition Universelle de Shanghai Fran\u00e7ois Loyer, historien de l&rsquo;architecture contemporaine, ancien pr\u00e9sident de la Commission du Vieux Paris Pierre-Yves Caillaut, architecte en chef des Monuments Historiques en charge de la restauration de ch\u00e2teau de Lun\u00e9ville.<\/p>\n","protected":false},"excerpt":{"rendered":"<p>Du 3 au 6 novembre 2011, nous donnons rendez-vous \u00e0 tous nos lecteurs au Carrousel du Louvre pour la nouvelle \u00e9dition du Salon international du Patrimoine culturel, le grand rendez-vous annuel de notre secteur professionnel. Vous nous retrouverez comme d&rsquo;habitude , salle Le N\u00f4tre, stand K2. Et ne manquez pas nos interventions : &#8211; Remise [&hellip;]<\/p>\n","protected":false},"author":1,"featured_media":0,"comment_status":"open","ping_status":"closed","sticky":false,"template":"","format":"standard","meta":{"_et_pb_use_builder":"","_et_pb_old_content":"","_et_gb_content_width":"","footnotes":""},"categories":[9192],"tags":[91],"class_list":["post-79891","post","type-post","status-publish","format-standard","hentry","category-evenements","tag-salon-du-patrimoine-culturel"],"yoast_head":"<!-- This site is optimized with the Yoast SEO plugin v27.4 - https:\/\/yoast.com\/product\/yoast-seo-wordpress\/ -->\n<title>Atrium Construction au Salon international du Patrimoine culturel<\/title>\n<meta name=\"robots\" content=\"index, follow, max-snippet:-1, max-image-preview:large, max-video-preview:-1\" \/>\n<link rel=\"canonical\" href=\"https:\/\/batijournal.com\/index.php\/atrium-construction-au-salon-international-du-patrimoine-culturel-2\/79891\/\" \/>\n<meta property=\"og:locale\" content=\"fr_FR\" \/>\n<meta property=\"og:type\" content=\"article\" \/>\n<meta property=\"og:title\" content=\"Atrium Construction au Salon international du Patrimoine culturel\" \/>\n<meta property=\"og:description\" content=\"Du 3 au 6 novembre 2011, nous donnons rendez-vous \u00e0 tous nos lecteurs au Carrousel du Louvre pour la nouvelle \u00e9dition du Salon international du Patrimoine culturel, le grand rendez-vous annuel de notre secteur professionnel. Vous nous retrouverez comme d&rsquo;habitude , salle Le N\u00f4tre, stand K2. Et ne manquez pas nos interventions : &#8211; Remise [&hellip;]\" \/>\n<meta property=\"og:url\" content=\"https:\/\/batijournal.com\/index.php\/atrium-construction-au-salon-international-du-patrimoine-culturel-2\/79891\/\" \/>\n<meta property=\"og:site_name\" content=\"Batijournal\" \/>\n<meta property=\"article:published_time\" content=\"2011-10-30T23:00:00+00:00\" \/>\n<meta name=\"author\" content=\"Bati-journal\" \/>\n<meta name=\"twitter:card\" content=\"summary_large_image\" \/>\n<meta name=\"twitter:creator\" content=\"@bati_journal\" \/>\n<meta name=\"twitter:site\" content=\"@bati_journal\" \/>\n<meta name=\"twitter:label1\" content=\"\u00c9crit par\" \/>\n\t<meta name=\"twitter:data1\" content=\"Bati-journal\" \/>\n\t<meta name=\"twitter:label2\" content=\"Dur\u00e9e de lecture estim\u00e9e\" \/>\n\t<meta name=\"twitter:data2\" content=\"2 minutes\" \/>\n<script type=\"application\/ld+json\" class=\"yoast-schema-graph\">{\"@context\":\"https:\\\/\\\/schema.org\",\"@graph\":[{\"@type\":\"Article\",\"@id\":\"https:\\\/\\\/batijournal.com\\\/index.php\\\/atrium-construction-au-salon-international-du-patrimoine-culturel-2\\\/79891\\\/#article\",\"isPartOf\":{\"@id\":\"https:\\\/\\\/batijournal.com\\\/index.php\\\/atrium-construction-au-salon-international-du-patrimoine-culturel-2\\\/79891\\\/\"},\"author\":{\"name\":\"Bati-journal\",\"@id\":\"https:\\\/\\\/batijournal.com\\\/#\\\/schema\\\/person\\\/6a657e8967569e1b299972574848aa76\"},\"headline\":\"Atrium Construction au Salon international du Patrimoine culturel\",\"datePublished\":\"2011-10-30T23:00:00+00:00\",\"mainEntityOfPage\":{\"@id\":\"https:\\\/\\\/batijournal.com\\\/index.php\\\/atrium-construction-au-salon-international-du-patrimoine-culturel-2\\\/79891\\\/\"},\"wordCount\":386,\"commentCount\":0,\"keywords\":[\"salon du patrimoine culturel\"],\"articleSection\":[\"\u00c9v\u00e9nements\"],\"inLanguage\":\"fr-FR\",\"potentialAction\":[{\"@type\":\"CommentAction\",\"name\":\"Comment\",\"target\":[\"https:\\\/\\\/batijournal.com\\\/index.php\\\/atrium-construction-au-salon-international-du-patrimoine-culturel-2\\\/79891\\\/#respond\"]}]},{\"@type\":\"WebPage\",\"@id\":\"https:\\\/\\\/batijournal.com\\\/index.php\\\/atrium-construction-au-salon-international-du-patrimoine-culturel-2\\\/79891\\\/\",\"url\":\"https:\\\/\\\/batijournal.com\\\/index.php\\\/atrium-construction-au-salon-international-du-patrimoine-culturel-2\\\/79891\\\/\",\"name\":\"Atrium Construction au Salon international du Patrimoine culturel\",\"isPartOf\":{\"@id\":\"https:\\\/\\\/batijournal.com\\\/#website\"},\"datePublished\":\"2011-10-30T23:00:00+00:00\",\"author\":{\"@id\":\"https:\\\/\\\/batijournal.com\\\/#\\\/schema\\\/person\\\/6a657e8967569e1b299972574848aa76\"},\"breadcrumb\":{\"@id\":\"https:\\\/\\\/batijournal.com\\\/index.php\\\/atrium-construction-au-salon-international-du-patrimoine-culturel-2\\\/79891\\\/#breadcrumb\"},\"inLanguage\":\"fr-FR\",\"potentialAction\":[{\"@type\":\"ReadAction\",\"target\":[\"https:\\\/\\\/batijournal.com\\\/index.php\\\/atrium-construction-au-salon-international-du-patrimoine-culturel-2\\\/79891\\\/\"]}]},{\"@type\":\"BreadcrumbList\",\"@id\":\"https:\\\/\\\/batijournal.com\\\/index.php\\\/atrium-construction-au-salon-international-du-patrimoine-culturel-2\\\/79891\\\/#breadcrumb\",\"itemListElement\":[{\"@type\":\"ListItem\",\"position\":1,\"name\":\"Accueil\",\"item\":\"https:\\\/\\\/batijournal.com\\\/\"},{\"@type\":\"ListItem\",\"position\":2,\"name\":\"\u00c9v\u00e9nements\",\"item\":\"https:\\\/\\\/batijournal.com\\\/index.php\\\/category\\\/evenements\\\/\"},{\"@type\":\"ListItem\",\"position\":3,\"name\":\"Atrium Construction au Salon international du Patrimoine culturel\"}]},{\"@type\":\"WebSite\",\"@id\":\"https:\\\/\\\/batijournal.com\\\/#website\",\"url\":\"https:\\\/\\\/batijournal.com\\\/\",\"name\":\"Batijournal\",\"description\":\"L&#039;actualit\u00e9 du b\u00e2timent\",\"potentialAction\":[{\"@type\":\"SearchAction\",\"target\":{\"@type\":\"EntryPoint\",\"urlTemplate\":\"https:\\\/\\\/batijournal.com\\\/?s={search_term_string}\"},\"query-input\":{\"@type\":\"PropertyValueSpecification\",\"valueRequired\":true,\"valueName\":\"search_term_string\"}}],\"inLanguage\":\"fr-FR\"},{\"@type\":\"Person\",\"@id\":\"https:\\\/\\\/batijournal.com\\\/#\\\/schema\\\/person\\\/6a657e8967569e1b299972574848aa76\",\"name\":\"Bati-journal\",\"image\":{\"@type\":\"ImageObject\",\"inLanguage\":\"fr-FR\",\"@id\":\"https:\\\/\\\/secure.gravatar.com\\\/avatar\\\/a64364ea26392f9b4dd47e017ddaec74ff03aefc073b49e492e847201258f777?s=96&d=mm&r=g\",\"url\":\"https:\\\/\\\/secure.gravatar.com\\\/avatar\\\/a64364ea26392f9b4dd47e017ddaec74ff03aefc073b49e492e847201258f777?s=96&d=mm&r=g\",\"contentUrl\":\"https:\\\/\\\/secure.gravatar.com\\\/avatar\\\/a64364ea26392f9b4dd47e017ddaec74ff03aefc073b49e492e847201258f777?s=96&d=mm&r=g\",\"caption\":\"Bati-journal\"},\"url\":\"https:\\\/\\\/batijournal.com\\\/index.php\\\/author\\\/elodie\\\/\"}]}<\/script>\n<!-- \/ Yoast SEO plugin. -->","yoast_head_json":{"title":"Atrium Construction au Salon international du Patrimoine culturel","robots":{"index":"index","follow":"follow","max-snippet":"max-snippet:-1","max-image-preview":"max-image-preview:large","max-video-preview":"max-video-preview:-1"},"canonical":"https:\/\/batijournal.com\/index.php\/atrium-construction-au-salon-international-du-patrimoine-culturel-2\/79891\/","og_locale":"fr_FR","og_type":"article","og_title":"Atrium Construction au Salon international du Patrimoine culturel","og_description":"Du 3 au 6 novembre 2011, nous donnons rendez-vous \u00e0 tous nos lecteurs au Carrousel du Louvre pour la nouvelle \u00e9dition du Salon international du Patrimoine culturel, le grand rendez-vous annuel de notre secteur professionnel. Vous nous retrouverez comme d&rsquo;habitude , salle Le N\u00f4tre, stand K2. Et ne manquez pas nos interventions : &#8211; Remise [&hellip;]","og_url":"https:\/\/batijournal.com\/index.php\/atrium-construction-au-salon-international-du-patrimoine-culturel-2\/79891\/","og_site_name":"Batijournal","article_published_time":"2011-10-30T23:00:00+00:00","author":"Bati-journal","twitter_card":"summary_large_image","twitter_creator":"@bati_journal","twitter_site":"@bati_journal","twitter_misc":{"\u00c9crit par":"Bati-journal","Dur\u00e9e de lecture estim\u00e9e":"2 minutes"},"schema":{"@context":"https:\/\/schema.org","@graph":[{"@type":"Article","@id":"https:\/\/batijournal.com\/index.php\/atrium-construction-au-salon-international-du-patrimoine-culturel-2\/79891\/#article","isPartOf":{"@id":"https:\/\/batijournal.com\/index.php\/atrium-construction-au-salon-international-du-patrimoine-culturel-2\/79891\/"},"author":{"name":"Bati-journal","@id":"https:\/\/batijournal.com\/#\/schema\/person\/6a657e8967569e1b299972574848aa76"},"headline":"Atrium Construction au Salon international du Patrimoine culturel","datePublished":"2011-10-30T23:00:00+00:00","mainEntityOfPage":{"@id":"https:\/\/batijournal.com\/index.php\/atrium-construction-au-salon-international-du-patrimoine-culturel-2\/79891\/"},"wordCount":386,"commentCount":0,"keywords":["salon du patrimoine culturel"],"articleSection":["\u00c9v\u00e9nements"],"inLanguage":"fr-FR","potentialAction":[{"@type":"CommentAction","name":"Comment","target":["https:\/\/batijournal.com\/index.php\/atrium-construction-au-salon-international-du-patrimoine-culturel-2\/79891\/#respond"]}]},{"@type":"WebPage","@id":"https:\/\/batijournal.com\/index.php\/atrium-construction-au-salon-international-du-patrimoine-culturel-2\/79891\/","url":"https:\/\/batijournal.com\/index.php\/atrium-construction-au-salon-international-du-patrimoine-culturel-2\/79891\/","name":"Atrium Construction au Salon international du Patrimoine culturel","isPartOf":{"@id":"https:\/\/batijournal.com\/#website"},"datePublished":"2011-10-30T23:00:00+00:00","author":{"@id":"https:\/\/batijournal.com\/#\/schema\/person\/6a657e8967569e1b299972574848aa76"},"breadcrumb":{"@id":"https:\/\/batijournal.com\/index.php\/atrium-construction-au-salon-international-du-patrimoine-culturel-2\/79891\/#breadcrumb"},"inLanguage":"fr-FR","potentialAction":[{"@type":"ReadAction","target":["https:\/\/batijournal.com\/index.php\/atrium-construction-au-salon-international-du-patrimoine-culturel-2\/79891\/"]}]},{"@type":"BreadcrumbList","@id":"https:\/\/batijournal.com\/index.php\/atrium-construction-au-salon-international-du-patrimoine-culturel-2\/79891\/#breadcrumb","itemListElement":[{"@type":"ListItem","position":1,"name":"Accueil","item":"https:\/\/batijournal.com\/"},{"@type":"ListItem","position":2,"name":"\u00c9v\u00e9nements","item":"https:\/\/batijournal.com\/index.php\/category\/evenements\/"},{"@type":"ListItem","position":3,"name":"Atrium Construction au Salon international du Patrimoine culturel"}]},{"@type":"WebSite","@id":"https:\/\/batijournal.com\/#website","url":"https:\/\/batijournal.com\/","name":"Batijournal","description":"L&#039;actualit\u00e9 du b\u00e2timent","potentialAction":[{"@type":"SearchAction","target":{"@type":"EntryPoint","urlTemplate":"https:\/\/batijournal.com\/?s={search_term_string}"},"query-input":{"@type":"PropertyValueSpecification","valueRequired":true,"valueName":"search_term_string"}}],"inLanguage":"fr-FR"},{"@type":"Person","@id":"https:\/\/batijournal.com\/#\/schema\/person\/6a657e8967569e1b299972574848aa76","name":"Bati-journal","image":{"@type":"ImageObject","inLanguage":"fr-FR","@id":"https:\/\/secure.gravatar.com\/avatar\/a64364ea26392f9b4dd47e017ddaec74ff03aefc073b49e492e847201258f777?s=96&d=mm&r=g","url":"https:\/\/secure.gravatar.com\/avatar\/a64364ea26392f9b4dd47e017ddaec74ff03aefc073b49e492e847201258f777?s=96&d=mm&r=g","contentUrl":"https:\/\/secure.gravatar.com\/avatar\/a64364ea26392f9b4dd47e017ddaec74ff03aefc073b49e492e847201258f777?s=96&d=mm&r=g","caption":"Bati-journal"},"url":"https:\/\/batijournal.com\/index.php\/author\/elodie\/"}]}},"_links":{"self":[{"href":"https:\/\/batijournal.com\/index.php\/wp-json\/wp\/v2\/posts\/79891","targetHints":{"allow":["GET"]}}],"collection":[{"href":"https:\/\/batijournal.com\/index.php\/wp-json\/wp\/v2\/posts"}],"about":[{"href":"https:\/\/batijournal.com\/index.php\/wp-json\/wp\/v2\/types\/post"}],"author":[{"embeddable":true,"href":"https:\/\/batijournal.com\/index.php\/wp-json\/wp\/v2\/users\/1"}],"replies":[{"embeddable":true,"href":"https:\/\/batijournal.com\/index.php\/wp-json\/wp\/v2\/comments?post=79891"}],"version-history":[{"count":0,"href":"https:\/\/batijournal.com\/index.php\/wp-json\/wp\/v2\/posts\/79891\/revisions"}],"wp:attachment":[{"href":"https:\/\/batijournal.com\/index.php\/wp-json\/wp\/v2\/media?parent=79891"}],"wp:term":[{"taxonomy":"category","embeddable":true,"href":"https:\/\/batijournal.com\/index.php\/wp-json\/wp\/v2\/categories?post=79891"},{"taxonomy":"post_tag","embeddable":true,"href":"https:\/\/batijournal.com\/index.php\/wp-json\/wp\/v2\/tags?post=79891"}],"curies":[{"name":"wp","href":"https:\/\/api.w.org\/{rel}","templated":true}]}}