{"id":79971,"date":"2012-02-22T16:19:22","date_gmt":"2012-02-22T15:19:22","guid":{"rendered":"http:\/\/b.bati-journal.com\/midi-pyrenees-premiere-edition-du-salon-avenir-bois\/79971"},"modified":"2016-05-19T15:41:42","modified_gmt":"2016-05-19T13:41:42","slug":"midi-pyrenees-premiere-edition-du-salon-avenir-bois","status":"publish","type":"post","link":"https:\/\/batijournal.com\/index.php\/midi-pyrenees-premiere-edition-du-salon-avenir-bois\/79971\/","title":{"rendered":"Midi-Pyr\u00e9n\u00e9es : premi\u00e8re \u00e9dition du salon &quot;Avenir Bois&quot;"},"content":{"rendered":"<p>L&rsquo;association Midi-Pyr\u00e9n\u00e9es Bois est un des acteurs majeurs de la premi\u00e8re \u00e9dition du salon professionnel \u00ab\u00a0Avenir Bois\u00a0\u00bb, organis\u00e9 par Toulouse expo, du 29 f\u00e9vrier au 2 mars 2012 au Parc des Expositions de Toulouse, en parall\u00e8le du salon TP Bat. Midi-Pyr\u00e9n\u00e9es Bois animera un stand interprofessionnel de 160 m2 et pr\u00e9sentera l&rsquo;ensemble de la fili\u00e8re for\u00eat et bois en Midi-Pyr\u00e9n\u00e9es notamment \u00e0 l&rsquo;aide de vid\u00e9os et d&rsquo;une exposition \u00ab Parcours Bois \u00bb. Un guide des essences r\u00e9gionales \u00ab Nos Bois de Midi-Pyr\u00e9n\u00e9es \u00ac\u00f1 Quelle essence pour quelle utilisation ? \u00bb, nouvellement \u00e9dit\u00e9, sera disponible pour les visiteurs. L&rsquo;association animera de plus, tout au long du salon, un cycle de conf\u00e9rences sur le th\u00e8me \u00ab L&rsquo;avenir du Bois en Midi-Pyr\u00e9n\u00e9es \u00bb (programme disponible sur <a href=\"http:\/\/www.mpbois.net\">www.mpbois.net<\/a><\/p>\n<p><a href=\"http:\/\/www.avenir-bois-toulouse.com\/\" target=\"_blank\">http:\/\/www.avenir-bois-toulouse.com\/<\/a><\/p>\n","protected":false},"excerpt":{"rendered":"<p>L&rsquo;association Midi-Pyr\u00e9n\u00e9es Bois est un des acteurs majeurs de la premi\u00e8re \u00e9dition du salon professionnel \u00ab\u00a0Avenir Bois\u00a0\u00bb, organis\u00e9 par Toulouse expo, du 29 f\u00e9vrier au 2 mars 2012 au Parc des Expositions de Toulouse, en parall\u00e8le du salon TP Bat. Midi-Pyr\u00e9n\u00e9es Bois animera un stand interprofessionnel de 160 m2 et pr\u00e9sentera l&rsquo;ensemble de la fili\u00e8re [&hellip;]<\/p>\n","protected":false},"author":1,"featured_media":79972,"comment_status":"open","ping_status":"closed","sticky":false,"template":"","format":"standard","meta":{"_et_pb_use_builder":"","_et_pb_old_content":"","_et_gb_content_width":"","footnotes":""},"categories":[9192],"tags":[1017,6395],"class_list":["post-79971","post","type-post","status-publish","format-standard","has-post-thumbnail","hentry","category-evenements","tag-filiere-bois","tag-salon-salon"],"yoast_head":"<!-- This site is optimized with the Yoast SEO plugin v27.4 - https:\/\/yoast.com\/product\/yoast-seo-wordpress\/ -->\n<title>Midi-Pyr\u00e9n\u00e9es : premi\u00e8re \u00e9dition du salon &quot;Avenir Bois&quot;<\/title>\n<meta name=\"robots\" content=\"index, follow, max-snippet:-1, max-image-preview:large, max-video-preview:-1\" \/>\n<link rel=\"canonical\" href=\"https:\/\/batijournal.com\/index.php\/midi-pyrenees-premiere-edition-du-salon-avenir-bois\/79971\/\" \/>\n<meta property=\"og:locale\" content=\"fr_FR\" \/>\n<meta property=\"og:type\" content=\"article\" \/>\n<meta property=\"og:title\" content=\"Midi-Pyr\u00e9n\u00e9es : premi\u00e8re \u00e9dition du salon &quot;Avenir Bois&quot;\" \/>\n<meta property=\"og:description\" content=\"L&rsquo;association Midi-Pyr\u00e9n\u00e9es Bois est un des acteurs majeurs de la premi\u00e8re \u00e9dition du salon professionnel \u00ab\u00a0Avenir Bois\u00a0\u00bb, organis\u00e9 par Toulouse expo, du 29 f\u00e9vrier au 2 mars 2012 au Parc des Expositions de Toulouse, en parall\u00e8le du salon TP Bat. Midi-Pyr\u00e9n\u00e9es Bois animera un stand interprofessionnel de 160 m2 et pr\u00e9sentera l&rsquo;ensemble de la fili\u00e8re [&hellip;]\" \/>\n<meta property=\"og:url\" content=\"https:\/\/batijournal.com\/index.php\/midi-pyrenees-premiere-edition-du-salon-avenir-bois\/79971\/\" \/>\n<meta property=\"og:site_name\" content=\"Batijournal\" \/>\n<meta property=\"article:published_time\" content=\"2012-02-22T15:19:22+00:00\" \/>\n<meta property=\"article:modified_time\" content=\"2016-05-19T13:41:42+00:00\" \/>\n<meta property=\"og:image\" content=\"https:\/\/batijournal.com\/wp-content\/uploads\/2015\/03\/40000079.jpg\" \/>\n\t<meta property=\"og:image:width\" content=\"600\" \/>\n\t<meta property=\"og:image:height\" content=\"600\" \/>\n\t<meta property=\"og:image:type\" content=\"image\/jpeg\" \/>\n<meta name=\"author\" content=\"Bati-journal\" \/>\n<meta name=\"twitter:card\" content=\"summary_large_image\" \/>\n<meta name=\"twitter:creator\" content=\"@bati_journal\" \/>\n<meta name=\"twitter:site\" content=\"@bati_journal\" \/>\n<meta name=\"twitter:label1\" content=\"\u00c9crit par\" \/>\n\t<meta name=\"twitter:data1\" content=\"Bati-journal\" \/>\n\t<meta name=\"twitter:label2\" content=\"Dur\u00e9e de lecture estim\u00e9e\" \/>\n\t<meta name=\"twitter:data2\" content=\"1 minute\" \/>\n<script type=\"application\/ld+json\" class=\"yoast-schema-graph\">{\"@context\":\"https:\\\/\\\/schema.org\",\"@graph\":[{\"@type\":\"Article\",\"@id\":\"https:\\\/\\\/batijournal.com\\\/index.php\\\/midi-pyrenees-premiere-edition-du-salon-avenir-bois\\\/79971\\\/#article\",\"isPartOf\":{\"@id\":\"https:\\\/\\\/batijournal.com\\\/index.php\\\/midi-pyrenees-premiere-edition-du-salon-avenir-bois\\\/79971\\\/\"},\"author\":{\"name\":\"Bati-journal\",\"@id\":\"https:\\\/\\\/batijournal.com\\\/#\\\/schema\\\/person\\\/6a657e8967569e1b299972574848aa76\"},\"headline\":\"Midi-Pyr\u00e9n\u00e9es : premi\u00e8re \u00e9dition du salon &quot;Avenir Bois&quot;\",\"datePublished\":\"2012-02-22T15:19:22+00:00\",\"dateModified\":\"2016-05-19T13:41:42+00:00\",\"mainEntityOfPage\":{\"@id\":\"https:\\\/\\\/batijournal.com\\\/index.php\\\/midi-pyrenees-premiere-edition-du-salon-avenir-bois\\\/79971\\\/\"},\"wordCount\":155,\"commentCount\":0,\"image\":{\"@id\":\"https:\\\/\\\/batijournal.com\\\/index.php\\\/midi-pyrenees-premiere-edition-du-salon-avenir-bois\\\/79971\\\/#primaryimage\"},\"thumbnailUrl\":\"https:\\\/\\\/batijournal.com\\\/wp-content\\\/uploads\\\/2015\\\/03\\\/40000079.jpg\",\"keywords\":[\"fili\u00e8re bois\",\"salon salon\"],\"articleSection\":[\"\u00c9v\u00e9nements\"],\"inLanguage\":\"fr-FR\",\"potentialAction\":[{\"@type\":\"CommentAction\",\"name\":\"Comment\",\"target\":[\"https:\\\/\\\/batijournal.com\\\/index.php\\\/midi-pyrenees-premiere-edition-du-salon-avenir-bois\\\/79971\\\/#respond\"]}]},{\"@type\":\"WebPage\",\"@id\":\"https:\\\/\\\/batijournal.com\\\/index.php\\\/midi-pyrenees-premiere-edition-du-salon-avenir-bois\\\/79971\\\/\",\"url\":\"https:\\\/\\\/batijournal.com\\\/index.php\\\/midi-pyrenees-premiere-edition-du-salon-avenir-bois\\\/79971\\\/\",\"name\":\"Midi-Pyr\u00e9n\u00e9es : premi\u00e8re \u00e9dition du salon &quot;Avenir Bois&quot;\",\"isPartOf\":{\"@id\":\"https:\\\/\\\/batijournal.com\\\/#website\"},\"primaryImageOfPage\":{\"@id\":\"https:\\\/\\\/batijournal.com\\\/index.php\\\/midi-pyrenees-premiere-edition-du-salon-avenir-bois\\\/79971\\\/#primaryimage\"},\"image\":{\"@id\":\"https:\\\/\\\/batijournal.com\\\/index.php\\\/midi-pyrenees-premiere-edition-du-salon-avenir-bois\\\/79971\\\/#primaryimage\"},\"thumbnailUrl\":\"https:\\\/\\\/batijournal.com\\\/wp-content\\\/uploads\\\/2015\\\/03\\\/40000079.jpg\",\"datePublished\":\"2012-02-22T15:19:22+00:00\",\"dateModified\":\"2016-05-19T13:41:42+00:00\",\"author\":{\"@id\":\"https:\\\/\\\/batijournal.com\\\/#\\\/schema\\\/person\\\/6a657e8967569e1b299972574848aa76\"},\"breadcrumb\":{\"@id\":\"https:\\\/\\\/batijournal.com\\\/index.php\\\/midi-pyrenees-premiere-edition-du-salon-avenir-bois\\\/79971\\\/#breadcrumb\"},\"inLanguage\":\"fr-FR\",\"potentialAction\":[{\"@type\":\"ReadAction\",\"target\":[\"https:\\\/\\\/batijournal.com\\\/index.php\\\/midi-pyrenees-premiere-edition-du-salon-avenir-bois\\\/79971\\\/\"]}]},{\"@type\":\"ImageObject\",\"inLanguage\":\"fr-FR\",\"@id\":\"https:\\\/\\\/batijournal.com\\\/index.php\\\/midi-pyrenees-premiere-edition-du-salon-avenir-bois\\\/79971\\\/#primaryimage\",\"url\":\"https:\\\/\\\/batijournal.com\\\/wp-content\\\/uploads\\\/2015\\\/03\\\/40000079.jpg\",\"contentUrl\":\"https:\\\/\\\/batijournal.com\\\/wp-content\\\/uploads\\\/2015\\\/03\\\/40000079.jpg\",\"width\":600,\"height\":600},{\"@type\":\"BreadcrumbList\",\"@id\":\"https:\\\/\\\/batijournal.com\\\/index.php\\\/midi-pyrenees-premiere-edition-du-salon-avenir-bois\\\/79971\\\/#breadcrumb\",\"itemListElement\":[{\"@type\":\"ListItem\",\"position\":1,\"name\":\"Accueil\",\"item\":\"https:\\\/\\\/batijournal.com\\\/\"},{\"@type\":\"ListItem\",\"position\":2,\"name\":\"\u00c9v\u00e9nements\",\"item\":\"https:\\\/\\\/batijournal.com\\\/index.php\\\/category\\\/evenements\\\/\"},{\"@type\":\"ListItem\",\"position\":3,\"name\":\"Midi-Pyr\u00e9n\u00e9es : premi\u00e8re \u00e9dition du salon &quot;Avenir Bois&quot;\"}]},{\"@type\":\"WebSite\",\"@id\":\"https:\\\/\\\/batijournal.com\\\/#website\",\"url\":\"https:\\\/\\\/batijournal.com\\\/\",\"name\":\"Batijournal\",\"description\":\"L&#039;actualit\u00e9 du b\u00e2timent\",\"potentialAction\":[{\"@type\":\"SearchAction\",\"target\":{\"@type\":\"EntryPoint\",\"urlTemplate\":\"https:\\\/\\\/batijournal.com\\\/?s={search_term_string}\"},\"query-input\":{\"@type\":\"PropertyValueSpecification\",\"valueRequired\":true,\"valueName\":\"search_term_string\"}}],\"inLanguage\":\"fr-FR\"},{\"@type\":\"Person\",\"@id\":\"https:\\\/\\\/batijournal.com\\\/#\\\/schema\\\/person\\\/6a657e8967569e1b299972574848aa76\",\"name\":\"Bati-journal\",\"image\":{\"@type\":\"ImageObject\",\"inLanguage\":\"fr-FR\",\"@id\":\"https:\\\/\\\/secure.gravatar.com\\\/avatar\\\/a64364ea26392f9b4dd47e017ddaec74ff03aefc073b49e492e847201258f777?s=96&d=mm&r=g\",\"url\":\"https:\\\/\\\/secure.gravatar.com\\\/avatar\\\/a64364ea26392f9b4dd47e017ddaec74ff03aefc073b49e492e847201258f777?s=96&d=mm&r=g\",\"contentUrl\":\"https:\\\/\\\/secure.gravatar.com\\\/avatar\\\/a64364ea26392f9b4dd47e017ddaec74ff03aefc073b49e492e847201258f777?s=96&d=mm&r=g\",\"caption\":\"Bati-journal\"},\"url\":\"https:\\\/\\\/batijournal.com\\\/index.php\\\/author\\\/elodie\\\/\"}]}<\/script>\n<!-- \/ Yoast SEO plugin. -->","yoast_head_json":{"title":"Midi-Pyr\u00e9n\u00e9es : premi\u00e8re \u00e9dition du salon &quot;Avenir Bois&quot;","robots":{"index":"index","follow":"follow","max-snippet":"max-snippet:-1","max-image-preview":"max-image-preview:large","max-video-preview":"max-video-preview:-1"},"canonical":"https:\/\/batijournal.com\/index.php\/midi-pyrenees-premiere-edition-du-salon-avenir-bois\/79971\/","og_locale":"fr_FR","og_type":"article","og_title":"Midi-Pyr\u00e9n\u00e9es : premi\u00e8re \u00e9dition du salon &quot;Avenir Bois&quot;","og_description":"L&rsquo;association Midi-Pyr\u00e9n\u00e9es Bois est un des acteurs majeurs de la premi\u00e8re \u00e9dition du salon professionnel \u00ab\u00a0Avenir Bois\u00a0\u00bb, organis\u00e9 par Toulouse expo, du 29 f\u00e9vrier au 2 mars 2012 au Parc des Expositions de Toulouse, en parall\u00e8le du salon TP Bat. Midi-Pyr\u00e9n\u00e9es Bois animera un stand interprofessionnel de 160 m2 et pr\u00e9sentera l&rsquo;ensemble de la fili\u00e8re [&hellip;]","og_url":"https:\/\/batijournal.com\/index.php\/midi-pyrenees-premiere-edition-du-salon-avenir-bois\/79971\/","og_site_name":"Batijournal","article_published_time":"2012-02-22T15:19:22+00:00","article_modified_time":"2016-05-19T13:41:42+00:00","og_image":[{"width":600,"height":600,"url":"https:\/\/batijournal.com\/wp-content\/uploads\/2015\/03\/40000079.jpg","type":"image\/jpeg"}],"author":"Bati-journal","twitter_card":"summary_large_image","twitter_creator":"@bati_journal","twitter_site":"@bati_journal","twitter_misc":{"\u00c9crit par":"Bati-journal","Dur\u00e9e de lecture estim\u00e9e":"1 minute"},"schema":{"@context":"https:\/\/schema.org","@graph":[{"@type":"Article","@id":"https:\/\/batijournal.com\/index.php\/midi-pyrenees-premiere-edition-du-salon-avenir-bois\/79971\/#article","isPartOf":{"@id":"https:\/\/batijournal.com\/index.php\/midi-pyrenees-premiere-edition-du-salon-avenir-bois\/79971\/"},"author":{"name":"Bati-journal","@id":"https:\/\/batijournal.com\/#\/schema\/person\/6a657e8967569e1b299972574848aa76"},"headline":"Midi-Pyr\u00e9n\u00e9es : premi\u00e8re \u00e9dition du salon &quot;Avenir Bois&quot;","datePublished":"2012-02-22T15:19:22+00:00","dateModified":"2016-05-19T13:41:42+00:00","mainEntityOfPage":{"@id":"https:\/\/batijournal.com\/index.php\/midi-pyrenees-premiere-edition-du-salon-avenir-bois\/79971\/"},"wordCount":155,"commentCount":0,"image":{"@id":"https:\/\/batijournal.com\/index.php\/midi-pyrenees-premiere-edition-du-salon-avenir-bois\/79971\/#primaryimage"},"thumbnailUrl":"https:\/\/batijournal.com\/wp-content\/uploads\/2015\/03\/40000079.jpg","keywords":["fili\u00e8re bois","salon salon"],"articleSection":["\u00c9v\u00e9nements"],"inLanguage":"fr-FR","potentialAction":[{"@type":"CommentAction","name":"Comment","target":["https:\/\/batijournal.com\/index.php\/midi-pyrenees-premiere-edition-du-salon-avenir-bois\/79971\/#respond"]}]},{"@type":"WebPage","@id":"https:\/\/batijournal.com\/index.php\/midi-pyrenees-premiere-edition-du-salon-avenir-bois\/79971\/","url":"https:\/\/batijournal.com\/index.php\/midi-pyrenees-premiere-edition-du-salon-avenir-bois\/79971\/","name":"Midi-Pyr\u00e9n\u00e9es : premi\u00e8re \u00e9dition du salon &quot;Avenir Bois&quot;","isPartOf":{"@id":"https:\/\/batijournal.com\/#website"},"primaryImageOfPage":{"@id":"https:\/\/batijournal.com\/index.php\/midi-pyrenees-premiere-edition-du-salon-avenir-bois\/79971\/#primaryimage"},"image":{"@id":"https:\/\/batijournal.com\/index.php\/midi-pyrenees-premiere-edition-du-salon-avenir-bois\/79971\/#primaryimage"},"thumbnailUrl":"https:\/\/batijournal.com\/wp-content\/uploads\/2015\/03\/40000079.jpg","datePublished":"2012-02-22T15:19:22+00:00","dateModified":"2016-05-19T13:41:42+00:00","author":{"@id":"https:\/\/batijournal.com\/#\/schema\/person\/6a657e8967569e1b299972574848aa76"},"breadcrumb":{"@id":"https:\/\/batijournal.com\/index.php\/midi-pyrenees-premiere-edition-du-salon-avenir-bois\/79971\/#breadcrumb"},"inLanguage":"fr-FR","potentialAction":[{"@type":"ReadAction","target":["https:\/\/batijournal.com\/index.php\/midi-pyrenees-premiere-edition-du-salon-avenir-bois\/79971\/"]}]},{"@type":"ImageObject","inLanguage":"fr-FR","@id":"https:\/\/batijournal.com\/index.php\/midi-pyrenees-premiere-edition-du-salon-avenir-bois\/79971\/#primaryimage","url":"https:\/\/batijournal.com\/wp-content\/uploads\/2015\/03\/40000079.jpg","contentUrl":"https:\/\/batijournal.com\/wp-content\/uploads\/2015\/03\/40000079.jpg","width":600,"height":600},{"@type":"BreadcrumbList","@id":"https:\/\/batijournal.com\/index.php\/midi-pyrenees-premiere-edition-du-salon-avenir-bois\/79971\/#breadcrumb","itemListElement":[{"@type":"ListItem","position":1,"name":"Accueil","item":"https:\/\/batijournal.com\/"},{"@type":"ListItem","position":2,"name":"\u00c9v\u00e9nements","item":"https:\/\/batijournal.com\/index.php\/category\/evenements\/"},{"@type":"ListItem","position":3,"name":"Midi-Pyr\u00e9n\u00e9es : premi\u00e8re \u00e9dition du salon &quot;Avenir Bois&quot;"}]},{"@type":"WebSite","@id":"https:\/\/batijournal.com\/#website","url":"https:\/\/batijournal.com\/","name":"Batijournal","description":"L&#039;actualit\u00e9 du b\u00e2timent","potentialAction":[{"@type":"SearchAction","target":{"@type":"EntryPoint","urlTemplate":"https:\/\/batijournal.com\/?s={search_term_string}"},"query-input":{"@type":"PropertyValueSpecification","valueRequired":true,"valueName":"search_term_string"}}],"inLanguage":"fr-FR"},{"@type":"Person","@id":"https:\/\/batijournal.com\/#\/schema\/person\/6a657e8967569e1b299972574848aa76","name":"Bati-journal","image":{"@type":"ImageObject","inLanguage":"fr-FR","@id":"https:\/\/secure.gravatar.com\/avatar\/a64364ea26392f9b4dd47e017ddaec74ff03aefc073b49e492e847201258f777?s=96&d=mm&r=g","url":"https:\/\/secure.gravatar.com\/avatar\/a64364ea26392f9b4dd47e017ddaec74ff03aefc073b49e492e847201258f777?s=96&d=mm&r=g","contentUrl":"https:\/\/secure.gravatar.com\/avatar\/a64364ea26392f9b4dd47e017ddaec74ff03aefc073b49e492e847201258f777?s=96&d=mm&r=g","caption":"Bati-journal"},"url":"https:\/\/batijournal.com\/index.php\/author\/elodie\/"}]}},"_links":{"self":[{"href":"https:\/\/batijournal.com\/index.php\/wp-json\/wp\/v2\/posts\/79971","targetHints":{"allow":["GET"]}}],"collection":[{"href":"https:\/\/batijournal.com\/index.php\/wp-json\/wp\/v2\/posts"}],"about":[{"href":"https:\/\/batijournal.com\/index.php\/wp-json\/wp\/v2\/types\/post"}],"author":[{"embeddable":true,"href":"https:\/\/batijournal.com\/index.php\/wp-json\/wp\/v2\/users\/1"}],"replies":[{"embeddable":true,"href":"https:\/\/batijournal.com\/index.php\/wp-json\/wp\/v2\/comments?post=79971"}],"version-history":[{"count":0,"href":"https:\/\/batijournal.com\/index.php\/wp-json\/wp\/v2\/posts\/79971\/revisions"}],"wp:featuredmedia":[{"embeddable":true,"href":"https:\/\/batijournal.com\/index.php\/wp-json\/wp\/v2\/media\/79972"}],"wp:attachment":[{"href":"https:\/\/batijournal.com\/index.php\/wp-json\/wp\/v2\/media?parent=79971"}],"wp:term":[{"taxonomy":"category","embeddable":true,"href":"https:\/\/batijournal.com\/index.php\/wp-json\/wp\/v2\/categories?post=79971"},{"taxonomy":"post_tag","embeddable":true,"href":"https:\/\/batijournal.com\/index.php\/wp-json\/wp\/v2\/tags?post=79971"}],"curies":[{"name":"wp","href":"https:\/\/api.w.org\/{rel}","templated":true}]}}