{"id":80016,"date":"2008-07-03T15:16:47","date_gmt":"2008-07-03T13:16:47","guid":{"rendered":"http:\/\/b.bati-journal.com\/mois-de-la-construction-bois-en-franche-comte\/80016"},"modified":"2008-07-03T15:16:47","modified_gmt":"2008-07-03T13:16:47","slug":"mois-de-la-construction-bois-en-franche-comte","status":"publish","type":"post","link":"https:\/\/batijournal.com\/index.php\/mois-de-la-construction-bois-en-franche-comte\/80016\/","title":{"rendered":"Mois de la construction bois en Franche-Comt\u00e9"},"content":{"rendered":"<p>L\u0092&rsquo;ADIB programme pour cet automne \u201cLe Mois de la Construction Bois en Franche-Comt\u00e9\u201c. L&rsquo;\u0092op\u00e9ration, pr\u00e9vue du 20 septembre au 25 octobre 2008, vise \u00e0 organiser chaque samedi des portes ouvertes dans une ou plusieurs r\u00e9alisations ou entreprises. Elle est soutenue en partie par les Pouvoirs publics et l\u0092&rsquo;ADIB dans le cadre du programme d\u0092&rsquo;actions collectives 2008 \u201cConstruction Bois\/Menuiserie\/Charpente\u201c. A ce titre, une partie des co\u00fbts de communication et de publicit\u00e9 seront repris en charge. Les soci\u00e9t\u00e9s souhaitant participer \u00e0 cet \u00e9v\u00e9nement sont invit\u00e9es \u00e0 la r\u00e9union de pr\u00e9sentation qui aura lieu \u00e0 l&rsquo;\u0092ADIB, le mercredi 9 juillet \u00e0 partir de 16 h 30. Renseignements et inscriptions : 03 81 51 97 94<\/p>\n","protected":false},"excerpt":{"rendered":"<p>L\u0092&rsquo;ADIB programme pour cet automne \u201cLe Mois de la Construction Bois en Franche-Comt\u00e9\u201c. L&rsquo;\u0092op\u00e9ration, pr\u00e9vue du 20 septembre au 25 octobre 2008, vise \u00e0 organiser chaque samedi des portes ouvertes dans une ou plusieurs r\u00e9alisations ou entreprises. Elle est soutenue en partie par les Pouvoirs publics et l\u0092&rsquo;ADIB dans le cadre du programme d\u0092&rsquo;actions collectives [&hellip;]<\/p>\n","protected":false},"author":1,"featured_media":0,"comment_status":"open","ping_status":"closed","sticky":false,"template":"","format":"standard","meta":{"_et_pb_use_builder":"","_et_pb_old_content":"","_et_gb_content_width":"","footnotes":""},"categories":[9192],"tags":[],"class_list":["post-80016","post","type-post","status-publish","format-standard","hentry","category-evenements"],"yoast_head":"<!-- This site is optimized with the Yoast SEO plugin v27.4 - https:\/\/yoast.com\/product\/yoast-seo-wordpress\/ -->\n<title>Mois de la construction bois en Franche-Comt\u00e9<\/title>\n<meta name=\"robots\" content=\"index, follow, max-snippet:-1, max-image-preview:large, max-video-preview:-1\" \/>\n<link rel=\"canonical\" href=\"https:\/\/batijournal.com\/index.php\/mois-de-la-construction-bois-en-franche-comte\/80016\/\" \/>\n<meta property=\"og:locale\" content=\"fr_FR\" \/>\n<meta property=\"og:type\" content=\"article\" \/>\n<meta property=\"og:title\" content=\"Mois de la construction bois en Franche-Comt\u00e9\" \/>\n<meta property=\"og:description\" content=\"L\u0092&rsquo;ADIB programme pour cet automne \u201cLe Mois de la Construction Bois en Franche-Comt\u00e9\u201c. L&rsquo;\u0092op\u00e9ration, pr\u00e9vue du 20 septembre au 25 octobre 2008, vise \u00e0 organiser chaque samedi des portes ouvertes dans une ou plusieurs r\u00e9alisations ou entreprises. Elle est soutenue en partie par les Pouvoirs publics et l\u0092&rsquo;ADIB dans le cadre du programme d\u0092&rsquo;actions collectives [&hellip;]\" \/>\n<meta property=\"og:url\" content=\"https:\/\/batijournal.com\/index.php\/mois-de-la-construction-bois-en-franche-comte\/80016\/\" \/>\n<meta property=\"og:site_name\" content=\"Batijournal\" \/>\n<meta property=\"article:published_time\" content=\"2008-07-03T13:16:47+00:00\" \/>\n<meta name=\"author\" content=\"Bati-journal\" \/>\n<meta name=\"twitter:card\" content=\"summary_large_image\" \/>\n<meta name=\"twitter:creator\" content=\"@bati_journal\" \/>\n<meta name=\"twitter:site\" content=\"@bati_journal\" \/>\n<meta name=\"twitter:label1\" content=\"\u00c9crit par\" \/>\n\t<meta name=\"twitter:data1\" content=\"Bati-journal\" \/>\n\t<meta name=\"twitter:label2\" content=\"Dur\u00e9e de lecture estim\u00e9e\" \/>\n\t<meta name=\"twitter:data2\" content=\"1 minute\" \/>\n<script type=\"application\/ld+json\" class=\"yoast-schema-graph\">{\"@context\":\"https:\\\/\\\/schema.org\",\"@graph\":[{\"@type\":\"Article\",\"@id\":\"https:\\\/\\\/batijournal.com\\\/index.php\\\/mois-de-la-construction-bois-en-franche-comte\\\/80016\\\/#article\",\"isPartOf\":{\"@id\":\"https:\\\/\\\/batijournal.com\\\/index.php\\\/mois-de-la-construction-bois-en-franche-comte\\\/80016\\\/\"},\"author\":{\"name\":\"Bati-journal\",\"@id\":\"https:\\\/\\\/batijournal.com\\\/#\\\/schema\\\/person\\\/6a657e8967569e1b299972574848aa76\"},\"headline\":\"Mois de la construction bois en Franche-Comt\u00e9\",\"datePublished\":\"2008-07-03T13:16:47+00:00\",\"mainEntityOfPage\":{\"@id\":\"https:\\\/\\\/batijournal.com\\\/index.php\\\/mois-de-la-construction-bois-en-franche-comte\\\/80016\\\/\"},\"wordCount\":118,\"commentCount\":0,\"articleSection\":[\"\u00c9v\u00e9nements\"],\"inLanguage\":\"fr-FR\",\"potentialAction\":[{\"@type\":\"CommentAction\",\"name\":\"Comment\",\"target\":[\"https:\\\/\\\/batijournal.com\\\/index.php\\\/mois-de-la-construction-bois-en-franche-comte\\\/80016\\\/#respond\"]}]},{\"@type\":\"WebPage\",\"@id\":\"https:\\\/\\\/batijournal.com\\\/index.php\\\/mois-de-la-construction-bois-en-franche-comte\\\/80016\\\/\",\"url\":\"https:\\\/\\\/batijournal.com\\\/index.php\\\/mois-de-la-construction-bois-en-franche-comte\\\/80016\\\/\",\"name\":\"Mois de la construction bois en Franche-Comt\u00e9\",\"isPartOf\":{\"@id\":\"https:\\\/\\\/batijournal.com\\\/#website\"},\"datePublished\":\"2008-07-03T13:16:47+00:00\",\"author\":{\"@id\":\"https:\\\/\\\/batijournal.com\\\/#\\\/schema\\\/person\\\/6a657e8967569e1b299972574848aa76\"},\"breadcrumb\":{\"@id\":\"https:\\\/\\\/batijournal.com\\\/index.php\\\/mois-de-la-construction-bois-en-franche-comte\\\/80016\\\/#breadcrumb\"},\"inLanguage\":\"fr-FR\",\"potentialAction\":[{\"@type\":\"ReadAction\",\"target\":[\"https:\\\/\\\/batijournal.com\\\/index.php\\\/mois-de-la-construction-bois-en-franche-comte\\\/80016\\\/\"]}]},{\"@type\":\"BreadcrumbList\",\"@id\":\"https:\\\/\\\/batijournal.com\\\/index.php\\\/mois-de-la-construction-bois-en-franche-comte\\\/80016\\\/#breadcrumb\",\"itemListElement\":[{\"@type\":\"ListItem\",\"position\":1,\"name\":\"Accueil\",\"item\":\"https:\\\/\\\/batijournal.com\\\/\"},{\"@type\":\"ListItem\",\"position\":2,\"name\":\"\u00c9v\u00e9nements\",\"item\":\"https:\\\/\\\/batijournal.com\\\/index.php\\\/category\\\/evenements\\\/\"},{\"@type\":\"ListItem\",\"position\":3,\"name\":\"Mois de la construction bois en Franche-Comt\u00e9\"}]},{\"@type\":\"WebSite\",\"@id\":\"https:\\\/\\\/batijournal.com\\\/#website\",\"url\":\"https:\\\/\\\/batijournal.com\\\/\",\"name\":\"Batijournal\",\"description\":\"L&#039;actualit\u00e9 du b\u00e2timent\",\"potentialAction\":[{\"@type\":\"SearchAction\",\"target\":{\"@type\":\"EntryPoint\",\"urlTemplate\":\"https:\\\/\\\/batijournal.com\\\/?s={search_term_string}\"},\"query-input\":{\"@type\":\"PropertyValueSpecification\",\"valueRequired\":true,\"valueName\":\"search_term_string\"}}],\"inLanguage\":\"fr-FR\"},{\"@type\":\"Person\",\"@id\":\"https:\\\/\\\/batijournal.com\\\/#\\\/schema\\\/person\\\/6a657e8967569e1b299972574848aa76\",\"name\":\"Bati-journal\",\"image\":{\"@type\":\"ImageObject\",\"inLanguage\":\"fr-FR\",\"@id\":\"https:\\\/\\\/secure.gravatar.com\\\/avatar\\\/a64364ea26392f9b4dd47e017ddaec74ff03aefc073b49e492e847201258f777?s=96&d=mm&r=g\",\"url\":\"https:\\\/\\\/secure.gravatar.com\\\/avatar\\\/a64364ea26392f9b4dd47e017ddaec74ff03aefc073b49e492e847201258f777?s=96&d=mm&r=g\",\"contentUrl\":\"https:\\\/\\\/secure.gravatar.com\\\/avatar\\\/a64364ea26392f9b4dd47e017ddaec74ff03aefc073b49e492e847201258f777?s=96&d=mm&r=g\",\"caption\":\"Bati-journal\"},\"url\":\"https:\\\/\\\/batijournal.com\\\/index.php\\\/author\\\/elodie\\\/\"}]}<\/script>\n<!-- \/ Yoast SEO plugin. -->","yoast_head_json":{"title":"Mois de la construction bois en Franche-Comt\u00e9","robots":{"index":"index","follow":"follow","max-snippet":"max-snippet:-1","max-image-preview":"max-image-preview:large","max-video-preview":"max-video-preview:-1"},"canonical":"https:\/\/batijournal.com\/index.php\/mois-de-la-construction-bois-en-franche-comte\/80016\/","og_locale":"fr_FR","og_type":"article","og_title":"Mois de la construction bois en Franche-Comt\u00e9","og_description":"L\u0092&rsquo;ADIB programme pour cet automne \u201cLe Mois de la Construction Bois en Franche-Comt\u00e9\u201c. L&rsquo;\u0092op\u00e9ration, pr\u00e9vue du 20 septembre au 25 octobre 2008, vise \u00e0 organiser chaque samedi des portes ouvertes dans une ou plusieurs r\u00e9alisations ou entreprises. Elle est soutenue en partie par les Pouvoirs publics et l\u0092&rsquo;ADIB dans le cadre du programme d\u0092&rsquo;actions collectives [&hellip;]","og_url":"https:\/\/batijournal.com\/index.php\/mois-de-la-construction-bois-en-franche-comte\/80016\/","og_site_name":"Batijournal","article_published_time":"2008-07-03T13:16:47+00:00","author":"Bati-journal","twitter_card":"summary_large_image","twitter_creator":"@bati_journal","twitter_site":"@bati_journal","twitter_misc":{"\u00c9crit par":"Bati-journal","Dur\u00e9e de lecture estim\u00e9e":"1 minute"},"schema":{"@context":"https:\/\/schema.org","@graph":[{"@type":"Article","@id":"https:\/\/batijournal.com\/index.php\/mois-de-la-construction-bois-en-franche-comte\/80016\/#article","isPartOf":{"@id":"https:\/\/batijournal.com\/index.php\/mois-de-la-construction-bois-en-franche-comte\/80016\/"},"author":{"name":"Bati-journal","@id":"https:\/\/batijournal.com\/#\/schema\/person\/6a657e8967569e1b299972574848aa76"},"headline":"Mois de la construction bois en Franche-Comt\u00e9","datePublished":"2008-07-03T13:16:47+00:00","mainEntityOfPage":{"@id":"https:\/\/batijournal.com\/index.php\/mois-de-la-construction-bois-en-franche-comte\/80016\/"},"wordCount":118,"commentCount":0,"articleSection":["\u00c9v\u00e9nements"],"inLanguage":"fr-FR","potentialAction":[{"@type":"CommentAction","name":"Comment","target":["https:\/\/batijournal.com\/index.php\/mois-de-la-construction-bois-en-franche-comte\/80016\/#respond"]}]},{"@type":"WebPage","@id":"https:\/\/batijournal.com\/index.php\/mois-de-la-construction-bois-en-franche-comte\/80016\/","url":"https:\/\/batijournal.com\/index.php\/mois-de-la-construction-bois-en-franche-comte\/80016\/","name":"Mois de la construction bois en Franche-Comt\u00e9","isPartOf":{"@id":"https:\/\/batijournal.com\/#website"},"datePublished":"2008-07-03T13:16:47+00:00","author":{"@id":"https:\/\/batijournal.com\/#\/schema\/person\/6a657e8967569e1b299972574848aa76"},"breadcrumb":{"@id":"https:\/\/batijournal.com\/index.php\/mois-de-la-construction-bois-en-franche-comte\/80016\/#breadcrumb"},"inLanguage":"fr-FR","potentialAction":[{"@type":"ReadAction","target":["https:\/\/batijournal.com\/index.php\/mois-de-la-construction-bois-en-franche-comte\/80016\/"]}]},{"@type":"BreadcrumbList","@id":"https:\/\/batijournal.com\/index.php\/mois-de-la-construction-bois-en-franche-comte\/80016\/#breadcrumb","itemListElement":[{"@type":"ListItem","position":1,"name":"Accueil","item":"https:\/\/batijournal.com\/"},{"@type":"ListItem","position":2,"name":"\u00c9v\u00e9nements","item":"https:\/\/batijournal.com\/index.php\/category\/evenements\/"},{"@type":"ListItem","position":3,"name":"Mois de la construction bois en Franche-Comt\u00e9"}]},{"@type":"WebSite","@id":"https:\/\/batijournal.com\/#website","url":"https:\/\/batijournal.com\/","name":"Batijournal","description":"L&#039;actualit\u00e9 du b\u00e2timent","potentialAction":[{"@type":"SearchAction","target":{"@type":"EntryPoint","urlTemplate":"https:\/\/batijournal.com\/?s={search_term_string}"},"query-input":{"@type":"PropertyValueSpecification","valueRequired":true,"valueName":"search_term_string"}}],"inLanguage":"fr-FR"},{"@type":"Person","@id":"https:\/\/batijournal.com\/#\/schema\/person\/6a657e8967569e1b299972574848aa76","name":"Bati-journal","image":{"@type":"ImageObject","inLanguage":"fr-FR","@id":"https:\/\/secure.gravatar.com\/avatar\/a64364ea26392f9b4dd47e017ddaec74ff03aefc073b49e492e847201258f777?s=96&d=mm&r=g","url":"https:\/\/secure.gravatar.com\/avatar\/a64364ea26392f9b4dd47e017ddaec74ff03aefc073b49e492e847201258f777?s=96&d=mm&r=g","contentUrl":"https:\/\/secure.gravatar.com\/avatar\/a64364ea26392f9b4dd47e017ddaec74ff03aefc073b49e492e847201258f777?s=96&d=mm&r=g","caption":"Bati-journal"},"url":"https:\/\/batijournal.com\/index.php\/author\/elodie\/"}]}},"_links":{"self":[{"href":"https:\/\/batijournal.com\/index.php\/wp-json\/wp\/v2\/posts\/80016","targetHints":{"allow":["GET"]}}],"collection":[{"href":"https:\/\/batijournal.com\/index.php\/wp-json\/wp\/v2\/posts"}],"about":[{"href":"https:\/\/batijournal.com\/index.php\/wp-json\/wp\/v2\/types\/post"}],"author":[{"embeddable":true,"href":"https:\/\/batijournal.com\/index.php\/wp-json\/wp\/v2\/users\/1"}],"replies":[{"embeddable":true,"href":"https:\/\/batijournal.com\/index.php\/wp-json\/wp\/v2\/comments?post=80016"}],"version-history":[{"count":0,"href":"https:\/\/batijournal.com\/index.php\/wp-json\/wp\/v2\/posts\/80016\/revisions"}],"wp:attachment":[{"href":"https:\/\/batijournal.com\/index.php\/wp-json\/wp\/v2\/media?parent=80016"}],"wp:term":[{"taxonomy":"category","embeddable":true,"href":"https:\/\/batijournal.com\/index.php\/wp-json\/wp\/v2\/categories?post=80016"},{"taxonomy":"post_tag","embeddable":true,"href":"https:\/\/batijournal.com\/index.php\/wp-json\/wp\/v2\/tags?post=80016"}],"curies":[{"name":"wp","href":"https:\/\/api.w.org\/{rel}","templated":true}]}}