{"id":80017,"date":"2008-07-11T15:33:53","date_gmt":"2008-07-11T13:33:53","guid":{"rendered":"http:\/\/b.bati-journal.com\/etats-generaux-du-bois-dans-la-construction-3\/80017"},"modified":"2008-07-11T15:33:53","modified_gmt":"2008-07-11T13:33:53","slug":"etats-generaux-du-bois-dans-la-construction-3","status":"publish","type":"post","link":"https:\/\/batijournal.com\/index.php\/etats-generaux-du-bois-dans-la-construction-3\/80017\/","title":{"rendered":"Etats g\u00e9n\u00e9raux du bois dans la construction"},"content":{"rendered":"<p>La cinqui\u00e8me \u00e9dition des Etats g\u00e9n\u00e9raux du bois dans la construction, organis\u00e9e le 16 octobre 2008 au centre de Congr\u00e8s d&rsquo;Angers, aura pour th\u00e8me principal l&rsquo;habitat collectif en bois. Apr\u00e8s une matin\u00e9e consacr\u00e9e \u00e0 l&rsquo;offre construction bois en France, \u00e0 la demande en maisons bois et \u00e0 la pr\u00e9sentation de l&rsquo;industrialisation de la construction bois en Am\u00e9rique du Nord, dans l&rsquo;apr\u00e8s-midi, les participants de l&rsquo;assembl\u00e9e auront l&rsquo;occasion de d\u00e9couvrir les b\u00e2timents bois de plusieurs \u00e9tages construits en Europe. La pr\u00e9sentation des solutions constructives bois pour des logements collectifs et un point sur la r\u00e9glementation (structure, feu, sismique et acoustique) constituent la suite du programme qui se termine par deux tables rondes : \u201cCollectif en bois aujourd&rsquo;hui, les enjeux\u201c et \u201cConstruire de l&rsquo;habitat social en bois, l&rsquo;exp\u00e9rience d&rsquo;Angers Habitat\u201c. \u00a0Renseignements et inscriptions : 02 41 96 32 32<\/p>\n","protected":false},"excerpt":{"rendered":"<p>La cinqui\u00e8me \u00e9dition des Etats g\u00e9n\u00e9raux du bois dans la construction, organis\u00e9e le 16 octobre 2008 au centre de Congr\u00e8s d&rsquo;Angers, aura pour th\u00e8me principal l&rsquo;habitat collectif en bois. Apr\u00e8s une matin\u00e9e consacr\u00e9e \u00e0 l&rsquo;offre construction bois en France, \u00e0 la demande en maisons bois et \u00e0 la pr\u00e9sentation de l&rsquo;industrialisation de la construction bois [&hellip;]<\/p>\n","protected":false},"author":1,"featured_media":0,"comment_status":"open","ping_status":"closed","sticky":false,"template":"","format":"standard","meta":{"_et_pb_use_builder":"","_et_pb_old_content":"","_et_gb_content_width":"","footnotes":""},"categories":[9192],"tags":[9197,1379],"class_list":["post-80017","post","type-post","status-publish","format-standard","hentry","category-evenements","tag-evenement","tag-filiere"],"yoast_head":"<!-- This site is optimized with the Yoast SEO plugin v27.4 - https:\/\/yoast.com\/product\/yoast-seo-wordpress\/ -->\n<title>Etats g\u00e9n\u00e9raux du bois dans la construction<\/title>\n<meta name=\"robots\" content=\"index, follow, max-snippet:-1, max-image-preview:large, max-video-preview:-1\" \/>\n<link rel=\"canonical\" href=\"https:\/\/batijournal.com\/index.php\/etats-generaux-du-bois-dans-la-construction-3\/80017\/\" \/>\n<meta property=\"og:locale\" content=\"fr_FR\" \/>\n<meta property=\"og:type\" content=\"article\" \/>\n<meta property=\"og:title\" content=\"Etats g\u00e9n\u00e9raux du bois dans la construction\" \/>\n<meta property=\"og:description\" content=\"La cinqui\u00e8me \u00e9dition des Etats g\u00e9n\u00e9raux du bois dans la construction, organis\u00e9e le 16 octobre 2008 au centre de Congr\u00e8s d&rsquo;Angers, aura pour th\u00e8me principal l&rsquo;habitat collectif en bois. Apr\u00e8s une matin\u00e9e consacr\u00e9e \u00e0 l&rsquo;offre construction bois en France, \u00e0 la demande en maisons bois et \u00e0 la pr\u00e9sentation de l&rsquo;industrialisation de la construction bois [&hellip;]\" \/>\n<meta property=\"og:url\" content=\"https:\/\/batijournal.com\/index.php\/etats-generaux-du-bois-dans-la-construction-3\/80017\/\" \/>\n<meta property=\"og:site_name\" content=\"Batijournal\" \/>\n<meta property=\"article:published_time\" content=\"2008-07-11T13:33:53+00:00\" \/>\n<meta name=\"author\" content=\"Bati-journal\" \/>\n<meta name=\"twitter:card\" content=\"summary_large_image\" \/>\n<meta name=\"twitter:creator\" content=\"@bati_journal\" \/>\n<meta name=\"twitter:site\" content=\"@bati_journal\" \/>\n<meta name=\"twitter:label1\" content=\"\u00c9crit par\" \/>\n\t<meta name=\"twitter:data1\" content=\"Bati-journal\" \/>\n\t<meta name=\"twitter:label2\" content=\"Dur\u00e9e de lecture estim\u00e9e\" \/>\n\t<meta name=\"twitter:data2\" content=\"1 minute\" \/>\n<script type=\"application\/ld+json\" class=\"yoast-schema-graph\">{\"@context\":\"https:\\\/\\\/schema.org\",\"@graph\":[{\"@type\":\"Article\",\"@id\":\"https:\\\/\\\/batijournal.com\\\/index.php\\\/etats-generaux-du-bois-dans-la-construction-3\\\/80017\\\/#article\",\"isPartOf\":{\"@id\":\"https:\\\/\\\/batijournal.com\\\/index.php\\\/etats-generaux-du-bois-dans-la-construction-3\\\/80017\\\/\"},\"author\":{\"name\":\"Bati-journal\",\"@id\":\"https:\\\/\\\/batijournal.com\\\/#\\\/schema\\\/person\\\/6a657e8967569e1b299972574848aa76\"},\"headline\":\"Etats g\u00e9n\u00e9raux du bois dans la construction\",\"datePublished\":\"2008-07-11T13:33:53+00:00\",\"mainEntityOfPage\":{\"@id\":\"https:\\\/\\\/batijournal.com\\\/index.php\\\/etats-generaux-du-bois-dans-la-construction-3\\\/80017\\\/\"},\"wordCount\":163,\"commentCount\":0,\"keywords\":[\"evenement\",\"fili\u00e8re\"],\"articleSection\":[\"\u00c9v\u00e9nements\"],\"inLanguage\":\"fr-FR\",\"potentialAction\":[{\"@type\":\"CommentAction\",\"name\":\"Comment\",\"target\":[\"https:\\\/\\\/batijournal.com\\\/index.php\\\/etats-generaux-du-bois-dans-la-construction-3\\\/80017\\\/#respond\"]}]},{\"@type\":\"WebPage\",\"@id\":\"https:\\\/\\\/batijournal.com\\\/index.php\\\/etats-generaux-du-bois-dans-la-construction-3\\\/80017\\\/\",\"url\":\"https:\\\/\\\/batijournal.com\\\/index.php\\\/etats-generaux-du-bois-dans-la-construction-3\\\/80017\\\/\",\"name\":\"Etats g\u00e9n\u00e9raux du bois dans la construction\",\"isPartOf\":{\"@id\":\"https:\\\/\\\/batijournal.com\\\/#website\"},\"datePublished\":\"2008-07-11T13:33:53+00:00\",\"author\":{\"@id\":\"https:\\\/\\\/batijournal.com\\\/#\\\/schema\\\/person\\\/6a657e8967569e1b299972574848aa76\"},\"breadcrumb\":{\"@id\":\"https:\\\/\\\/batijournal.com\\\/index.php\\\/etats-generaux-du-bois-dans-la-construction-3\\\/80017\\\/#breadcrumb\"},\"inLanguage\":\"fr-FR\",\"potentialAction\":[{\"@type\":\"ReadAction\",\"target\":[\"https:\\\/\\\/batijournal.com\\\/index.php\\\/etats-generaux-du-bois-dans-la-construction-3\\\/80017\\\/\"]}]},{\"@type\":\"BreadcrumbList\",\"@id\":\"https:\\\/\\\/batijournal.com\\\/index.php\\\/etats-generaux-du-bois-dans-la-construction-3\\\/80017\\\/#breadcrumb\",\"itemListElement\":[{\"@type\":\"ListItem\",\"position\":1,\"name\":\"Accueil\",\"item\":\"https:\\\/\\\/batijournal.com\\\/\"},{\"@type\":\"ListItem\",\"position\":2,\"name\":\"\u00c9v\u00e9nements\",\"item\":\"https:\\\/\\\/batijournal.com\\\/index.php\\\/category\\\/evenements\\\/\"},{\"@type\":\"ListItem\",\"position\":3,\"name\":\"Etats g\u00e9n\u00e9raux du bois dans la construction\"}]},{\"@type\":\"WebSite\",\"@id\":\"https:\\\/\\\/batijournal.com\\\/#website\",\"url\":\"https:\\\/\\\/batijournal.com\\\/\",\"name\":\"Batijournal\",\"description\":\"L&#039;actualit\u00e9 du b\u00e2timent\",\"potentialAction\":[{\"@type\":\"SearchAction\",\"target\":{\"@type\":\"EntryPoint\",\"urlTemplate\":\"https:\\\/\\\/batijournal.com\\\/?s={search_term_string}\"},\"query-input\":{\"@type\":\"PropertyValueSpecification\",\"valueRequired\":true,\"valueName\":\"search_term_string\"}}],\"inLanguage\":\"fr-FR\"},{\"@type\":\"Person\",\"@id\":\"https:\\\/\\\/batijournal.com\\\/#\\\/schema\\\/person\\\/6a657e8967569e1b299972574848aa76\",\"name\":\"Bati-journal\",\"image\":{\"@type\":\"ImageObject\",\"inLanguage\":\"fr-FR\",\"@id\":\"https:\\\/\\\/secure.gravatar.com\\\/avatar\\\/a64364ea26392f9b4dd47e017ddaec74ff03aefc073b49e492e847201258f777?s=96&d=mm&r=g\",\"url\":\"https:\\\/\\\/secure.gravatar.com\\\/avatar\\\/a64364ea26392f9b4dd47e017ddaec74ff03aefc073b49e492e847201258f777?s=96&d=mm&r=g\",\"contentUrl\":\"https:\\\/\\\/secure.gravatar.com\\\/avatar\\\/a64364ea26392f9b4dd47e017ddaec74ff03aefc073b49e492e847201258f777?s=96&d=mm&r=g\",\"caption\":\"Bati-journal\"},\"url\":\"https:\\\/\\\/batijournal.com\\\/index.php\\\/author\\\/elodie\\\/\"}]}<\/script>\n<!-- \/ Yoast SEO plugin. -->","yoast_head_json":{"title":"Etats g\u00e9n\u00e9raux du bois dans la construction","robots":{"index":"index","follow":"follow","max-snippet":"max-snippet:-1","max-image-preview":"max-image-preview:large","max-video-preview":"max-video-preview:-1"},"canonical":"https:\/\/batijournal.com\/index.php\/etats-generaux-du-bois-dans-la-construction-3\/80017\/","og_locale":"fr_FR","og_type":"article","og_title":"Etats g\u00e9n\u00e9raux du bois dans la construction","og_description":"La cinqui\u00e8me \u00e9dition des Etats g\u00e9n\u00e9raux du bois dans la construction, organis\u00e9e le 16 octobre 2008 au centre de Congr\u00e8s d&rsquo;Angers, aura pour th\u00e8me principal l&rsquo;habitat collectif en bois. Apr\u00e8s une matin\u00e9e consacr\u00e9e \u00e0 l&rsquo;offre construction bois en France, \u00e0 la demande en maisons bois et \u00e0 la pr\u00e9sentation de l&rsquo;industrialisation de la construction bois [&hellip;]","og_url":"https:\/\/batijournal.com\/index.php\/etats-generaux-du-bois-dans-la-construction-3\/80017\/","og_site_name":"Batijournal","article_published_time":"2008-07-11T13:33:53+00:00","author":"Bati-journal","twitter_card":"summary_large_image","twitter_creator":"@bati_journal","twitter_site":"@bati_journal","twitter_misc":{"\u00c9crit par":"Bati-journal","Dur\u00e9e de lecture estim\u00e9e":"1 minute"},"schema":{"@context":"https:\/\/schema.org","@graph":[{"@type":"Article","@id":"https:\/\/batijournal.com\/index.php\/etats-generaux-du-bois-dans-la-construction-3\/80017\/#article","isPartOf":{"@id":"https:\/\/batijournal.com\/index.php\/etats-generaux-du-bois-dans-la-construction-3\/80017\/"},"author":{"name":"Bati-journal","@id":"https:\/\/batijournal.com\/#\/schema\/person\/6a657e8967569e1b299972574848aa76"},"headline":"Etats g\u00e9n\u00e9raux du bois dans la construction","datePublished":"2008-07-11T13:33:53+00:00","mainEntityOfPage":{"@id":"https:\/\/batijournal.com\/index.php\/etats-generaux-du-bois-dans-la-construction-3\/80017\/"},"wordCount":163,"commentCount":0,"keywords":["evenement","fili\u00e8re"],"articleSection":["\u00c9v\u00e9nements"],"inLanguage":"fr-FR","potentialAction":[{"@type":"CommentAction","name":"Comment","target":["https:\/\/batijournal.com\/index.php\/etats-generaux-du-bois-dans-la-construction-3\/80017\/#respond"]}]},{"@type":"WebPage","@id":"https:\/\/batijournal.com\/index.php\/etats-generaux-du-bois-dans-la-construction-3\/80017\/","url":"https:\/\/batijournal.com\/index.php\/etats-generaux-du-bois-dans-la-construction-3\/80017\/","name":"Etats g\u00e9n\u00e9raux du bois dans la construction","isPartOf":{"@id":"https:\/\/batijournal.com\/#website"},"datePublished":"2008-07-11T13:33:53+00:00","author":{"@id":"https:\/\/batijournal.com\/#\/schema\/person\/6a657e8967569e1b299972574848aa76"},"breadcrumb":{"@id":"https:\/\/batijournal.com\/index.php\/etats-generaux-du-bois-dans-la-construction-3\/80017\/#breadcrumb"},"inLanguage":"fr-FR","potentialAction":[{"@type":"ReadAction","target":["https:\/\/batijournal.com\/index.php\/etats-generaux-du-bois-dans-la-construction-3\/80017\/"]}]},{"@type":"BreadcrumbList","@id":"https:\/\/batijournal.com\/index.php\/etats-generaux-du-bois-dans-la-construction-3\/80017\/#breadcrumb","itemListElement":[{"@type":"ListItem","position":1,"name":"Accueil","item":"https:\/\/batijournal.com\/"},{"@type":"ListItem","position":2,"name":"\u00c9v\u00e9nements","item":"https:\/\/batijournal.com\/index.php\/category\/evenements\/"},{"@type":"ListItem","position":3,"name":"Etats g\u00e9n\u00e9raux du bois dans la construction"}]},{"@type":"WebSite","@id":"https:\/\/batijournal.com\/#website","url":"https:\/\/batijournal.com\/","name":"Batijournal","description":"L&#039;actualit\u00e9 du b\u00e2timent","potentialAction":[{"@type":"SearchAction","target":{"@type":"EntryPoint","urlTemplate":"https:\/\/batijournal.com\/?s={search_term_string}"},"query-input":{"@type":"PropertyValueSpecification","valueRequired":true,"valueName":"search_term_string"}}],"inLanguage":"fr-FR"},{"@type":"Person","@id":"https:\/\/batijournal.com\/#\/schema\/person\/6a657e8967569e1b299972574848aa76","name":"Bati-journal","image":{"@type":"ImageObject","inLanguage":"fr-FR","@id":"https:\/\/secure.gravatar.com\/avatar\/a64364ea26392f9b4dd47e017ddaec74ff03aefc073b49e492e847201258f777?s=96&d=mm&r=g","url":"https:\/\/secure.gravatar.com\/avatar\/a64364ea26392f9b4dd47e017ddaec74ff03aefc073b49e492e847201258f777?s=96&d=mm&r=g","contentUrl":"https:\/\/secure.gravatar.com\/avatar\/a64364ea26392f9b4dd47e017ddaec74ff03aefc073b49e492e847201258f777?s=96&d=mm&r=g","caption":"Bati-journal"},"url":"https:\/\/batijournal.com\/index.php\/author\/elodie\/"}]}},"_links":{"self":[{"href":"https:\/\/batijournal.com\/index.php\/wp-json\/wp\/v2\/posts\/80017","targetHints":{"allow":["GET"]}}],"collection":[{"href":"https:\/\/batijournal.com\/index.php\/wp-json\/wp\/v2\/posts"}],"about":[{"href":"https:\/\/batijournal.com\/index.php\/wp-json\/wp\/v2\/types\/post"}],"author":[{"embeddable":true,"href":"https:\/\/batijournal.com\/index.php\/wp-json\/wp\/v2\/users\/1"}],"replies":[{"embeddable":true,"href":"https:\/\/batijournal.com\/index.php\/wp-json\/wp\/v2\/comments?post=80017"}],"version-history":[{"count":0,"href":"https:\/\/batijournal.com\/index.php\/wp-json\/wp\/v2\/posts\/80017\/revisions"}],"wp:attachment":[{"href":"https:\/\/batijournal.com\/index.php\/wp-json\/wp\/v2\/media?parent=80017"}],"wp:term":[{"taxonomy":"category","embeddable":true,"href":"https:\/\/batijournal.com\/index.php\/wp-json\/wp\/v2\/categories?post=80017"},{"taxonomy":"post_tag","embeddable":true,"href":"https:\/\/batijournal.com\/index.php\/wp-json\/wp\/v2\/tags?post=80017"}],"curies":[{"name":"wp","href":"https:\/\/api.w.org\/{rel}","templated":true}]}}