{"id":80023,"date":"2008-07-23T16:10:08","date_gmt":"2008-07-23T14:10:08","guid":{"rendered":"http:\/\/b.bati-journal.com\/la-pierre-histoire-deau\/80023"},"modified":"2008-07-23T16:10:08","modified_gmt":"2008-07-23T14:10:08","slug":"la-pierre-histoire-deau","status":"publish","type":"post","link":"https:\/\/batijournal.com\/index.php\/la-pierre-histoire-deau\/80023\/","title":{"rendered":"La pierre, histoire d&rsquo;eau"},"content":{"rendered":"<p>Le 18 juin dernier, la commission Pierre Durabilit\u00e9 du Cefracor et le Syndicat national des industries de roches ornementales et de construction (SNROC) ont organis\u00e9 les 11e Rencontres techniques de la pierre sur le th\u00e8me \u201cEtat et retour d&rsquo;exp\u00e9rience sur les hydrofuges\u201c. \u201cAppliqu\u00e9s depuis le d\u00e9but des ann\u00e9es 70 sur diff\u00e9rents monuments et sites d&rsquo;\u00e9tudes, les produits hydrofuges sont encore trop souvent utilis\u00e9s pour rem\u00e9dier \u00e0 toutes les situations o\u00f9 la pr\u00e9sence d&rsquo;eau ou d&rsquo;humidit\u00e9 est identifi\u00e9e.\u201c Apr\u00e8s que Jean-Didier Mertz (LRMH) ait d\u00e9fini les objectifs, les fonctions et l&rsquo;\u00e9valuation des performances des traitements, c&rsquo;est au tour de Philippe Ponsot, Architecte en chef des Monuments Historiques de t\u00e9moigner, en tant que ma\u00eetre d&rsquo;oe\u009cuvre sur le chantier de restauration de la fl\u00e8che coll\u00e9giale Saint-Thi\u00e9baud de Thann, de l&rsquo;utilisation du traitement hydrofuge. Pour lui, c&rsquo;est un relev\u00e9 pierre \u00e0 pierre qui a nourri le diagnostic d&rsquo;hydrofugation totale de l&rsquo;ouvrage en 1999. Seul regret : \u201cQue cette exp\u00e9rience n&rsquo;ait pas eu de suivi dans le temps.\u201c La vision d&rsquo;une entreprise avait \u00e9t\u00e9 \u00e9galement requise \u00e0 travers Patrick Palem (Socra) et l&rsquo;exemple du chantier de restauration de Notre-Dame de la Garde \u00e0 Marseille. Ce dernier a soulign\u00e9 que le choix du produit \u00e9tait important, mais que les conditions d&rsquo;application l&rsquo;\u00e9taient au moins autant ; ainsi que la sant\u00e9 des applicateurs. \u201cLes directives europ\u00e9ennes nous am\u00e8nent peu \u00e0 peu vers un produit en phase aqueuse car un certain nombre de solvants vont \u00eatre interdits.\u201c Derni\u00e8re intervenante, Claire Moreau (universit\u00e9 de Reims &amp; LRMH) a, elle, trait\u00e9 du vieillissement naturel des pierres hydrofug\u00e9es. Au final, un apr\u00e8s-midi riche qui a su nourrir le d\u00e9bat et en cr\u00e9er d&rsquo;autres.<\/p>\n","protected":false},"excerpt":{"rendered":"<p>Le 18 juin dernier, la commission Pierre Durabilit\u00e9 du Cefracor et le Syndicat national des industries de roches ornementales et de construction (SNROC) ont organis\u00e9 les 11e Rencontres techniques de la pierre sur le th\u00e8me \u201cEtat et retour d&rsquo;exp\u00e9rience sur les hydrofuges\u201c. \u201cAppliqu\u00e9s depuis le d\u00e9but des ann\u00e9es 70 sur diff\u00e9rents monuments et sites d&rsquo;\u00e9tudes, [&hellip;]<\/p>\n","protected":false},"author":1,"featured_media":80024,"comment_status":"open","ping_status":"closed","sticky":false,"template":"","format":"standard","meta":{"_et_pb_use_builder":"","_et_pb_old_content":"","_et_gb_content_width":"","footnotes":""},"categories":[9192],"tags":[],"class_list":["post-80023","post","type-post","status-publish","format-standard","has-post-thumbnail","hentry","category-evenements"],"yoast_head":"<!-- This site is optimized with the Yoast SEO plugin v27.4 - https:\/\/yoast.com\/product\/yoast-seo-wordpress\/ -->\n<title>La pierre, histoire d&#039;eau<\/title>\n<meta name=\"robots\" content=\"index, follow, max-snippet:-1, max-image-preview:large, max-video-preview:-1\" \/>\n<link rel=\"canonical\" href=\"https:\/\/batijournal.com\/index.php\/la-pierre-histoire-deau\/80023\/\" \/>\n<meta property=\"og:locale\" content=\"fr_FR\" \/>\n<meta property=\"og:type\" content=\"article\" \/>\n<meta property=\"og:title\" content=\"La pierre, histoire d&#039;eau\" \/>\n<meta property=\"og:description\" content=\"Le 18 juin dernier, la commission Pierre Durabilit\u00e9 du Cefracor et le Syndicat national des industries de roches ornementales et de construction (SNROC) ont organis\u00e9 les 11e Rencontres techniques de la pierre sur le th\u00e8me \u201cEtat et retour d&rsquo;exp\u00e9rience sur les hydrofuges\u201c. \u201cAppliqu\u00e9s depuis le d\u00e9but des ann\u00e9es 70 sur diff\u00e9rents monuments et sites d&rsquo;\u00e9tudes, [&hellip;]\" \/>\n<meta property=\"og:url\" content=\"https:\/\/batijournal.com\/index.php\/la-pierre-histoire-deau\/80023\/\" \/>\n<meta property=\"og:site_name\" content=\"Batijournal\" \/>\n<meta property=\"article:published_time\" content=\"2008-07-23T14:10:08+00:00\" \/>\n<meta property=\"og:image\" content=\"https:\/\/batijournal.com\/wp-content\/uploads\/2015\/03\/337211.jpg\" \/>\n\t<meta property=\"og:image:width\" content=\"600\" \/>\n\t<meta property=\"og:image:height\" content=\"398\" \/>\n\t<meta property=\"og:image:type\" content=\"image\/jpeg\" \/>\n<meta name=\"author\" content=\"Bati-journal\" \/>\n<meta name=\"twitter:card\" content=\"summary_large_image\" \/>\n<meta name=\"twitter:creator\" content=\"@bati_journal\" \/>\n<meta name=\"twitter:site\" content=\"@bati_journal\" \/>\n<meta name=\"twitter:label1\" content=\"\u00c9crit par\" \/>\n\t<meta name=\"twitter:data1\" content=\"Bati-journal\" \/>\n\t<meta name=\"twitter:label2\" content=\"Dur\u00e9e de lecture estim\u00e9e\" \/>\n\t<meta name=\"twitter:data2\" content=\"1 minute\" \/>\n<script type=\"application\/ld+json\" class=\"yoast-schema-graph\">{\"@context\":\"https:\\\/\\\/schema.org\",\"@graph\":[{\"@type\":\"Article\",\"@id\":\"https:\\\/\\\/batijournal.com\\\/index.php\\\/la-pierre-histoire-deau\\\/80023\\\/#article\",\"isPartOf\":{\"@id\":\"https:\\\/\\\/batijournal.com\\\/index.php\\\/la-pierre-histoire-deau\\\/80023\\\/\"},\"author\":{\"name\":\"Bati-journal\",\"@id\":\"https:\\\/\\\/batijournal.com\\\/#\\\/schema\\\/person\\\/6a657e8967569e1b299972574848aa76\"},\"headline\":\"La pierre, histoire d&rsquo;eau\",\"datePublished\":\"2008-07-23T14:10:08+00:00\",\"mainEntityOfPage\":{\"@id\":\"https:\\\/\\\/batijournal.com\\\/index.php\\\/la-pierre-histoire-deau\\\/80023\\\/\"},\"wordCount\":310,\"commentCount\":0,\"image\":{\"@id\":\"https:\\\/\\\/batijournal.com\\\/index.php\\\/la-pierre-histoire-deau\\\/80023\\\/#primaryimage\"},\"thumbnailUrl\":\"https:\\\/\\\/batijournal.com\\\/wp-content\\\/uploads\\\/2015\\\/03\\\/337211.jpg\",\"articleSection\":[\"\u00c9v\u00e9nements\"],\"inLanguage\":\"fr-FR\",\"potentialAction\":[{\"@type\":\"CommentAction\",\"name\":\"Comment\",\"target\":[\"https:\\\/\\\/batijournal.com\\\/index.php\\\/la-pierre-histoire-deau\\\/80023\\\/#respond\"]}]},{\"@type\":\"WebPage\",\"@id\":\"https:\\\/\\\/batijournal.com\\\/index.php\\\/la-pierre-histoire-deau\\\/80023\\\/\",\"url\":\"https:\\\/\\\/batijournal.com\\\/index.php\\\/la-pierre-histoire-deau\\\/80023\\\/\",\"name\":\"La pierre, histoire d'eau\",\"isPartOf\":{\"@id\":\"https:\\\/\\\/batijournal.com\\\/#website\"},\"primaryImageOfPage\":{\"@id\":\"https:\\\/\\\/batijournal.com\\\/index.php\\\/la-pierre-histoire-deau\\\/80023\\\/#primaryimage\"},\"image\":{\"@id\":\"https:\\\/\\\/batijournal.com\\\/index.php\\\/la-pierre-histoire-deau\\\/80023\\\/#primaryimage\"},\"thumbnailUrl\":\"https:\\\/\\\/batijournal.com\\\/wp-content\\\/uploads\\\/2015\\\/03\\\/337211.jpg\",\"datePublished\":\"2008-07-23T14:10:08+00:00\",\"author\":{\"@id\":\"https:\\\/\\\/batijournal.com\\\/#\\\/schema\\\/person\\\/6a657e8967569e1b299972574848aa76\"},\"breadcrumb\":{\"@id\":\"https:\\\/\\\/batijournal.com\\\/index.php\\\/la-pierre-histoire-deau\\\/80023\\\/#breadcrumb\"},\"inLanguage\":\"fr-FR\",\"potentialAction\":[{\"@type\":\"ReadAction\",\"target\":[\"https:\\\/\\\/batijournal.com\\\/index.php\\\/la-pierre-histoire-deau\\\/80023\\\/\"]}]},{\"@type\":\"ImageObject\",\"inLanguage\":\"fr-FR\",\"@id\":\"https:\\\/\\\/batijournal.com\\\/index.php\\\/la-pierre-histoire-deau\\\/80023\\\/#primaryimage\",\"url\":\"https:\\\/\\\/batijournal.com\\\/wp-content\\\/uploads\\\/2015\\\/03\\\/337211.jpg\",\"contentUrl\":\"https:\\\/\\\/batijournal.com\\\/wp-content\\\/uploads\\\/2015\\\/03\\\/337211.jpg\",\"width\":600,\"height\":398},{\"@type\":\"BreadcrumbList\",\"@id\":\"https:\\\/\\\/batijournal.com\\\/index.php\\\/la-pierre-histoire-deau\\\/80023\\\/#breadcrumb\",\"itemListElement\":[{\"@type\":\"ListItem\",\"position\":1,\"name\":\"Accueil\",\"item\":\"https:\\\/\\\/batijournal.com\\\/\"},{\"@type\":\"ListItem\",\"position\":2,\"name\":\"\u00c9v\u00e9nements\",\"item\":\"https:\\\/\\\/batijournal.com\\\/index.php\\\/category\\\/evenements\\\/\"},{\"@type\":\"ListItem\",\"position\":3,\"name\":\"La pierre, histoire d&rsquo;eau\"}]},{\"@type\":\"WebSite\",\"@id\":\"https:\\\/\\\/batijournal.com\\\/#website\",\"url\":\"https:\\\/\\\/batijournal.com\\\/\",\"name\":\"Batijournal\",\"description\":\"L&#039;actualit\u00e9 du b\u00e2timent\",\"potentialAction\":[{\"@type\":\"SearchAction\",\"target\":{\"@type\":\"EntryPoint\",\"urlTemplate\":\"https:\\\/\\\/batijournal.com\\\/?s={search_term_string}\"},\"query-input\":{\"@type\":\"PropertyValueSpecification\",\"valueRequired\":true,\"valueName\":\"search_term_string\"}}],\"inLanguage\":\"fr-FR\"},{\"@type\":\"Person\",\"@id\":\"https:\\\/\\\/batijournal.com\\\/#\\\/schema\\\/person\\\/6a657e8967569e1b299972574848aa76\",\"name\":\"Bati-journal\",\"image\":{\"@type\":\"ImageObject\",\"inLanguage\":\"fr-FR\",\"@id\":\"https:\\\/\\\/secure.gravatar.com\\\/avatar\\\/a64364ea26392f9b4dd47e017ddaec74ff03aefc073b49e492e847201258f777?s=96&d=mm&r=g\",\"url\":\"https:\\\/\\\/secure.gravatar.com\\\/avatar\\\/a64364ea26392f9b4dd47e017ddaec74ff03aefc073b49e492e847201258f777?s=96&d=mm&r=g\",\"contentUrl\":\"https:\\\/\\\/secure.gravatar.com\\\/avatar\\\/a64364ea26392f9b4dd47e017ddaec74ff03aefc073b49e492e847201258f777?s=96&d=mm&r=g\",\"caption\":\"Bati-journal\"},\"url\":\"https:\\\/\\\/batijournal.com\\\/index.php\\\/author\\\/elodie\\\/\"}]}<\/script>\n<!-- \/ Yoast SEO plugin. -->","yoast_head_json":{"title":"La pierre, histoire d'eau","robots":{"index":"index","follow":"follow","max-snippet":"max-snippet:-1","max-image-preview":"max-image-preview:large","max-video-preview":"max-video-preview:-1"},"canonical":"https:\/\/batijournal.com\/index.php\/la-pierre-histoire-deau\/80023\/","og_locale":"fr_FR","og_type":"article","og_title":"La pierre, histoire d'eau","og_description":"Le 18 juin dernier, la commission Pierre Durabilit\u00e9 du Cefracor et le Syndicat national des industries de roches ornementales et de construction (SNROC) ont organis\u00e9 les 11e Rencontres techniques de la pierre sur le th\u00e8me \u201cEtat et retour d&rsquo;exp\u00e9rience sur les hydrofuges\u201c. \u201cAppliqu\u00e9s depuis le d\u00e9but des ann\u00e9es 70 sur diff\u00e9rents monuments et sites d&rsquo;\u00e9tudes, [&hellip;]","og_url":"https:\/\/batijournal.com\/index.php\/la-pierre-histoire-deau\/80023\/","og_site_name":"Batijournal","article_published_time":"2008-07-23T14:10:08+00:00","og_image":[{"width":600,"height":398,"url":"https:\/\/batijournal.com\/wp-content\/uploads\/2015\/03\/337211.jpg","type":"image\/jpeg"}],"author":"Bati-journal","twitter_card":"summary_large_image","twitter_creator":"@bati_journal","twitter_site":"@bati_journal","twitter_misc":{"\u00c9crit par":"Bati-journal","Dur\u00e9e de lecture estim\u00e9e":"1 minute"},"schema":{"@context":"https:\/\/schema.org","@graph":[{"@type":"Article","@id":"https:\/\/batijournal.com\/index.php\/la-pierre-histoire-deau\/80023\/#article","isPartOf":{"@id":"https:\/\/batijournal.com\/index.php\/la-pierre-histoire-deau\/80023\/"},"author":{"name":"Bati-journal","@id":"https:\/\/batijournal.com\/#\/schema\/person\/6a657e8967569e1b299972574848aa76"},"headline":"La pierre, histoire d&rsquo;eau","datePublished":"2008-07-23T14:10:08+00:00","mainEntityOfPage":{"@id":"https:\/\/batijournal.com\/index.php\/la-pierre-histoire-deau\/80023\/"},"wordCount":310,"commentCount":0,"image":{"@id":"https:\/\/batijournal.com\/index.php\/la-pierre-histoire-deau\/80023\/#primaryimage"},"thumbnailUrl":"https:\/\/batijournal.com\/wp-content\/uploads\/2015\/03\/337211.jpg","articleSection":["\u00c9v\u00e9nements"],"inLanguage":"fr-FR","potentialAction":[{"@type":"CommentAction","name":"Comment","target":["https:\/\/batijournal.com\/index.php\/la-pierre-histoire-deau\/80023\/#respond"]}]},{"@type":"WebPage","@id":"https:\/\/batijournal.com\/index.php\/la-pierre-histoire-deau\/80023\/","url":"https:\/\/batijournal.com\/index.php\/la-pierre-histoire-deau\/80023\/","name":"La pierre, histoire d'eau","isPartOf":{"@id":"https:\/\/batijournal.com\/#website"},"primaryImageOfPage":{"@id":"https:\/\/batijournal.com\/index.php\/la-pierre-histoire-deau\/80023\/#primaryimage"},"image":{"@id":"https:\/\/batijournal.com\/index.php\/la-pierre-histoire-deau\/80023\/#primaryimage"},"thumbnailUrl":"https:\/\/batijournal.com\/wp-content\/uploads\/2015\/03\/337211.jpg","datePublished":"2008-07-23T14:10:08+00:00","author":{"@id":"https:\/\/batijournal.com\/#\/schema\/person\/6a657e8967569e1b299972574848aa76"},"breadcrumb":{"@id":"https:\/\/batijournal.com\/index.php\/la-pierre-histoire-deau\/80023\/#breadcrumb"},"inLanguage":"fr-FR","potentialAction":[{"@type":"ReadAction","target":["https:\/\/batijournal.com\/index.php\/la-pierre-histoire-deau\/80023\/"]}]},{"@type":"ImageObject","inLanguage":"fr-FR","@id":"https:\/\/batijournal.com\/index.php\/la-pierre-histoire-deau\/80023\/#primaryimage","url":"https:\/\/batijournal.com\/wp-content\/uploads\/2015\/03\/337211.jpg","contentUrl":"https:\/\/batijournal.com\/wp-content\/uploads\/2015\/03\/337211.jpg","width":600,"height":398},{"@type":"BreadcrumbList","@id":"https:\/\/batijournal.com\/index.php\/la-pierre-histoire-deau\/80023\/#breadcrumb","itemListElement":[{"@type":"ListItem","position":1,"name":"Accueil","item":"https:\/\/batijournal.com\/"},{"@type":"ListItem","position":2,"name":"\u00c9v\u00e9nements","item":"https:\/\/batijournal.com\/index.php\/category\/evenements\/"},{"@type":"ListItem","position":3,"name":"La pierre, histoire d&rsquo;eau"}]},{"@type":"WebSite","@id":"https:\/\/batijournal.com\/#website","url":"https:\/\/batijournal.com\/","name":"Batijournal","description":"L&#039;actualit\u00e9 du b\u00e2timent","potentialAction":[{"@type":"SearchAction","target":{"@type":"EntryPoint","urlTemplate":"https:\/\/batijournal.com\/?s={search_term_string}"},"query-input":{"@type":"PropertyValueSpecification","valueRequired":true,"valueName":"search_term_string"}}],"inLanguage":"fr-FR"},{"@type":"Person","@id":"https:\/\/batijournal.com\/#\/schema\/person\/6a657e8967569e1b299972574848aa76","name":"Bati-journal","image":{"@type":"ImageObject","inLanguage":"fr-FR","@id":"https:\/\/secure.gravatar.com\/avatar\/a64364ea26392f9b4dd47e017ddaec74ff03aefc073b49e492e847201258f777?s=96&d=mm&r=g","url":"https:\/\/secure.gravatar.com\/avatar\/a64364ea26392f9b4dd47e017ddaec74ff03aefc073b49e492e847201258f777?s=96&d=mm&r=g","contentUrl":"https:\/\/secure.gravatar.com\/avatar\/a64364ea26392f9b4dd47e017ddaec74ff03aefc073b49e492e847201258f777?s=96&d=mm&r=g","caption":"Bati-journal"},"url":"https:\/\/batijournal.com\/index.php\/author\/elodie\/"}]}},"_links":{"self":[{"href":"https:\/\/batijournal.com\/index.php\/wp-json\/wp\/v2\/posts\/80023","targetHints":{"allow":["GET"]}}],"collection":[{"href":"https:\/\/batijournal.com\/index.php\/wp-json\/wp\/v2\/posts"}],"about":[{"href":"https:\/\/batijournal.com\/index.php\/wp-json\/wp\/v2\/types\/post"}],"author":[{"embeddable":true,"href":"https:\/\/batijournal.com\/index.php\/wp-json\/wp\/v2\/users\/1"}],"replies":[{"embeddable":true,"href":"https:\/\/batijournal.com\/index.php\/wp-json\/wp\/v2\/comments?post=80023"}],"version-history":[{"count":0,"href":"https:\/\/batijournal.com\/index.php\/wp-json\/wp\/v2\/posts\/80023\/revisions"}],"wp:featuredmedia":[{"embeddable":true,"href":"https:\/\/batijournal.com\/index.php\/wp-json\/wp\/v2\/media\/80024"}],"wp:attachment":[{"href":"https:\/\/batijournal.com\/index.php\/wp-json\/wp\/v2\/media?parent=80023"}],"wp:term":[{"taxonomy":"category","embeddable":true,"href":"https:\/\/batijournal.com\/index.php\/wp-json\/wp\/v2\/categories?post=80023"},{"taxonomy":"post_tag","embeddable":true,"href":"https:\/\/batijournal.com\/index.php\/wp-json\/wp\/v2\/tags?post=80023"}],"curies":[{"name":"wp","href":"https:\/\/api.w.org\/{rel}","templated":true}]}}