{"id":80050,"date":"2008-09-23T00:00:00","date_gmt":"2008-09-22T22:00:00","guid":{"rendered":"http:\/\/b.bati-journal.com\/journees-du-patrimoine-2008-12-millions-de-visiteurs\/80050"},"modified":"2008-09-23T00:00:00","modified_gmt":"2008-09-22T22:00:00","slug":"journees-du-patrimoine-2008-12-millions-de-visiteurs","status":"publish","type":"post","link":"https:\/\/batijournal.com\/index.php\/journees-du-patrimoine-2008-12-millions-de-visiteurs\/80050\/","title":{"rendered":"Journ\u00e9es du Patrimoine 2008 : 12 millions de visiteurs !"},"content":{"rendered":"<p>Les 20 et 21 septembre, plus de 12 millions de visiteurs ont pu d\u00e9couvrir ou re-d\u00e9couvrir plus de 15 168 lieux exceptionnellement ouverts. Le th\u00e8me cette ann\u00e9e \u00e9tait \u00abPatrimoine et cr\u00e9ation \u00bb. Les personnes handicap\u00e9es ont \u00e9galement pu d\u00e9couvrir le patrimoine lors d&rsquo;une journ\u00e9e qui leur \u00e9tait r\u00e9serv\u00e9e le 19 septembre. Les lieux de pouvoir ont toujours un grand succ\u00e8s : 22 000 Fran\u00e7ais se sont rendus au S\u00e9nat tandis que le palais de l&rsquo;\u0092Elys\u00e9e recevait 20 500 visites, l\u0092&rsquo;Assembl\u00e9e nationale 22 000 visiteurs. L&rsquo;\u0092h\u00f4tel de Matignon a \u00e9t\u00e9 visit\u00e9 par 4 600 personnes alors que le minist\u00e8re de l\u0092&rsquo;Economie, des Finances et du Budget a re\u00e7u 2 500 visiteurs et le minist\u00e8re de l\u0092Agriculture 5 000 personnes. Le minist\u00e8re de la Culture et de la Communication au Palais-Royal a accueilli 8 000 visiteurs qui ont profit\u00e9 des animations propos\u00e9es sur le th\u00e8me de la cr\u00e9ation. Dans toutes les r\u00e9gions, cette manifestation extr\u00eamement suivie (et grandement favoris\u00e9e, cette ann\u00e9e, par un temps magnifique) d\u00e9montre clairement l&rsquo;\u0092int\u00e9r\u00eat des Fran\u00e7ais pour leur patrimoine et pour la richesse architecturale, historique et intellectuelle qu&rsquo;\u0092il repr\u00e9sente. Christine Albanel a tenu \u00e0 remercier les partenaires priv\u00e9s qui ont permis l\u0092&rsquo;organisation de cette manifestation, et notamment la Conf\u00e9d\u00e9ration de l&rsquo;Artisanat et des petites entreprises du B\u00e2timent, la CAPEB, dont le r\u00e9seau sur tout le territoire a permis d&rsquo;offrir un grand nombre d&rsquo;animations pr\u00e9sentant les savoir-faire des m\u00e9tiers de l&rsquo;artisanat. (Source : Minist\u00e8re de la Culture et de la communication).<\/p>\n","protected":false},"excerpt":{"rendered":"<p>Les 20 et 21 septembre, plus de 12 millions de visiteurs ont pu d\u00e9couvrir ou re-d\u00e9couvrir plus de 15 168 lieux exceptionnellement ouverts. Le th\u00e8me cette ann\u00e9e \u00e9tait \u00abPatrimoine et cr\u00e9ation \u00bb. Les personnes handicap\u00e9es ont \u00e9galement pu d\u00e9couvrir le patrimoine lors d&rsquo;une journ\u00e9e qui leur \u00e9tait r\u00e9serv\u00e9e le 19 septembre. Les lieux de pouvoir [&hellip;]<\/p>\n","protected":false},"author":1,"featured_media":0,"comment_status":"open","ping_status":"closed","sticky":false,"template":"","format":"standard","meta":{"_et_pb_use_builder":"","_et_pb_old_content":"","_et_gb_content_width":"","footnotes":""},"categories":[9192],"tags":[1307],"class_list":["post-80050","post","type-post","status-publish","format-standard","hentry","category-evenements","tag-journees-du-patrimoine"],"yoast_head":"<!-- This site is optimized with the Yoast SEO plugin v27.4 - https:\/\/yoast.com\/product\/yoast-seo-wordpress\/ -->\n<title>Journ\u00e9es du Patrimoine 2008 : 12 millions de visiteurs !<\/title>\n<meta name=\"robots\" content=\"index, follow, max-snippet:-1, max-image-preview:large, max-video-preview:-1\" \/>\n<link rel=\"canonical\" href=\"https:\/\/batijournal.com\/index.php\/journees-du-patrimoine-2008-12-millions-de-visiteurs\/80050\/\" \/>\n<meta property=\"og:locale\" content=\"fr_FR\" \/>\n<meta property=\"og:type\" content=\"article\" \/>\n<meta property=\"og:title\" content=\"Journ\u00e9es du Patrimoine 2008 : 12 millions de visiteurs !\" \/>\n<meta property=\"og:description\" content=\"Les 20 et 21 septembre, plus de 12 millions de visiteurs ont pu d\u00e9couvrir ou re-d\u00e9couvrir plus de 15 168 lieux exceptionnellement ouverts. Le th\u00e8me cette ann\u00e9e \u00e9tait \u00abPatrimoine et cr\u00e9ation \u00bb. Les personnes handicap\u00e9es ont \u00e9galement pu d\u00e9couvrir le patrimoine lors d&rsquo;une journ\u00e9e qui leur \u00e9tait r\u00e9serv\u00e9e le 19 septembre. Les lieux de pouvoir [&hellip;]\" \/>\n<meta property=\"og:url\" content=\"https:\/\/batijournal.com\/index.php\/journees-du-patrimoine-2008-12-millions-de-visiteurs\/80050\/\" \/>\n<meta property=\"og:site_name\" content=\"Batijournal\" \/>\n<meta property=\"article:published_time\" content=\"2008-09-22T22:00:00+00:00\" \/>\n<meta name=\"author\" content=\"Bati-journal\" \/>\n<meta name=\"twitter:card\" content=\"summary_large_image\" \/>\n<meta name=\"twitter:creator\" content=\"@bati_journal\" \/>\n<meta name=\"twitter:site\" content=\"@bati_journal\" \/>\n<meta name=\"twitter:label1\" content=\"\u00c9crit par\" \/>\n\t<meta name=\"twitter:data1\" content=\"Bati-journal\" \/>\n\t<meta name=\"twitter:label2\" content=\"Dur\u00e9e de lecture estim\u00e9e\" \/>\n\t<meta name=\"twitter:data2\" content=\"1 minute\" \/>\n<script type=\"application\/ld+json\" class=\"yoast-schema-graph\">{\"@context\":\"https:\\\/\\\/schema.org\",\"@graph\":[{\"@type\":\"Article\",\"@id\":\"https:\\\/\\\/batijournal.com\\\/index.php\\\/journees-du-patrimoine-2008-12-millions-de-visiteurs\\\/80050\\\/#article\",\"isPartOf\":{\"@id\":\"https:\\\/\\\/batijournal.com\\\/index.php\\\/journees-du-patrimoine-2008-12-millions-de-visiteurs\\\/80050\\\/\"},\"author\":{\"name\":\"Bati-journal\",\"@id\":\"https:\\\/\\\/batijournal.com\\\/#\\\/schema\\\/person\\\/6a657e8967569e1b299972574848aa76\"},\"headline\":\"Journ\u00e9es du Patrimoine 2008 : 12 millions de visiteurs !\",\"datePublished\":\"2008-09-22T22:00:00+00:00\",\"mainEntityOfPage\":{\"@id\":\"https:\\\/\\\/batijournal.com\\\/index.php\\\/journees-du-patrimoine-2008-12-millions-de-visiteurs\\\/80050\\\/\"},\"wordCount\":278,\"commentCount\":0,\"keywords\":[\"journ\u00e9es du patrimoine\"],\"articleSection\":[\"\u00c9v\u00e9nements\"],\"inLanguage\":\"fr-FR\",\"potentialAction\":[{\"@type\":\"CommentAction\",\"name\":\"Comment\",\"target\":[\"https:\\\/\\\/batijournal.com\\\/index.php\\\/journees-du-patrimoine-2008-12-millions-de-visiteurs\\\/80050\\\/#respond\"]}]},{\"@type\":\"WebPage\",\"@id\":\"https:\\\/\\\/batijournal.com\\\/index.php\\\/journees-du-patrimoine-2008-12-millions-de-visiteurs\\\/80050\\\/\",\"url\":\"https:\\\/\\\/batijournal.com\\\/index.php\\\/journees-du-patrimoine-2008-12-millions-de-visiteurs\\\/80050\\\/\",\"name\":\"Journ\u00e9es du Patrimoine 2008 : 12 millions de visiteurs !\",\"isPartOf\":{\"@id\":\"https:\\\/\\\/batijournal.com\\\/#website\"},\"datePublished\":\"2008-09-22T22:00:00+00:00\",\"author\":{\"@id\":\"https:\\\/\\\/batijournal.com\\\/#\\\/schema\\\/person\\\/6a657e8967569e1b299972574848aa76\"},\"breadcrumb\":{\"@id\":\"https:\\\/\\\/batijournal.com\\\/index.php\\\/journees-du-patrimoine-2008-12-millions-de-visiteurs\\\/80050\\\/#breadcrumb\"},\"inLanguage\":\"fr-FR\",\"potentialAction\":[{\"@type\":\"ReadAction\",\"target\":[\"https:\\\/\\\/batijournal.com\\\/index.php\\\/journees-du-patrimoine-2008-12-millions-de-visiteurs\\\/80050\\\/\"]}]},{\"@type\":\"BreadcrumbList\",\"@id\":\"https:\\\/\\\/batijournal.com\\\/index.php\\\/journees-du-patrimoine-2008-12-millions-de-visiteurs\\\/80050\\\/#breadcrumb\",\"itemListElement\":[{\"@type\":\"ListItem\",\"position\":1,\"name\":\"Accueil\",\"item\":\"https:\\\/\\\/batijournal.com\\\/\"},{\"@type\":\"ListItem\",\"position\":2,\"name\":\"\u00c9v\u00e9nements\",\"item\":\"https:\\\/\\\/batijournal.com\\\/index.php\\\/category\\\/evenements\\\/\"},{\"@type\":\"ListItem\",\"position\":3,\"name\":\"Journ\u00e9es du Patrimoine 2008 : 12 millions de visiteurs !\"}]},{\"@type\":\"WebSite\",\"@id\":\"https:\\\/\\\/batijournal.com\\\/#website\",\"url\":\"https:\\\/\\\/batijournal.com\\\/\",\"name\":\"Batijournal\",\"description\":\"L&#039;actualit\u00e9 du b\u00e2timent\",\"potentialAction\":[{\"@type\":\"SearchAction\",\"target\":{\"@type\":\"EntryPoint\",\"urlTemplate\":\"https:\\\/\\\/batijournal.com\\\/?s={search_term_string}\"},\"query-input\":{\"@type\":\"PropertyValueSpecification\",\"valueRequired\":true,\"valueName\":\"search_term_string\"}}],\"inLanguage\":\"fr-FR\"},{\"@type\":\"Person\",\"@id\":\"https:\\\/\\\/batijournal.com\\\/#\\\/schema\\\/person\\\/6a657e8967569e1b299972574848aa76\",\"name\":\"Bati-journal\",\"image\":{\"@type\":\"ImageObject\",\"inLanguage\":\"fr-FR\",\"@id\":\"https:\\\/\\\/secure.gravatar.com\\\/avatar\\\/a64364ea26392f9b4dd47e017ddaec74ff03aefc073b49e492e847201258f777?s=96&d=mm&r=g\",\"url\":\"https:\\\/\\\/secure.gravatar.com\\\/avatar\\\/a64364ea26392f9b4dd47e017ddaec74ff03aefc073b49e492e847201258f777?s=96&d=mm&r=g\",\"contentUrl\":\"https:\\\/\\\/secure.gravatar.com\\\/avatar\\\/a64364ea26392f9b4dd47e017ddaec74ff03aefc073b49e492e847201258f777?s=96&d=mm&r=g\",\"caption\":\"Bati-journal\"},\"url\":\"https:\\\/\\\/batijournal.com\\\/index.php\\\/author\\\/elodie\\\/\"}]}<\/script>\n<!-- \/ Yoast SEO plugin. -->","yoast_head_json":{"title":"Journ\u00e9es du Patrimoine 2008 : 12 millions de visiteurs !","robots":{"index":"index","follow":"follow","max-snippet":"max-snippet:-1","max-image-preview":"max-image-preview:large","max-video-preview":"max-video-preview:-1"},"canonical":"https:\/\/batijournal.com\/index.php\/journees-du-patrimoine-2008-12-millions-de-visiteurs\/80050\/","og_locale":"fr_FR","og_type":"article","og_title":"Journ\u00e9es du Patrimoine 2008 : 12 millions de visiteurs !","og_description":"Les 20 et 21 septembre, plus de 12 millions de visiteurs ont pu d\u00e9couvrir ou re-d\u00e9couvrir plus de 15 168 lieux exceptionnellement ouverts. Le th\u00e8me cette ann\u00e9e \u00e9tait \u00abPatrimoine et cr\u00e9ation \u00bb. Les personnes handicap\u00e9es ont \u00e9galement pu d\u00e9couvrir le patrimoine lors d&rsquo;une journ\u00e9e qui leur \u00e9tait r\u00e9serv\u00e9e le 19 septembre. Les lieux de pouvoir [&hellip;]","og_url":"https:\/\/batijournal.com\/index.php\/journees-du-patrimoine-2008-12-millions-de-visiteurs\/80050\/","og_site_name":"Batijournal","article_published_time":"2008-09-22T22:00:00+00:00","author":"Bati-journal","twitter_card":"summary_large_image","twitter_creator":"@bati_journal","twitter_site":"@bati_journal","twitter_misc":{"\u00c9crit par":"Bati-journal","Dur\u00e9e de lecture estim\u00e9e":"1 minute"},"schema":{"@context":"https:\/\/schema.org","@graph":[{"@type":"Article","@id":"https:\/\/batijournal.com\/index.php\/journees-du-patrimoine-2008-12-millions-de-visiteurs\/80050\/#article","isPartOf":{"@id":"https:\/\/batijournal.com\/index.php\/journees-du-patrimoine-2008-12-millions-de-visiteurs\/80050\/"},"author":{"name":"Bati-journal","@id":"https:\/\/batijournal.com\/#\/schema\/person\/6a657e8967569e1b299972574848aa76"},"headline":"Journ\u00e9es du Patrimoine 2008 : 12 millions de visiteurs !","datePublished":"2008-09-22T22:00:00+00:00","mainEntityOfPage":{"@id":"https:\/\/batijournal.com\/index.php\/journees-du-patrimoine-2008-12-millions-de-visiteurs\/80050\/"},"wordCount":278,"commentCount":0,"keywords":["journ\u00e9es du patrimoine"],"articleSection":["\u00c9v\u00e9nements"],"inLanguage":"fr-FR","potentialAction":[{"@type":"CommentAction","name":"Comment","target":["https:\/\/batijournal.com\/index.php\/journees-du-patrimoine-2008-12-millions-de-visiteurs\/80050\/#respond"]}]},{"@type":"WebPage","@id":"https:\/\/batijournal.com\/index.php\/journees-du-patrimoine-2008-12-millions-de-visiteurs\/80050\/","url":"https:\/\/batijournal.com\/index.php\/journees-du-patrimoine-2008-12-millions-de-visiteurs\/80050\/","name":"Journ\u00e9es du Patrimoine 2008 : 12 millions de visiteurs !","isPartOf":{"@id":"https:\/\/batijournal.com\/#website"},"datePublished":"2008-09-22T22:00:00+00:00","author":{"@id":"https:\/\/batijournal.com\/#\/schema\/person\/6a657e8967569e1b299972574848aa76"},"breadcrumb":{"@id":"https:\/\/batijournal.com\/index.php\/journees-du-patrimoine-2008-12-millions-de-visiteurs\/80050\/#breadcrumb"},"inLanguage":"fr-FR","potentialAction":[{"@type":"ReadAction","target":["https:\/\/batijournal.com\/index.php\/journees-du-patrimoine-2008-12-millions-de-visiteurs\/80050\/"]}]},{"@type":"BreadcrumbList","@id":"https:\/\/batijournal.com\/index.php\/journees-du-patrimoine-2008-12-millions-de-visiteurs\/80050\/#breadcrumb","itemListElement":[{"@type":"ListItem","position":1,"name":"Accueil","item":"https:\/\/batijournal.com\/"},{"@type":"ListItem","position":2,"name":"\u00c9v\u00e9nements","item":"https:\/\/batijournal.com\/index.php\/category\/evenements\/"},{"@type":"ListItem","position":3,"name":"Journ\u00e9es du Patrimoine 2008 : 12 millions de visiteurs !"}]},{"@type":"WebSite","@id":"https:\/\/batijournal.com\/#website","url":"https:\/\/batijournal.com\/","name":"Batijournal","description":"L&#039;actualit\u00e9 du b\u00e2timent","potentialAction":[{"@type":"SearchAction","target":{"@type":"EntryPoint","urlTemplate":"https:\/\/batijournal.com\/?s={search_term_string}"},"query-input":{"@type":"PropertyValueSpecification","valueRequired":true,"valueName":"search_term_string"}}],"inLanguage":"fr-FR"},{"@type":"Person","@id":"https:\/\/batijournal.com\/#\/schema\/person\/6a657e8967569e1b299972574848aa76","name":"Bati-journal","image":{"@type":"ImageObject","inLanguage":"fr-FR","@id":"https:\/\/secure.gravatar.com\/avatar\/a64364ea26392f9b4dd47e017ddaec74ff03aefc073b49e492e847201258f777?s=96&d=mm&r=g","url":"https:\/\/secure.gravatar.com\/avatar\/a64364ea26392f9b4dd47e017ddaec74ff03aefc073b49e492e847201258f777?s=96&d=mm&r=g","contentUrl":"https:\/\/secure.gravatar.com\/avatar\/a64364ea26392f9b4dd47e017ddaec74ff03aefc073b49e492e847201258f777?s=96&d=mm&r=g","caption":"Bati-journal"},"url":"https:\/\/batijournal.com\/index.php\/author\/elodie\/"}]}},"_links":{"self":[{"href":"https:\/\/batijournal.com\/index.php\/wp-json\/wp\/v2\/posts\/80050","targetHints":{"allow":["GET"]}}],"collection":[{"href":"https:\/\/batijournal.com\/index.php\/wp-json\/wp\/v2\/posts"}],"about":[{"href":"https:\/\/batijournal.com\/index.php\/wp-json\/wp\/v2\/types\/post"}],"author":[{"embeddable":true,"href":"https:\/\/batijournal.com\/index.php\/wp-json\/wp\/v2\/users\/1"}],"replies":[{"embeddable":true,"href":"https:\/\/batijournal.com\/index.php\/wp-json\/wp\/v2\/comments?post=80050"}],"version-history":[{"count":0,"href":"https:\/\/batijournal.com\/index.php\/wp-json\/wp\/v2\/posts\/80050\/revisions"}],"wp:attachment":[{"href":"https:\/\/batijournal.com\/index.php\/wp-json\/wp\/v2\/media?parent=80050"}],"wp:term":[{"taxonomy":"category","embeddable":true,"href":"https:\/\/batijournal.com\/index.php\/wp-json\/wp\/v2\/categories?post=80050"},{"taxonomy":"post_tag","embeddable":true,"href":"https:\/\/batijournal.com\/index.php\/wp-json\/wp\/v2\/tags?post=80050"}],"curies":[{"name":"wp","href":"https:\/\/api.w.org\/{rel}","templated":true}]}}