{"id":80051,"date":"2008-09-23T15:27:12","date_gmt":"2008-09-23T13:27:12","guid":{"rendered":"http:\/\/b.bati-journal.com\/reunion-autour-du-developpement-durable\/80051"},"modified":"2008-09-23T15:27:12","modified_gmt":"2008-09-23T13:27:12","slug":"reunion-autour-du-developpement-durable","status":"publish","type":"post","link":"https:\/\/batijournal.com\/index.php\/reunion-autour-du-developpement-durable\/80051\/","title":{"rendered":"R\u00e9union autour du d\u00e9veloppement durable"},"content":{"rendered":"<p>Les professionnels de la construction bois sont attendus au colloque \u201cLe bois au coeur du d\u00e9veloppement durable\u201c, organis\u00e9 par la F\u00e9d\u00e9ration fran\u00e7aise du b\u00e2timent Gironde et la Chambre syndicale des entreprises de charpentes menuiserie et parquets. Maison passive, \u00e9coquartiers, la maison bois ne repr\u00e9sente aujourd&rsquo;hui que 0,9 % du march\u00e9 collectif, mais les r\u00e9flexions sur les impacts n\u00e9gatifs de certains habitats infl\u00e9chissent les choix des institutionnels ; pour exemple, la naissance annonc\u00e9e d&rsquo;un \u00e9coquartier \u00e0 Bordeaux.<\/p>\n","protected":false},"excerpt":{"rendered":"<p>Les professionnels de la construction bois sont attendus au colloque \u201cLe bois au coeur du d\u00e9veloppement durable\u201c, organis\u00e9 par la F\u00e9d\u00e9ration fran\u00e7aise du b\u00e2timent Gironde et la Chambre syndicale des entreprises de charpentes menuiserie et parquets. Maison passive, \u00e9coquartiers, la maison bois ne repr\u00e9sente aujourd&rsquo;hui que 0,9 % du march\u00e9 collectif, mais les r\u00e9flexions sur [&hellip;]<\/p>\n","protected":false},"author":1,"featured_media":0,"comment_status":"open","ping_status":"closed","sticky":false,"template":"","format":"standard","meta":{"_et_pb_use_builder":"","_et_pb_old_content":"","_et_gb_content_width":"","footnotes":""},"categories":[9192],"tags":[475,8297],"class_list":["post-80051","post","type-post","status-publish","format-standard","hentry","category-evenements","tag-developpement-durable","tag-reunion"],"yoast_head":"<!-- This site is optimized with the Yoast SEO plugin v27.4 - https:\/\/yoast.com\/product\/yoast-seo-wordpress\/ -->\n<title>R\u00e9union autour du d\u00e9veloppement durable<\/title>\n<meta name=\"robots\" content=\"index, follow, max-snippet:-1, max-image-preview:large, max-video-preview:-1\" \/>\n<link rel=\"canonical\" href=\"https:\/\/batijournal.com\/index.php\/reunion-autour-du-developpement-durable\/80051\/\" \/>\n<meta property=\"og:locale\" content=\"fr_FR\" \/>\n<meta property=\"og:type\" content=\"article\" \/>\n<meta property=\"og:title\" content=\"R\u00e9union autour du d\u00e9veloppement durable\" \/>\n<meta property=\"og:description\" content=\"Les professionnels de la construction bois sont attendus au colloque \u201cLe bois au coeur du d\u00e9veloppement durable\u201c, organis\u00e9 par la F\u00e9d\u00e9ration fran\u00e7aise du b\u00e2timent Gironde et la Chambre syndicale des entreprises de charpentes menuiserie et parquets. Maison passive, \u00e9coquartiers, la maison bois ne repr\u00e9sente aujourd&rsquo;hui que 0,9 % du march\u00e9 collectif, mais les r\u00e9flexions sur [&hellip;]\" \/>\n<meta property=\"og:url\" content=\"https:\/\/batijournal.com\/index.php\/reunion-autour-du-developpement-durable\/80051\/\" \/>\n<meta property=\"og:site_name\" content=\"Batijournal\" \/>\n<meta property=\"article:published_time\" content=\"2008-09-23T13:27:12+00:00\" \/>\n<meta name=\"author\" content=\"Bati-journal\" \/>\n<meta name=\"twitter:card\" content=\"summary_large_image\" \/>\n<meta name=\"twitter:creator\" content=\"@bati_journal\" \/>\n<meta name=\"twitter:site\" content=\"@bati_journal\" \/>\n<meta name=\"twitter:label1\" content=\"\u00c9crit par\" \/>\n\t<meta name=\"twitter:data1\" content=\"Bati-journal\" \/>\n<script type=\"application\/ld+json\" class=\"yoast-schema-graph\">{\"@context\":\"https:\\\/\\\/schema.org\",\"@graph\":[{\"@type\":\"Article\",\"@id\":\"https:\\\/\\\/batijournal.com\\\/index.php\\\/reunion-autour-du-developpement-durable\\\/80051\\\/#article\",\"isPartOf\":{\"@id\":\"https:\\\/\\\/batijournal.com\\\/index.php\\\/reunion-autour-du-developpement-durable\\\/80051\\\/\"},\"author\":{\"name\":\"Bati-journal\",\"@id\":\"https:\\\/\\\/batijournal.com\\\/#\\\/schema\\\/person\\\/6a657e8967569e1b299972574848aa76\"},\"headline\":\"R\u00e9union autour du d\u00e9veloppement durable\",\"datePublished\":\"2008-09-23T13:27:12+00:00\",\"mainEntityOfPage\":{\"@id\":\"https:\\\/\\\/batijournal.com\\\/index.php\\\/reunion-autour-du-developpement-durable\\\/80051\\\/\"},\"wordCount\":91,\"commentCount\":0,\"keywords\":[\"d\u00e9veloppement durable\",\"reunion\"],\"articleSection\":[\"\u00c9v\u00e9nements\"],\"inLanguage\":\"fr-FR\",\"potentialAction\":[{\"@type\":\"CommentAction\",\"name\":\"Comment\",\"target\":[\"https:\\\/\\\/batijournal.com\\\/index.php\\\/reunion-autour-du-developpement-durable\\\/80051\\\/#respond\"]}]},{\"@type\":\"WebPage\",\"@id\":\"https:\\\/\\\/batijournal.com\\\/index.php\\\/reunion-autour-du-developpement-durable\\\/80051\\\/\",\"url\":\"https:\\\/\\\/batijournal.com\\\/index.php\\\/reunion-autour-du-developpement-durable\\\/80051\\\/\",\"name\":\"R\u00e9union autour du d\u00e9veloppement durable\",\"isPartOf\":{\"@id\":\"https:\\\/\\\/batijournal.com\\\/#website\"},\"datePublished\":\"2008-09-23T13:27:12+00:00\",\"author\":{\"@id\":\"https:\\\/\\\/batijournal.com\\\/#\\\/schema\\\/person\\\/6a657e8967569e1b299972574848aa76\"},\"breadcrumb\":{\"@id\":\"https:\\\/\\\/batijournal.com\\\/index.php\\\/reunion-autour-du-developpement-durable\\\/80051\\\/#breadcrumb\"},\"inLanguage\":\"fr-FR\",\"potentialAction\":[{\"@type\":\"ReadAction\",\"target\":[\"https:\\\/\\\/batijournal.com\\\/index.php\\\/reunion-autour-du-developpement-durable\\\/80051\\\/\"]}]},{\"@type\":\"BreadcrumbList\",\"@id\":\"https:\\\/\\\/batijournal.com\\\/index.php\\\/reunion-autour-du-developpement-durable\\\/80051\\\/#breadcrumb\",\"itemListElement\":[{\"@type\":\"ListItem\",\"position\":1,\"name\":\"Accueil\",\"item\":\"https:\\\/\\\/batijournal.com\\\/\"},{\"@type\":\"ListItem\",\"position\":2,\"name\":\"\u00c9v\u00e9nements\",\"item\":\"https:\\\/\\\/batijournal.com\\\/index.php\\\/category\\\/evenements\\\/\"},{\"@type\":\"ListItem\",\"position\":3,\"name\":\"R\u00e9union autour du d\u00e9veloppement durable\"}]},{\"@type\":\"WebSite\",\"@id\":\"https:\\\/\\\/batijournal.com\\\/#website\",\"url\":\"https:\\\/\\\/batijournal.com\\\/\",\"name\":\"Batijournal\",\"description\":\"L&#039;actualit\u00e9 du b\u00e2timent\",\"potentialAction\":[{\"@type\":\"SearchAction\",\"target\":{\"@type\":\"EntryPoint\",\"urlTemplate\":\"https:\\\/\\\/batijournal.com\\\/?s={search_term_string}\"},\"query-input\":{\"@type\":\"PropertyValueSpecification\",\"valueRequired\":true,\"valueName\":\"search_term_string\"}}],\"inLanguage\":\"fr-FR\"},{\"@type\":\"Person\",\"@id\":\"https:\\\/\\\/batijournal.com\\\/#\\\/schema\\\/person\\\/6a657e8967569e1b299972574848aa76\",\"name\":\"Bati-journal\",\"image\":{\"@type\":\"ImageObject\",\"inLanguage\":\"fr-FR\",\"@id\":\"https:\\\/\\\/secure.gravatar.com\\\/avatar\\\/a64364ea26392f9b4dd47e017ddaec74ff03aefc073b49e492e847201258f777?s=96&d=mm&r=g\",\"url\":\"https:\\\/\\\/secure.gravatar.com\\\/avatar\\\/a64364ea26392f9b4dd47e017ddaec74ff03aefc073b49e492e847201258f777?s=96&d=mm&r=g\",\"contentUrl\":\"https:\\\/\\\/secure.gravatar.com\\\/avatar\\\/a64364ea26392f9b4dd47e017ddaec74ff03aefc073b49e492e847201258f777?s=96&d=mm&r=g\",\"caption\":\"Bati-journal\"},\"url\":\"https:\\\/\\\/batijournal.com\\\/index.php\\\/author\\\/elodie\\\/\"}]}<\/script>\n<!-- \/ Yoast SEO plugin. -->","yoast_head_json":{"title":"R\u00e9union autour du d\u00e9veloppement durable","robots":{"index":"index","follow":"follow","max-snippet":"max-snippet:-1","max-image-preview":"max-image-preview:large","max-video-preview":"max-video-preview:-1"},"canonical":"https:\/\/batijournal.com\/index.php\/reunion-autour-du-developpement-durable\/80051\/","og_locale":"fr_FR","og_type":"article","og_title":"R\u00e9union autour du d\u00e9veloppement durable","og_description":"Les professionnels de la construction bois sont attendus au colloque \u201cLe bois au coeur du d\u00e9veloppement durable\u201c, organis\u00e9 par la F\u00e9d\u00e9ration fran\u00e7aise du b\u00e2timent Gironde et la Chambre syndicale des entreprises de charpentes menuiserie et parquets. Maison passive, \u00e9coquartiers, la maison bois ne repr\u00e9sente aujourd&rsquo;hui que 0,9 % du march\u00e9 collectif, mais les r\u00e9flexions sur [&hellip;]","og_url":"https:\/\/batijournal.com\/index.php\/reunion-autour-du-developpement-durable\/80051\/","og_site_name":"Batijournal","article_published_time":"2008-09-23T13:27:12+00:00","author":"Bati-journal","twitter_card":"summary_large_image","twitter_creator":"@bati_journal","twitter_site":"@bati_journal","twitter_misc":{"\u00c9crit par":"Bati-journal"},"schema":{"@context":"https:\/\/schema.org","@graph":[{"@type":"Article","@id":"https:\/\/batijournal.com\/index.php\/reunion-autour-du-developpement-durable\/80051\/#article","isPartOf":{"@id":"https:\/\/batijournal.com\/index.php\/reunion-autour-du-developpement-durable\/80051\/"},"author":{"name":"Bati-journal","@id":"https:\/\/batijournal.com\/#\/schema\/person\/6a657e8967569e1b299972574848aa76"},"headline":"R\u00e9union autour du d\u00e9veloppement durable","datePublished":"2008-09-23T13:27:12+00:00","mainEntityOfPage":{"@id":"https:\/\/batijournal.com\/index.php\/reunion-autour-du-developpement-durable\/80051\/"},"wordCount":91,"commentCount":0,"keywords":["d\u00e9veloppement durable","reunion"],"articleSection":["\u00c9v\u00e9nements"],"inLanguage":"fr-FR","potentialAction":[{"@type":"CommentAction","name":"Comment","target":["https:\/\/batijournal.com\/index.php\/reunion-autour-du-developpement-durable\/80051\/#respond"]}]},{"@type":"WebPage","@id":"https:\/\/batijournal.com\/index.php\/reunion-autour-du-developpement-durable\/80051\/","url":"https:\/\/batijournal.com\/index.php\/reunion-autour-du-developpement-durable\/80051\/","name":"R\u00e9union autour du d\u00e9veloppement durable","isPartOf":{"@id":"https:\/\/batijournal.com\/#website"},"datePublished":"2008-09-23T13:27:12+00:00","author":{"@id":"https:\/\/batijournal.com\/#\/schema\/person\/6a657e8967569e1b299972574848aa76"},"breadcrumb":{"@id":"https:\/\/batijournal.com\/index.php\/reunion-autour-du-developpement-durable\/80051\/#breadcrumb"},"inLanguage":"fr-FR","potentialAction":[{"@type":"ReadAction","target":["https:\/\/batijournal.com\/index.php\/reunion-autour-du-developpement-durable\/80051\/"]}]},{"@type":"BreadcrumbList","@id":"https:\/\/batijournal.com\/index.php\/reunion-autour-du-developpement-durable\/80051\/#breadcrumb","itemListElement":[{"@type":"ListItem","position":1,"name":"Accueil","item":"https:\/\/batijournal.com\/"},{"@type":"ListItem","position":2,"name":"\u00c9v\u00e9nements","item":"https:\/\/batijournal.com\/index.php\/category\/evenements\/"},{"@type":"ListItem","position":3,"name":"R\u00e9union autour du d\u00e9veloppement durable"}]},{"@type":"WebSite","@id":"https:\/\/batijournal.com\/#website","url":"https:\/\/batijournal.com\/","name":"Batijournal","description":"L&#039;actualit\u00e9 du b\u00e2timent","potentialAction":[{"@type":"SearchAction","target":{"@type":"EntryPoint","urlTemplate":"https:\/\/batijournal.com\/?s={search_term_string}"},"query-input":{"@type":"PropertyValueSpecification","valueRequired":true,"valueName":"search_term_string"}}],"inLanguage":"fr-FR"},{"@type":"Person","@id":"https:\/\/batijournal.com\/#\/schema\/person\/6a657e8967569e1b299972574848aa76","name":"Bati-journal","image":{"@type":"ImageObject","inLanguage":"fr-FR","@id":"https:\/\/secure.gravatar.com\/avatar\/a64364ea26392f9b4dd47e017ddaec74ff03aefc073b49e492e847201258f777?s=96&d=mm&r=g","url":"https:\/\/secure.gravatar.com\/avatar\/a64364ea26392f9b4dd47e017ddaec74ff03aefc073b49e492e847201258f777?s=96&d=mm&r=g","contentUrl":"https:\/\/secure.gravatar.com\/avatar\/a64364ea26392f9b4dd47e017ddaec74ff03aefc073b49e492e847201258f777?s=96&d=mm&r=g","caption":"Bati-journal"},"url":"https:\/\/batijournal.com\/index.php\/author\/elodie\/"}]}},"_links":{"self":[{"href":"https:\/\/batijournal.com\/index.php\/wp-json\/wp\/v2\/posts\/80051","targetHints":{"allow":["GET"]}}],"collection":[{"href":"https:\/\/batijournal.com\/index.php\/wp-json\/wp\/v2\/posts"}],"about":[{"href":"https:\/\/batijournal.com\/index.php\/wp-json\/wp\/v2\/types\/post"}],"author":[{"embeddable":true,"href":"https:\/\/batijournal.com\/index.php\/wp-json\/wp\/v2\/users\/1"}],"replies":[{"embeddable":true,"href":"https:\/\/batijournal.com\/index.php\/wp-json\/wp\/v2\/comments?post=80051"}],"version-history":[{"count":0,"href":"https:\/\/batijournal.com\/index.php\/wp-json\/wp\/v2\/posts\/80051\/revisions"}],"wp:attachment":[{"href":"https:\/\/batijournal.com\/index.php\/wp-json\/wp\/v2\/media?parent=80051"}],"wp:term":[{"taxonomy":"category","embeddable":true,"href":"https:\/\/batijournal.com\/index.php\/wp-json\/wp\/v2\/categories?post=80051"},{"taxonomy":"post_tag","embeddable":true,"href":"https:\/\/batijournal.com\/index.php\/wp-json\/wp\/v2\/tags?post=80051"}],"curies":[{"name":"wp","href":"https:\/\/api.w.org\/{rel}","templated":true}]}}