{"id":80074,"date":"2008-10-17T11:12:07","date_gmt":"2008-10-17T09:12:07","guid":{"rendered":"http:\/\/b.bati-journal.com\/energie-et-habitat-investit-tout-namur-expo\/80074"},"modified":"2008-10-17T11:12:07","modified_gmt":"2008-10-17T09:12:07","slug":"energie-et-habitat-investit-tout-namur-expo","status":"publish","type":"post","link":"https:\/\/batijournal.com\/index.php\/energie-et-habitat-investit-tout-namur-expo\/80074\/","title":{"rendered":"Energie et Habitat investit tout Namur Expo"},"content":{"rendered":"<p>Devant le succ\u00e8s de la 1\u00e8re \u00e9dition d&rsquo;\u0092Energie et Habitat et pour pouvoir r\u00e9pondre positivement aux demandes des exposants, le salon occupera d\u00e8s cette ann\u00e9e la totalit\u00e9 de Namur Expo avec la location du 3\u00e8me palais, soit 12 000 m\u00b2 au lieu de 8 000 m\u00b2. En accroissant la surface d\u0092&rsquo;exposition de son salon, Energie &amp; Habitat augmente \u00e9galement le nombre d\u0092&rsquo;exposants (250 contre 160 l\u0092ann\u00e9e derni\u00e8re). Cette densification du nombre d\u0092&rsquo;enseignes pr\u00e9sentes au salon va bien s\u00fbr de pair avec un renforcement de l\u0092&rsquo;offre.<\/p>\n","protected":false},"excerpt":{"rendered":"<p>Devant le succ\u00e8s de la 1\u00e8re \u00e9dition d&rsquo;\u0092Energie et Habitat et pour pouvoir r\u00e9pondre positivement aux demandes des exposants, le salon occupera d\u00e8s cette ann\u00e9e la totalit\u00e9 de Namur Expo avec la location du 3\u00e8me palais, soit 12 000 m\u00b2 au lieu de 8 000 m\u00b2. En accroissant la surface d\u0092&rsquo;exposition de son salon, Energie [&hellip;]<\/p>\n","protected":false},"author":1,"featured_media":0,"comment_status":"open","ping_status":"closed","sticky":false,"template":"","format":"standard","meta":{"_et_pb_use_builder":"","_et_pb_old_content":"","_et_gb_content_width":"","footnotes":""},"categories":[9192],"tags":[],"class_list":["post-80074","post","type-post","status-publish","format-standard","hentry","category-evenements"],"yoast_head":"<!-- This site is optimized with the Yoast SEO plugin v27.4 - https:\/\/yoast.com\/product\/yoast-seo-wordpress\/ -->\n<title>Energie et Habitat investit tout Namur Expo<\/title>\n<meta name=\"robots\" content=\"index, follow, max-snippet:-1, max-image-preview:large, max-video-preview:-1\" \/>\n<link rel=\"canonical\" href=\"https:\/\/batijournal.com\/index.php\/energie-et-habitat-investit-tout-namur-expo\/80074\/\" \/>\n<meta property=\"og:locale\" content=\"fr_FR\" \/>\n<meta property=\"og:type\" content=\"article\" \/>\n<meta property=\"og:title\" content=\"Energie et Habitat investit tout Namur Expo\" \/>\n<meta property=\"og:description\" content=\"Devant le succ\u00e8s de la 1\u00e8re \u00e9dition d&rsquo;\u0092Energie et Habitat et pour pouvoir r\u00e9pondre positivement aux demandes des exposants, le salon occupera d\u00e8s cette ann\u00e9e la totalit\u00e9 de Namur Expo avec la location du 3\u00e8me palais, soit 12 000 m\u00b2 au lieu de 8 000 m\u00b2. En accroissant la surface d\u0092&rsquo;exposition de son salon, Energie [&hellip;]\" \/>\n<meta property=\"og:url\" content=\"https:\/\/batijournal.com\/index.php\/energie-et-habitat-investit-tout-namur-expo\/80074\/\" \/>\n<meta property=\"og:site_name\" content=\"Batijournal\" \/>\n<meta property=\"article:published_time\" content=\"2008-10-17T09:12:07+00:00\" \/>\n<meta name=\"author\" content=\"Bati-journal\" \/>\n<meta name=\"twitter:card\" content=\"summary_large_image\" \/>\n<meta name=\"twitter:creator\" content=\"@bati_journal\" \/>\n<meta name=\"twitter:site\" content=\"@bati_journal\" \/>\n<meta name=\"twitter:label1\" content=\"\u00c9crit par\" \/>\n\t<meta name=\"twitter:data1\" content=\"Bati-journal\" \/>\n<script type=\"application\/ld+json\" class=\"yoast-schema-graph\">{\"@context\":\"https:\\\/\\\/schema.org\",\"@graph\":[{\"@type\":\"Article\",\"@id\":\"https:\\\/\\\/batijournal.com\\\/index.php\\\/energie-et-habitat-investit-tout-namur-expo\\\/80074\\\/#article\",\"isPartOf\":{\"@id\":\"https:\\\/\\\/batijournal.com\\\/index.php\\\/energie-et-habitat-investit-tout-namur-expo\\\/80074\\\/\"},\"author\":{\"name\":\"Bati-journal\",\"@id\":\"https:\\\/\\\/batijournal.com\\\/#\\\/schema\\\/person\\\/6a657e8967569e1b299972574848aa76\"},\"headline\":\"Energie et Habitat investit tout Namur Expo\",\"datePublished\":\"2008-10-17T09:12:07+00:00\",\"mainEntityOfPage\":{\"@id\":\"https:\\\/\\\/batijournal.com\\\/index.php\\\/energie-et-habitat-investit-tout-namur-expo\\\/80074\\\/\"},\"wordCount\":100,\"commentCount\":0,\"articleSection\":[\"\u00c9v\u00e9nements\"],\"inLanguage\":\"fr-FR\",\"potentialAction\":[{\"@type\":\"CommentAction\",\"name\":\"Comment\",\"target\":[\"https:\\\/\\\/batijournal.com\\\/index.php\\\/energie-et-habitat-investit-tout-namur-expo\\\/80074\\\/#respond\"]}]},{\"@type\":\"WebPage\",\"@id\":\"https:\\\/\\\/batijournal.com\\\/index.php\\\/energie-et-habitat-investit-tout-namur-expo\\\/80074\\\/\",\"url\":\"https:\\\/\\\/batijournal.com\\\/index.php\\\/energie-et-habitat-investit-tout-namur-expo\\\/80074\\\/\",\"name\":\"Energie et Habitat investit tout Namur Expo\",\"isPartOf\":{\"@id\":\"https:\\\/\\\/batijournal.com\\\/#website\"},\"datePublished\":\"2008-10-17T09:12:07+00:00\",\"author\":{\"@id\":\"https:\\\/\\\/batijournal.com\\\/#\\\/schema\\\/person\\\/6a657e8967569e1b299972574848aa76\"},\"breadcrumb\":{\"@id\":\"https:\\\/\\\/batijournal.com\\\/index.php\\\/energie-et-habitat-investit-tout-namur-expo\\\/80074\\\/#breadcrumb\"},\"inLanguage\":\"fr-FR\",\"potentialAction\":[{\"@type\":\"ReadAction\",\"target\":[\"https:\\\/\\\/batijournal.com\\\/index.php\\\/energie-et-habitat-investit-tout-namur-expo\\\/80074\\\/\"]}]},{\"@type\":\"BreadcrumbList\",\"@id\":\"https:\\\/\\\/batijournal.com\\\/index.php\\\/energie-et-habitat-investit-tout-namur-expo\\\/80074\\\/#breadcrumb\",\"itemListElement\":[{\"@type\":\"ListItem\",\"position\":1,\"name\":\"Accueil\",\"item\":\"https:\\\/\\\/batijournal.com\\\/\"},{\"@type\":\"ListItem\",\"position\":2,\"name\":\"\u00c9v\u00e9nements\",\"item\":\"https:\\\/\\\/batijournal.com\\\/index.php\\\/category\\\/evenements\\\/\"},{\"@type\":\"ListItem\",\"position\":3,\"name\":\"Energie et Habitat investit tout Namur Expo\"}]},{\"@type\":\"WebSite\",\"@id\":\"https:\\\/\\\/batijournal.com\\\/#website\",\"url\":\"https:\\\/\\\/batijournal.com\\\/\",\"name\":\"Batijournal\",\"description\":\"L&#039;actualit\u00e9 du b\u00e2timent\",\"potentialAction\":[{\"@type\":\"SearchAction\",\"target\":{\"@type\":\"EntryPoint\",\"urlTemplate\":\"https:\\\/\\\/batijournal.com\\\/?s={search_term_string}\"},\"query-input\":{\"@type\":\"PropertyValueSpecification\",\"valueRequired\":true,\"valueName\":\"search_term_string\"}}],\"inLanguage\":\"fr-FR\"},{\"@type\":\"Person\",\"@id\":\"https:\\\/\\\/batijournal.com\\\/#\\\/schema\\\/person\\\/6a657e8967569e1b299972574848aa76\",\"name\":\"Bati-journal\",\"image\":{\"@type\":\"ImageObject\",\"inLanguage\":\"fr-FR\",\"@id\":\"https:\\\/\\\/secure.gravatar.com\\\/avatar\\\/a64364ea26392f9b4dd47e017ddaec74ff03aefc073b49e492e847201258f777?s=96&d=mm&r=g\",\"url\":\"https:\\\/\\\/secure.gravatar.com\\\/avatar\\\/a64364ea26392f9b4dd47e017ddaec74ff03aefc073b49e492e847201258f777?s=96&d=mm&r=g\",\"contentUrl\":\"https:\\\/\\\/secure.gravatar.com\\\/avatar\\\/a64364ea26392f9b4dd47e017ddaec74ff03aefc073b49e492e847201258f777?s=96&d=mm&r=g\",\"caption\":\"Bati-journal\"},\"url\":\"https:\\\/\\\/batijournal.com\\\/index.php\\\/author\\\/elodie\\\/\"}]}<\/script>\n<!-- \/ Yoast SEO plugin. -->","yoast_head_json":{"title":"Energie et Habitat investit tout Namur Expo","robots":{"index":"index","follow":"follow","max-snippet":"max-snippet:-1","max-image-preview":"max-image-preview:large","max-video-preview":"max-video-preview:-1"},"canonical":"https:\/\/batijournal.com\/index.php\/energie-et-habitat-investit-tout-namur-expo\/80074\/","og_locale":"fr_FR","og_type":"article","og_title":"Energie et Habitat investit tout Namur Expo","og_description":"Devant le succ\u00e8s de la 1\u00e8re \u00e9dition d&rsquo;\u0092Energie et Habitat et pour pouvoir r\u00e9pondre positivement aux demandes des exposants, le salon occupera d\u00e8s cette ann\u00e9e la totalit\u00e9 de Namur Expo avec la location du 3\u00e8me palais, soit 12 000 m\u00b2 au lieu de 8 000 m\u00b2. En accroissant la surface d\u0092&rsquo;exposition de son salon, Energie [&hellip;]","og_url":"https:\/\/batijournal.com\/index.php\/energie-et-habitat-investit-tout-namur-expo\/80074\/","og_site_name":"Batijournal","article_published_time":"2008-10-17T09:12:07+00:00","author":"Bati-journal","twitter_card":"summary_large_image","twitter_creator":"@bati_journal","twitter_site":"@bati_journal","twitter_misc":{"\u00c9crit par":"Bati-journal"},"schema":{"@context":"https:\/\/schema.org","@graph":[{"@type":"Article","@id":"https:\/\/batijournal.com\/index.php\/energie-et-habitat-investit-tout-namur-expo\/80074\/#article","isPartOf":{"@id":"https:\/\/batijournal.com\/index.php\/energie-et-habitat-investit-tout-namur-expo\/80074\/"},"author":{"name":"Bati-journal","@id":"https:\/\/batijournal.com\/#\/schema\/person\/6a657e8967569e1b299972574848aa76"},"headline":"Energie et Habitat investit tout Namur Expo","datePublished":"2008-10-17T09:12:07+00:00","mainEntityOfPage":{"@id":"https:\/\/batijournal.com\/index.php\/energie-et-habitat-investit-tout-namur-expo\/80074\/"},"wordCount":100,"commentCount":0,"articleSection":["\u00c9v\u00e9nements"],"inLanguage":"fr-FR","potentialAction":[{"@type":"CommentAction","name":"Comment","target":["https:\/\/batijournal.com\/index.php\/energie-et-habitat-investit-tout-namur-expo\/80074\/#respond"]}]},{"@type":"WebPage","@id":"https:\/\/batijournal.com\/index.php\/energie-et-habitat-investit-tout-namur-expo\/80074\/","url":"https:\/\/batijournal.com\/index.php\/energie-et-habitat-investit-tout-namur-expo\/80074\/","name":"Energie et Habitat investit tout Namur Expo","isPartOf":{"@id":"https:\/\/batijournal.com\/#website"},"datePublished":"2008-10-17T09:12:07+00:00","author":{"@id":"https:\/\/batijournal.com\/#\/schema\/person\/6a657e8967569e1b299972574848aa76"},"breadcrumb":{"@id":"https:\/\/batijournal.com\/index.php\/energie-et-habitat-investit-tout-namur-expo\/80074\/#breadcrumb"},"inLanguage":"fr-FR","potentialAction":[{"@type":"ReadAction","target":["https:\/\/batijournal.com\/index.php\/energie-et-habitat-investit-tout-namur-expo\/80074\/"]}]},{"@type":"BreadcrumbList","@id":"https:\/\/batijournal.com\/index.php\/energie-et-habitat-investit-tout-namur-expo\/80074\/#breadcrumb","itemListElement":[{"@type":"ListItem","position":1,"name":"Accueil","item":"https:\/\/batijournal.com\/"},{"@type":"ListItem","position":2,"name":"\u00c9v\u00e9nements","item":"https:\/\/batijournal.com\/index.php\/category\/evenements\/"},{"@type":"ListItem","position":3,"name":"Energie et Habitat investit tout Namur Expo"}]},{"@type":"WebSite","@id":"https:\/\/batijournal.com\/#website","url":"https:\/\/batijournal.com\/","name":"Batijournal","description":"L&#039;actualit\u00e9 du b\u00e2timent","potentialAction":[{"@type":"SearchAction","target":{"@type":"EntryPoint","urlTemplate":"https:\/\/batijournal.com\/?s={search_term_string}"},"query-input":{"@type":"PropertyValueSpecification","valueRequired":true,"valueName":"search_term_string"}}],"inLanguage":"fr-FR"},{"@type":"Person","@id":"https:\/\/batijournal.com\/#\/schema\/person\/6a657e8967569e1b299972574848aa76","name":"Bati-journal","image":{"@type":"ImageObject","inLanguage":"fr-FR","@id":"https:\/\/secure.gravatar.com\/avatar\/a64364ea26392f9b4dd47e017ddaec74ff03aefc073b49e492e847201258f777?s=96&d=mm&r=g","url":"https:\/\/secure.gravatar.com\/avatar\/a64364ea26392f9b4dd47e017ddaec74ff03aefc073b49e492e847201258f777?s=96&d=mm&r=g","contentUrl":"https:\/\/secure.gravatar.com\/avatar\/a64364ea26392f9b4dd47e017ddaec74ff03aefc073b49e492e847201258f777?s=96&d=mm&r=g","caption":"Bati-journal"},"url":"https:\/\/batijournal.com\/index.php\/author\/elodie\/"}]}},"_links":{"self":[{"href":"https:\/\/batijournal.com\/index.php\/wp-json\/wp\/v2\/posts\/80074","targetHints":{"allow":["GET"]}}],"collection":[{"href":"https:\/\/batijournal.com\/index.php\/wp-json\/wp\/v2\/posts"}],"about":[{"href":"https:\/\/batijournal.com\/index.php\/wp-json\/wp\/v2\/types\/post"}],"author":[{"embeddable":true,"href":"https:\/\/batijournal.com\/index.php\/wp-json\/wp\/v2\/users\/1"}],"replies":[{"embeddable":true,"href":"https:\/\/batijournal.com\/index.php\/wp-json\/wp\/v2\/comments?post=80074"}],"version-history":[{"count":0,"href":"https:\/\/batijournal.com\/index.php\/wp-json\/wp\/v2\/posts\/80074\/revisions"}],"wp:attachment":[{"href":"https:\/\/batijournal.com\/index.php\/wp-json\/wp\/v2\/media?parent=80074"}],"wp:term":[{"taxonomy":"category","embeddable":true,"href":"https:\/\/batijournal.com\/index.php\/wp-json\/wp\/v2\/categories?post=80074"},{"taxonomy":"post_tag","embeddable":true,"href":"https:\/\/batijournal.com\/index.php\/wp-json\/wp\/v2\/tags?post=80074"}],"curies":[{"name":"wp","href":"https:\/\/api.w.org\/{rel}","templated":true}]}}