{"id":80098,"date":"2008-11-10T14:51:04","date_gmt":"2008-11-10T13:51:04","guid":{"rendered":"http:\/\/b.bati-journal.com\/eurobois-et-rendez-vous-de-la-construction-durable\/80098"},"modified":"2008-11-10T14:51:04","modified_gmt":"2008-11-10T13:51:04","slug":"eurobois-et-rendez-vous-de-la-construction-durable","status":"publish","type":"post","link":"https:\/\/batijournal.com\/index.php\/eurobois-et-rendez-vous-de-la-construction-durable\/80098\/","title":{"rendered":"Eurobois et rendez-vous de la construction durable"},"content":{"rendered":"<p>Les prochaines \u00e9ditions d&rsquo;Eurobois et Eurotips 2009 s&rsquo;agrandissent et offrent au bois une vitrine de 27 000 m2 d&rsquo;exposition et 350 exposants. Ce salon du bois dans la construction, de la machine \u00e0 bois et des composants se d\u00e9roulera en parall\u00e8le du Salon des \u00e9nergies renouvelables, de Bluebat, salon performance du b\u00e2timent et construction durable, d&rsquo;En\u00e9o (salon des \u00e9nergies, du confort climatique et de l&rsquo;eau) et de Servibat (salon de l&rsquo;outillage&#8230;) pour former un grand rendez-vous de la construction durable et de l&rsquo;\u00e9nergie propre en France. Eurexpo, Lyon<\/p>\n","protected":false},"excerpt":{"rendered":"<p>Les prochaines \u00e9ditions d&rsquo;Eurobois et Eurotips 2009 s&rsquo;agrandissent et offrent au bois une vitrine de 27 000 m2 d&rsquo;exposition et 350 exposants. Ce salon du bois dans la construction, de la machine \u00e0 bois et des composants se d\u00e9roulera en parall\u00e8le du Salon des \u00e9nergies renouvelables, de Bluebat, salon performance du b\u00e2timent et construction durable, [&hellip;]<\/p>\n","protected":false},"author":1,"featured_media":0,"comment_status":"open","ping_status":"closed","sticky":false,"template":"","format":"standard","meta":{"_et_pb_use_builder":"","_et_pb_old_content":"","_et_gb_content_width":"","footnotes":""},"categories":[9192],"tags":[1081,1126,9197],"class_list":["post-80098","post","type-post","status-publish","format-standard","hentry","category-evenements","tag-construction-durable","tag-eurobois","tag-evenement"],"yoast_head":"<!-- This site is optimized with the Yoast SEO plugin v27.4 - https:\/\/yoast.com\/product\/yoast-seo-wordpress\/ -->\n<title>Eurobois et rendez-vous de la construction durable<\/title>\n<meta name=\"robots\" content=\"index, follow, max-snippet:-1, max-image-preview:large, max-video-preview:-1\" \/>\n<link rel=\"canonical\" href=\"https:\/\/batijournal.com\/index.php\/eurobois-et-rendez-vous-de-la-construction-durable\/80098\/\" \/>\n<meta property=\"og:locale\" content=\"fr_FR\" \/>\n<meta property=\"og:type\" content=\"article\" \/>\n<meta property=\"og:title\" content=\"Eurobois et rendez-vous de la construction durable\" \/>\n<meta property=\"og:description\" content=\"Les prochaines \u00e9ditions d&rsquo;Eurobois et Eurotips 2009 s&rsquo;agrandissent et offrent au bois une vitrine de 27 000 m2 d&rsquo;exposition et 350 exposants. Ce salon du bois dans la construction, de la machine \u00e0 bois et des composants se d\u00e9roulera en parall\u00e8le du Salon des \u00e9nergies renouvelables, de Bluebat, salon performance du b\u00e2timent et construction durable, [&hellip;]\" \/>\n<meta property=\"og:url\" content=\"https:\/\/batijournal.com\/index.php\/eurobois-et-rendez-vous-de-la-construction-durable\/80098\/\" \/>\n<meta property=\"og:site_name\" content=\"Batijournal\" \/>\n<meta property=\"article:published_time\" content=\"2008-11-10T13:51:04+00:00\" \/>\n<meta name=\"author\" content=\"Bati-journal\" \/>\n<meta name=\"twitter:card\" content=\"summary_large_image\" \/>\n<meta name=\"twitter:creator\" content=\"@bati_journal\" \/>\n<meta name=\"twitter:site\" content=\"@bati_journal\" \/>\n<meta name=\"twitter:label1\" content=\"\u00c9crit par\" \/>\n\t<meta name=\"twitter:data1\" content=\"Bati-journal\" \/>\n<script type=\"application\/ld+json\" class=\"yoast-schema-graph\">{\"@context\":\"https:\\\/\\\/schema.org\",\"@graph\":[{\"@type\":\"Article\",\"@id\":\"https:\\\/\\\/batijournal.com\\\/index.php\\\/eurobois-et-rendez-vous-de-la-construction-durable\\\/80098\\\/#article\",\"isPartOf\":{\"@id\":\"https:\\\/\\\/batijournal.com\\\/index.php\\\/eurobois-et-rendez-vous-de-la-construction-durable\\\/80098\\\/\"},\"author\":{\"name\":\"Bati-journal\",\"@id\":\"https:\\\/\\\/batijournal.com\\\/#\\\/schema\\\/person\\\/6a657e8967569e1b299972574848aa76\"},\"headline\":\"Eurobois et rendez-vous de la construction durable\",\"datePublished\":\"2008-11-10T13:51:04+00:00\",\"mainEntityOfPage\":{\"@id\":\"https:\\\/\\\/batijournal.com\\\/index.php\\\/eurobois-et-rendez-vous-de-la-construction-durable\\\/80098\\\/\"},\"wordCount\":101,\"commentCount\":0,\"keywords\":[\"Construction durable\",\"Eurobois\",\"evenement\"],\"articleSection\":[\"\u00c9v\u00e9nements\"],\"inLanguage\":\"fr-FR\",\"potentialAction\":[{\"@type\":\"CommentAction\",\"name\":\"Comment\",\"target\":[\"https:\\\/\\\/batijournal.com\\\/index.php\\\/eurobois-et-rendez-vous-de-la-construction-durable\\\/80098\\\/#respond\"]}]},{\"@type\":\"WebPage\",\"@id\":\"https:\\\/\\\/batijournal.com\\\/index.php\\\/eurobois-et-rendez-vous-de-la-construction-durable\\\/80098\\\/\",\"url\":\"https:\\\/\\\/batijournal.com\\\/index.php\\\/eurobois-et-rendez-vous-de-la-construction-durable\\\/80098\\\/\",\"name\":\"Eurobois et rendez-vous de la construction durable\",\"isPartOf\":{\"@id\":\"https:\\\/\\\/batijournal.com\\\/#website\"},\"datePublished\":\"2008-11-10T13:51:04+00:00\",\"author\":{\"@id\":\"https:\\\/\\\/batijournal.com\\\/#\\\/schema\\\/person\\\/6a657e8967569e1b299972574848aa76\"},\"breadcrumb\":{\"@id\":\"https:\\\/\\\/batijournal.com\\\/index.php\\\/eurobois-et-rendez-vous-de-la-construction-durable\\\/80098\\\/#breadcrumb\"},\"inLanguage\":\"fr-FR\",\"potentialAction\":[{\"@type\":\"ReadAction\",\"target\":[\"https:\\\/\\\/batijournal.com\\\/index.php\\\/eurobois-et-rendez-vous-de-la-construction-durable\\\/80098\\\/\"]}]},{\"@type\":\"BreadcrumbList\",\"@id\":\"https:\\\/\\\/batijournal.com\\\/index.php\\\/eurobois-et-rendez-vous-de-la-construction-durable\\\/80098\\\/#breadcrumb\",\"itemListElement\":[{\"@type\":\"ListItem\",\"position\":1,\"name\":\"Accueil\",\"item\":\"https:\\\/\\\/batijournal.com\\\/\"},{\"@type\":\"ListItem\",\"position\":2,\"name\":\"\u00c9v\u00e9nements\",\"item\":\"https:\\\/\\\/batijournal.com\\\/index.php\\\/category\\\/evenements\\\/\"},{\"@type\":\"ListItem\",\"position\":3,\"name\":\"Eurobois et rendez-vous de la construction durable\"}]},{\"@type\":\"WebSite\",\"@id\":\"https:\\\/\\\/batijournal.com\\\/#website\",\"url\":\"https:\\\/\\\/batijournal.com\\\/\",\"name\":\"Batijournal\",\"description\":\"L&#039;actualit\u00e9 du b\u00e2timent\",\"potentialAction\":[{\"@type\":\"SearchAction\",\"target\":{\"@type\":\"EntryPoint\",\"urlTemplate\":\"https:\\\/\\\/batijournal.com\\\/?s={search_term_string}\"},\"query-input\":{\"@type\":\"PropertyValueSpecification\",\"valueRequired\":true,\"valueName\":\"search_term_string\"}}],\"inLanguage\":\"fr-FR\"},{\"@type\":\"Person\",\"@id\":\"https:\\\/\\\/batijournal.com\\\/#\\\/schema\\\/person\\\/6a657e8967569e1b299972574848aa76\",\"name\":\"Bati-journal\",\"image\":{\"@type\":\"ImageObject\",\"inLanguage\":\"fr-FR\",\"@id\":\"https:\\\/\\\/secure.gravatar.com\\\/avatar\\\/a64364ea26392f9b4dd47e017ddaec74ff03aefc073b49e492e847201258f777?s=96&d=mm&r=g\",\"url\":\"https:\\\/\\\/secure.gravatar.com\\\/avatar\\\/a64364ea26392f9b4dd47e017ddaec74ff03aefc073b49e492e847201258f777?s=96&d=mm&r=g\",\"contentUrl\":\"https:\\\/\\\/secure.gravatar.com\\\/avatar\\\/a64364ea26392f9b4dd47e017ddaec74ff03aefc073b49e492e847201258f777?s=96&d=mm&r=g\",\"caption\":\"Bati-journal\"},\"url\":\"https:\\\/\\\/batijournal.com\\\/index.php\\\/author\\\/elodie\\\/\"}]}<\/script>\n<!-- \/ Yoast SEO plugin. -->","yoast_head_json":{"title":"Eurobois et rendez-vous de la construction durable","robots":{"index":"index","follow":"follow","max-snippet":"max-snippet:-1","max-image-preview":"max-image-preview:large","max-video-preview":"max-video-preview:-1"},"canonical":"https:\/\/batijournal.com\/index.php\/eurobois-et-rendez-vous-de-la-construction-durable\/80098\/","og_locale":"fr_FR","og_type":"article","og_title":"Eurobois et rendez-vous de la construction durable","og_description":"Les prochaines \u00e9ditions d&rsquo;Eurobois et Eurotips 2009 s&rsquo;agrandissent et offrent au bois une vitrine de 27 000 m2 d&rsquo;exposition et 350 exposants. Ce salon du bois dans la construction, de la machine \u00e0 bois et des composants se d\u00e9roulera en parall\u00e8le du Salon des \u00e9nergies renouvelables, de Bluebat, salon performance du b\u00e2timent et construction durable, [&hellip;]","og_url":"https:\/\/batijournal.com\/index.php\/eurobois-et-rendez-vous-de-la-construction-durable\/80098\/","og_site_name":"Batijournal","article_published_time":"2008-11-10T13:51:04+00:00","author":"Bati-journal","twitter_card":"summary_large_image","twitter_creator":"@bati_journal","twitter_site":"@bati_journal","twitter_misc":{"\u00c9crit par":"Bati-journal"},"schema":{"@context":"https:\/\/schema.org","@graph":[{"@type":"Article","@id":"https:\/\/batijournal.com\/index.php\/eurobois-et-rendez-vous-de-la-construction-durable\/80098\/#article","isPartOf":{"@id":"https:\/\/batijournal.com\/index.php\/eurobois-et-rendez-vous-de-la-construction-durable\/80098\/"},"author":{"name":"Bati-journal","@id":"https:\/\/batijournal.com\/#\/schema\/person\/6a657e8967569e1b299972574848aa76"},"headline":"Eurobois et rendez-vous de la construction durable","datePublished":"2008-11-10T13:51:04+00:00","mainEntityOfPage":{"@id":"https:\/\/batijournal.com\/index.php\/eurobois-et-rendez-vous-de-la-construction-durable\/80098\/"},"wordCount":101,"commentCount":0,"keywords":["Construction durable","Eurobois","evenement"],"articleSection":["\u00c9v\u00e9nements"],"inLanguage":"fr-FR","potentialAction":[{"@type":"CommentAction","name":"Comment","target":["https:\/\/batijournal.com\/index.php\/eurobois-et-rendez-vous-de-la-construction-durable\/80098\/#respond"]}]},{"@type":"WebPage","@id":"https:\/\/batijournal.com\/index.php\/eurobois-et-rendez-vous-de-la-construction-durable\/80098\/","url":"https:\/\/batijournal.com\/index.php\/eurobois-et-rendez-vous-de-la-construction-durable\/80098\/","name":"Eurobois et rendez-vous de la construction durable","isPartOf":{"@id":"https:\/\/batijournal.com\/#website"},"datePublished":"2008-11-10T13:51:04+00:00","author":{"@id":"https:\/\/batijournal.com\/#\/schema\/person\/6a657e8967569e1b299972574848aa76"},"breadcrumb":{"@id":"https:\/\/batijournal.com\/index.php\/eurobois-et-rendez-vous-de-la-construction-durable\/80098\/#breadcrumb"},"inLanguage":"fr-FR","potentialAction":[{"@type":"ReadAction","target":["https:\/\/batijournal.com\/index.php\/eurobois-et-rendez-vous-de-la-construction-durable\/80098\/"]}]},{"@type":"BreadcrumbList","@id":"https:\/\/batijournal.com\/index.php\/eurobois-et-rendez-vous-de-la-construction-durable\/80098\/#breadcrumb","itemListElement":[{"@type":"ListItem","position":1,"name":"Accueil","item":"https:\/\/batijournal.com\/"},{"@type":"ListItem","position":2,"name":"\u00c9v\u00e9nements","item":"https:\/\/batijournal.com\/index.php\/category\/evenements\/"},{"@type":"ListItem","position":3,"name":"Eurobois et rendez-vous de la construction durable"}]},{"@type":"WebSite","@id":"https:\/\/batijournal.com\/#website","url":"https:\/\/batijournal.com\/","name":"Batijournal","description":"L&#039;actualit\u00e9 du b\u00e2timent","potentialAction":[{"@type":"SearchAction","target":{"@type":"EntryPoint","urlTemplate":"https:\/\/batijournal.com\/?s={search_term_string}"},"query-input":{"@type":"PropertyValueSpecification","valueRequired":true,"valueName":"search_term_string"}}],"inLanguage":"fr-FR"},{"@type":"Person","@id":"https:\/\/batijournal.com\/#\/schema\/person\/6a657e8967569e1b299972574848aa76","name":"Bati-journal","image":{"@type":"ImageObject","inLanguage":"fr-FR","@id":"https:\/\/secure.gravatar.com\/avatar\/a64364ea26392f9b4dd47e017ddaec74ff03aefc073b49e492e847201258f777?s=96&d=mm&r=g","url":"https:\/\/secure.gravatar.com\/avatar\/a64364ea26392f9b4dd47e017ddaec74ff03aefc073b49e492e847201258f777?s=96&d=mm&r=g","contentUrl":"https:\/\/secure.gravatar.com\/avatar\/a64364ea26392f9b4dd47e017ddaec74ff03aefc073b49e492e847201258f777?s=96&d=mm&r=g","caption":"Bati-journal"},"url":"https:\/\/batijournal.com\/index.php\/author\/elodie\/"}]}},"_links":{"self":[{"href":"https:\/\/batijournal.com\/index.php\/wp-json\/wp\/v2\/posts\/80098","targetHints":{"allow":["GET"]}}],"collection":[{"href":"https:\/\/batijournal.com\/index.php\/wp-json\/wp\/v2\/posts"}],"about":[{"href":"https:\/\/batijournal.com\/index.php\/wp-json\/wp\/v2\/types\/post"}],"author":[{"embeddable":true,"href":"https:\/\/batijournal.com\/index.php\/wp-json\/wp\/v2\/users\/1"}],"replies":[{"embeddable":true,"href":"https:\/\/batijournal.com\/index.php\/wp-json\/wp\/v2\/comments?post=80098"}],"version-history":[{"count":0,"href":"https:\/\/batijournal.com\/index.php\/wp-json\/wp\/v2\/posts\/80098\/revisions"}],"wp:attachment":[{"href":"https:\/\/batijournal.com\/index.php\/wp-json\/wp\/v2\/media?parent=80098"}],"wp:term":[{"taxonomy":"category","embeddable":true,"href":"https:\/\/batijournal.com\/index.php\/wp-json\/wp\/v2\/categories?post=80098"},{"taxonomy":"post_tag","embeddable":true,"href":"https:\/\/batijournal.com\/index.php\/wp-json\/wp\/v2\/tags?post=80098"}],"curies":[{"name":"wp","href":"https:\/\/api.w.org\/{rel}","templated":true}]}}