{"id":80106,"date":"2008-11-19T00:00:00","date_gmt":"2008-11-18T23:00:00","guid":{"rendered":"http:\/\/b.bati-journal.com\/reims-un-nouveau-salon-du-batiment\/80106"},"modified":"2008-11-19T00:00:00","modified_gmt":"2008-11-18T23:00:00","slug":"reims-un-nouveau-salon-du-batiment","status":"publish","type":"post","link":"https:\/\/batijournal.com\/index.php\/reims-un-nouveau-salon-du-batiment\/80106\/","title":{"rendered":"Reims : un nouveau salon du b\u00e2timent"},"content":{"rendered":"<p>Salon du b\u00e2timent innovant du Nord-Est, Sabine se pr\u00e9sente comme une vitrine interactive des nouveaux enjeux de la construction durable. Sur les trois jours de cette premi\u00e8re \u00e9dition, de multiples ateliers, organis\u00e9s par les fili\u00e8res de formation participantes se succ\u00e8deront. Le salon offre ainsi l&rsquo;occasion de participer \u00e0 des conf\u00e9rences, \u00e0 des animations, \u00e0 des ateliers, \u00e0 des initiations et \u00e0 des d\u00e9monstrations de mises en uvre, sur de nombreux sujets, mat\u00e9riaux et techniques de la construction durable : structures mixtes acier\/b\u00e9ton assembl\u00e9es par collage, structures monomur \u00e0 ossature bois, construction d&rsquo;un mur en thermopierre, remplissage d&rsquo;un mur en bloc de paille, enduits d\u00e9coratifs ext\u00e9rieurs, domotique&#8230; Du 11 au 13 f\u00e9vrier 2009, parc des Expositions de Reims<\/p>\n","protected":false},"excerpt":{"rendered":"<p>Salon du b\u00e2timent innovant du Nord-Est, Sabine se pr\u00e9sente comme une vitrine interactive des nouveaux enjeux de la construction durable. Sur les trois jours de cette premi\u00e8re \u00e9dition, de multiples ateliers, organis\u00e9s par les fili\u00e8res de formation participantes se succ\u00e8deront. Le salon offre ainsi l&rsquo;occasion de participer \u00e0 des conf\u00e9rences, \u00e0 des animations, \u00e0 des [&hellip;]<\/p>\n","protected":false},"author":1,"featured_media":80107,"comment_status":"open","ping_status":"closed","sticky":false,"template":"","format":"standard","meta":{"_et_pb_use_builder":"","_et_pb_old_content":"","_et_gb_content_width":"","footnotes":""},"categories":[9192],"tags":[3887,386],"class_list":["post-80106","post","type-post","status-publish","format-standard","has-post-thumbnail","hentry","category-evenements","tag-sabine","tag-salon"],"yoast_head":"<!-- This site is optimized with the Yoast SEO plugin v27.4 - https:\/\/yoast.com\/product\/yoast-seo-wordpress\/ -->\n<title>Reims : un nouveau salon du b\u00e2timent<\/title>\n<meta name=\"robots\" content=\"index, follow, max-snippet:-1, max-image-preview:large, max-video-preview:-1\" \/>\n<link rel=\"canonical\" href=\"https:\/\/batijournal.com\/index.php\/reims-un-nouveau-salon-du-batiment\/80106\/\" \/>\n<meta property=\"og:locale\" content=\"fr_FR\" \/>\n<meta property=\"og:type\" content=\"article\" \/>\n<meta property=\"og:title\" content=\"Reims : un nouveau salon du b\u00e2timent\" \/>\n<meta property=\"og:description\" content=\"Salon du b\u00e2timent innovant du Nord-Est, Sabine se pr\u00e9sente comme une vitrine interactive des nouveaux enjeux de la construction durable. Sur les trois jours de cette premi\u00e8re \u00e9dition, de multiples ateliers, organis\u00e9s par les fili\u00e8res de formation participantes se succ\u00e8deront. Le salon offre ainsi l&rsquo;occasion de participer \u00e0 des conf\u00e9rences, \u00e0 des animations, \u00e0 des [&hellip;]\" \/>\n<meta property=\"og:url\" content=\"https:\/\/batijournal.com\/index.php\/reims-un-nouveau-salon-du-batiment\/80106\/\" \/>\n<meta property=\"og:site_name\" content=\"Batijournal\" \/>\n<meta property=\"article:published_time\" content=\"2008-11-18T23:00:00+00:00\" \/>\n<meta property=\"og:image\" content=\"https:\/\/batijournal.com\/wp-content\/uploads\/2015\/03\/014319341.jpg\" \/>\n\t<meta property=\"og:image:width\" content=\"599\" \/>\n\t<meta property=\"og:image:height\" content=\"214\" \/>\n\t<meta property=\"og:image:type\" content=\"image\/jpeg\" \/>\n<meta name=\"author\" content=\"Bati-journal\" \/>\n<meta name=\"twitter:card\" content=\"summary_large_image\" \/>\n<meta name=\"twitter:creator\" content=\"@bati_journal\" \/>\n<meta name=\"twitter:site\" content=\"@bati_journal\" \/>\n<meta name=\"twitter:label1\" content=\"\u00c9crit par\" \/>\n\t<meta name=\"twitter:data1\" content=\"Bati-journal\" \/>\n\t<meta name=\"twitter:label2\" content=\"Dur\u00e9e de lecture estim\u00e9e\" \/>\n\t<meta name=\"twitter:data2\" content=\"1 minute\" \/>\n<script type=\"application\/ld+json\" class=\"yoast-schema-graph\">{\"@context\":\"https:\\\/\\\/schema.org\",\"@graph\":[{\"@type\":\"Article\",\"@id\":\"https:\\\/\\\/batijournal.com\\\/index.php\\\/reims-un-nouveau-salon-du-batiment\\\/80106\\\/#article\",\"isPartOf\":{\"@id\":\"https:\\\/\\\/batijournal.com\\\/index.php\\\/reims-un-nouveau-salon-du-batiment\\\/80106\\\/\"},\"author\":{\"name\":\"Bati-journal\",\"@id\":\"https:\\\/\\\/batijournal.com\\\/#\\\/schema\\\/person\\\/6a657e8967569e1b299972574848aa76\"},\"headline\":\"Reims : un nouveau salon du b\u00e2timent\",\"datePublished\":\"2008-11-18T23:00:00+00:00\",\"mainEntityOfPage\":{\"@id\":\"https:\\\/\\\/batijournal.com\\\/index.php\\\/reims-un-nouveau-salon-du-batiment\\\/80106\\\/\"},\"wordCount\":132,\"commentCount\":0,\"image\":{\"@id\":\"https:\\\/\\\/batijournal.com\\\/index.php\\\/reims-un-nouveau-salon-du-batiment\\\/80106\\\/#primaryimage\"},\"thumbnailUrl\":\"https:\\\/\\\/batijournal.com\\\/wp-content\\\/uploads\\\/2015\\\/03\\\/014319341.jpg\",\"keywords\":[\"Sabine\",\"salon\"],\"articleSection\":[\"\u00c9v\u00e9nements\"],\"inLanguage\":\"fr-FR\",\"potentialAction\":[{\"@type\":\"CommentAction\",\"name\":\"Comment\",\"target\":[\"https:\\\/\\\/batijournal.com\\\/index.php\\\/reims-un-nouveau-salon-du-batiment\\\/80106\\\/#respond\"]}]},{\"@type\":\"WebPage\",\"@id\":\"https:\\\/\\\/batijournal.com\\\/index.php\\\/reims-un-nouveau-salon-du-batiment\\\/80106\\\/\",\"url\":\"https:\\\/\\\/batijournal.com\\\/index.php\\\/reims-un-nouveau-salon-du-batiment\\\/80106\\\/\",\"name\":\"Reims : un nouveau salon du b\u00e2timent\",\"isPartOf\":{\"@id\":\"https:\\\/\\\/batijournal.com\\\/#website\"},\"primaryImageOfPage\":{\"@id\":\"https:\\\/\\\/batijournal.com\\\/index.php\\\/reims-un-nouveau-salon-du-batiment\\\/80106\\\/#primaryimage\"},\"image\":{\"@id\":\"https:\\\/\\\/batijournal.com\\\/index.php\\\/reims-un-nouveau-salon-du-batiment\\\/80106\\\/#primaryimage\"},\"thumbnailUrl\":\"https:\\\/\\\/batijournal.com\\\/wp-content\\\/uploads\\\/2015\\\/03\\\/014319341.jpg\",\"datePublished\":\"2008-11-18T23:00:00+00:00\",\"author\":{\"@id\":\"https:\\\/\\\/batijournal.com\\\/#\\\/schema\\\/person\\\/6a657e8967569e1b299972574848aa76\"},\"breadcrumb\":{\"@id\":\"https:\\\/\\\/batijournal.com\\\/index.php\\\/reims-un-nouveau-salon-du-batiment\\\/80106\\\/#breadcrumb\"},\"inLanguage\":\"fr-FR\",\"potentialAction\":[{\"@type\":\"ReadAction\",\"target\":[\"https:\\\/\\\/batijournal.com\\\/index.php\\\/reims-un-nouveau-salon-du-batiment\\\/80106\\\/\"]}]},{\"@type\":\"ImageObject\",\"inLanguage\":\"fr-FR\",\"@id\":\"https:\\\/\\\/batijournal.com\\\/index.php\\\/reims-un-nouveau-salon-du-batiment\\\/80106\\\/#primaryimage\",\"url\":\"https:\\\/\\\/batijournal.com\\\/wp-content\\\/uploads\\\/2015\\\/03\\\/014319341.jpg\",\"contentUrl\":\"https:\\\/\\\/batijournal.com\\\/wp-content\\\/uploads\\\/2015\\\/03\\\/014319341.jpg\",\"width\":599,\"height\":214},{\"@type\":\"BreadcrumbList\",\"@id\":\"https:\\\/\\\/batijournal.com\\\/index.php\\\/reims-un-nouveau-salon-du-batiment\\\/80106\\\/#breadcrumb\",\"itemListElement\":[{\"@type\":\"ListItem\",\"position\":1,\"name\":\"Accueil\",\"item\":\"https:\\\/\\\/batijournal.com\\\/\"},{\"@type\":\"ListItem\",\"position\":2,\"name\":\"\u00c9v\u00e9nements\",\"item\":\"https:\\\/\\\/batijournal.com\\\/index.php\\\/category\\\/evenements\\\/\"},{\"@type\":\"ListItem\",\"position\":3,\"name\":\"Reims : un nouveau salon du b\u00e2timent\"}]},{\"@type\":\"WebSite\",\"@id\":\"https:\\\/\\\/batijournal.com\\\/#website\",\"url\":\"https:\\\/\\\/batijournal.com\\\/\",\"name\":\"Batijournal\",\"description\":\"L&#039;actualit\u00e9 du b\u00e2timent\",\"potentialAction\":[{\"@type\":\"SearchAction\",\"target\":{\"@type\":\"EntryPoint\",\"urlTemplate\":\"https:\\\/\\\/batijournal.com\\\/?s={search_term_string}\"},\"query-input\":{\"@type\":\"PropertyValueSpecification\",\"valueRequired\":true,\"valueName\":\"search_term_string\"}}],\"inLanguage\":\"fr-FR\"},{\"@type\":\"Person\",\"@id\":\"https:\\\/\\\/batijournal.com\\\/#\\\/schema\\\/person\\\/6a657e8967569e1b299972574848aa76\",\"name\":\"Bati-journal\",\"image\":{\"@type\":\"ImageObject\",\"inLanguage\":\"fr-FR\",\"@id\":\"https:\\\/\\\/secure.gravatar.com\\\/avatar\\\/a64364ea26392f9b4dd47e017ddaec74ff03aefc073b49e492e847201258f777?s=96&d=mm&r=g\",\"url\":\"https:\\\/\\\/secure.gravatar.com\\\/avatar\\\/a64364ea26392f9b4dd47e017ddaec74ff03aefc073b49e492e847201258f777?s=96&d=mm&r=g\",\"contentUrl\":\"https:\\\/\\\/secure.gravatar.com\\\/avatar\\\/a64364ea26392f9b4dd47e017ddaec74ff03aefc073b49e492e847201258f777?s=96&d=mm&r=g\",\"caption\":\"Bati-journal\"},\"url\":\"https:\\\/\\\/batijournal.com\\\/index.php\\\/author\\\/elodie\\\/\"}]}<\/script>\n<!-- \/ Yoast SEO plugin. -->","yoast_head_json":{"title":"Reims : un nouveau salon du b\u00e2timent","robots":{"index":"index","follow":"follow","max-snippet":"max-snippet:-1","max-image-preview":"max-image-preview:large","max-video-preview":"max-video-preview:-1"},"canonical":"https:\/\/batijournal.com\/index.php\/reims-un-nouveau-salon-du-batiment\/80106\/","og_locale":"fr_FR","og_type":"article","og_title":"Reims : un nouveau salon du b\u00e2timent","og_description":"Salon du b\u00e2timent innovant du Nord-Est, Sabine se pr\u00e9sente comme une vitrine interactive des nouveaux enjeux de la construction durable. Sur les trois jours de cette premi\u00e8re \u00e9dition, de multiples ateliers, organis\u00e9s par les fili\u00e8res de formation participantes se succ\u00e8deront. Le salon offre ainsi l&rsquo;occasion de participer \u00e0 des conf\u00e9rences, \u00e0 des animations, \u00e0 des [&hellip;]","og_url":"https:\/\/batijournal.com\/index.php\/reims-un-nouveau-salon-du-batiment\/80106\/","og_site_name":"Batijournal","article_published_time":"2008-11-18T23:00:00+00:00","og_image":[{"width":599,"height":214,"url":"https:\/\/batijournal.com\/wp-content\/uploads\/2015\/03\/014319341.jpg","type":"image\/jpeg"}],"author":"Bati-journal","twitter_card":"summary_large_image","twitter_creator":"@bati_journal","twitter_site":"@bati_journal","twitter_misc":{"\u00c9crit par":"Bati-journal","Dur\u00e9e de lecture estim\u00e9e":"1 minute"},"schema":{"@context":"https:\/\/schema.org","@graph":[{"@type":"Article","@id":"https:\/\/batijournal.com\/index.php\/reims-un-nouveau-salon-du-batiment\/80106\/#article","isPartOf":{"@id":"https:\/\/batijournal.com\/index.php\/reims-un-nouveau-salon-du-batiment\/80106\/"},"author":{"name":"Bati-journal","@id":"https:\/\/batijournal.com\/#\/schema\/person\/6a657e8967569e1b299972574848aa76"},"headline":"Reims : un nouveau salon du b\u00e2timent","datePublished":"2008-11-18T23:00:00+00:00","mainEntityOfPage":{"@id":"https:\/\/batijournal.com\/index.php\/reims-un-nouveau-salon-du-batiment\/80106\/"},"wordCount":132,"commentCount":0,"image":{"@id":"https:\/\/batijournal.com\/index.php\/reims-un-nouveau-salon-du-batiment\/80106\/#primaryimage"},"thumbnailUrl":"https:\/\/batijournal.com\/wp-content\/uploads\/2015\/03\/014319341.jpg","keywords":["Sabine","salon"],"articleSection":["\u00c9v\u00e9nements"],"inLanguage":"fr-FR","potentialAction":[{"@type":"CommentAction","name":"Comment","target":["https:\/\/batijournal.com\/index.php\/reims-un-nouveau-salon-du-batiment\/80106\/#respond"]}]},{"@type":"WebPage","@id":"https:\/\/batijournal.com\/index.php\/reims-un-nouveau-salon-du-batiment\/80106\/","url":"https:\/\/batijournal.com\/index.php\/reims-un-nouveau-salon-du-batiment\/80106\/","name":"Reims : un nouveau salon du b\u00e2timent","isPartOf":{"@id":"https:\/\/batijournal.com\/#website"},"primaryImageOfPage":{"@id":"https:\/\/batijournal.com\/index.php\/reims-un-nouveau-salon-du-batiment\/80106\/#primaryimage"},"image":{"@id":"https:\/\/batijournal.com\/index.php\/reims-un-nouveau-salon-du-batiment\/80106\/#primaryimage"},"thumbnailUrl":"https:\/\/batijournal.com\/wp-content\/uploads\/2015\/03\/014319341.jpg","datePublished":"2008-11-18T23:00:00+00:00","author":{"@id":"https:\/\/batijournal.com\/#\/schema\/person\/6a657e8967569e1b299972574848aa76"},"breadcrumb":{"@id":"https:\/\/batijournal.com\/index.php\/reims-un-nouveau-salon-du-batiment\/80106\/#breadcrumb"},"inLanguage":"fr-FR","potentialAction":[{"@type":"ReadAction","target":["https:\/\/batijournal.com\/index.php\/reims-un-nouveau-salon-du-batiment\/80106\/"]}]},{"@type":"ImageObject","inLanguage":"fr-FR","@id":"https:\/\/batijournal.com\/index.php\/reims-un-nouveau-salon-du-batiment\/80106\/#primaryimage","url":"https:\/\/batijournal.com\/wp-content\/uploads\/2015\/03\/014319341.jpg","contentUrl":"https:\/\/batijournal.com\/wp-content\/uploads\/2015\/03\/014319341.jpg","width":599,"height":214},{"@type":"BreadcrumbList","@id":"https:\/\/batijournal.com\/index.php\/reims-un-nouveau-salon-du-batiment\/80106\/#breadcrumb","itemListElement":[{"@type":"ListItem","position":1,"name":"Accueil","item":"https:\/\/batijournal.com\/"},{"@type":"ListItem","position":2,"name":"\u00c9v\u00e9nements","item":"https:\/\/batijournal.com\/index.php\/category\/evenements\/"},{"@type":"ListItem","position":3,"name":"Reims : un nouveau salon du b\u00e2timent"}]},{"@type":"WebSite","@id":"https:\/\/batijournal.com\/#website","url":"https:\/\/batijournal.com\/","name":"Batijournal","description":"L&#039;actualit\u00e9 du b\u00e2timent","potentialAction":[{"@type":"SearchAction","target":{"@type":"EntryPoint","urlTemplate":"https:\/\/batijournal.com\/?s={search_term_string}"},"query-input":{"@type":"PropertyValueSpecification","valueRequired":true,"valueName":"search_term_string"}}],"inLanguage":"fr-FR"},{"@type":"Person","@id":"https:\/\/batijournal.com\/#\/schema\/person\/6a657e8967569e1b299972574848aa76","name":"Bati-journal","image":{"@type":"ImageObject","inLanguage":"fr-FR","@id":"https:\/\/secure.gravatar.com\/avatar\/a64364ea26392f9b4dd47e017ddaec74ff03aefc073b49e492e847201258f777?s=96&d=mm&r=g","url":"https:\/\/secure.gravatar.com\/avatar\/a64364ea26392f9b4dd47e017ddaec74ff03aefc073b49e492e847201258f777?s=96&d=mm&r=g","contentUrl":"https:\/\/secure.gravatar.com\/avatar\/a64364ea26392f9b4dd47e017ddaec74ff03aefc073b49e492e847201258f777?s=96&d=mm&r=g","caption":"Bati-journal"},"url":"https:\/\/batijournal.com\/index.php\/author\/elodie\/"}]}},"_links":{"self":[{"href":"https:\/\/batijournal.com\/index.php\/wp-json\/wp\/v2\/posts\/80106","targetHints":{"allow":["GET"]}}],"collection":[{"href":"https:\/\/batijournal.com\/index.php\/wp-json\/wp\/v2\/posts"}],"about":[{"href":"https:\/\/batijournal.com\/index.php\/wp-json\/wp\/v2\/types\/post"}],"author":[{"embeddable":true,"href":"https:\/\/batijournal.com\/index.php\/wp-json\/wp\/v2\/users\/1"}],"replies":[{"embeddable":true,"href":"https:\/\/batijournal.com\/index.php\/wp-json\/wp\/v2\/comments?post=80106"}],"version-history":[{"count":0,"href":"https:\/\/batijournal.com\/index.php\/wp-json\/wp\/v2\/posts\/80106\/revisions"}],"wp:featuredmedia":[{"embeddable":true,"href":"https:\/\/batijournal.com\/index.php\/wp-json\/wp\/v2\/media\/80107"}],"wp:attachment":[{"href":"https:\/\/batijournal.com\/index.php\/wp-json\/wp\/v2\/media?parent=80106"}],"wp:term":[{"taxonomy":"category","embeddable":true,"href":"https:\/\/batijournal.com\/index.php\/wp-json\/wp\/v2\/categories?post=80106"},{"taxonomy":"post_tag","embeddable":true,"href":"https:\/\/batijournal.com\/index.php\/wp-json\/wp\/v2\/tags?post=80106"}],"curies":[{"name":"wp","href":"https:\/\/api.w.org\/{rel}","templated":true}]}}