{"id":80145,"date":"2009-01-02T00:00:00","date_gmt":"2009-01-01T23:00:00","guid":{"rendered":"http:\/\/b.bati-journal.com\/planete-durable-salon-ecoconso-et-style-de-vie-paris-expo-porte-de-versailles\/80145"},"modified":"2009-01-02T00:00:00","modified_gmt":"2009-01-01T23:00:00","slug":"planete-durable-salon-ecoconso-et-style-de-vie-paris-expo-porte-de-versailles","status":"publish","type":"post","link":"https:\/\/batijournal.com\/index.php\/planete-durable-salon-ecoconso-et-style-de-vie-paris-expo-porte-de-versailles\/80145\/","title":{"rendered":"Plan\u00e8te Durable &#8211; Salon \u00e9coconso et style de vie &#8211; Paris Expo, porte de Versailles"},"content":{"rendered":"<p>De l\u0092&rsquo;habitat \u00e0 la mode, en passant par les transports, l&rsquo;\u0092alimentation, les \u00e9nergies renouvelables, les cosm\u00e9tiques, le tourisme, les services bancaires\u0085 voici un salon engag\u00e9 qui d\u00e9montre qu&rsquo;il est possible de r\u00e9duire son impact quotidien sur l&rsquo;environnement. Organis\u00e9 pendant la Semaine du d\u00e9veloppement durable, il proposera \u00e9galement des ateliers, des conf\u00e9rences et de nombreuses animations pour petits et grands. Et pour joindre le geste \u00e0 la parole, un bilan carbone de la totalit\u00e9 de l&rsquo;\u0092\u00e9v\u00e9nement sera r\u00e9alis\u00e9.<\/p>\n","protected":false},"excerpt":{"rendered":"<p>De l\u0092&rsquo;habitat \u00e0 la mode, en passant par les transports, l&rsquo;\u0092alimentation, les \u00e9nergies renouvelables, les cosm\u00e9tiques, le tourisme, les services bancaires\u0085 voici un salon engag\u00e9 qui d\u00e9montre qu&rsquo;il est possible de r\u00e9duire son impact quotidien sur l&rsquo;environnement. Organis\u00e9 pendant la Semaine du d\u00e9veloppement durable, il proposera \u00e9galement des ateliers, des conf\u00e9rences et de nombreuses animations [&hellip;]<\/p>\n","protected":false},"author":1,"featured_media":80146,"comment_status":"open","ping_status":"closed","sticky":false,"template":"","format":"standard","meta":{"_et_pb_use_builder":"","_et_pb_old_content":"","_et_gb_content_width":"","footnotes":""},"categories":[9192],"tags":[],"class_list":["post-80145","post","type-post","status-publish","format-standard","has-post-thumbnail","hentry","category-evenements"],"yoast_head":"<!-- This site is optimized with the Yoast SEO plugin v27.4 - https:\/\/yoast.com\/product\/yoast-seo-wordpress\/ -->\n<title>Plan\u00e8te Durable - Salon \u00e9coconso et style de vie - Paris Expo, porte de Versailles<\/title>\n<meta name=\"robots\" content=\"index, follow, max-snippet:-1, max-image-preview:large, max-video-preview:-1\" \/>\n<link rel=\"canonical\" href=\"https:\/\/batijournal.com\/index.php\/planete-durable-salon-ecoconso-et-style-de-vie-paris-expo-porte-de-versailles\/80145\/\" \/>\n<meta property=\"og:locale\" content=\"fr_FR\" \/>\n<meta property=\"og:type\" content=\"article\" \/>\n<meta property=\"og:title\" content=\"Plan\u00e8te Durable - Salon \u00e9coconso et style de vie - Paris Expo, porte de Versailles\" \/>\n<meta property=\"og:description\" content=\"De l\u0092&rsquo;habitat \u00e0 la mode, en passant par les transports, l&rsquo;\u0092alimentation, les \u00e9nergies renouvelables, les cosm\u00e9tiques, le tourisme, les services bancaires\u0085 voici un salon engag\u00e9 qui d\u00e9montre qu&rsquo;il est possible de r\u00e9duire son impact quotidien sur l&rsquo;environnement. Organis\u00e9 pendant la Semaine du d\u00e9veloppement durable, il proposera \u00e9galement des ateliers, des conf\u00e9rences et de nombreuses animations [&hellip;]\" \/>\n<meta property=\"og:url\" content=\"https:\/\/batijournal.com\/index.php\/planete-durable-salon-ecoconso-et-style-de-vie-paris-expo-porte-de-versailles\/80145\/\" \/>\n<meta property=\"og:site_name\" content=\"Batijournal\" \/>\n<meta property=\"article:published_time\" content=\"2009-01-01T23:00:00+00:00\" \/>\n<meta property=\"og:image\" content=\"https:\/\/batijournal.com\/wp-content\/uploads\/2015\/03\/02574138.jpg\" \/>\n\t<meta property=\"og:image:width\" content=\"399\" \/>\n\t<meta property=\"og:image:height\" content=\"600\" \/>\n\t<meta property=\"og:image:type\" content=\"image\/jpeg\" \/>\n<meta name=\"author\" content=\"Bati-journal\" \/>\n<meta name=\"twitter:card\" content=\"summary_large_image\" \/>\n<meta name=\"twitter:creator\" content=\"@bati_journal\" \/>\n<meta name=\"twitter:site\" content=\"@bati_journal\" \/>\n<meta name=\"twitter:label1\" content=\"\u00c9crit par\" \/>\n\t<meta name=\"twitter:data1\" content=\"Bati-journal\" \/>\n<script type=\"application\/ld+json\" class=\"yoast-schema-graph\">{\"@context\":\"https:\\\/\\\/schema.org\",\"@graph\":[{\"@type\":\"Article\",\"@id\":\"https:\\\/\\\/batijournal.com\\\/index.php\\\/planete-durable-salon-ecoconso-et-style-de-vie-paris-expo-porte-de-versailles\\\/80145\\\/#article\",\"isPartOf\":{\"@id\":\"https:\\\/\\\/batijournal.com\\\/index.php\\\/planete-durable-salon-ecoconso-et-style-de-vie-paris-expo-porte-de-versailles\\\/80145\\\/\"},\"author\":{\"name\":\"Bati-journal\",\"@id\":\"https:\\\/\\\/batijournal.com\\\/#\\\/schema\\\/person\\\/6a657e8967569e1b299972574848aa76\"},\"headline\":\"Plan\u00e8te Durable &#8211; Salon \u00e9coconso et style de vie &#8211; Paris Expo, porte de Versailles\",\"datePublished\":\"2009-01-01T23:00:00+00:00\",\"mainEntityOfPage\":{\"@id\":\"https:\\\/\\\/batijournal.com\\\/index.php\\\/planete-durable-salon-ecoconso-et-style-de-vie-paris-expo-porte-de-versailles\\\/80145\\\/\"},\"wordCount\":103,\"commentCount\":0,\"image\":{\"@id\":\"https:\\\/\\\/batijournal.com\\\/index.php\\\/planete-durable-salon-ecoconso-et-style-de-vie-paris-expo-porte-de-versailles\\\/80145\\\/#primaryimage\"},\"thumbnailUrl\":\"https:\\\/\\\/batijournal.com\\\/wp-content\\\/uploads\\\/2015\\\/03\\\/02574138.jpg\",\"articleSection\":[\"\u00c9v\u00e9nements\"],\"inLanguage\":\"fr-FR\",\"potentialAction\":[{\"@type\":\"CommentAction\",\"name\":\"Comment\",\"target\":[\"https:\\\/\\\/batijournal.com\\\/index.php\\\/planete-durable-salon-ecoconso-et-style-de-vie-paris-expo-porte-de-versailles\\\/80145\\\/#respond\"]}]},{\"@type\":\"WebPage\",\"@id\":\"https:\\\/\\\/batijournal.com\\\/index.php\\\/planete-durable-salon-ecoconso-et-style-de-vie-paris-expo-porte-de-versailles\\\/80145\\\/\",\"url\":\"https:\\\/\\\/batijournal.com\\\/index.php\\\/planete-durable-salon-ecoconso-et-style-de-vie-paris-expo-porte-de-versailles\\\/80145\\\/\",\"name\":\"Plan\u00e8te Durable - Salon \u00e9coconso et style de vie - Paris Expo, porte de Versailles\",\"isPartOf\":{\"@id\":\"https:\\\/\\\/batijournal.com\\\/#website\"},\"primaryImageOfPage\":{\"@id\":\"https:\\\/\\\/batijournal.com\\\/index.php\\\/planete-durable-salon-ecoconso-et-style-de-vie-paris-expo-porte-de-versailles\\\/80145\\\/#primaryimage\"},\"image\":{\"@id\":\"https:\\\/\\\/batijournal.com\\\/index.php\\\/planete-durable-salon-ecoconso-et-style-de-vie-paris-expo-porte-de-versailles\\\/80145\\\/#primaryimage\"},\"thumbnailUrl\":\"https:\\\/\\\/batijournal.com\\\/wp-content\\\/uploads\\\/2015\\\/03\\\/02574138.jpg\",\"datePublished\":\"2009-01-01T23:00:00+00:00\",\"author\":{\"@id\":\"https:\\\/\\\/batijournal.com\\\/#\\\/schema\\\/person\\\/6a657e8967569e1b299972574848aa76\"},\"breadcrumb\":{\"@id\":\"https:\\\/\\\/batijournal.com\\\/index.php\\\/planete-durable-salon-ecoconso-et-style-de-vie-paris-expo-porte-de-versailles\\\/80145\\\/#breadcrumb\"},\"inLanguage\":\"fr-FR\",\"potentialAction\":[{\"@type\":\"ReadAction\",\"target\":[\"https:\\\/\\\/batijournal.com\\\/index.php\\\/planete-durable-salon-ecoconso-et-style-de-vie-paris-expo-porte-de-versailles\\\/80145\\\/\"]}]},{\"@type\":\"ImageObject\",\"inLanguage\":\"fr-FR\",\"@id\":\"https:\\\/\\\/batijournal.com\\\/index.php\\\/planete-durable-salon-ecoconso-et-style-de-vie-paris-expo-porte-de-versailles\\\/80145\\\/#primaryimage\",\"url\":\"https:\\\/\\\/batijournal.com\\\/wp-content\\\/uploads\\\/2015\\\/03\\\/02574138.jpg\",\"contentUrl\":\"https:\\\/\\\/batijournal.com\\\/wp-content\\\/uploads\\\/2015\\\/03\\\/02574138.jpg\",\"width\":399,\"height\":600},{\"@type\":\"BreadcrumbList\",\"@id\":\"https:\\\/\\\/batijournal.com\\\/index.php\\\/planete-durable-salon-ecoconso-et-style-de-vie-paris-expo-porte-de-versailles\\\/80145\\\/#breadcrumb\",\"itemListElement\":[{\"@type\":\"ListItem\",\"position\":1,\"name\":\"Accueil\",\"item\":\"https:\\\/\\\/batijournal.com\\\/\"},{\"@type\":\"ListItem\",\"position\":2,\"name\":\"\u00c9v\u00e9nements\",\"item\":\"https:\\\/\\\/batijournal.com\\\/index.php\\\/category\\\/evenements\\\/\"},{\"@type\":\"ListItem\",\"position\":3,\"name\":\"Plan\u00e8te Durable &#8211; Salon \u00e9coconso et style de vie &#8211; Paris Expo, porte de Versailles\"}]},{\"@type\":\"WebSite\",\"@id\":\"https:\\\/\\\/batijournal.com\\\/#website\",\"url\":\"https:\\\/\\\/batijournal.com\\\/\",\"name\":\"Batijournal\",\"description\":\"L&#039;actualit\u00e9 du b\u00e2timent\",\"potentialAction\":[{\"@type\":\"SearchAction\",\"target\":{\"@type\":\"EntryPoint\",\"urlTemplate\":\"https:\\\/\\\/batijournal.com\\\/?s={search_term_string}\"},\"query-input\":{\"@type\":\"PropertyValueSpecification\",\"valueRequired\":true,\"valueName\":\"search_term_string\"}}],\"inLanguage\":\"fr-FR\"},{\"@type\":\"Person\",\"@id\":\"https:\\\/\\\/batijournal.com\\\/#\\\/schema\\\/person\\\/6a657e8967569e1b299972574848aa76\",\"name\":\"Bati-journal\",\"image\":{\"@type\":\"ImageObject\",\"inLanguage\":\"fr-FR\",\"@id\":\"https:\\\/\\\/secure.gravatar.com\\\/avatar\\\/a64364ea26392f9b4dd47e017ddaec74ff03aefc073b49e492e847201258f777?s=96&d=mm&r=g\",\"url\":\"https:\\\/\\\/secure.gravatar.com\\\/avatar\\\/a64364ea26392f9b4dd47e017ddaec74ff03aefc073b49e492e847201258f777?s=96&d=mm&r=g\",\"contentUrl\":\"https:\\\/\\\/secure.gravatar.com\\\/avatar\\\/a64364ea26392f9b4dd47e017ddaec74ff03aefc073b49e492e847201258f777?s=96&d=mm&r=g\",\"caption\":\"Bati-journal\"},\"url\":\"https:\\\/\\\/batijournal.com\\\/index.php\\\/author\\\/elodie\\\/\"}]}<\/script>\n<!-- \/ Yoast SEO plugin. -->","yoast_head_json":{"title":"Plan\u00e8te Durable - Salon \u00e9coconso et style de vie - Paris Expo, porte de Versailles","robots":{"index":"index","follow":"follow","max-snippet":"max-snippet:-1","max-image-preview":"max-image-preview:large","max-video-preview":"max-video-preview:-1"},"canonical":"https:\/\/batijournal.com\/index.php\/planete-durable-salon-ecoconso-et-style-de-vie-paris-expo-porte-de-versailles\/80145\/","og_locale":"fr_FR","og_type":"article","og_title":"Plan\u00e8te Durable - Salon \u00e9coconso et style de vie - Paris Expo, porte de Versailles","og_description":"De l\u0092&rsquo;habitat \u00e0 la mode, en passant par les transports, l&rsquo;\u0092alimentation, les \u00e9nergies renouvelables, les cosm\u00e9tiques, le tourisme, les services bancaires\u0085 voici un salon engag\u00e9 qui d\u00e9montre qu&rsquo;il est possible de r\u00e9duire son impact quotidien sur l&rsquo;environnement. Organis\u00e9 pendant la Semaine du d\u00e9veloppement durable, il proposera \u00e9galement des ateliers, des conf\u00e9rences et de nombreuses animations [&hellip;]","og_url":"https:\/\/batijournal.com\/index.php\/planete-durable-salon-ecoconso-et-style-de-vie-paris-expo-porte-de-versailles\/80145\/","og_site_name":"Batijournal","article_published_time":"2009-01-01T23:00:00+00:00","og_image":[{"width":399,"height":600,"url":"https:\/\/batijournal.com\/wp-content\/uploads\/2015\/03\/02574138.jpg","type":"image\/jpeg"}],"author":"Bati-journal","twitter_card":"summary_large_image","twitter_creator":"@bati_journal","twitter_site":"@bati_journal","twitter_misc":{"\u00c9crit par":"Bati-journal"},"schema":{"@context":"https:\/\/schema.org","@graph":[{"@type":"Article","@id":"https:\/\/batijournal.com\/index.php\/planete-durable-salon-ecoconso-et-style-de-vie-paris-expo-porte-de-versailles\/80145\/#article","isPartOf":{"@id":"https:\/\/batijournal.com\/index.php\/planete-durable-salon-ecoconso-et-style-de-vie-paris-expo-porte-de-versailles\/80145\/"},"author":{"name":"Bati-journal","@id":"https:\/\/batijournal.com\/#\/schema\/person\/6a657e8967569e1b299972574848aa76"},"headline":"Plan\u00e8te Durable &#8211; Salon \u00e9coconso et style de vie &#8211; Paris Expo, porte de Versailles","datePublished":"2009-01-01T23:00:00+00:00","mainEntityOfPage":{"@id":"https:\/\/batijournal.com\/index.php\/planete-durable-salon-ecoconso-et-style-de-vie-paris-expo-porte-de-versailles\/80145\/"},"wordCount":103,"commentCount":0,"image":{"@id":"https:\/\/batijournal.com\/index.php\/planete-durable-salon-ecoconso-et-style-de-vie-paris-expo-porte-de-versailles\/80145\/#primaryimage"},"thumbnailUrl":"https:\/\/batijournal.com\/wp-content\/uploads\/2015\/03\/02574138.jpg","articleSection":["\u00c9v\u00e9nements"],"inLanguage":"fr-FR","potentialAction":[{"@type":"CommentAction","name":"Comment","target":["https:\/\/batijournal.com\/index.php\/planete-durable-salon-ecoconso-et-style-de-vie-paris-expo-porte-de-versailles\/80145\/#respond"]}]},{"@type":"WebPage","@id":"https:\/\/batijournal.com\/index.php\/planete-durable-salon-ecoconso-et-style-de-vie-paris-expo-porte-de-versailles\/80145\/","url":"https:\/\/batijournal.com\/index.php\/planete-durable-salon-ecoconso-et-style-de-vie-paris-expo-porte-de-versailles\/80145\/","name":"Plan\u00e8te Durable - Salon \u00e9coconso et style de vie - Paris Expo, porte de Versailles","isPartOf":{"@id":"https:\/\/batijournal.com\/#website"},"primaryImageOfPage":{"@id":"https:\/\/batijournal.com\/index.php\/planete-durable-salon-ecoconso-et-style-de-vie-paris-expo-porte-de-versailles\/80145\/#primaryimage"},"image":{"@id":"https:\/\/batijournal.com\/index.php\/planete-durable-salon-ecoconso-et-style-de-vie-paris-expo-porte-de-versailles\/80145\/#primaryimage"},"thumbnailUrl":"https:\/\/batijournal.com\/wp-content\/uploads\/2015\/03\/02574138.jpg","datePublished":"2009-01-01T23:00:00+00:00","author":{"@id":"https:\/\/batijournal.com\/#\/schema\/person\/6a657e8967569e1b299972574848aa76"},"breadcrumb":{"@id":"https:\/\/batijournal.com\/index.php\/planete-durable-salon-ecoconso-et-style-de-vie-paris-expo-porte-de-versailles\/80145\/#breadcrumb"},"inLanguage":"fr-FR","potentialAction":[{"@type":"ReadAction","target":["https:\/\/batijournal.com\/index.php\/planete-durable-salon-ecoconso-et-style-de-vie-paris-expo-porte-de-versailles\/80145\/"]}]},{"@type":"ImageObject","inLanguage":"fr-FR","@id":"https:\/\/batijournal.com\/index.php\/planete-durable-salon-ecoconso-et-style-de-vie-paris-expo-porte-de-versailles\/80145\/#primaryimage","url":"https:\/\/batijournal.com\/wp-content\/uploads\/2015\/03\/02574138.jpg","contentUrl":"https:\/\/batijournal.com\/wp-content\/uploads\/2015\/03\/02574138.jpg","width":399,"height":600},{"@type":"BreadcrumbList","@id":"https:\/\/batijournal.com\/index.php\/planete-durable-salon-ecoconso-et-style-de-vie-paris-expo-porte-de-versailles\/80145\/#breadcrumb","itemListElement":[{"@type":"ListItem","position":1,"name":"Accueil","item":"https:\/\/batijournal.com\/"},{"@type":"ListItem","position":2,"name":"\u00c9v\u00e9nements","item":"https:\/\/batijournal.com\/index.php\/category\/evenements\/"},{"@type":"ListItem","position":3,"name":"Plan\u00e8te Durable &#8211; Salon \u00e9coconso et style de vie &#8211; Paris Expo, porte de Versailles"}]},{"@type":"WebSite","@id":"https:\/\/batijournal.com\/#website","url":"https:\/\/batijournal.com\/","name":"Batijournal","description":"L&#039;actualit\u00e9 du b\u00e2timent","potentialAction":[{"@type":"SearchAction","target":{"@type":"EntryPoint","urlTemplate":"https:\/\/batijournal.com\/?s={search_term_string}"},"query-input":{"@type":"PropertyValueSpecification","valueRequired":true,"valueName":"search_term_string"}}],"inLanguage":"fr-FR"},{"@type":"Person","@id":"https:\/\/batijournal.com\/#\/schema\/person\/6a657e8967569e1b299972574848aa76","name":"Bati-journal","image":{"@type":"ImageObject","inLanguage":"fr-FR","@id":"https:\/\/secure.gravatar.com\/avatar\/a64364ea26392f9b4dd47e017ddaec74ff03aefc073b49e492e847201258f777?s=96&d=mm&r=g","url":"https:\/\/secure.gravatar.com\/avatar\/a64364ea26392f9b4dd47e017ddaec74ff03aefc073b49e492e847201258f777?s=96&d=mm&r=g","contentUrl":"https:\/\/secure.gravatar.com\/avatar\/a64364ea26392f9b4dd47e017ddaec74ff03aefc073b49e492e847201258f777?s=96&d=mm&r=g","caption":"Bati-journal"},"url":"https:\/\/batijournal.com\/index.php\/author\/elodie\/"}]}},"_links":{"self":[{"href":"https:\/\/batijournal.com\/index.php\/wp-json\/wp\/v2\/posts\/80145","targetHints":{"allow":["GET"]}}],"collection":[{"href":"https:\/\/batijournal.com\/index.php\/wp-json\/wp\/v2\/posts"}],"about":[{"href":"https:\/\/batijournal.com\/index.php\/wp-json\/wp\/v2\/types\/post"}],"author":[{"embeddable":true,"href":"https:\/\/batijournal.com\/index.php\/wp-json\/wp\/v2\/users\/1"}],"replies":[{"embeddable":true,"href":"https:\/\/batijournal.com\/index.php\/wp-json\/wp\/v2\/comments?post=80145"}],"version-history":[{"count":0,"href":"https:\/\/batijournal.com\/index.php\/wp-json\/wp\/v2\/posts\/80145\/revisions"}],"wp:featuredmedia":[{"embeddable":true,"href":"https:\/\/batijournal.com\/index.php\/wp-json\/wp\/v2\/media\/80146"}],"wp:attachment":[{"href":"https:\/\/batijournal.com\/index.php\/wp-json\/wp\/v2\/media?parent=80145"}],"wp:term":[{"taxonomy":"category","embeddable":true,"href":"https:\/\/batijournal.com\/index.php\/wp-json\/wp\/v2\/categories?post=80145"},{"taxonomy":"post_tag","embeddable":true,"href":"https:\/\/batijournal.com\/index.php\/wp-json\/wp\/v2\/tags?post=80145"}],"curies":[{"name":"wp","href":"https:\/\/api.w.org\/{rel}","templated":true}]}}