{"id":80172,"date":"2009-01-28T00:00:00","date_gmt":"2009-01-27T23:00:00","guid":{"rendered":"http:\/\/b.bati-journal.com\/26-et-27-fevrier-2009-symposium-international-lascaux-et-la-conservation-en-milieu-souterrain\/80172"},"modified":"2009-01-28T00:00:00","modified_gmt":"2009-01-27T23:00:00","slug":"26-et-27-fevrier-2009-symposium-international-lascaux-et-la-conservation-en-milieu-souterrain","status":"publish","type":"post","link":"https:\/\/batijournal.com\/index.php\/26-et-27-fevrier-2009-symposium-international-lascaux-et-la-conservation-en-milieu-souterrain\/80172\/","title":{"rendered":"26 et 27 f\u00e9vrier 2009 : symposium international \u00ab Lascaux et la conservation en milieu souterrain \u00bb"},"content":{"rendered":"<p>Organis\u00e9 \u00e0 l\u0092&rsquo;initiative de Christine Albanel, ce symposium international se d\u00e9roulera les 26 et 27 f\u00e9vrier prochain sous la pr\u00e9sidence de Jean Clottes, pr\u00e9sident de la F\u00e9d\u00e9ration internationale des organisations d\u0092&rsquo;art rupestre (IFRAO). Cette rencontre a pour objectif de susciter un d\u00e9bat international et pluridisciplinaire autour de la grotte de Lascaux, site inscrit sur la liste du patrimoine mondial de l&rsquo;\u0092Unesco, et de la conservation en milieu souterrain. Elle favorisera ainsi la comparaison entre les probl\u00e9matiques d\u00e9velopp\u00e9es par les travaux du Comit\u00e9 scientifique international de la grotte de Lascaux depuis sa cr\u00e9ation en 2002 et les recherches conduites par d\u0092&rsquo;autres \u00e9quipes dans plusieurs disciplines scientifiques dans de nombreux pays (Afrique du Sud, Allemagne, Australie, Espagne, Etats-Unis, Italie, Japon, Nouvelle-Z\u00e9lande, Portugal, R\u00e9publique Tch\u00e8que). La ministre de la Culture et de la Communication ouvrira cette rencontre qui s\u0092&rsquo;organisera autour de trois th\u00e8mes majeurs : environnement g\u00e9ologique et climatique, micro-organismes en milieu souterrain, conservation et mise en valeur des grottes orn\u00e9es. Les travaux pr\u00e9sent\u00e9s en fran\u00e7ais ou en anglais seront prolong\u00e9s par des d\u00e9bats faisant largement intervenir des experts invit\u00e9s, ainsi que l\u0092&rsquo;ensemble des participants. Les actes du symposium seront publi\u00e9s avant la fin de l\u0092&rsquo;ann\u00e9e 2009. Ce symposium est organis\u00e9 en collaboration avec l&rsquo;\u0092Institut national du patrimoine. Il se tiendra \u00e0 l&rsquo;\u0092auditorium Colbert, Institut national du patrimoine, 2, rue Vivienne, Paris 2 \u00e8me.<\/p>\n","protected":false},"excerpt":{"rendered":"<p>Organis\u00e9 \u00e0 l\u0092&rsquo;initiative de Christine Albanel, ce symposium international se d\u00e9roulera les 26 et 27 f\u00e9vrier prochain sous la pr\u00e9sidence de Jean Clottes, pr\u00e9sident de la F\u00e9d\u00e9ration internationale des organisations d\u0092&rsquo;art rupestre (IFRAO). Cette rencontre a pour objectif de susciter un d\u00e9bat international et pluridisciplinaire autour de la grotte de Lascaux, site inscrit sur la [&hellip;]<\/p>\n","protected":false},"author":1,"featured_media":0,"comment_status":"open","ping_status":"closed","sticky":false,"template":"","format":"standard","meta":{"_et_pb_use_builder":"","_et_pb_old_content":"","_et_gb_content_width":"","footnotes":""},"categories":[9192],"tags":[5462],"class_list":["post-80172","post","type-post","status-publish","format-standard","hentry","category-evenements","tag-lascaux"],"yoast_head":"<!-- This site is optimized with the Yoast SEO plugin v27.4 - https:\/\/yoast.com\/product\/yoast-seo-wordpress\/ -->\n<title>26 et 27 f\u00e9vrier 2009 : symposium international \u00ab Lascaux et la conservation en milieu souterrain \u00bb<\/title>\n<meta name=\"robots\" content=\"index, follow, max-snippet:-1, max-image-preview:large, max-video-preview:-1\" \/>\n<link rel=\"canonical\" href=\"https:\/\/batijournal.com\/index.php\/26-et-27-fevrier-2009-symposium-international-lascaux-et-la-conservation-en-milieu-souterrain\/80172\/\" \/>\n<meta property=\"og:locale\" content=\"fr_FR\" \/>\n<meta property=\"og:type\" content=\"article\" \/>\n<meta property=\"og:title\" content=\"26 et 27 f\u00e9vrier 2009 : symposium international \u00ab Lascaux et la conservation en milieu souterrain \u00bb\" \/>\n<meta property=\"og:description\" content=\"Organis\u00e9 \u00e0 l\u0092&rsquo;initiative de Christine Albanel, ce symposium international se d\u00e9roulera les 26 et 27 f\u00e9vrier prochain sous la pr\u00e9sidence de Jean Clottes, pr\u00e9sident de la F\u00e9d\u00e9ration internationale des organisations d\u0092&rsquo;art rupestre (IFRAO). Cette rencontre a pour objectif de susciter un d\u00e9bat international et pluridisciplinaire autour de la grotte de Lascaux, site inscrit sur la [&hellip;]\" \/>\n<meta property=\"og:url\" content=\"https:\/\/batijournal.com\/index.php\/26-et-27-fevrier-2009-symposium-international-lascaux-et-la-conservation-en-milieu-souterrain\/80172\/\" \/>\n<meta property=\"og:site_name\" content=\"Batijournal\" \/>\n<meta property=\"article:published_time\" content=\"2009-01-27T23:00:00+00:00\" \/>\n<meta name=\"author\" content=\"Bati-journal\" \/>\n<meta name=\"twitter:card\" content=\"summary_large_image\" \/>\n<meta name=\"twitter:creator\" content=\"@bati_journal\" \/>\n<meta name=\"twitter:site\" content=\"@bati_journal\" \/>\n<meta name=\"twitter:label1\" content=\"\u00c9crit par\" \/>\n\t<meta name=\"twitter:data1\" content=\"Bati-journal\" \/>\n\t<meta name=\"twitter:label2\" content=\"Dur\u00e9e de lecture estim\u00e9e\" \/>\n\t<meta name=\"twitter:data2\" content=\"1 minute\" \/>\n<script type=\"application\/ld+json\" class=\"yoast-schema-graph\">{\"@context\":\"https:\\\/\\\/schema.org\",\"@graph\":[{\"@type\":\"Article\",\"@id\":\"https:\\\/\\\/batijournal.com\\\/index.php\\\/26-et-27-fevrier-2009-symposium-international-lascaux-et-la-conservation-en-milieu-souterrain\\\/80172\\\/#article\",\"isPartOf\":{\"@id\":\"https:\\\/\\\/batijournal.com\\\/index.php\\\/26-et-27-fevrier-2009-symposium-international-lascaux-et-la-conservation-en-milieu-souterrain\\\/80172\\\/\"},\"author\":{\"name\":\"Bati-journal\",\"@id\":\"https:\\\/\\\/batijournal.com\\\/#\\\/schema\\\/person\\\/6a657e8967569e1b299972574848aa76\"},\"headline\":\"26 et 27 f\u00e9vrier 2009 : symposium international \u00ab Lascaux et la conservation en milieu souterrain \u00bb\",\"datePublished\":\"2009-01-27T23:00:00+00:00\",\"mainEntityOfPage\":{\"@id\":\"https:\\\/\\\/batijournal.com\\\/index.php\\\/26-et-27-fevrier-2009-symposium-international-lascaux-et-la-conservation-en-milieu-souterrain\\\/80172\\\/\"},\"wordCount\":258,\"commentCount\":0,\"keywords\":[\"lascaux\"],\"articleSection\":[\"\u00c9v\u00e9nements\"],\"inLanguage\":\"fr-FR\",\"potentialAction\":[{\"@type\":\"CommentAction\",\"name\":\"Comment\",\"target\":[\"https:\\\/\\\/batijournal.com\\\/index.php\\\/26-et-27-fevrier-2009-symposium-international-lascaux-et-la-conservation-en-milieu-souterrain\\\/80172\\\/#respond\"]}]},{\"@type\":\"WebPage\",\"@id\":\"https:\\\/\\\/batijournal.com\\\/index.php\\\/26-et-27-fevrier-2009-symposium-international-lascaux-et-la-conservation-en-milieu-souterrain\\\/80172\\\/\",\"url\":\"https:\\\/\\\/batijournal.com\\\/index.php\\\/26-et-27-fevrier-2009-symposium-international-lascaux-et-la-conservation-en-milieu-souterrain\\\/80172\\\/\",\"name\":\"26 et 27 f\u00e9vrier 2009 : symposium international \u00ab Lascaux et la conservation en milieu souterrain \u00bb\",\"isPartOf\":{\"@id\":\"https:\\\/\\\/batijournal.com\\\/#website\"},\"datePublished\":\"2009-01-27T23:00:00+00:00\",\"author\":{\"@id\":\"https:\\\/\\\/batijournal.com\\\/#\\\/schema\\\/person\\\/6a657e8967569e1b299972574848aa76\"},\"breadcrumb\":{\"@id\":\"https:\\\/\\\/batijournal.com\\\/index.php\\\/26-et-27-fevrier-2009-symposium-international-lascaux-et-la-conservation-en-milieu-souterrain\\\/80172\\\/#breadcrumb\"},\"inLanguage\":\"fr-FR\",\"potentialAction\":[{\"@type\":\"ReadAction\",\"target\":[\"https:\\\/\\\/batijournal.com\\\/index.php\\\/26-et-27-fevrier-2009-symposium-international-lascaux-et-la-conservation-en-milieu-souterrain\\\/80172\\\/\"]}]},{\"@type\":\"BreadcrumbList\",\"@id\":\"https:\\\/\\\/batijournal.com\\\/index.php\\\/26-et-27-fevrier-2009-symposium-international-lascaux-et-la-conservation-en-milieu-souterrain\\\/80172\\\/#breadcrumb\",\"itemListElement\":[{\"@type\":\"ListItem\",\"position\":1,\"name\":\"Accueil\",\"item\":\"https:\\\/\\\/batijournal.com\\\/\"},{\"@type\":\"ListItem\",\"position\":2,\"name\":\"\u00c9v\u00e9nements\",\"item\":\"https:\\\/\\\/batijournal.com\\\/index.php\\\/category\\\/evenements\\\/\"},{\"@type\":\"ListItem\",\"position\":3,\"name\":\"26 et 27 f\u00e9vrier 2009 : symposium international \u00ab Lascaux et la conservation en milieu souterrain \u00bb\"}]},{\"@type\":\"WebSite\",\"@id\":\"https:\\\/\\\/batijournal.com\\\/#website\",\"url\":\"https:\\\/\\\/batijournal.com\\\/\",\"name\":\"Batijournal\",\"description\":\"L&#039;actualit\u00e9 du b\u00e2timent\",\"potentialAction\":[{\"@type\":\"SearchAction\",\"target\":{\"@type\":\"EntryPoint\",\"urlTemplate\":\"https:\\\/\\\/batijournal.com\\\/?s={search_term_string}\"},\"query-input\":{\"@type\":\"PropertyValueSpecification\",\"valueRequired\":true,\"valueName\":\"search_term_string\"}}],\"inLanguage\":\"fr-FR\"},{\"@type\":\"Person\",\"@id\":\"https:\\\/\\\/batijournal.com\\\/#\\\/schema\\\/person\\\/6a657e8967569e1b299972574848aa76\",\"name\":\"Bati-journal\",\"image\":{\"@type\":\"ImageObject\",\"inLanguage\":\"fr-FR\",\"@id\":\"https:\\\/\\\/secure.gravatar.com\\\/avatar\\\/a64364ea26392f9b4dd47e017ddaec74ff03aefc073b49e492e847201258f777?s=96&d=mm&r=g\",\"url\":\"https:\\\/\\\/secure.gravatar.com\\\/avatar\\\/a64364ea26392f9b4dd47e017ddaec74ff03aefc073b49e492e847201258f777?s=96&d=mm&r=g\",\"contentUrl\":\"https:\\\/\\\/secure.gravatar.com\\\/avatar\\\/a64364ea26392f9b4dd47e017ddaec74ff03aefc073b49e492e847201258f777?s=96&d=mm&r=g\",\"caption\":\"Bati-journal\"},\"url\":\"https:\\\/\\\/batijournal.com\\\/index.php\\\/author\\\/elodie\\\/\"}]}<\/script>\n<!-- \/ Yoast SEO plugin. -->","yoast_head_json":{"title":"26 et 27 f\u00e9vrier 2009 : symposium international \u00ab Lascaux et la conservation en milieu souterrain \u00bb","robots":{"index":"index","follow":"follow","max-snippet":"max-snippet:-1","max-image-preview":"max-image-preview:large","max-video-preview":"max-video-preview:-1"},"canonical":"https:\/\/batijournal.com\/index.php\/26-et-27-fevrier-2009-symposium-international-lascaux-et-la-conservation-en-milieu-souterrain\/80172\/","og_locale":"fr_FR","og_type":"article","og_title":"26 et 27 f\u00e9vrier 2009 : symposium international \u00ab Lascaux et la conservation en milieu souterrain \u00bb","og_description":"Organis\u00e9 \u00e0 l\u0092&rsquo;initiative de Christine Albanel, ce symposium international se d\u00e9roulera les 26 et 27 f\u00e9vrier prochain sous la pr\u00e9sidence de Jean Clottes, pr\u00e9sident de la F\u00e9d\u00e9ration internationale des organisations d\u0092&rsquo;art rupestre (IFRAO). Cette rencontre a pour objectif de susciter un d\u00e9bat international et pluridisciplinaire autour de la grotte de Lascaux, site inscrit sur la [&hellip;]","og_url":"https:\/\/batijournal.com\/index.php\/26-et-27-fevrier-2009-symposium-international-lascaux-et-la-conservation-en-milieu-souterrain\/80172\/","og_site_name":"Batijournal","article_published_time":"2009-01-27T23:00:00+00:00","author":"Bati-journal","twitter_card":"summary_large_image","twitter_creator":"@bati_journal","twitter_site":"@bati_journal","twitter_misc":{"\u00c9crit par":"Bati-journal","Dur\u00e9e de lecture estim\u00e9e":"1 minute"},"schema":{"@context":"https:\/\/schema.org","@graph":[{"@type":"Article","@id":"https:\/\/batijournal.com\/index.php\/26-et-27-fevrier-2009-symposium-international-lascaux-et-la-conservation-en-milieu-souterrain\/80172\/#article","isPartOf":{"@id":"https:\/\/batijournal.com\/index.php\/26-et-27-fevrier-2009-symposium-international-lascaux-et-la-conservation-en-milieu-souterrain\/80172\/"},"author":{"name":"Bati-journal","@id":"https:\/\/batijournal.com\/#\/schema\/person\/6a657e8967569e1b299972574848aa76"},"headline":"26 et 27 f\u00e9vrier 2009 : symposium international \u00ab Lascaux et la conservation en milieu souterrain \u00bb","datePublished":"2009-01-27T23:00:00+00:00","mainEntityOfPage":{"@id":"https:\/\/batijournal.com\/index.php\/26-et-27-fevrier-2009-symposium-international-lascaux-et-la-conservation-en-milieu-souterrain\/80172\/"},"wordCount":258,"commentCount":0,"keywords":["lascaux"],"articleSection":["\u00c9v\u00e9nements"],"inLanguage":"fr-FR","potentialAction":[{"@type":"CommentAction","name":"Comment","target":["https:\/\/batijournal.com\/index.php\/26-et-27-fevrier-2009-symposium-international-lascaux-et-la-conservation-en-milieu-souterrain\/80172\/#respond"]}]},{"@type":"WebPage","@id":"https:\/\/batijournal.com\/index.php\/26-et-27-fevrier-2009-symposium-international-lascaux-et-la-conservation-en-milieu-souterrain\/80172\/","url":"https:\/\/batijournal.com\/index.php\/26-et-27-fevrier-2009-symposium-international-lascaux-et-la-conservation-en-milieu-souterrain\/80172\/","name":"26 et 27 f\u00e9vrier 2009 : symposium international \u00ab Lascaux et la conservation en milieu souterrain \u00bb","isPartOf":{"@id":"https:\/\/batijournal.com\/#website"},"datePublished":"2009-01-27T23:00:00+00:00","author":{"@id":"https:\/\/batijournal.com\/#\/schema\/person\/6a657e8967569e1b299972574848aa76"},"breadcrumb":{"@id":"https:\/\/batijournal.com\/index.php\/26-et-27-fevrier-2009-symposium-international-lascaux-et-la-conservation-en-milieu-souterrain\/80172\/#breadcrumb"},"inLanguage":"fr-FR","potentialAction":[{"@type":"ReadAction","target":["https:\/\/batijournal.com\/index.php\/26-et-27-fevrier-2009-symposium-international-lascaux-et-la-conservation-en-milieu-souterrain\/80172\/"]}]},{"@type":"BreadcrumbList","@id":"https:\/\/batijournal.com\/index.php\/26-et-27-fevrier-2009-symposium-international-lascaux-et-la-conservation-en-milieu-souterrain\/80172\/#breadcrumb","itemListElement":[{"@type":"ListItem","position":1,"name":"Accueil","item":"https:\/\/batijournal.com\/"},{"@type":"ListItem","position":2,"name":"\u00c9v\u00e9nements","item":"https:\/\/batijournal.com\/index.php\/category\/evenements\/"},{"@type":"ListItem","position":3,"name":"26 et 27 f\u00e9vrier 2009 : symposium international \u00ab Lascaux et la conservation en milieu souterrain \u00bb"}]},{"@type":"WebSite","@id":"https:\/\/batijournal.com\/#website","url":"https:\/\/batijournal.com\/","name":"Batijournal","description":"L&#039;actualit\u00e9 du b\u00e2timent","potentialAction":[{"@type":"SearchAction","target":{"@type":"EntryPoint","urlTemplate":"https:\/\/batijournal.com\/?s={search_term_string}"},"query-input":{"@type":"PropertyValueSpecification","valueRequired":true,"valueName":"search_term_string"}}],"inLanguage":"fr-FR"},{"@type":"Person","@id":"https:\/\/batijournal.com\/#\/schema\/person\/6a657e8967569e1b299972574848aa76","name":"Bati-journal","image":{"@type":"ImageObject","inLanguage":"fr-FR","@id":"https:\/\/secure.gravatar.com\/avatar\/a64364ea26392f9b4dd47e017ddaec74ff03aefc073b49e492e847201258f777?s=96&d=mm&r=g","url":"https:\/\/secure.gravatar.com\/avatar\/a64364ea26392f9b4dd47e017ddaec74ff03aefc073b49e492e847201258f777?s=96&d=mm&r=g","contentUrl":"https:\/\/secure.gravatar.com\/avatar\/a64364ea26392f9b4dd47e017ddaec74ff03aefc073b49e492e847201258f777?s=96&d=mm&r=g","caption":"Bati-journal"},"url":"https:\/\/batijournal.com\/index.php\/author\/elodie\/"}]}},"_links":{"self":[{"href":"https:\/\/batijournal.com\/index.php\/wp-json\/wp\/v2\/posts\/80172","targetHints":{"allow":["GET"]}}],"collection":[{"href":"https:\/\/batijournal.com\/index.php\/wp-json\/wp\/v2\/posts"}],"about":[{"href":"https:\/\/batijournal.com\/index.php\/wp-json\/wp\/v2\/types\/post"}],"author":[{"embeddable":true,"href":"https:\/\/batijournal.com\/index.php\/wp-json\/wp\/v2\/users\/1"}],"replies":[{"embeddable":true,"href":"https:\/\/batijournal.com\/index.php\/wp-json\/wp\/v2\/comments?post=80172"}],"version-history":[{"count":0,"href":"https:\/\/batijournal.com\/index.php\/wp-json\/wp\/v2\/posts\/80172\/revisions"}],"wp:attachment":[{"href":"https:\/\/batijournal.com\/index.php\/wp-json\/wp\/v2\/media?parent=80172"}],"wp:term":[{"taxonomy":"category","embeddable":true,"href":"https:\/\/batijournal.com\/index.php\/wp-json\/wp\/v2\/categories?post=80172"},{"taxonomy":"post_tag","embeddable":true,"href":"https:\/\/batijournal.com\/index.php\/wp-json\/wp\/v2\/tags?post=80172"}],"curies":[{"name":"wp","href":"https:\/\/api.w.org\/{rel}","templated":true}]}}