{"id":80174,"date":"2009-01-30T00:00:00","date_gmt":"2009-01-29T23:00:00","guid":{"rendered":"http:\/\/b.bati-journal.com\/salon-des-energies-renouvelables-et-de-l%c2%92habitat-ecologique-centre-culturel-de-chelles-77\/80174"},"modified":"2009-01-30T00:00:00","modified_gmt":"2009-01-29T23:00:00","slug":"salon-des-energies-renouvelables-et-de-l%c2%92habitat-ecologique-centre-culturel-de-chelles-77","status":"publish","type":"post","link":"https:\/\/batijournal.com\/index.php\/salon-des-energies-renouvelables-et-de-l%c2%92habitat-ecologique-centre-culturel-de-chelles-77\/80174\/","title":{"rendered":"Salon des Energies renouvelables et de l\u0092&rsquo;habitat \u00e9cologique &#8211; Centre culturel de Chelles (77)"},"content":{"rendered":"<p>Ayant \u00e0 c\u009coeur de sensibiliser leurs habitants sur les nouveaux modes de consommation et les \u00e9cogestes, la ville de Chelles et la communaut\u00e9 de communes Marne et Chantereine organisent le salon des Energies renouvelables et de l&rsquo;\u0092Habitat \u00e9cologique. Cette \u00e9dition se concentrera sur deux th\u00e8mes phares : l&rsquo;\u00e9coconstruction, qui met l&rsquo;accent sur le photovolta\u00efque, les solutions bas\u00e9es sur l\u0092&rsquo;\u00e9nergie solaire, les nouveaux mat\u00e9riaux, les isolants, etc., et l&rsquo;\u00e9cocitoyennet\u00e9 avec toute une palette de solutions portant sur les gestes li\u00e9s aux transports, au recyclage, aux changements de comportements quotidiens \u00e0 adopter, etc. Tables rondes et animations seront \u00e9galement au rendez-vous. 50 exposants professionnels et associations sont attendues. Centre culturel de Chelles (77)<\/p>\n","protected":false},"excerpt":{"rendered":"<p>Ayant \u00e0 c\u009coeur de sensibiliser leurs habitants sur les nouveaux modes de consommation et les \u00e9cogestes, la ville de Chelles et la communaut\u00e9 de communes Marne et Chantereine organisent le salon des Energies renouvelables et de l&rsquo;\u0092Habitat \u00e9cologique. Cette \u00e9dition se concentrera sur deux th\u00e8mes phares : l&rsquo;\u00e9coconstruction, qui met l&rsquo;accent sur le photovolta\u00efque, les [&hellip;]<\/p>\n","protected":false},"author":1,"featured_media":0,"comment_status":"open","ping_status":"closed","sticky":false,"template":"","format":"standard","meta":{"_et_pb_use_builder":"","_et_pb_old_content":"","_et_gb_content_width":"","footnotes":""},"categories":[9192],"tags":[],"class_list":["post-80174","post","type-post","status-publish","format-standard","hentry","category-evenements"],"yoast_head":"<!-- This site is optimized with the Yoast SEO plugin v27.4 - https:\/\/yoast.com\/product\/yoast-seo-wordpress\/ -->\n<title>Salon des Energies renouvelables et de l\u0092&#039;habitat \u00e9cologique - Centre culturel de Chelles (77)<\/title>\n<meta name=\"robots\" content=\"index, follow, max-snippet:-1, max-image-preview:large, max-video-preview:-1\" \/>\n<link rel=\"canonical\" href=\"https:\/\/batijournal.com\/index.php\/salon-des-energies-renouvelables-et-de-l\u0092habitat-ecologique-centre-culturel-de-chelles-77\/80174\/\" \/>\n<meta property=\"og:locale\" content=\"fr_FR\" \/>\n<meta property=\"og:type\" content=\"article\" \/>\n<meta property=\"og:title\" content=\"Salon des Energies renouvelables et de l\u0092&#039;habitat \u00e9cologique - Centre culturel de Chelles (77)\" \/>\n<meta property=\"og:description\" content=\"Ayant \u00e0 c\u009coeur de sensibiliser leurs habitants sur les nouveaux modes de consommation et les \u00e9cogestes, la ville de Chelles et la communaut\u00e9 de communes Marne et Chantereine organisent le salon des Energies renouvelables et de l&rsquo;\u0092Habitat \u00e9cologique. Cette \u00e9dition se concentrera sur deux th\u00e8mes phares : l&rsquo;\u00e9coconstruction, qui met l&rsquo;accent sur le photovolta\u00efque, les [&hellip;]\" \/>\n<meta property=\"og:url\" content=\"https:\/\/batijournal.com\/index.php\/salon-des-energies-renouvelables-et-de-l\u0092habitat-ecologique-centre-culturel-de-chelles-77\/80174\/\" \/>\n<meta property=\"og:site_name\" content=\"Batijournal\" \/>\n<meta property=\"article:published_time\" content=\"2009-01-29T23:00:00+00:00\" \/>\n<meta name=\"author\" content=\"Bati-journal\" \/>\n<meta name=\"twitter:card\" content=\"summary_large_image\" \/>\n<meta name=\"twitter:creator\" content=\"@bati_journal\" \/>\n<meta name=\"twitter:site\" content=\"@bati_journal\" \/>\n<meta name=\"twitter:label1\" content=\"\u00c9crit par\" \/>\n\t<meta name=\"twitter:data1\" content=\"Bati-journal\" \/>\n\t<meta name=\"twitter:label2\" content=\"Dur\u00e9e de lecture estim\u00e9e\" \/>\n\t<meta name=\"twitter:data2\" content=\"1 minute\" \/>\n<script type=\"application\/ld+json\" class=\"yoast-schema-graph\">{\"@context\":\"https:\\\/\\\/schema.org\",\"@graph\":[{\"@type\":\"Article\",\"@id\":\"https:\\\/\\\/batijournal.com\\\/index.php\\\/salon-des-energies-renouvelables-et-de-l%c2%92habitat-ecologique-centre-culturel-de-chelles-77\\\/80174\\\/#article\",\"isPartOf\":{\"@id\":\"https:\\\/\\\/batijournal.com\\\/index.php\\\/salon-des-energies-renouvelables-et-de-l%c2%92habitat-ecologique-centre-culturel-de-chelles-77\\\/80174\\\/\"},\"author\":{\"name\":\"Bati-journal\",\"@id\":\"https:\\\/\\\/batijournal.com\\\/#\\\/schema\\\/person\\\/6a657e8967569e1b299972574848aa76\"},\"headline\":\"Salon des Energies renouvelables et de l\u0092&rsquo;habitat \u00e9cologique &#8211; Centre culturel de Chelles (77)\",\"datePublished\":\"2009-01-29T23:00:00+00:00\",\"mainEntityOfPage\":{\"@id\":\"https:\\\/\\\/batijournal.com\\\/index.php\\\/salon-des-energies-renouvelables-et-de-l%c2%92habitat-ecologique-centre-culturel-de-chelles-77\\\/80174\\\/\"},\"wordCount\":131,\"commentCount\":0,\"articleSection\":[\"\u00c9v\u00e9nements\"],\"inLanguage\":\"fr-FR\",\"potentialAction\":[{\"@type\":\"CommentAction\",\"name\":\"Comment\",\"target\":[\"https:\\\/\\\/batijournal.com\\\/index.php\\\/salon-des-energies-renouvelables-et-de-l%c2%92habitat-ecologique-centre-culturel-de-chelles-77\\\/80174\\\/#respond\"]}]},{\"@type\":\"WebPage\",\"@id\":\"https:\\\/\\\/batijournal.com\\\/index.php\\\/salon-des-energies-renouvelables-et-de-l%c2%92habitat-ecologique-centre-culturel-de-chelles-77\\\/80174\\\/\",\"url\":\"https:\\\/\\\/batijournal.com\\\/index.php\\\/salon-des-energies-renouvelables-et-de-l%c2%92habitat-ecologique-centre-culturel-de-chelles-77\\\/80174\\\/\",\"name\":\"Salon des Energies renouvelables et de l\u0092'habitat \u00e9cologique - Centre culturel de Chelles (77)\",\"isPartOf\":{\"@id\":\"https:\\\/\\\/batijournal.com\\\/#website\"},\"datePublished\":\"2009-01-29T23:00:00+00:00\",\"author\":{\"@id\":\"https:\\\/\\\/batijournal.com\\\/#\\\/schema\\\/person\\\/6a657e8967569e1b299972574848aa76\"},\"breadcrumb\":{\"@id\":\"https:\\\/\\\/batijournal.com\\\/index.php\\\/salon-des-energies-renouvelables-et-de-l%c2%92habitat-ecologique-centre-culturel-de-chelles-77\\\/80174\\\/#breadcrumb\"},\"inLanguage\":\"fr-FR\",\"potentialAction\":[{\"@type\":\"ReadAction\",\"target\":[\"https:\\\/\\\/batijournal.com\\\/index.php\\\/salon-des-energies-renouvelables-et-de-l%c2%92habitat-ecologique-centre-culturel-de-chelles-77\\\/80174\\\/\"]}]},{\"@type\":\"BreadcrumbList\",\"@id\":\"https:\\\/\\\/batijournal.com\\\/index.php\\\/salon-des-energies-renouvelables-et-de-l%c2%92habitat-ecologique-centre-culturel-de-chelles-77\\\/80174\\\/#breadcrumb\",\"itemListElement\":[{\"@type\":\"ListItem\",\"position\":1,\"name\":\"Accueil\",\"item\":\"https:\\\/\\\/batijournal.com\\\/\"},{\"@type\":\"ListItem\",\"position\":2,\"name\":\"\u00c9v\u00e9nements\",\"item\":\"https:\\\/\\\/batijournal.com\\\/index.php\\\/category\\\/evenements\\\/\"},{\"@type\":\"ListItem\",\"position\":3,\"name\":\"Salon des Energies renouvelables et de l\u0092&rsquo;habitat \u00e9cologique &#8211; Centre culturel de Chelles (77)\"}]},{\"@type\":\"WebSite\",\"@id\":\"https:\\\/\\\/batijournal.com\\\/#website\",\"url\":\"https:\\\/\\\/batijournal.com\\\/\",\"name\":\"Batijournal\",\"description\":\"L&#039;actualit\u00e9 du b\u00e2timent\",\"potentialAction\":[{\"@type\":\"SearchAction\",\"target\":{\"@type\":\"EntryPoint\",\"urlTemplate\":\"https:\\\/\\\/batijournal.com\\\/?s={search_term_string}\"},\"query-input\":{\"@type\":\"PropertyValueSpecification\",\"valueRequired\":true,\"valueName\":\"search_term_string\"}}],\"inLanguage\":\"fr-FR\"},{\"@type\":\"Person\",\"@id\":\"https:\\\/\\\/batijournal.com\\\/#\\\/schema\\\/person\\\/6a657e8967569e1b299972574848aa76\",\"name\":\"Bati-journal\",\"image\":{\"@type\":\"ImageObject\",\"inLanguage\":\"fr-FR\",\"@id\":\"https:\\\/\\\/secure.gravatar.com\\\/avatar\\\/a64364ea26392f9b4dd47e017ddaec74ff03aefc073b49e492e847201258f777?s=96&d=mm&r=g\",\"url\":\"https:\\\/\\\/secure.gravatar.com\\\/avatar\\\/a64364ea26392f9b4dd47e017ddaec74ff03aefc073b49e492e847201258f777?s=96&d=mm&r=g\",\"contentUrl\":\"https:\\\/\\\/secure.gravatar.com\\\/avatar\\\/a64364ea26392f9b4dd47e017ddaec74ff03aefc073b49e492e847201258f777?s=96&d=mm&r=g\",\"caption\":\"Bati-journal\"},\"url\":\"https:\\\/\\\/batijournal.com\\\/index.php\\\/author\\\/elodie\\\/\"}]}<\/script>\n<!-- \/ Yoast SEO plugin. -->","yoast_head_json":{"title":"Salon des Energies renouvelables et de l\u0092'habitat \u00e9cologique - Centre culturel de Chelles (77)","robots":{"index":"index","follow":"follow","max-snippet":"max-snippet:-1","max-image-preview":"max-image-preview:large","max-video-preview":"max-video-preview:-1"},"canonical":"https:\/\/batijournal.com\/index.php\/salon-des-energies-renouvelables-et-de-l\u0092habitat-ecologique-centre-culturel-de-chelles-77\/80174\/","og_locale":"fr_FR","og_type":"article","og_title":"Salon des Energies renouvelables et de l\u0092'habitat \u00e9cologique - Centre culturel de Chelles (77)","og_description":"Ayant \u00e0 c\u009coeur de sensibiliser leurs habitants sur les nouveaux modes de consommation et les \u00e9cogestes, la ville de Chelles et la communaut\u00e9 de communes Marne et Chantereine organisent le salon des Energies renouvelables et de l&rsquo;\u0092Habitat \u00e9cologique. Cette \u00e9dition se concentrera sur deux th\u00e8mes phares : l&rsquo;\u00e9coconstruction, qui met l&rsquo;accent sur le photovolta\u00efque, les [&hellip;]","og_url":"https:\/\/batijournal.com\/index.php\/salon-des-energies-renouvelables-et-de-l\u0092habitat-ecologique-centre-culturel-de-chelles-77\/80174\/","og_site_name":"Batijournal","article_published_time":"2009-01-29T23:00:00+00:00","author":"Bati-journal","twitter_card":"summary_large_image","twitter_creator":"@bati_journal","twitter_site":"@bati_journal","twitter_misc":{"\u00c9crit par":"Bati-journal","Dur\u00e9e de lecture estim\u00e9e":"1 minute"},"schema":{"@context":"https:\/\/schema.org","@graph":[{"@type":"Article","@id":"https:\/\/batijournal.com\/index.php\/salon-des-energies-renouvelables-et-de-l%c2%92habitat-ecologique-centre-culturel-de-chelles-77\/80174\/#article","isPartOf":{"@id":"https:\/\/batijournal.com\/index.php\/salon-des-energies-renouvelables-et-de-l%c2%92habitat-ecologique-centre-culturel-de-chelles-77\/80174\/"},"author":{"name":"Bati-journal","@id":"https:\/\/batijournal.com\/#\/schema\/person\/6a657e8967569e1b299972574848aa76"},"headline":"Salon des Energies renouvelables et de l\u0092&rsquo;habitat \u00e9cologique &#8211; Centre culturel de Chelles (77)","datePublished":"2009-01-29T23:00:00+00:00","mainEntityOfPage":{"@id":"https:\/\/batijournal.com\/index.php\/salon-des-energies-renouvelables-et-de-l%c2%92habitat-ecologique-centre-culturel-de-chelles-77\/80174\/"},"wordCount":131,"commentCount":0,"articleSection":["\u00c9v\u00e9nements"],"inLanguage":"fr-FR","potentialAction":[{"@type":"CommentAction","name":"Comment","target":["https:\/\/batijournal.com\/index.php\/salon-des-energies-renouvelables-et-de-l%c2%92habitat-ecologique-centre-culturel-de-chelles-77\/80174\/#respond"]}]},{"@type":"WebPage","@id":"https:\/\/batijournal.com\/index.php\/salon-des-energies-renouvelables-et-de-l%c2%92habitat-ecologique-centre-culturel-de-chelles-77\/80174\/","url":"https:\/\/batijournal.com\/index.php\/salon-des-energies-renouvelables-et-de-l%c2%92habitat-ecologique-centre-culturel-de-chelles-77\/80174\/","name":"Salon des Energies renouvelables et de l\u0092'habitat \u00e9cologique - Centre culturel de Chelles (77)","isPartOf":{"@id":"https:\/\/batijournal.com\/#website"},"datePublished":"2009-01-29T23:00:00+00:00","author":{"@id":"https:\/\/batijournal.com\/#\/schema\/person\/6a657e8967569e1b299972574848aa76"},"breadcrumb":{"@id":"https:\/\/batijournal.com\/index.php\/salon-des-energies-renouvelables-et-de-l%c2%92habitat-ecologique-centre-culturel-de-chelles-77\/80174\/#breadcrumb"},"inLanguage":"fr-FR","potentialAction":[{"@type":"ReadAction","target":["https:\/\/batijournal.com\/index.php\/salon-des-energies-renouvelables-et-de-l%c2%92habitat-ecologique-centre-culturel-de-chelles-77\/80174\/"]}]},{"@type":"BreadcrumbList","@id":"https:\/\/batijournal.com\/index.php\/salon-des-energies-renouvelables-et-de-l%c2%92habitat-ecologique-centre-culturel-de-chelles-77\/80174\/#breadcrumb","itemListElement":[{"@type":"ListItem","position":1,"name":"Accueil","item":"https:\/\/batijournal.com\/"},{"@type":"ListItem","position":2,"name":"\u00c9v\u00e9nements","item":"https:\/\/batijournal.com\/index.php\/category\/evenements\/"},{"@type":"ListItem","position":3,"name":"Salon des Energies renouvelables et de l\u0092&rsquo;habitat \u00e9cologique &#8211; Centre culturel de Chelles (77)"}]},{"@type":"WebSite","@id":"https:\/\/batijournal.com\/#website","url":"https:\/\/batijournal.com\/","name":"Batijournal","description":"L&#039;actualit\u00e9 du b\u00e2timent","potentialAction":[{"@type":"SearchAction","target":{"@type":"EntryPoint","urlTemplate":"https:\/\/batijournal.com\/?s={search_term_string}"},"query-input":{"@type":"PropertyValueSpecification","valueRequired":true,"valueName":"search_term_string"}}],"inLanguage":"fr-FR"},{"@type":"Person","@id":"https:\/\/batijournal.com\/#\/schema\/person\/6a657e8967569e1b299972574848aa76","name":"Bati-journal","image":{"@type":"ImageObject","inLanguage":"fr-FR","@id":"https:\/\/secure.gravatar.com\/avatar\/a64364ea26392f9b4dd47e017ddaec74ff03aefc073b49e492e847201258f777?s=96&d=mm&r=g","url":"https:\/\/secure.gravatar.com\/avatar\/a64364ea26392f9b4dd47e017ddaec74ff03aefc073b49e492e847201258f777?s=96&d=mm&r=g","contentUrl":"https:\/\/secure.gravatar.com\/avatar\/a64364ea26392f9b4dd47e017ddaec74ff03aefc073b49e492e847201258f777?s=96&d=mm&r=g","caption":"Bati-journal"},"url":"https:\/\/batijournal.com\/index.php\/author\/elodie\/"}]}},"_links":{"self":[{"href":"https:\/\/batijournal.com\/index.php\/wp-json\/wp\/v2\/posts\/80174","targetHints":{"allow":["GET"]}}],"collection":[{"href":"https:\/\/batijournal.com\/index.php\/wp-json\/wp\/v2\/posts"}],"about":[{"href":"https:\/\/batijournal.com\/index.php\/wp-json\/wp\/v2\/types\/post"}],"author":[{"embeddable":true,"href":"https:\/\/batijournal.com\/index.php\/wp-json\/wp\/v2\/users\/1"}],"replies":[{"embeddable":true,"href":"https:\/\/batijournal.com\/index.php\/wp-json\/wp\/v2\/comments?post=80174"}],"version-history":[{"count":0,"href":"https:\/\/batijournal.com\/index.php\/wp-json\/wp\/v2\/posts\/80174\/revisions"}],"wp:attachment":[{"href":"https:\/\/batijournal.com\/index.php\/wp-json\/wp\/v2\/media?parent=80174"}],"wp:term":[{"taxonomy":"category","embeddable":true,"href":"https:\/\/batijournal.com\/index.php\/wp-json\/wp\/v2\/categories?post=80174"},{"taxonomy":"post_tag","embeddable":true,"href":"https:\/\/batijournal.com\/index.php\/wp-json\/wp\/v2\/tags?post=80174"}],"curies":[{"name":"wp","href":"https:\/\/api.w.org\/{rel}","templated":true}]}}