{"id":80177,"date":"2009-02-03T00:00:00","date_gmt":"2009-02-02T23:00:00","guid":{"rendered":"http:\/\/b.bati-journal.com\/deuxieme-forum-sur-la-gestion-durable-des-eaux-pluviales\/80177"},"modified":"2009-02-03T00:00:00","modified_gmt":"2009-02-02T23:00:00","slug":"deuxieme-forum-sur-la-gestion-durable-des-eaux-pluviales","status":"publish","type":"post","link":"https:\/\/batijournal.com\/index.php\/deuxieme-forum-sur-la-gestion-durable-des-eaux-pluviales\/80177\/","title":{"rendered":"Deuxi\u00e8me forum sur la gestion durable des eaux pluviales"},"content":{"rendered":"<p>Comment mieux int\u00e9grer l\u0092eau pluviale au paysage urbain ? Tel est le th\u00e8me du deuxi\u00e8me forum sur la gestion durable des eaux pluviales. Si les techniques alternatives ne sont pas nouvelles, leur mise en place de fa\u00e7on \u00e9tendue dans l\u0092&rsquo;am\u00e9nagement du territoire suscite encore des r\u00e9ticences. \u00ab\u00a0L\u0092&rsquo;eau pluviale comme \u00e9l\u00e9ment pour valoriser l\u0092&rsquo;espace public\u00a0\u00bb sera justement l\u0092&rsquo;un des th\u00e8mes trait\u00e9s lors de ce 2e forum qui se veut \u00e9galement pratique avec six s\u00e9ances d&rsquo;ateliers r\u00e9pondant \u00e0 des probl\u00e9matiques concr\u00e8tes ou des visites de r\u00e9alisations. Un salon professionnel permettra \u00e0 une trentaine d&rsquo;\u0092exposants, entreprises et partenaires institutionnels, de pr\u00e9senter leurs solutions de gestion de l&rsquo;\u0092eau. Ce forum est organis\u00e9 par Ideal Connaissances et le conseil g\u00e9n\u00e9ral de Seine\/Saint-Denis.<\/p>\n","protected":false},"excerpt":{"rendered":"<p>Comment mieux int\u00e9grer l\u0092eau pluviale au paysage urbain ? Tel est le th\u00e8me du deuxi\u00e8me forum sur la gestion durable des eaux pluviales. Si les techniques alternatives ne sont pas nouvelles, leur mise en place de fa\u00e7on \u00e9tendue dans l\u0092&rsquo;am\u00e9nagement du territoire suscite encore des r\u00e9ticences. \u00ab\u00a0L\u0092&rsquo;eau pluviale comme \u00e9l\u00e9ment pour valoriser l\u0092&rsquo;espace public\u00a0\u00bb sera [&hellip;]<\/p>\n","protected":false},"author":1,"featured_media":80178,"comment_status":"open","ping_status":"closed","sticky":false,"template":"","format":"standard","meta":{"_et_pb_use_builder":"","_et_pb_old_content":"","_et_gb_content_width":"","footnotes":""},"categories":[9192],"tags":[],"class_list":["post-80177","post","type-post","status-publish","format-standard","has-post-thumbnail","hentry","category-evenements"],"yoast_head":"<!-- This site is optimized with the Yoast SEO plugin v27.4 - https:\/\/yoast.com\/product\/yoast-seo-wordpress\/ -->\n<title>Deuxi\u00e8me forum sur la gestion durable des eaux pluviales<\/title>\n<meta name=\"robots\" content=\"index, follow, max-snippet:-1, max-image-preview:large, max-video-preview:-1\" \/>\n<link rel=\"canonical\" href=\"https:\/\/batijournal.com\/index.php\/deuxieme-forum-sur-la-gestion-durable-des-eaux-pluviales\/80177\/\" \/>\n<meta property=\"og:locale\" content=\"fr_FR\" \/>\n<meta property=\"og:type\" content=\"article\" \/>\n<meta property=\"og:title\" content=\"Deuxi\u00e8me forum sur la gestion durable des eaux pluviales\" \/>\n<meta property=\"og:description\" content=\"Comment mieux int\u00e9grer l\u0092eau pluviale au paysage urbain ? Tel est le th\u00e8me du deuxi\u00e8me forum sur la gestion durable des eaux pluviales. Si les techniques alternatives ne sont pas nouvelles, leur mise en place de fa\u00e7on \u00e9tendue dans l\u0092&rsquo;am\u00e9nagement du territoire suscite encore des r\u00e9ticences. \u00ab\u00a0L\u0092&rsquo;eau pluviale comme \u00e9l\u00e9ment pour valoriser l\u0092&rsquo;espace public\u00a0\u00bb sera [&hellip;]\" \/>\n<meta property=\"og:url\" content=\"https:\/\/batijournal.com\/index.php\/deuxieme-forum-sur-la-gestion-durable-des-eaux-pluviales\/80177\/\" \/>\n<meta property=\"og:site_name\" content=\"Batijournal\" \/>\n<meta property=\"article:published_time\" content=\"2009-02-02T23:00:00+00:00\" \/>\n<meta property=\"og:image\" content=\"https:\/\/batijournal.com\/wp-content\/uploads\/2015\/03\/02574166.jpg\" \/>\n\t<meta property=\"og:image:width\" content=\"599\" \/>\n\t<meta property=\"og:image:height\" content=\"421\" \/>\n\t<meta property=\"og:image:type\" content=\"image\/jpeg\" \/>\n<meta name=\"author\" content=\"Bati-journal\" \/>\n<meta name=\"twitter:card\" content=\"summary_large_image\" \/>\n<meta name=\"twitter:creator\" content=\"@bati_journal\" \/>\n<meta name=\"twitter:site\" content=\"@bati_journal\" \/>\n<meta name=\"twitter:label1\" content=\"\u00c9crit par\" \/>\n\t<meta name=\"twitter:data1\" content=\"Bati-journal\" \/>\n\t<meta name=\"twitter:label2\" content=\"Dur\u00e9e de lecture estim\u00e9e\" \/>\n\t<meta name=\"twitter:data2\" content=\"1 minute\" \/>\n<script type=\"application\/ld+json\" class=\"yoast-schema-graph\">{\"@context\":\"https:\\\/\\\/schema.org\",\"@graph\":[{\"@type\":\"Article\",\"@id\":\"https:\\\/\\\/batijournal.com\\\/index.php\\\/deuxieme-forum-sur-la-gestion-durable-des-eaux-pluviales\\\/80177\\\/#article\",\"isPartOf\":{\"@id\":\"https:\\\/\\\/batijournal.com\\\/index.php\\\/deuxieme-forum-sur-la-gestion-durable-des-eaux-pluviales\\\/80177\\\/\"},\"author\":{\"name\":\"Bati-journal\",\"@id\":\"https:\\\/\\\/batijournal.com\\\/#\\\/schema\\\/person\\\/6a657e8967569e1b299972574848aa76\"},\"headline\":\"Deuxi\u00e8me forum sur la gestion durable des eaux pluviales\",\"datePublished\":\"2009-02-02T23:00:00+00:00\",\"mainEntityOfPage\":{\"@id\":\"https:\\\/\\\/batijournal.com\\\/index.php\\\/deuxieme-forum-sur-la-gestion-durable-des-eaux-pluviales\\\/80177\\\/\"},\"wordCount\":150,\"commentCount\":0,\"image\":{\"@id\":\"https:\\\/\\\/batijournal.com\\\/index.php\\\/deuxieme-forum-sur-la-gestion-durable-des-eaux-pluviales\\\/80177\\\/#primaryimage\"},\"thumbnailUrl\":\"https:\\\/\\\/batijournal.com\\\/wp-content\\\/uploads\\\/2015\\\/03\\\/02574166.jpg\",\"articleSection\":[\"\u00c9v\u00e9nements\"],\"inLanguage\":\"fr-FR\",\"potentialAction\":[{\"@type\":\"CommentAction\",\"name\":\"Comment\",\"target\":[\"https:\\\/\\\/batijournal.com\\\/index.php\\\/deuxieme-forum-sur-la-gestion-durable-des-eaux-pluviales\\\/80177\\\/#respond\"]}]},{\"@type\":\"WebPage\",\"@id\":\"https:\\\/\\\/batijournal.com\\\/index.php\\\/deuxieme-forum-sur-la-gestion-durable-des-eaux-pluviales\\\/80177\\\/\",\"url\":\"https:\\\/\\\/batijournal.com\\\/index.php\\\/deuxieme-forum-sur-la-gestion-durable-des-eaux-pluviales\\\/80177\\\/\",\"name\":\"Deuxi\u00e8me forum sur la gestion durable des eaux pluviales\",\"isPartOf\":{\"@id\":\"https:\\\/\\\/batijournal.com\\\/#website\"},\"primaryImageOfPage\":{\"@id\":\"https:\\\/\\\/batijournal.com\\\/index.php\\\/deuxieme-forum-sur-la-gestion-durable-des-eaux-pluviales\\\/80177\\\/#primaryimage\"},\"image\":{\"@id\":\"https:\\\/\\\/batijournal.com\\\/index.php\\\/deuxieme-forum-sur-la-gestion-durable-des-eaux-pluviales\\\/80177\\\/#primaryimage\"},\"thumbnailUrl\":\"https:\\\/\\\/batijournal.com\\\/wp-content\\\/uploads\\\/2015\\\/03\\\/02574166.jpg\",\"datePublished\":\"2009-02-02T23:00:00+00:00\",\"author\":{\"@id\":\"https:\\\/\\\/batijournal.com\\\/#\\\/schema\\\/person\\\/6a657e8967569e1b299972574848aa76\"},\"breadcrumb\":{\"@id\":\"https:\\\/\\\/batijournal.com\\\/index.php\\\/deuxieme-forum-sur-la-gestion-durable-des-eaux-pluviales\\\/80177\\\/#breadcrumb\"},\"inLanguage\":\"fr-FR\",\"potentialAction\":[{\"@type\":\"ReadAction\",\"target\":[\"https:\\\/\\\/batijournal.com\\\/index.php\\\/deuxieme-forum-sur-la-gestion-durable-des-eaux-pluviales\\\/80177\\\/\"]}]},{\"@type\":\"ImageObject\",\"inLanguage\":\"fr-FR\",\"@id\":\"https:\\\/\\\/batijournal.com\\\/index.php\\\/deuxieme-forum-sur-la-gestion-durable-des-eaux-pluviales\\\/80177\\\/#primaryimage\",\"url\":\"https:\\\/\\\/batijournal.com\\\/wp-content\\\/uploads\\\/2015\\\/03\\\/02574166.jpg\",\"contentUrl\":\"https:\\\/\\\/batijournal.com\\\/wp-content\\\/uploads\\\/2015\\\/03\\\/02574166.jpg\",\"width\":599,\"height\":421},{\"@type\":\"BreadcrumbList\",\"@id\":\"https:\\\/\\\/batijournal.com\\\/index.php\\\/deuxieme-forum-sur-la-gestion-durable-des-eaux-pluviales\\\/80177\\\/#breadcrumb\",\"itemListElement\":[{\"@type\":\"ListItem\",\"position\":1,\"name\":\"Accueil\",\"item\":\"https:\\\/\\\/batijournal.com\\\/\"},{\"@type\":\"ListItem\",\"position\":2,\"name\":\"\u00c9v\u00e9nements\",\"item\":\"https:\\\/\\\/batijournal.com\\\/index.php\\\/category\\\/evenements\\\/\"},{\"@type\":\"ListItem\",\"position\":3,\"name\":\"Deuxi\u00e8me forum sur la gestion durable des eaux pluviales\"}]},{\"@type\":\"WebSite\",\"@id\":\"https:\\\/\\\/batijournal.com\\\/#website\",\"url\":\"https:\\\/\\\/batijournal.com\\\/\",\"name\":\"Batijournal\",\"description\":\"L&#039;actualit\u00e9 du b\u00e2timent\",\"potentialAction\":[{\"@type\":\"SearchAction\",\"target\":{\"@type\":\"EntryPoint\",\"urlTemplate\":\"https:\\\/\\\/batijournal.com\\\/?s={search_term_string}\"},\"query-input\":{\"@type\":\"PropertyValueSpecification\",\"valueRequired\":true,\"valueName\":\"search_term_string\"}}],\"inLanguage\":\"fr-FR\"},{\"@type\":\"Person\",\"@id\":\"https:\\\/\\\/batijournal.com\\\/#\\\/schema\\\/person\\\/6a657e8967569e1b299972574848aa76\",\"name\":\"Bati-journal\",\"image\":{\"@type\":\"ImageObject\",\"inLanguage\":\"fr-FR\",\"@id\":\"https:\\\/\\\/secure.gravatar.com\\\/avatar\\\/a64364ea26392f9b4dd47e017ddaec74ff03aefc073b49e492e847201258f777?s=96&d=mm&r=g\",\"url\":\"https:\\\/\\\/secure.gravatar.com\\\/avatar\\\/a64364ea26392f9b4dd47e017ddaec74ff03aefc073b49e492e847201258f777?s=96&d=mm&r=g\",\"contentUrl\":\"https:\\\/\\\/secure.gravatar.com\\\/avatar\\\/a64364ea26392f9b4dd47e017ddaec74ff03aefc073b49e492e847201258f777?s=96&d=mm&r=g\",\"caption\":\"Bati-journal\"},\"url\":\"https:\\\/\\\/batijournal.com\\\/index.php\\\/author\\\/elodie\\\/\"}]}<\/script>\n<!-- \/ Yoast SEO plugin. -->","yoast_head_json":{"title":"Deuxi\u00e8me forum sur la gestion durable des eaux pluviales","robots":{"index":"index","follow":"follow","max-snippet":"max-snippet:-1","max-image-preview":"max-image-preview:large","max-video-preview":"max-video-preview:-1"},"canonical":"https:\/\/batijournal.com\/index.php\/deuxieme-forum-sur-la-gestion-durable-des-eaux-pluviales\/80177\/","og_locale":"fr_FR","og_type":"article","og_title":"Deuxi\u00e8me forum sur la gestion durable des eaux pluviales","og_description":"Comment mieux int\u00e9grer l\u0092eau pluviale au paysage urbain ? Tel est le th\u00e8me du deuxi\u00e8me forum sur la gestion durable des eaux pluviales. Si les techniques alternatives ne sont pas nouvelles, leur mise en place de fa\u00e7on \u00e9tendue dans l\u0092&rsquo;am\u00e9nagement du territoire suscite encore des r\u00e9ticences. \u00ab\u00a0L\u0092&rsquo;eau pluviale comme \u00e9l\u00e9ment pour valoriser l\u0092&rsquo;espace public\u00a0\u00bb sera [&hellip;]","og_url":"https:\/\/batijournal.com\/index.php\/deuxieme-forum-sur-la-gestion-durable-des-eaux-pluviales\/80177\/","og_site_name":"Batijournal","article_published_time":"2009-02-02T23:00:00+00:00","og_image":[{"width":599,"height":421,"url":"https:\/\/batijournal.com\/wp-content\/uploads\/2015\/03\/02574166.jpg","type":"image\/jpeg"}],"author":"Bati-journal","twitter_card":"summary_large_image","twitter_creator":"@bati_journal","twitter_site":"@bati_journal","twitter_misc":{"\u00c9crit par":"Bati-journal","Dur\u00e9e de lecture estim\u00e9e":"1 minute"},"schema":{"@context":"https:\/\/schema.org","@graph":[{"@type":"Article","@id":"https:\/\/batijournal.com\/index.php\/deuxieme-forum-sur-la-gestion-durable-des-eaux-pluviales\/80177\/#article","isPartOf":{"@id":"https:\/\/batijournal.com\/index.php\/deuxieme-forum-sur-la-gestion-durable-des-eaux-pluviales\/80177\/"},"author":{"name":"Bati-journal","@id":"https:\/\/batijournal.com\/#\/schema\/person\/6a657e8967569e1b299972574848aa76"},"headline":"Deuxi\u00e8me forum sur la gestion durable des eaux pluviales","datePublished":"2009-02-02T23:00:00+00:00","mainEntityOfPage":{"@id":"https:\/\/batijournal.com\/index.php\/deuxieme-forum-sur-la-gestion-durable-des-eaux-pluviales\/80177\/"},"wordCount":150,"commentCount":0,"image":{"@id":"https:\/\/batijournal.com\/index.php\/deuxieme-forum-sur-la-gestion-durable-des-eaux-pluviales\/80177\/#primaryimage"},"thumbnailUrl":"https:\/\/batijournal.com\/wp-content\/uploads\/2015\/03\/02574166.jpg","articleSection":["\u00c9v\u00e9nements"],"inLanguage":"fr-FR","potentialAction":[{"@type":"CommentAction","name":"Comment","target":["https:\/\/batijournal.com\/index.php\/deuxieme-forum-sur-la-gestion-durable-des-eaux-pluviales\/80177\/#respond"]}]},{"@type":"WebPage","@id":"https:\/\/batijournal.com\/index.php\/deuxieme-forum-sur-la-gestion-durable-des-eaux-pluviales\/80177\/","url":"https:\/\/batijournal.com\/index.php\/deuxieme-forum-sur-la-gestion-durable-des-eaux-pluviales\/80177\/","name":"Deuxi\u00e8me forum sur la gestion durable des eaux pluviales","isPartOf":{"@id":"https:\/\/batijournal.com\/#website"},"primaryImageOfPage":{"@id":"https:\/\/batijournal.com\/index.php\/deuxieme-forum-sur-la-gestion-durable-des-eaux-pluviales\/80177\/#primaryimage"},"image":{"@id":"https:\/\/batijournal.com\/index.php\/deuxieme-forum-sur-la-gestion-durable-des-eaux-pluviales\/80177\/#primaryimage"},"thumbnailUrl":"https:\/\/batijournal.com\/wp-content\/uploads\/2015\/03\/02574166.jpg","datePublished":"2009-02-02T23:00:00+00:00","author":{"@id":"https:\/\/batijournal.com\/#\/schema\/person\/6a657e8967569e1b299972574848aa76"},"breadcrumb":{"@id":"https:\/\/batijournal.com\/index.php\/deuxieme-forum-sur-la-gestion-durable-des-eaux-pluviales\/80177\/#breadcrumb"},"inLanguage":"fr-FR","potentialAction":[{"@type":"ReadAction","target":["https:\/\/batijournal.com\/index.php\/deuxieme-forum-sur-la-gestion-durable-des-eaux-pluviales\/80177\/"]}]},{"@type":"ImageObject","inLanguage":"fr-FR","@id":"https:\/\/batijournal.com\/index.php\/deuxieme-forum-sur-la-gestion-durable-des-eaux-pluviales\/80177\/#primaryimage","url":"https:\/\/batijournal.com\/wp-content\/uploads\/2015\/03\/02574166.jpg","contentUrl":"https:\/\/batijournal.com\/wp-content\/uploads\/2015\/03\/02574166.jpg","width":599,"height":421},{"@type":"BreadcrumbList","@id":"https:\/\/batijournal.com\/index.php\/deuxieme-forum-sur-la-gestion-durable-des-eaux-pluviales\/80177\/#breadcrumb","itemListElement":[{"@type":"ListItem","position":1,"name":"Accueil","item":"https:\/\/batijournal.com\/"},{"@type":"ListItem","position":2,"name":"\u00c9v\u00e9nements","item":"https:\/\/batijournal.com\/index.php\/category\/evenements\/"},{"@type":"ListItem","position":3,"name":"Deuxi\u00e8me forum sur la gestion durable des eaux pluviales"}]},{"@type":"WebSite","@id":"https:\/\/batijournal.com\/#website","url":"https:\/\/batijournal.com\/","name":"Batijournal","description":"L&#039;actualit\u00e9 du b\u00e2timent","potentialAction":[{"@type":"SearchAction","target":{"@type":"EntryPoint","urlTemplate":"https:\/\/batijournal.com\/?s={search_term_string}"},"query-input":{"@type":"PropertyValueSpecification","valueRequired":true,"valueName":"search_term_string"}}],"inLanguage":"fr-FR"},{"@type":"Person","@id":"https:\/\/batijournal.com\/#\/schema\/person\/6a657e8967569e1b299972574848aa76","name":"Bati-journal","image":{"@type":"ImageObject","inLanguage":"fr-FR","@id":"https:\/\/secure.gravatar.com\/avatar\/a64364ea26392f9b4dd47e017ddaec74ff03aefc073b49e492e847201258f777?s=96&d=mm&r=g","url":"https:\/\/secure.gravatar.com\/avatar\/a64364ea26392f9b4dd47e017ddaec74ff03aefc073b49e492e847201258f777?s=96&d=mm&r=g","contentUrl":"https:\/\/secure.gravatar.com\/avatar\/a64364ea26392f9b4dd47e017ddaec74ff03aefc073b49e492e847201258f777?s=96&d=mm&r=g","caption":"Bati-journal"},"url":"https:\/\/batijournal.com\/index.php\/author\/elodie\/"}]}},"_links":{"self":[{"href":"https:\/\/batijournal.com\/index.php\/wp-json\/wp\/v2\/posts\/80177","targetHints":{"allow":["GET"]}}],"collection":[{"href":"https:\/\/batijournal.com\/index.php\/wp-json\/wp\/v2\/posts"}],"about":[{"href":"https:\/\/batijournal.com\/index.php\/wp-json\/wp\/v2\/types\/post"}],"author":[{"embeddable":true,"href":"https:\/\/batijournal.com\/index.php\/wp-json\/wp\/v2\/users\/1"}],"replies":[{"embeddable":true,"href":"https:\/\/batijournal.com\/index.php\/wp-json\/wp\/v2\/comments?post=80177"}],"version-history":[{"count":0,"href":"https:\/\/batijournal.com\/index.php\/wp-json\/wp\/v2\/posts\/80177\/revisions"}],"wp:featuredmedia":[{"embeddable":true,"href":"https:\/\/batijournal.com\/index.php\/wp-json\/wp\/v2\/media\/80178"}],"wp:attachment":[{"href":"https:\/\/batijournal.com\/index.php\/wp-json\/wp\/v2\/media?parent=80177"}],"wp:term":[{"taxonomy":"category","embeddable":true,"href":"https:\/\/batijournal.com\/index.php\/wp-json\/wp\/v2\/categories?post=80177"},{"taxonomy":"post_tag","embeddable":true,"href":"https:\/\/batijournal.com\/index.php\/wp-json\/wp\/v2\/tags?post=80177"}],"curies":[{"name":"wp","href":"https:\/\/api.w.org\/{rel}","templated":true}]}}