{"id":80179,"date":"2009-02-04T00:00:00","date_gmt":"2009-02-03T23:00:00","guid":{"rendered":"http:\/\/b.bati-journal.com\/26-au-28-mars-2009-rencontres-sur-la-pierre-seche-et-les-terrasses-de-culture\/80179"},"modified":"2009-02-04T00:00:00","modified_gmt":"2009-02-03T23:00:00","slug":"26-au-28-mars-2009-rencontres-sur-la-pierre-seche-et-les-terrasses-de-culture","status":"publish","type":"post","link":"https:\/\/batijournal.com\/index.php\/26-au-28-mars-2009-rencontres-sur-la-pierre-seche-et-les-terrasses-de-culture\/80179\/","title":{"rendered":"26 au 28 mars 2009 : rencontres sur la pierre s\u00e8che et les terrasses de culture."},"content":{"rendered":"<p>Le Parc national des C\u00e9vennes et la commune du Vigan organisent du 26 au 28 mars 2009 au Vigan (Gard) des rencontres sur le th\u00e8me de la pierre s\u00e8che et des terrasses de culture.Les terrasses de culture et les autres ouvrages en pierre s\u00e8che contribuent \u00e0 la qualit\u00e9 des paysages des C\u00e9vennes. Ils sont chers au c\u009cur des habitants et rev\u00eatent \u00e0 leurs yeux comme \u00e0 ceux des visiteurs une valeur culturelle identitaire. Ces espaces ont \u00e9t\u00e9 pour la plupart d\u0092entre eux d\u00e9laiss\u00e9s \u00e0 la suite de d\u00e9cennies d\u0092exode rural. Mais leur abandon n\u0092est pas in\u00e9luctable et on assiste depuis quelques ann\u00e9es \u00e0 un mouvement de reconqu\u00eate. Toutefois, on ne peut revitaliser ce patrimoine si l\u0092on ne relance pas concomitamment les savoir-faire de la pierre s\u00e8che, qui sont tomb\u00e9s en d\u00e9su\u00e9tude. Au programme de ces trois jours : \u0095 Restitution de travaux de recherche et d\u0092actions de valorisation de la pierre s\u00e8che Exemples de r\u00e9habilitation de terrasses et \u00e9changes de pratiques\u0095 Terrasses et urbanisation\u0095 La fili\u00e8re pierre s\u00e8che\u0095 Nouveau plan d\u0092actions en faveur de la valorisation de la pierre s\u00e8che \u0095 Visites de chantiers sur le terrain Pour obtenir un formulaire de pr\u00e9inscription, il suffit d&rsquo;\u00e9crire \u00e0 : catherine.dubois@cevennes-parcnational.fr<\/p>\n","protected":false},"excerpt":{"rendered":"<p>Le Parc national des C\u00e9vennes et la commune du Vigan organisent du 26 au 28 mars 2009 au Vigan (Gard) des rencontres sur le th\u00e8me de la pierre s\u00e8che et des terrasses de culture.Les terrasses de culture et les autres ouvrages en pierre s\u00e8che contribuent \u00e0 la qualit\u00e9 des paysages des C\u00e9vennes. Ils sont chers [&hellip;]<\/p>\n","protected":false},"author":1,"featured_media":0,"comment_status":"open","ping_status":"closed","sticky":false,"template":"","format":"standard","meta":{"_et_pb_use_builder":"","_et_pb_old_content":"","_et_gb_content_width":"","footnotes":""},"categories":[9192],"tags":[],"class_list":["post-80179","post","type-post","status-publish","format-standard","hentry","category-evenements"],"yoast_head":"<!-- This site is optimized with the Yoast SEO plugin v27.4 - https:\/\/yoast.com\/product\/yoast-seo-wordpress\/ -->\n<title>26 au 28 mars 2009 : rencontres sur la pierre s\u00e8che et les terrasses de culture.<\/title>\n<meta name=\"robots\" content=\"index, follow, max-snippet:-1, max-image-preview:large, max-video-preview:-1\" \/>\n<link rel=\"canonical\" href=\"https:\/\/batijournal.com\/index.php\/26-au-28-mars-2009-rencontres-sur-la-pierre-seche-et-les-terrasses-de-culture\/80179\/\" \/>\n<meta property=\"og:locale\" content=\"fr_FR\" \/>\n<meta property=\"og:type\" content=\"article\" \/>\n<meta property=\"og:title\" content=\"26 au 28 mars 2009 : rencontres sur la pierre s\u00e8che et les terrasses de culture.\" \/>\n<meta property=\"og:description\" content=\"Le Parc national des C\u00e9vennes et la commune du Vigan organisent du 26 au 28 mars 2009 au Vigan (Gard) des rencontres sur le th\u00e8me de la pierre s\u00e8che et des terrasses de culture.Les terrasses de culture et les autres ouvrages en pierre s\u00e8che contribuent \u00e0 la qualit\u00e9 des paysages des C\u00e9vennes. Ils sont chers [&hellip;]\" \/>\n<meta property=\"og:url\" content=\"https:\/\/batijournal.com\/index.php\/26-au-28-mars-2009-rencontres-sur-la-pierre-seche-et-les-terrasses-de-culture\/80179\/\" \/>\n<meta property=\"og:site_name\" content=\"Batijournal\" \/>\n<meta property=\"article:published_time\" content=\"2009-02-03T23:00:00+00:00\" \/>\n<meta name=\"author\" content=\"Bati-journal\" \/>\n<meta name=\"twitter:card\" content=\"summary_large_image\" \/>\n<meta name=\"twitter:creator\" content=\"@bati_journal\" \/>\n<meta name=\"twitter:site\" content=\"@bati_journal\" \/>\n<meta name=\"twitter:label1\" content=\"\u00c9crit par\" \/>\n\t<meta name=\"twitter:data1\" content=\"Bati-journal\" \/>\n\t<meta name=\"twitter:label2\" content=\"Dur\u00e9e de lecture estim\u00e9e\" \/>\n\t<meta name=\"twitter:data2\" content=\"1 minute\" \/>\n<script type=\"application\/ld+json\" class=\"yoast-schema-graph\">{\"@context\":\"https:\\\/\\\/schema.org\",\"@graph\":[{\"@type\":\"Article\",\"@id\":\"https:\\\/\\\/batijournal.com\\\/index.php\\\/26-au-28-mars-2009-rencontres-sur-la-pierre-seche-et-les-terrasses-de-culture\\\/80179\\\/#article\",\"isPartOf\":{\"@id\":\"https:\\\/\\\/batijournal.com\\\/index.php\\\/26-au-28-mars-2009-rencontres-sur-la-pierre-seche-et-les-terrasses-de-culture\\\/80179\\\/\"},\"author\":{\"name\":\"Bati-journal\",\"@id\":\"https:\\\/\\\/batijournal.com\\\/#\\\/schema\\\/person\\\/6a657e8967569e1b299972574848aa76\"},\"headline\":\"26 au 28 mars 2009 : rencontres sur la pierre s\u00e8che et les terrasses de culture.\",\"datePublished\":\"2009-02-03T23:00:00+00:00\",\"mainEntityOfPage\":{\"@id\":\"https:\\\/\\\/batijournal.com\\\/index.php\\\/26-au-28-mars-2009-rencontres-sur-la-pierre-seche-et-les-terrasses-de-culture\\\/80179\\\/\"},\"wordCount\":233,\"commentCount\":0,\"articleSection\":[\"\u00c9v\u00e9nements\"],\"inLanguage\":\"fr-FR\",\"potentialAction\":[{\"@type\":\"CommentAction\",\"name\":\"Comment\",\"target\":[\"https:\\\/\\\/batijournal.com\\\/index.php\\\/26-au-28-mars-2009-rencontres-sur-la-pierre-seche-et-les-terrasses-de-culture\\\/80179\\\/#respond\"]}]},{\"@type\":\"WebPage\",\"@id\":\"https:\\\/\\\/batijournal.com\\\/index.php\\\/26-au-28-mars-2009-rencontres-sur-la-pierre-seche-et-les-terrasses-de-culture\\\/80179\\\/\",\"url\":\"https:\\\/\\\/batijournal.com\\\/index.php\\\/26-au-28-mars-2009-rencontres-sur-la-pierre-seche-et-les-terrasses-de-culture\\\/80179\\\/\",\"name\":\"26 au 28 mars 2009 : rencontres sur la pierre s\u00e8che et les terrasses de culture.\",\"isPartOf\":{\"@id\":\"https:\\\/\\\/batijournal.com\\\/#website\"},\"datePublished\":\"2009-02-03T23:00:00+00:00\",\"author\":{\"@id\":\"https:\\\/\\\/batijournal.com\\\/#\\\/schema\\\/person\\\/6a657e8967569e1b299972574848aa76\"},\"breadcrumb\":{\"@id\":\"https:\\\/\\\/batijournal.com\\\/index.php\\\/26-au-28-mars-2009-rencontres-sur-la-pierre-seche-et-les-terrasses-de-culture\\\/80179\\\/#breadcrumb\"},\"inLanguage\":\"fr-FR\",\"potentialAction\":[{\"@type\":\"ReadAction\",\"target\":[\"https:\\\/\\\/batijournal.com\\\/index.php\\\/26-au-28-mars-2009-rencontres-sur-la-pierre-seche-et-les-terrasses-de-culture\\\/80179\\\/\"]}]},{\"@type\":\"BreadcrumbList\",\"@id\":\"https:\\\/\\\/batijournal.com\\\/index.php\\\/26-au-28-mars-2009-rencontres-sur-la-pierre-seche-et-les-terrasses-de-culture\\\/80179\\\/#breadcrumb\",\"itemListElement\":[{\"@type\":\"ListItem\",\"position\":1,\"name\":\"Accueil\",\"item\":\"https:\\\/\\\/batijournal.com\\\/\"},{\"@type\":\"ListItem\",\"position\":2,\"name\":\"\u00c9v\u00e9nements\",\"item\":\"https:\\\/\\\/batijournal.com\\\/index.php\\\/category\\\/evenements\\\/\"},{\"@type\":\"ListItem\",\"position\":3,\"name\":\"26 au 28 mars 2009 : rencontres sur la pierre s\u00e8che et les terrasses de culture.\"}]},{\"@type\":\"WebSite\",\"@id\":\"https:\\\/\\\/batijournal.com\\\/#website\",\"url\":\"https:\\\/\\\/batijournal.com\\\/\",\"name\":\"Batijournal\",\"description\":\"L&#039;actualit\u00e9 du b\u00e2timent\",\"potentialAction\":[{\"@type\":\"SearchAction\",\"target\":{\"@type\":\"EntryPoint\",\"urlTemplate\":\"https:\\\/\\\/batijournal.com\\\/?s={search_term_string}\"},\"query-input\":{\"@type\":\"PropertyValueSpecification\",\"valueRequired\":true,\"valueName\":\"search_term_string\"}}],\"inLanguage\":\"fr-FR\"},{\"@type\":\"Person\",\"@id\":\"https:\\\/\\\/batijournal.com\\\/#\\\/schema\\\/person\\\/6a657e8967569e1b299972574848aa76\",\"name\":\"Bati-journal\",\"image\":{\"@type\":\"ImageObject\",\"inLanguage\":\"fr-FR\",\"@id\":\"https:\\\/\\\/secure.gravatar.com\\\/avatar\\\/a64364ea26392f9b4dd47e017ddaec74ff03aefc073b49e492e847201258f777?s=96&d=mm&r=g\",\"url\":\"https:\\\/\\\/secure.gravatar.com\\\/avatar\\\/a64364ea26392f9b4dd47e017ddaec74ff03aefc073b49e492e847201258f777?s=96&d=mm&r=g\",\"contentUrl\":\"https:\\\/\\\/secure.gravatar.com\\\/avatar\\\/a64364ea26392f9b4dd47e017ddaec74ff03aefc073b49e492e847201258f777?s=96&d=mm&r=g\",\"caption\":\"Bati-journal\"},\"url\":\"https:\\\/\\\/batijournal.com\\\/index.php\\\/author\\\/elodie\\\/\"}]}<\/script>\n<!-- \/ Yoast SEO plugin. -->","yoast_head_json":{"title":"26 au 28 mars 2009 : rencontres sur la pierre s\u00e8che et les terrasses de culture.","robots":{"index":"index","follow":"follow","max-snippet":"max-snippet:-1","max-image-preview":"max-image-preview:large","max-video-preview":"max-video-preview:-1"},"canonical":"https:\/\/batijournal.com\/index.php\/26-au-28-mars-2009-rencontres-sur-la-pierre-seche-et-les-terrasses-de-culture\/80179\/","og_locale":"fr_FR","og_type":"article","og_title":"26 au 28 mars 2009 : rencontres sur la pierre s\u00e8che et les terrasses de culture.","og_description":"Le Parc national des C\u00e9vennes et la commune du Vigan organisent du 26 au 28 mars 2009 au Vigan (Gard) des rencontres sur le th\u00e8me de la pierre s\u00e8che et des terrasses de culture.Les terrasses de culture et les autres ouvrages en pierre s\u00e8che contribuent \u00e0 la qualit\u00e9 des paysages des C\u00e9vennes. Ils sont chers [&hellip;]","og_url":"https:\/\/batijournal.com\/index.php\/26-au-28-mars-2009-rencontres-sur-la-pierre-seche-et-les-terrasses-de-culture\/80179\/","og_site_name":"Batijournal","article_published_time":"2009-02-03T23:00:00+00:00","author":"Bati-journal","twitter_card":"summary_large_image","twitter_creator":"@bati_journal","twitter_site":"@bati_journal","twitter_misc":{"\u00c9crit par":"Bati-journal","Dur\u00e9e de lecture estim\u00e9e":"1 minute"},"schema":{"@context":"https:\/\/schema.org","@graph":[{"@type":"Article","@id":"https:\/\/batijournal.com\/index.php\/26-au-28-mars-2009-rencontres-sur-la-pierre-seche-et-les-terrasses-de-culture\/80179\/#article","isPartOf":{"@id":"https:\/\/batijournal.com\/index.php\/26-au-28-mars-2009-rencontres-sur-la-pierre-seche-et-les-terrasses-de-culture\/80179\/"},"author":{"name":"Bati-journal","@id":"https:\/\/batijournal.com\/#\/schema\/person\/6a657e8967569e1b299972574848aa76"},"headline":"26 au 28 mars 2009 : rencontres sur la pierre s\u00e8che et les terrasses de culture.","datePublished":"2009-02-03T23:00:00+00:00","mainEntityOfPage":{"@id":"https:\/\/batijournal.com\/index.php\/26-au-28-mars-2009-rencontres-sur-la-pierre-seche-et-les-terrasses-de-culture\/80179\/"},"wordCount":233,"commentCount":0,"articleSection":["\u00c9v\u00e9nements"],"inLanguage":"fr-FR","potentialAction":[{"@type":"CommentAction","name":"Comment","target":["https:\/\/batijournal.com\/index.php\/26-au-28-mars-2009-rencontres-sur-la-pierre-seche-et-les-terrasses-de-culture\/80179\/#respond"]}]},{"@type":"WebPage","@id":"https:\/\/batijournal.com\/index.php\/26-au-28-mars-2009-rencontres-sur-la-pierre-seche-et-les-terrasses-de-culture\/80179\/","url":"https:\/\/batijournal.com\/index.php\/26-au-28-mars-2009-rencontres-sur-la-pierre-seche-et-les-terrasses-de-culture\/80179\/","name":"26 au 28 mars 2009 : rencontres sur la pierre s\u00e8che et les terrasses de culture.","isPartOf":{"@id":"https:\/\/batijournal.com\/#website"},"datePublished":"2009-02-03T23:00:00+00:00","author":{"@id":"https:\/\/batijournal.com\/#\/schema\/person\/6a657e8967569e1b299972574848aa76"},"breadcrumb":{"@id":"https:\/\/batijournal.com\/index.php\/26-au-28-mars-2009-rencontres-sur-la-pierre-seche-et-les-terrasses-de-culture\/80179\/#breadcrumb"},"inLanguage":"fr-FR","potentialAction":[{"@type":"ReadAction","target":["https:\/\/batijournal.com\/index.php\/26-au-28-mars-2009-rencontres-sur-la-pierre-seche-et-les-terrasses-de-culture\/80179\/"]}]},{"@type":"BreadcrumbList","@id":"https:\/\/batijournal.com\/index.php\/26-au-28-mars-2009-rencontres-sur-la-pierre-seche-et-les-terrasses-de-culture\/80179\/#breadcrumb","itemListElement":[{"@type":"ListItem","position":1,"name":"Accueil","item":"https:\/\/batijournal.com\/"},{"@type":"ListItem","position":2,"name":"\u00c9v\u00e9nements","item":"https:\/\/batijournal.com\/index.php\/category\/evenements\/"},{"@type":"ListItem","position":3,"name":"26 au 28 mars 2009 : rencontres sur la pierre s\u00e8che et les terrasses de culture."}]},{"@type":"WebSite","@id":"https:\/\/batijournal.com\/#website","url":"https:\/\/batijournal.com\/","name":"Batijournal","description":"L&#039;actualit\u00e9 du b\u00e2timent","potentialAction":[{"@type":"SearchAction","target":{"@type":"EntryPoint","urlTemplate":"https:\/\/batijournal.com\/?s={search_term_string}"},"query-input":{"@type":"PropertyValueSpecification","valueRequired":true,"valueName":"search_term_string"}}],"inLanguage":"fr-FR"},{"@type":"Person","@id":"https:\/\/batijournal.com\/#\/schema\/person\/6a657e8967569e1b299972574848aa76","name":"Bati-journal","image":{"@type":"ImageObject","inLanguage":"fr-FR","@id":"https:\/\/secure.gravatar.com\/avatar\/a64364ea26392f9b4dd47e017ddaec74ff03aefc073b49e492e847201258f777?s=96&d=mm&r=g","url":"https:\/\/secure.gravatar.com\/avatar\/a64364ea26392f9b4dd47e017ddaec74ff03aefc073b49e492e847201258f777?s=96&d=mm&r=g","contentUrl":"https:\/\/secure.gravatar.com\/avatar\/a64364ea26392f9b4dd47e017ddaec74ff03aefc073b49e492e847201258f777?s=96&d=mm&r=g","caption":"Bati-journal"},"url":"https:\/\/batijournal.com\/index.php\/author\/elodie\/"}]}},"_links":{"self":[{"href":"https:\/\/batijournal.com\/index.php\/wp-json\/wp\/v2\/posts\/80179","targetHints":{"allow":["GET"]}}],"collection":[{"href":"https:\/\/batijournal.com\/index.php\/wp-json\/wp\/v2\/posts"}],"about":[{"href":"https:\/\/batijournal.com\/index.php\/wp-json\/wp\/v2\/types\/post"}],"author":[{"embeddable":true,"href":"https:\/\/batijournal.com\/index.php\/wp-json\/wp\/v2\/users\/1"}],"replies":[{"embeddable":true,"href":"https:\/\/batijournal.com\/index.php\/wp-json\/wp\/v2\/comments?post=80179"}],"version-history":[{"count":0,"href":"https:\/\/batijournal.com\/index.php\/wp-json\/wp\/v2\/posts\/80179\/revisions"}],"wp:attachment":[{"href":"https:\/\/batijournal.com\/index.php\/wp-json\/wp\/v2\/media?parent=80179"}],"wp:term":[{"taxonomy":"category","embeddable":true,"href":"https:\/\/batijournal.com\/index.php\/wp-json\/wp\/v2\/categories?post=80179"},{"taxonomy":"post_tag","embeddable":true,"href":"https:\/\/batijournal.com\/index.php\/wp-json\/wp\/v2\/tags?post=80179"}],"curies":[{"name":"wp","href":"https:\/\/api.w.org\/{rel}","templated":true}]}}