{"id":80184,"date":"2009-02-06T00:00:00","date_gmt":"2009-02-05T23:00:00","guid":{"rendered":"http:\/\/b.bati-journal.com\/les-journees-de-la-rose\/80184"},"modified":"2009-02-06T00:00:00","modified_gmt":"2009-02-05T23:00:00","slug":"les-journees-de-la-rose","status":"publish","type":"post","link":"https:\/\/batijournal.com\/index.php\/les-journees-de-la-rose\/80184\/","title":{"rendered":"Les Journ\u00e9es de la rose"},"content":{"rendered":"<p>Dans le cadre exceptionnel du domaine de Chaalis, rosi\u00e9ristes, p\u00e9pini\u00e9ristes, exposants d&rsquo;\u0092accessoires et d\u0092&rsquo;outillage, soit plus de 120 participants, se r\u00e9unissent \u00e0 l&rsquo;occasion des Journ\u00e9es de la rose. Cette manifestation d\u00e9cline la \u00ab\u00a0reine des fleurs\u00a0\u00bb sous forme de conf\u00e9rences, d&rsquo;ateliers de parfums, de confection de chapeaux, de composition florale. C&rsquo;est \u00e9galement l&rsquo;opportunit\u00e9 de d\u00e9couvrir la roseraie de 3 500 m2 \u00e0 l&rsquo;apog\u00e9e de sa floraison, gr\u00e2ce aux visites guid\u00e9es du jardinier-paysagiste, Andr\u00e9 Gamard. Du 6 au 8 juin 2008, abbaye royale de Chaalis, Senlis, Ermenonville (60).<\/p>\n","protected":false},"excerpt":{"rendered":"<p>Dans le cadre exceptionnel du domaine de Chaalis, rosi\u00e9ristes, p\u00e9pini\u00e9ristes, exposants d&rsquo;\u0092accessoires et d\u0092&rsquo;outillage, soit plus de 120 participants, se r\u00e9unissent \u00e0 l&rsquo;occasion des Journ\u00e9es de la rose. Cette manifestation d\u00e9cline la \u00ab\u00a0reine des fleurs\u00a0\u00bb sous forme de conf\u00e9rences, d&rsquo;ateliers de parfums, de confection de chapeaux, de composition florale. C&rsquo;est \u00e9galement l&rsquo;opportunit\u00e9 de d\u00e9couvrir la [&hellip;]<\/p>\n","protected":false},"author":1,"featured_media":0,"comment_status":"open","ping_status":"closed","sticky":false,"template":"","format":"standard","meta":{"_et_pb_use_builder":"","_et_pb_old_content":"","_et_gb_content_width":"","footnotes":""},"categories":[9192],"tags":[9197],"class_list":["post-80184","post","type-post","status-publish","format-standard","hentry","category-evenements","tag-evenement"],"yoast_head":"<!-- This site is optimized with the Yoast SEO plugin v27.4 - https:\/\/yoast.com\/product\/yoast-seo-wordpress\/ -->\n<title>Les Journ\u00e9es de la rose<\/title>\n<meta name=\"robots\" content=\"index, follow, max-snippet:-1, max-image-preview:large, max-video-preview:-1\" \/>\n<link rel=\"canonical\" href=\"https:\/\/batijournal.com\/index.php\/les-journees-de-la-rose\/80184\/\" \/>\n<meta property=\"og:locale\" content=\"fr_FR\" \/>\n<meta property=\"og:type\" content=\"article\" \/>\n<meta property=\"og:title\" content=\"Les Journ\u00e9es de la rose\" \/>\n<meta property=\"og:description\" content=\"Dans le cadre exceptionnel du domaine de Chaalis, rosi\u00e9ristes, p\u00e9pini\u00e9ristes, exposants d&rsquo;\u0092accessoires et d\u0092&rsquo;outillage, soit plus de 120 participants, se r\u00e9unissent \u00e0 l&rsquo;occasion des Journ\u00e9es de la rose. Cette manifestation d\u00e9cline la \u00ab\u00a0reine des fleurs\u00a0\u00bb sous forme de conf\u00e9rences, d&rsquo;ateliers de parfums, de confection de chapeaux, de composition florale. C&rsquo;est \u00e9galement l&rsquo;opportunit\u00e9 de d\u00e9couvrir la [&hellip;]\" \/>\n<meta property=\"og:url\" content=\"https:\/\/batijournal.com\/index.php\/les-journees-de-la-rose\/80184\/\" \/>\n<meta property=\"og:site_name\" content=\"Batijournal\" \/>\n<meta property=\"article:published_time\" content=\"2009-02-05T23:00:00+00:00\" \/>\n<meta name=\"author\" content=\"Bati-journal\" \/>\n<meta name=\"twitter:card\" content=\"summary_large_image\" \/>\n<meta name=\"twitter:creator\" content=\"@bati_journal\" \/>\n<meta name=\"twitter:site\" content=\"@bati_journal\" \/>\n<meta name=\"twitter:label1\" content=\"\u00c9crit par\" \/>\n\t<meta name=\"twitter:data1\" content=\"Bati-journal\" \/>\n<script type=\"application\/ld+json\" class=\"yoast-schema-graph\">{\"@context\":\"https:\\\/\\\/schema.org\",\"@graph\":[{\"@type\":\"Article\",\"@id\":\"https:\\\/\\\/batijournal.com\\\/index.php\\\/les-journees-de-la-rose\\\/80184\\\/#article\",\"isPartOf\":{\"@id\":\"https:\\\/\\\/batijournal.com\\\/index.php\\\/les-journees-de-la-rose\\\/80184\\\/\"},\"author\":{\"name\":\"Bati-journal\",\"@id\":\"https:\\\/\\\/batijournal.com\\\/#\\\/schema\\\/person\\\/6a657e8967569e1b299972574848aa76\"},\"headline\":\"Les Journ\u00e9es de la rose\",\"datePublished\":\"2009-02-05T23:00:00+00:00\",\"mainEntityOfPage\":{\"@id\":\"https:\\\/\\\/batijournal.com\\\/index.php\\\/les-journees-de-la-rose\\\/80184\\\/\"},\"wordCount\":101,\"commentCount\":0,\"keywords\":[\"evenement\"],\"articleSection\":[\"\u00c9v\u00e9nements\"],\"inLanguage\":\"fr-FR\",\"potentialAction\":[{\"@type\":\"CommentAction\",\"name\":\"Comment\",\"target\":[\"https:\\\/\\\/batijournal.com\\\/index.php\\\/les-journees-de-la-rose\\\/80184\\\/#respond\"]}]},{\"@type\":\"WebPage\",\"@id\":\"https:\\\/\\\/batijournal.com\\\/index.php\\\/les-journees-de-la-rose\\\/80184\\\/\",\"url\":\"https:\\\/\\\/batijournal.com\\\/index.php\\\/les-journees-de-la-rose\\\/80184\\\/\",\"name\":\"Les Journ\u00e9es de la rose\",\"isPartOf\":{\"@id\":\"https:\\\/\\\/batijournal.com\\\/#website\"},\"datePublished\":\"2009-02-05T23:00:00+00:00\",\"author\":{\"@id\":\"https:\\\/\\\/batijournal.com\\\/#\\\/schema\\\/person\\\/6a657e8967569e1b299972574848aa76\"},\"breadcrumb\":{\"@id\":\"https:\\\/\\\/batijournal.com\\\/index.php\\\/les-journees-de-la-rose\\\/80184\\\/#breadcrumb\"},\"inLanguage\":\"fr-FR\",\"potentialAction\":[{\"@type\":\"ReadAction\",\"target\":[\"https:\\\/\\\/batijournal.com\\\/index.php\\\/les-journees-de-la-rose\\\/80184\\\/\"]}]},{\"@type\":\"BreadcrumbList\",\"@id\":\"https:\\\/\\\/batijournal.com\\\/index.php\\\/les-journees-de-la-rose\\\/80184\\\/#breadcrumb\",\"itemListElement\":[{\"@type\":\"ListItem\",\"position\":1,\"name\":\"Accueil\",\"item\":\"https:\\\/\\\/batijournal.com\\\/\"},{\"@type\":\"ListItem\",\"position\":2,\"name\":\"\u00c9v\u00e9nements\",\"item\":\"https:\\\/\\\/batijournal.com\\\/index.php\\\/category\\\/evenements\\\/\"},{\"@type\":\"ListItem\",\"position\":3,\"name\":\"Les Journ\u00e9es de la rose\"}]},{\"@type\":\"WebSite\",\"@id\":\"https:\\\/\\\/batijournal.com\\\/#website\",\"url\":\"https:\\\/\\\/batijournal.com\\\/\",\"name\":\"Batijournal\",\"description\":\"L&#039;actualit\u00e9 du b\u00e2timent\",\"potentialAction\":[{\"@type\":\"SearchAction\",\"target\":{\"@type\":\"EntryPoint\",\"urlTemplate\":\"https:\\\/\\\/batijournal.com\\\/?s={search_term_string}\"},\"query-input\":{\"@type\":\"PropertyValueSpecification\",\"valueRequired\":true,\"valueName\":\"search_term_string\"}}],\"inLanguage\":\"fr-FR\"},{\"@type\":\"Person\",\"@id\":\"https:\\\/\\\/batijournal.com\\\/#\\\/schema\\\/person\\\/6a657e8967569e1b299972574848aa76\",\"name\":\"Bati-journal\",\"image\":{\"@type\":\"ImageObject\",\"inLanguage\":\"fr-FR\",\"@id\":\"https:\\\/\\\/secure.gravatar.com\\\/avatar\\\/a64364ea26392f9b4dd47e017ddaec74ff03aefc073b49e492e847201258f777?s=96&d=mm&r=g\",\"url\":\"https:\\\/\\\/secure.gravatar.com\\\/avatar\\\/a64364ea26392f9b4dd47e017ddaec74ff03aefc073b49e492e847201258f777?s=96&d=mm&r=g\",\"contentUrl\":\"https:\\\/\\\/secure.gravatar.com\\\/avatar\\\/a64364ea26392f9b4dd47e017ddaec74ff03aefc073b49e492e847201258f777?s=96&d=mm&r=g\",\"caption\":\"Bati-journal\"},\"url\":\"https:\\\/\\\/batijournal.com\\\/index.php\\\/author\\\/elodie\\\/\"}]}<\/script>\n<!-- \/ Yoast SEO plugin. -->","yoast_head_json":{"title":"Les Journ\u00e9es de la rose","robots":{"index":"index","follow":"follow","max-snippet":"max-snippet:-1","max-image-preview":"max-image-preview:large","max-video-preview":"max-video-preview:-1"},"canonical":"https:\/\/batijournal.com\/index.php\/les-journees-de-la-rose\/80184\/","og_locale":"fr_FR","og_type":"article","og_title":"Les Journ\u00e9es de la rose","og_description":"Dans le cadre exceptionnel du domaine de Chaalis, rosi\u00e9ristes, p\u00e9pini\u00e9ristes, exposants d&rsquo;\u0092accessoires et d\u0092&rsquo;outillage, soit plus de 120 participants, se r\u00e9unissent \u00e0 l&rsquo;occasion des Journ\u00e9es de la rose. Cette manifestation d\u00e9cline la \u00ab\u00a0reine des fleurs\u00a0\u00bb sous forme de conf\u00e9rences, d&rsquo;ateliers de parfums, de confection de chapeaux, de composition florale. C&rsquo;est \u00e9galement l&rsquo;opportunit\u00e9 de d\u00e9couvrir la [&hellip;]","og_url":"https:\/\/batijournal.com\/index.php\/les-journees-de-la-rose\/80184\/","og_site_name":"Batijournal","article_published_time":"2009-02-05T23:00:00+00:00","author":"Bati-journal","twitter_card":"summary_large_image","twitter_creator":"@bati_journal","twitter_site":"@bati_journal","twitter_misc":{"\u00c9crit par":"Bati-journal"},"schema":{"@context":"https:\/\/schema.org","@graph":[{"@type":"Article","@id":"https:\/\/batijournal.com\/index.php\/les-journees-de-la-rose\/80184\/#article","isPartOf":{"@id":"https:\/\/batijournal.com\/index.php\/les-journees-de-la-rose\/80184\/"},"author":{"name":"Bati-journal","@id":"https:\/\/batijournal.com\/#\/schema\/person\/6a657e8967569e1b299972574848aa76"},"headline":"Les Journ\u00e9es de la rose","datePublished":"2009-02-05T23:00:00+00:00","mainEntityOfPage":{"@id":"https:\/\/batijournal.com\/index.php\/les-journees-de-la-rose\/80184\/"},"wordCount":101,"commentCount":0,"keywords":["evenement"],"articleSection":["\u00c9v\u00e9nements"],"inLanguage":"fr-FR","potentialAction":[{"@type":"CommentAction","name":"Comment","target":["https:\/\/batijournal.com\/index.php\/les-journees-de-la-rose\/80184\/#respond"]}]},{"@type":"WebPage","@id":"https:\/\/batijournal.com\/index.php\/les-journees-de-la-rose\/80184\/","url":"https:\/\/batijournal.com\/index.php\/les-journees-de-la-rose\/80184\/","name":"Les Journ\u00e9es de la rose","isPartOf":{"@id":"https:\/\/batijournal.com\/#website"},"datePublished":"2009-02-05T23:00:00+00:00","author":{"@id":"https:\/\/batijournal.com\/#\/schema\/person\/6a657e8967569e1b299972574848aa76"},"breadcrumb":{"@id":"https:\/\/batijournal.com\/index.php\/les-journees-de-la-rose\/80184\/#breadcrumb"},"inLanguage":"fr-FR","potentialAction":[{"@type":"ReadAction","target":["https:\/\/batijournal.com\/index.php\/les-journees-de-la-rose\/80184\/"]}]},{"@type":"BreadcrumbList","@id":"https:\/\/batijournal.com\/index.php\/les-journees-de-la-rose\/80184\/#breadcrumb","itemListElement":[{"@type":"ListItem","position":1,"name":"Accueil","item":"https:\/\/batijournal.com\/"},{"@type":"ListItem","position":2,"name":"\u00c9v\u00e9nements","item":"https:\/\/batijournal.com\/index.php\/category\/evenements\/"},{"@type":"ListItem","position":3,"name":"Les Journ\u00e9es de la rose"}]},{"@type":"WebSite","@id":"https:\/\/batijournal.com\/#website","url":"https:\/\/batijournal.com\/","name":"Batijournal","description":"L&#039;actualit\u00e9 du b\u00e2timent","potentialAction":[{"@type":"SearchAction","target":{"@type":"EntryPoint","urlTemplate":"https:\/\/batijournal.com\/?s={search_term_string}"},"query-input":{"@type":"PropertyValueSpecification","valueRequired":true,"valueName":"search_term_string"}}],"inLanguage":"fr-FR"},{"@type":"Person","@id":"https:\/\/batijournal.com\/#\/schema\/person\/6a657e8967569e1b299972574848aa76","name":"Bati-journal","image":{"@type":"ImageObject","inLanguage":"fr-FR","@id":"https:\/\/secure.gravatar.com\/avatar\/a64364ea26392f9b4dd47e017ddaec74ff03aefc073b49e492e847201258f777?s=96&d=mm&r=g","url":"https:\/\/secure.gravatar.com\/avatar\/a64364ea26392f9b4dd47e017ddaec74ff03aefc073b49e492e847201258f777?s=96&d=mm&r=g","contentUrl":"https:\/\/secure.gravatar.com\/avatar\/a64364ea26392f9b4dd47e017ddaec74ff03aefc073b49e492e847201258f777?s=96&d=mm&r=g","caption":"Bati-journal"},"url":"https:\/\/batijournal.com\/index.php\/author\/elodie\/"}]}},"_links":{"self":[{"href":"https:\/\/batijournal.com\/index.php\/wp-json\/wp\/v2\/posts\/80184","targetHints":{"allow":["GET"]}}],"collection":[{"href":"https:\/\/batijournal.com\/index.php\/wp-json\/wp\/v2\/posts"}],"about":[{"href":"https:\/\/batijournal.com\/index.php\/wp-json\/wp\/v2\/types\/post"}],"author":[{"embeddable":true,"href":"https:\/\/batijournal.com\/index.php\/wp-json\/wp\/v2\/users\/1"}],"replies":[{"embeddable":true,"href":"https:\/\/batijournal.com\/index.php\/wp-json\/wp\/v2\/comments?post=80184"}],"version-history":[{"count":0,"href":"https:\/\/batijournal.com\/index.php\/wp-json\/wp\/v2\/posts\/80184\/revisions"}],"wp:attachment":[{"href":"https:\/\/batijournal.com\/index.php\/wp-json\/wp\/v2\/media?parent=80184"}],"wp:term":[{"taxonomy":"category","embeddable":true,"href":"https:\/\/batijournal.com\/index.php\/wp-json\/wp\/v2\/categories?post=80184"},{"taxonomy":"post_tag","embeddable":true,"href":"https:\/\/batijournal.com\/index.php\/wp-json\/wp\/v2\/tags?post=80184"}],"curies":[{"name":"wp","href":"https:\/\/api.w.org\/{rel}","templated":true}]}}