{"id":80205,"date":"2009-03-12T00:00:00","date_gmt":"2009-03-11T23:00:00","guid":{"rendered":"http:\/\/b.bati-journal.com\/dunkerque-1er-forum-nord-europeen-sur-les-quartiers-durables\/80205"},"modified":"2009-03-12T00:00:00","modified_gmt":"2009-03-11T23:00:00","slug":"dunkerque-1er-forum-nord-europeen-sur-les-quartiers-durables","status":"publish","type":"post","link":"https:\/\/batijournal.com\/index.php\/dunkerque-1er-forum-nord-europeen-sur-les-quartiers-durables\/80205\/","title":{"rendered":"Dunkerque : 1er forum nord-europ\u00e9en sur les quartiers durables"},"content":{"rendered":"<p>Associer environnement, mixit\u00e9 sociale, d\u00e9veloppement \u00e9conomique et urbanisme : voil\u00e0 l\u0092int\u00e9r\u00eat des quartiers durables. Les projets ne cessent de se multiplier \u00e0 travers les villes fran\u00e7aises et europ\u00e9ennes montrant une r\u00e9elle volont\u00e9 de la part des diff\u00e9rents acteurs et d\u00e9cideurs d&rsquo;\u0092acc\u00e9der \u00e0 une nouvelle approche des villes et de l&rsquo;\u0092am\u00e9nagement urbain. Ce forum sur les quartiers durables se propose de montrer des exemples europ\u00e9ens innovants et pr\u00e9curseurs en la mati\u00e8re et celui de Dunkerque en particulier, qui accueille cette premi\u00e8re \u00e9dition les 31 mars et 1er avril prochains. Comment se mesure la durabilit\u00e9 d\u0092&rsquo;un quartier ? Quelles sont les attentes des habitants ? Comment les \u00e9lus s\u0092&#8217;emparent-ils de ce vrai d\u00e9fi ? C\u0092&rsquo;est \u00e0 toutes ces questions que r\u00e9pondront les intervenants de ce Forum organis\u00e9 par la Communaut\u00e9 urbaine de Dunkerque et IDEAL Connaissances.<\/p>\n","protected":false},"excerpt":{"rendered":"<p>Associer environnement, mixit\u00e9 sociale, d\u00e9veloppement \u00e9conomique et urbanisme : voil\u00e0 l\u0092int\u00e9r\u00eat des quartiers durables. Les projets ne cessent de se multiplier \u00e0 travers les villes fran\u00e7aises et europ\u00e9ennes montrant une r\u00e9elle volont\u00e9 de la part des diff\u00e9rents acteurs et d\u00e9cideurs d&rsquo;\u0092acc\u00e9der \u00e0 une nouvelle approche des villes et de l&rsquo;\u0092am\u00e9nagement urbain. Ce forum sur les [&hellip;]<\/p>\n","protected":false},"author":1,"featured_media":80206,"comment_status":"open","ping_status":"closed","sticky":false,"template":"","format":"standard","meta":{"_et_pb_use_builder":"","_et_pb_old_content":"","_et_gb_content_width":"","footnotes":""},"categories":[9192],"tags":[66],"class_list":["post-80205","post","type-post","status-publish","format-standard","has-post-thumbnail","hentry","category-evenements","tag-forum"],"yoast_head":"<!-- This site is optimized with the Yoast SEO plugin v27.4 - https:\/\/yoast.com\/product\/yoast-seo-wordpress\/ -->\n<title>Dunkerque : 1er forum nord-europ\u00e9en sur les quartiers durables<\/title>\n<meta name=\"robots\" content=\"index, follow, max-snippet:-1, max-image-preview:large, max-video-preview:-1\" \/>\n<link rel=\"canonical\" href=\"https:\/\/batijournal.com\/index.php\/dunkerque-1er-forum-nord-europeen-sur-les-quartiers-durables\/80205\/\" \/>\n<meta property=\"og:locale\" content=\"fr_FR\" \/>\n<meta property=\"og:type\" content=\"article\" \/>\n<meta property=\"og:title\" content=\"Dunkerque : 1er forum nord-europ\u00e9en sur les quartiers durables\" \/>\n<meta property=\"og:description\" content=\"Associer environnement, mixit\u00e9 sociale, d\u00e9veloppement \u00e9conomique et urbanisme : voil\u00e0 l\u0092int\u00e9r\u00eat des quartiers durables. Les projets ne cessent de se multiplier \u00e0 travers les villes fran\u00e7aises et europ\u00e9ennes montrant une r\u00e9elle volont\u00e9 de la part des diff\u00e9rents acteurs et d\u00e9cideurs d&rsquo;\u0092acc\u00e9der \u00e0 une nouvelle approche des villes et de l&rsquo;\u0092am\u00e9nagement urbain. Ce forum sur les [&hellip;]\" \/>\n<meta property=\"og:url\" content=\"https:\/\/batijournal.com\/index.php\/dunkerque-1er-forum-nord-europeen-sur-les-quartiers-durables\/80205\/\" \/>\n<meta property=\"og:site_name\" content=\"Batijournal\" \/>\n<meta property=\"article:published_time\" content=\"2009-03-11T23:00:00+00:00\" \/>\n<meta property=\"og:image\" content=\"https:\/\/batijournal.com\/wp-content\/uploads\/2015\/03\/03242705.jpg\" \/>\n\t<meta property=\"og:image:width\" content=\"428\" \/>\n\t<meta property=\"og:image:height\" content=\"600\" \/>\n\t<meta property=\"og:image:type\" content=\"image\/jpeg\" \/>\n<meta name=\"author\" content=\"Bati-journal\" \/>\n<meta name=\"twitter:card\" content=\"summary_large_image\" \/>\n<meta name=\"twitter:creator\" content=\"@bati_journal\" \/>\n<meta name=\"twitter:site\" content=\"@bati_journal\" \/>\n<meta name=\"twitter:label1\" content=\"\u00c9crit par\" \/>\n\t<meta name=\"twitter:data1\" content=\"Bati-journal\" \/>\n\t<meta name=\"twitter:label2\" content=\"Dur\u00e9e de lecture estim\u00e9e\" \/>\n\t<meta name=\"twitter:data2\" content=\"1 minute\" \/>\n<script type=\"application\/ld+json\" class=\"yoast-schema-graph\">{\"@context\":\"https:\\\/\\\/schema.org\",\"@graph\":[{\"@type\":\"Article\",\"@id\":\"https:\\\/\\\/batijournal.com\\\/index.php\\\/dunkerque-1er-forum-nord-europeen-sur-les-quartiers-durables\\\/80205\\\/#article\",\"isPartOf\":{\"@id\":\"https:\\\/\\\/batijournal.com\\\/index.php\\\/dunkerque-1er-forum-nord-europeen-sur-les-quartiers-durables\\\/80205\\\/\"},\"author\":{\"name\":\"Bati-journal\",\"@id\":\"https:\\\/\\\/batijournal.com\\\/#\\\/schema\\\/person\\\/6a657e8967569e1b299972574848aa76\"},\"headline\":\"Dunkerque : 1er forum nord-europ\u00e9en sur les quartiers durables\",\"datePublished\":\"2009-03-11T23:00:00+00:00\",\"mainEntityOfPage\":{\"@id\":\"https:\\\/\\\/batijournal.com\\\/index.php\\\/dunkerque-1er-forum-nord-europeen-sur-les-quartiers-durables\\\/80205\\\/\"},\"wordCount\":157,\"commentCount\":0,\"image\":{\"@id\":\"https:\\\/\\\/batijournal.com\\\/index.php\\\/dunkerque-1er-forum-nord-europeen-sur-les-quartiers-durables\\\/80205\\\/#primaryimage\"},\"thumbnailUrl\":\"https:\\\/\\\/batijournal.com\\\/wp-content\\\/uploads\\\/2015\\\/03\\\/03242705.jpg\",\"keywords\":[\"forum\"],\"articleSection\":[\"\u00c9v\u00e9nements\"],\"inLanguage\":\"fr-FR\",\"potentialAction\":[{\"@type\":\"CommentAction\",\"name\":\"Comment\",\"target\":[\"https:\\\/\\\/batijournal.com\\\/index.php\\\/dunkerque-1er-forum-nord-europeen-sur-les-quartiers-durables\\\/80205\\\/#respond\"]}]},{\"@type\":\"WebPage\",\"@id\":\"https:\\\/\\\/batijournal.com\\\/index.php\\\/dunkerque-1er-forum-nord-europeen-sur-les-quartiers-durables\\\/80205\\\/\",\"url\":\"https:\\\/\\\/batijournal.com\\\/index.php\\\/dunkerque-1er-forum-nord-europeen-sur-les-quartiers-durables\\\/80205\\\/\",\"name\":\"Dunkerque : 1er forum nord-europ\u00e9en sur les quartiers durables\",\"isPartOf\":{\"@id\":\"https:\\\/\\\/batijournal.com\\\/#website\"},\"primaryImageOfPage\":{\"@id\":\"https:\\\/\\\/batijournal.com\\\/index.php\\\/dunkerque-1er-forum-nord-europeen-sur-les-quartiers-durables\\\/80205\\\/#primaryimage\"},\"image\":{\"@id\":\"https:\\\/\\\/batijournal.com\\\/index.php\\\/dunkerque-1er-forum-nord-europeen-sur-les-quartiers-durables\\\/80205\\\/#primaryimage\"},\"thumbnailUrl\":\"https:\\\/\\\/batijournal.com\\\/wp-content\\\/uploads\\\/2015\\\/03\\\/03242705.jpg\",\"datePublished\":\"2009-03-11T23:00:00+00:00\",\"author\":{\"@id\":\"https:\\\/\\\/batijournal.com\\\/#\\\/schema\\\/person\\\/6a657e8967569e1b299972574848aa76\"},\"breadcrumb\":{\"@id\":\"https:\\\/\\\/batijournal.com\\\/index.php\\\/dunkerque-1er-forum-nord-europeen-sur-les-quartiers-durables\\\/80205\\\/#breadcrumb\"},\"inLanguage\":\"fr-FR\",\"potentialAction\":[{\"@type\":\"ReadAction\",\"target\":[\"https:\\\/\\\/batijournal.com\\\/index.php\\\/dunkerque-1er-forum-nord-europeen-sur-les-quartiers-durables\\\/80205\\\/\"]}]},{\"@type\":\"ImageObject\",\"inLanguage\":\"fr-FR\",\"@id\":\"https:\\\/\\\/batijournal.com\\\/index.php\\\/dunkerque-1er-forum-nord-europeen-sur-les-quartiers-durables\\\/80205\\\/#primaryimage\",\"url\":\"https:\\\/\\\/batijournal.com\\\/wp-content\\\/uploads\\\/2015\\\/03\\\/03242705.jpg\",\"contentUrl\":\"https:\\\/\\\/batijournal.com\\\/wp-content\\\/uploads\\\/2015\\\/03\\\/03242705.jpg\",\"width\":428,\"height\":600},{\"@type\":\"BreadcrumbList\",\"@id\":\"https:\\\/\\\/batijournal.com\\\/index.php\\\/dunkerque-1er-forum-nord-europeen-sur-les-quartiers-durables\\\/80205\\\/#breadcrumb\",\"itemListElement\":[{\"@type\":\"ListItem\",\"position\":1,\"name\":\"Accueil\",\"item\":\"https:\\\/\\\/batijournal.com\\\/\"},{\"@type\":\"ListItem\",\"position\":2,\"name\":\"\u00c9v\u00e9nements\",\"item\":\"https:\\\/\\\/batijournal.com\\\/index.php\\\/category\\\/evenements\\\/\"},{\"@type\":\"ListItem\",\"position\":3,\"name\":\"Dunkerque : 1er forum nord-europ\u00e9en sur les quartiers durables\"}]},{\"@type\":\"WebSite\",\"@id\":\"https:\\\/\\\/batijournal.com\\\/#website\",\"url\":\"https:\\\/\\\/batijournal.com\\\/\",\"name\":\"Batijournal\",\"description\":\"L&#039;actualit\u00e9 du b\u00e2timent\",\"potentialAction\":[{\"@type\":\"SearchAction\",\"target\":{\"@type\":\"EntryPoint\",\"urlTemplate\":\"https:\\\/\\\/batijournal.com\\\/?s={search_term_string}\"},\"query-input\":{\"@type\":\"PropertyValueSpecification\",\"valueRequired\":true,\"valueName\":\"search_term_string\"}}],\"inLanguage\":\"fr-FR\"},{\"@type\":\"Person\",\"@id\":\"https:\\\/\\\/batijournal.com\\\/#\\\/schema\\\/person\\\/6a657e8967569e1b299972574848aa76\",\"name\":\"Bati-journal\",\"image\":{\"@type\":\"ImageObject\",\"inLanguage\":\"fr-FR\",\"@id\":\"https:\\\/\\\/secure.gravatar.com\\\/avatar\\\/a64364ea26392f9b4dd47e017ddaec74ff03aefc073b49e492e847201258f777?s=96&d=mm&r=g\",\"url\":\"https:\\\/\\\/secure.gravatar.com\\\/avatar\\\/a64364ea26392f9b4dd47e017ddaec74ff03aefc073b49e492e847201258f777?s=96&d=mm&r=g\",\"contentUrl\":\"https:\\\/\\\/secure.gravatar.com\\\/avatar\\\/a64364ea26392f9b4dd47e017ddaec74ff03aefc073b49e492e847201258f777?s=96&d=mm&r=g\",\"caption\":\"Bati-journal\"},\"url\":\"https:\\\/\\\/batijournal.com\\\/index.php\\\/author\\\/elodie\\\/\"}]}<\/script>\n<!-- \/ Yoast SEO plugin. -->","yoast_head_json":{"title":"Dunkerque : 1er forum nord-europ\u00e9en sur les quartiers durables","robots":{"index":"index","follow":"follow","max-snippet":"max-snippet:-1","max-image-preview":"max-image-preview:large","max-video-preview":"max-video-preview:-1"},"canonical":"https:\/\/batijournal.com\/index.php\/dunkerque-1er-forum-nord-europeen-sur-les-quartiers-durables\/80205\/","og_locale":"fr_FR","og_type":"article","og_title":"Dunkerque : 1er forum nord-europ\u00e9en sur les quartiers durables","og_description":"Associer environnement, mixit\u00e9 sociale, d\u00e9veloppement \u00e9conomique et urbanisme : voil\u00e0 l\u0092int\u00e9r\u00eat des quartiers durables. Les projets ne cessent de se multiplier \u00e0 travers les villes fran\u00e7aises et europ\u00e9ennes montrant une r\u00e9elle volont\u00e9 de la part des diff\u00e9rents acteurs et d\u00e9cideurs d&rsquo;\u0092acc\u00e9der \u00e0 une nouvelle approche des villes et de l&rsquo;\u0092am\u00e9nagement urbain. Ce forum sur les [&hellip;]","og_url":"https:\/\/batijournal.com\/index.php\/dunkerque-1er-forum-nord-europeen-sur-les-quartiers-durables\/80205\/","og_site_name":"Batijournal","article_published_time":"2009-03-11T23:00:00+00:00","og_image":[{"width":428,"height":600,"url":"https:\/\/batijournal.com\/wp-content\/uploads\/2015\/03\/03242705.jpg","type":"image\/jpeg"}],"author":"Bati-journal","twitter_card":"summary_large_image","twitter_creator":"@bati_journal","twitter_site":"@bati_journal","twitter_misc":{"\u00c9crit par":"Bati-journal","Dur\u00e9e de lecture estim\u00e9e":"1 minute"},"schema":{"@context":"https:\/\/schema.org","@graph":[{"@type":"Article","@id":"https:\/\/batijournal.com\/index.php\/dunkerque-1er-forum-nord-europeen-sur-les-quartiers-durables\/80205\/#article","isPartOf":{"@id":"https:\/\/batijournal.com\/index.php\/dunkerque-1er-forum-nord-europeen-sur-les-quartiers-durables\/80205\/"},"author":{"name":"Bati-journal","@id":"https:\/\/batijournal.com\/#\/schema\/person\/6a657e8967569e1b299972574848aa76"},"headline":"Dunkerque : 1er forum nord-europ\u00e9en sur les quartiers durables","datePublished":"2009-03-11T23:00:00+00:00","mainEntityOfPage":{"@id":"https:\/\/batijournal.com\/index.php\/dunkerque-1er-forum-nord-europeen-sur-les-quartiers-durables\/80205\/"},"wordCount":157,"commentCount":0,"image":{"@id":"https:\/\/batijournal.com\/index.php\/dunkerque-1er-forum-nord-europeen-sur-les-quartiers-durables\/80205\/#primaryimage"},"thumbnailUrl":"https:\/\/batijournal.com\/wp-content\/uploads\/2015\/03\/03242705.jpg","keywords":["forum"],"articleSection":["\u00c9v\u00e9nements"],"inLanguage":"fr-FR","potentialAction":[{"@type":"CommentAction","name":"Comment","target":["https:\/\/batijournal.com\/index.php\/dunkerque-1er-forum-nord-europeen-sur-les-quartiers-durables\/80205\/#respond"]}]},{"@type":"WebPage","@id":"https:\/\/batijournal.com\/index.php\/dunkerque-1er-forum-nord-europeen-sur-les-quartiers-durables\/80205\/","url":"https:\/\/batijournal.com\/index.php\/dunkerque-1er-forum-nord-europeen-sur-les-quartiers-durables\/80205\/","name":"Dunkerque : 1er forum nord-europ\u00e9en sur les quartiers durables","isPartOf":{"@id":"https:\/\/batijournal.com\/#website"},"primaryImageOfPage":{"@id":"https:\/\/batijournal.com\/index.php\/dunkerque-1er-forum-nord-europeen-sur-les-quartiers-durables\/80205\/#primaryimage"},"image":{"@id":"https:\/\/batijournal.com\/index.php\/dunkerque-1er-forum-nord-europeen-sur-les-quartiers-durables\/80205\/#primaryimage"},"thumbnailUrl":"https:\/\/batijournal.com\/wp-content\/uploads\/2015\/03\/03242705.jpg","datePublished":"2009-03-11T23:00:00+00:00","author":{"@id":"https:\/\/batijournal.com\/#\/schema\/person\/6a657e8967569e1b299972574848aa76"},"breadcrumb":{"@id":"https:\/\/batijournal.com\/index.php\/dunkerque-1er-forum-nord-europeen-sur-les-quartiers-durables\/80205\/#breadcrumb"},"inLanguage":"fr-FR","potentialAction":[{"@type":"ReadAction","target":["https:\/\/batijournal.com\/index.php\/dunkerque-1er-forum-nord-europeen-sur-les-quartiers-durables\/80205\/"]}]},{"@type":"ImageObject","inLanguage":"fr-FR","@id":"https:\/\/batijournal.com\/index.php\/dunkerque-1er-forum-nord-europeen-sur-les-quartiers-durables\/80205\/#primaryimage","url":"https:\/\/batijournal.com\/wp-content\/uploads\/2015\/03\/03242705.jpg","contentUrl":"https:\/\/batijournal.com\/wp-content\/uploads\/2015\/03\/03242705.jpg","width":428,"height":600},{"@type":"BreadcrumbList","@id":"https:\/\/batijournal.com\/index.php\/dunkerque-1er-forum-nord-europeen-sur-les-quartiers-durables\/80205\/#breadcrumb","itemListElement":[{"@type":"ListItem","position":1,"name":"Accueil","item":"https:\/\/batijournal.com\/"},{"@type":"ListItem","position":2,"name":"\u00c9v\u00e9nements","item":"https:\/\/batijournal.com\/index.php\/category\/evenements\/"},{"@type":"ListItem","position":3,"name":"Dunkerque : 1er forum nord-europ\u00e9en sur les quartiers durables"}]},{"@type":"WebSite","@id":"https:\/\/batijournal.com\/#website","url":"https:\/\/batijournal.com\/","name":"Batijournal","description":"L&#039;actualit\u00e9 du b\u00e2timent","potentialAction":[{"@type":"SearchAction","target":{"@type":"EntryPoint","urlTemplate":"https:\/\/batijournal.com\/?s={search_term_string}"},"query-input":{"@type":"PropertyValueSpecification","valueRequired":true,"valueName":"search_term_string"}}],"inLanguage":"fr-FR"},{"@type":"Person","@id":"https:\/\/batijournal.com\/#\/schema\/person\/6a657e8967569e1b299972574848aa76","name":"Bati-journal","image":{"@type":"ImageObject","inLanguage":"fr-FR","@id":"https:\/\/secure.gravatar.com\/avatar\/a64364ea26392f9b4dd47e017ddaec74ff03aefc073b49e492e847201258f777?s=96&d=mm&r=g","url":"https:\/\/secure.gravatar.com\/avatar\/a64364ea26392f9b4dd47e017ddaec74ff03aefc073b49e492e847201258f777?s=96&d=mm&r=g","contentUrl":"https:\/\/secure.gravatar.com\/avatar\/a64364ea26392f9b4dd47e017ddaec74ff03aefc073b49e492e847201258f777?s=96&d=mm&r=g","caption":"Bati-journal"},"url":"https:\/\/batijournal.com\/index.php\/author\/elodie\/"}]}},"_links":{"self":[{"href":"https:\/\/batijournal.com\/index.php\/wp-json\/wp\/v2\/posts\/80205","targetHints":{"allow":["GET"]}}],"collection":[{"href":"https:\/\/batijournal.com\/index.php\/wp-json\/wp\/v2\/posts"}],"about":[{"href":"https:\/\/batijournal.com\/index.php\/wp-json\/wp\/v2\/types\/post"}],"author":[{"embeddable":true,"href":"https:\/\/batijournal.com\/index.php\/wp-json\/wp\/v2\/users\/1"}],"replies":[{"embeddable":true,"href":"https:\/\/batijournal.com\/index.php\/wp-json\/wp\/v2\/comments?post=80205"}],"version-history":[{"count":0,"href":"https:\/\/batijournal.com\/index.php\/wp-json\/wp\/v2\/posts\/80205\/revisions"}],"wp:featuredmedia":[{"embeddable":true,"href":"https:\/\/batijournal.com\/index.php\/wp-json\/wp\/v2\/media\/80206"}],"wp:attachment":[{"href":"https:\/\/batijournal.com\/index.php\/wp-json\/wp\/v2\/media?parent=80205"}],"wp:term":[{"taxonomy":"category","embeddable":true,"href":"https:\/\/batijournal.com\/index.php\/wp-json\/wp\/v2\/categories?post=80205"},{"taxonomy":"post_tag","embeddable":true,"href":"https:\/\/batijournal.com\/index.php\/wp-json\/wp\/v2\/tags?post=80205"}],"curies":[{"name":"wp","href":"https:\/\/api.w.org\/{rel}","templated":true}]}}