{"id":80215,"date":"2009-03-19T00:00:00","date_gmt":"2009-03-18T23:00:00","guid":{"rendered":"http:\/\/b.bati-journal.com\/1er-salon-du-chauffage-et-des-economies-d%c2%92energie\/80215"},"modified":"2009-03-19T00:00:00","modified_gmt":"2009-03-18T23:00:00","slug":"1er-salon-du-chauffage-et-des-economies-d%c2%92energie","status":"publish","type":"post","link":"https:\/\/batijournal.com\/index.php\/1er-salon-du-chauffage-et-des-economies-d%c2%92energie\/80215\/","title":{"rendered":"1er salon du Chauffage et des \u00c9conomies d&rsquo;\u0092\u00c9nergie"},"content":{"rendered":"<p>L&rsquo;\u0092association Forum\u0092 Eco organise le samedi 28 mars 2009 son premier salon du chauffage et des \u00e9conomies d\u0092&rsquo;\u00e9nergie \u00e0 Lille. Cette rencontre entre professionnels et particuliers aura pour objectif de sensibiliser les consommateurs aux b\u00e9n\u00e9fices des nouveaux syst\u00e8mes de chauffage, plus \u00e9cologiques et plus \u00e9conomiques ainsi qu&rsquo;\u0092\u00e0 l\u0092&rsquo;habitat \u00ab vert \u00bb r\u00e9duisant son impact sur l\u0092&rsquo;environnement. Ce salon accueillera des professionnels de l\u0092&rsquo;\u00e9nergie solaire, \u00e9olienne, g\u00e9othermique et du chauffage \u00e0 granul\u00e9s de bois et les particuliers. Il recevra \u00e9galement des organismes proposant des solutions de financement ainsi que des prestataires effectuant des bilans carbones et des bilans \u00e9nerg\u00e9tiques. L&rsquo;\u0092association Forum\u0092 Eco est constitu\u00e9e de cinq \u00e9tudiants de l&rsquo;\u0092IESEG School of Management de Lille, des jeunes gens bien m\u00e9ritants. Ouvert toute la journ\u00e9e de 9h \u00e0 18h30, entr\u00e9e gratuite. Halle aux Sucres \u0096 Avenue du Peuple Belge \u00e0 Lille (59)<\/p>\n","protected":false},"excerpt":{"rendered":"<p>L&rsquo;\u0092association Forum\u0092 Eco organise le samedi 28 mars 2009 son premier salon du chauffage et des \u00e9conomies d\u0092&rsquo;\u00e9nergie \u00e0 Lille. Cette rencontre entre professionnels et particuliers aura pour objectif de sensibiliser les consommateurs aux b\u00e9n\u00e9fices des nouveaux syst\u00e8mes de chauffage, plus \u00e9cologiques et plus \u00e9conomiques ainsi qu&rsquo;\u0092\u00e0 l\u0092&rsquo;habitat \u00ab vert \u00bb r\u00e9duisant son impact sur [&hellip;]<\/p>\n","protected":false},"author":1,"featured_media":80216,"comment_status":"open","ping_status":"closed","sticky":false,"template":"","format":"standard","meta":{"_et_pb_use_builder":"","_et_pb_old_content":"","_et_gb_content_width":"","footnotes":""},"categories":[9192],"tags":[1629],"class_list":["post-80215","post","type-post","status-publish","format-standard","has-post-thumbnail","hentry","category-evenements","tag-economies-denergie"],"yoast_head":"<!-- This site is optimized with the Yoast SEO plugin v27.4 - https:\/\/yoast.com\/product\/yoast-seo-wordpress\/ -->\n<title>1er salon du Chauffage et des \u00c9conomies d&#039;\u0092\u00c9nergie<\/title>\n<meta name=\"robots\" content=\"index, follow, max-snippet:-1, max-image-preview:large, max-video-preview:-1\" \/>\n<link rel=\"canonical\" href=\"https:\/\/batijournal.com\/index.php\/1er-salon-du-chauffage-et-des-economies-d\u0092energie\/80215\/\" \/>\n<meta property=\"og:locale\" content=\"fr_FR\" \/>\n<meta property=\"og:type\" content=\"article\" \/>\n<meta property=\"og:title\" content=\"1er salon du Chauffage et des \u00c9conomies d&#039;\u0092\u00c9nergie\" \/>\n<meta property=\"og:description\" content=\"L&rsquo;\u0092association Forum\u0092 Eco organise le samedi 28 mars 2009 son premier salon du chauffage et des \u00e9conomies d\u0092&rsquo;\u00e9nergie \u00e0 Lille. Cette rencontre entre professionnels et particuliers aura pour objectif de sensibiliser les consommateurs aux b\u00e9n\u00e9fices des nouveaux syst\u00e8mes de chauffage, plus \u00e9cologiques et plus \u00e9conomiques ainsi qu&rsquo;\u0092\u00e0 l\u0092&rsquo;habitat \u00ab vert \u00bb r\u00e9duisant son impact sur [&hellip;]\" \/>\n<meta property=\"og:url\" content=\"https:\/\/batijournal.com\/index.php\/1er-salon-du-chauffage-et-des-economies-d\u0092energie\/80215\/\" \/>\n<meta property=\"og:site_name\" content=\"Batijournal\" \/>\n<meta property=\"article:published_time\" content=\"2009-03-18T23:00:00+00:00\" \/>\n<meta property=\"og:image\" content=\"https:\/\/batijournal.com\/wp-content\/uploads\/2015\/03\/03416271.jpg\" \/>\n\t<meta property=\"og:image:width\" content=\"424\" \/>\n\t<meta property=\"og:image:height\" content=\"600\" \/>\n\t<meta property=\"og:image:type\" content=\"image\/jpeg\" \/>\n<meta name=\"author\" content=\"Bati-journal\" \/>\n<meta name=\"twitter:card\" content=\"summary_large_image\" \/>\n<meta name=\"twitter:creator\" content=\"@bati_journal\" \/>\n<meta name=\"twitter:site\" content=\"@bati_journal\" \/>\n<meta name=\"twitter:label1\" content=\"\u00c9crit par\" \/>\n\t<meta name=\"twitter:data1\" content=\"Bati-journal\" \/>\n\t<meta name=\"twitter:label2\" content=\"Dur\u00e9e de lecture estim\u00e9e\" \/>\n\t<meta name=\"twitter:data2\" content=\"1 minute\" \/>\n<script type=\"application\/ld+json\" class=\"yoast-schema-graph\">{\"@context\":\"https:\\\/\\\/schema.org\",\"@graph\":[{\"@type\":\"Article\",\"@id\":\"https:\\\/\\\/batijournal.com\\\/index.php\\\/1er-salon-du-chauffage-et-des-economies-d%c2%92energie\\\/80215\\\/#article\",\"isPartOf\":{\"@id\":\"https:\\\/\\\/batijournal.com\\\/index.php\\\/1er-salon-du-chauffage-et-des-economies-d%c2%92energie\\\/80215\\\/\"},\"author\":{\"name\":\"Bati-journal\",\"@id\":\"https:\\\/\\\/batijournal.com\\\/#\\\/schema\\\/person\\\/6a657e8967569e1b299972574848aa76\"},\"headline\":\"1er salon du Chauffage et des \u00c9conomies d&rsquo;\u0092\u00c9nergie\",\"datePublished\":\"2009-03-18T23:00:00+00:00\",\"mainEntityOfPage\":{\"@id\":\"https:\\\/\\\/batijournal.com\\\/index.php\\\/1er-salon-du-chauffage-et-des-economies-d%c2%92energie\\\/80215\\\/\"},\"wordCount\":156,\"commentCount\":0,\"image\":{\"@id\":\"https:\\\/\\\/batijournal.com\\\/index.php\\\/1er-salon-du-chauffage-et-des-economies-d%c2%92energie\\\/80215\\\/#primaryimage\"},\"thumbnailUrl\":\"https:\\\/\\\/batijournal.com\\\/wp-content\\\/uploads\\\/2015\\\/03\\\/03416271.jpg\",\"keywords\":[\"\u00e9conomies d'\u00e9nergie\"],\"articleSection\":[\"\u00c9v\u00e9nements\"],\"inLanguage\":\"fr-FR\",\"potentialAction\":[{\"@type\":\"CommentAction\",\"name\":\"Comment\",\"target\":[\"https:\\\/\\\/batijournal.com\\\/index.php\\\/1er-salon-du-chauffage-et-des-economies-d%c2%92energie\\\/80215\\\/#respond\"]}]},{\"@type\":\"WebPage\",\"@id\":\"https:\\\/\\\/batijournal.com\\\/index.php\\\/1er-salon-du-chauffage-et-des-economies-d%c2%92energie\\\/80215\\\/\",\"url\":\"https:\\\/\\\/batijournal.com\\\/index.php\\\/1er-salon-du-chauffage-et-des-economies-d%c2%92energie\\\/80215\\\/\",\"name\":\"1er salon du Chauffage et des \u00c9conomies d'\u0092\u00c9nergie\",\"isPartOf\":{\"@id\":\"https:\\\/\\\/batijournal.com\\\/#website\"},\"primaryImageOfPage\":{\"@id\":\"https:\\\/\\\/batijournal.com\\\/index.php\\\/1er-salon-du-chauffage-et-des-economies-d%c2%92energie\\\/80215\\\/#primaryimage\"},\"image\":{\"@id\":\"https:\\\/\\\/batijournal.com\\\/index.php\\\/1er-salon-du-chauffage-et-des-economies-d%c2%92energie\\\/80215\\\/#primaryimage\"},\"thumbnailUrl\":\"https:\\\/\\\/batijournal.com\\\/wp-content\\\/uploads\\\/2015\\\/03\\\/03416271.jpg\",\"datePublished\":\"2009-03-18T23:00:00+00:00\",\"author\":{\"@id\":\"https:\\\/\\\/batijournal.com\\\/#\\\/schema\\\/person\\\/6a657e8967569e1b299972574848aa76\"},\"breadcrumb\":{\"@id\":\"https:\\\/\\\/batijournal.com\\\/index.php\\\/1er-salon-du-chauffage-et-des-economies-d%c2%92energie\\\/80215\\\/#breadcrumb\"},\"inLanguage\":\"fr-FR\",\"potentialAction\":[{\"@type\":\"ReadAction\",\"target\":[\"https:\\\/\\\/batijournal.com\\\/index.php\\\/1er-salon-du-chauffage-et-des-economies-d%c2%92energie\\\/80215\\\/\"]}]},{\"@type\":\"ImageObject\",\"inLanguage\":\"fr-FR\",\"@id\":\"https:\\\/\\\/batijournal.com\\\/index.php\\\/1er-salon-du-chauffage-et-des-economies-d%c2%92energie\\\/80215\\\/#primaryimage\",\"url\":\"https:\\\/\\\/batijournal.com\\\/wp-content\\\/uploads\\\/2015\\\/03\\\/03416271.jpg\",\"contentUrl\":\"https:\\\/\\\/batijournal.com\\\/wp-content\\\/uploads\\\/2015\\\/03\\\/03416271.jpg\",\"width\":424,\"height\":600},{\"@type\":\"BreadcrumbList\",\"@id\":\"https:\\\/\\\/batijournal.com\\\/index.php\\\/1er-salon-du-chauffage-et-des-economies-d%c2%92energie\\\/80215\\\/#breadcrumb\",\"itemListElement\":[{\"@type\":\"ListItem\",\"position\":1,\"name\":\"Accueil\",\"item\":\"https:\\\/\\\/batijournal.com\\\/\"},{\"@type\":\"ListItem\",\"position\":2,\"name\":\"\u00c9v\u00e9nements\",\"item\":\"https:\\\/\\\/batijournal.com\\\/index.php\\\/category\\\/evenements\\\/\"},{\"@type\":\"ListItem\",\"position\":3,\"name\":\"1er salon du Chauffage et des \u00c9conomies d&rsquo;\u0092\u00c9nergie\"}]},{\"@type\":\"WebSite\",\"@id\":\"https:\\\/\\\/batijournal.com\\\/#website\",\"url\":\"https:\\\/\\\/batijournal.com\\\/\",\"name\":\"Batijournal\",\"description\":\"L&#039;actualit\u00e9 du b\u00e2timent\",\"potentialAction\":[{\"@type\":\"SearchAction\",\"target\":{\"@type\":\"EntryPoint\",\"urlTemplate\":\"https:\\\/\\\/batijournal.com\\\/?s={search_term_string}\"},\"query-input\":{\"@type\":\"PropertyValueSpecification\",\"valueRequired\":true,\"valueName\":\"search_term_string\"}}],\"inLanguage\":\"fr-FR\"},{\"@type\":\"Person\",\"@id\":\"https:\\\/\\\/batijournal.com\\\/#\\\/schema\\\/person\\\/6a657e8967569e1b299972574848aa76\",\"name\":\"Bati-journal\",\"image\":{\"@type\":\"ImageObject\",\"inLanguage\":\"fr-FR\",\"@id\":\"https:\\\/\\\/secure.gravatar.com\\\/avatar\\\/a64364ea26392f9b4dd47e017ddaec74ff03aefc073b49e492e847201258f777?s=96&d=mm&r=g\",\"url\":\"https:\\\/\\\/secure.gravatar.com\\\/avatar\\\/a64364ea26392f9b4dd47e017ddaec74ff03aefc073b49e492e847201258f777?s=96&d=mm&r=g\",\"contentUrl\":\"https:\\\/\\\/secure.gravatar.com\\\/avatar\\\/a64364ea26392f9b4dd47e017ddaec74ff03aefc073b49e492e847201258f777?s=96&d=mm&r=g\",\"caption\":\"Bati-journal\"},\"url\":\"https:\\\/\\\/batijournal.com\\\/index.php\\\/author\\\/elodie\\\/\"}]}<\/script>\n<!-- \/ Yoast SEO plugin. -->","yoast_head_json":{"title":"1er salon du Chauffage et des \u00c9conomies d'\u0092\u00c9nergie","robots":{"index":"index","follow":"follow","max-snippet":"max-snippet:-1","max-image-preview":"max-image-preview:large","max-video-preview":"max-video-preview:-1"},"canonical":"https:\/\/batijournal.com\/index.php\/1er-salon-du-chauffage-et-des-economies-d\u0092energie\/80215\/","og_locale":"fr_FR","og_type":"article","og_title":"1er salon du Chauffage et des \u00c9conomies d'\u0092\u00c9nergie","og_description":"L&rsquo;\u0092association Forum\u0092 Eco organise le samedi 28 mars 2009 son premier salon du chauffage et des \u00e9conomies d\u0092&rsquo;\u00e9nergie \u00e0 Lille. Cette rencontre entre professionnels et particuliers aura pour objectif de sensibiliser les consommateurs aux b\u00e9n\u00e9fices des nouveaux syst\u00e8mes de chauffage, plus \u00e9cologiques et plus \u00e9conomiques ainsi qu&rsquo;\u0092\u00e0 l\u0092&rsquo;habitat \u00ab vert \u00bb r\u00e9duisant son impact sur [&hellip;]","og_url":"https:\/\/batijournal.com\/index.php\/1er-salon-du-chauffage-et-des-economies-d\u0092energie\/80215\/","og_site_name":"Batijournal","article_published_time":"2009-03-18T23:00:00+00:00","og_image":[{"width":424,"height":600,"url":"https:\/\/batijournal.com\/wp-content\/uploads\/2015\/03\/03416271.jpg","type":"image\/jpeg"}],"author":"Bati-journal","twitter_card":"summary_large_image","twitter_creator":"@bati_journal","twitter_site":"@bati_journal","twitter_misc":{"\u00c9crit par":"Bati-journal","Dur\u00e9e de lecture estim\u00e9e":"1 minute"},"schema":{"@context":"https:\/\/schema.org","@graph":[{"@type":"Article","@id":"https:\/\/batijournal.com\/index.php\/1er-salon-du-chauffage-et-des-economies-d%c2%92energie\/80215\/#article","isPartOf":{"@id":"https:\/\/batijournal.com\/index.php\/1er-salon-du-chauffage-et-des-economies-d%c2%92energie\/80215\/"},"author":{"name":"Bati-journal","@id":"https:\/\/batijournal.com\/#\/schema\/person\/6a657e8967569e1b299972574848aa76"},"headline":"1er salon du Chauffage et des \u00c9conomies d&rsquo;\u0092\u00c9nergie","datePublished":"2009-03-18T23:00:00+00:00","mainEntityOfPage":{"@id":"https:\/\/batijournal.com\/index.php\/1er-salon-du-chauffage-et-des-economies-d%c2%92energie\/80215\/"},"wordCount":156,"commentCount":0,"image":{"@id":"https:\/\/batijournal.com\/index.php\/1er-salon-du-chauffage-et-des-economies-d%c2%92energie\/80215\/#primaryimage"},"thumbnailUrl":"https:\/\/batijournal.com\/wp-content\/uploads\/2015\/03\/03416271.jpg","keywords":["\u00e9conomies d'\u00e9nergie"],"articleSection":["\u00c9v\u00e9nements"],"inLanguage":"fr-FR","potentialAction":[{"@type":"CommentAction","name":"Comment","target":["https:\/\/batijournal.com\/index.php\/1er-salon-du-chauffage-et-des-economies-d%c2%92energie\/80215\/#respond"]}]},{"@type":"WebPage","@id":"https:\/\/batijournal.com\/index.php\/1er-salon-du-chauffage-et-des-economies-d%c2%92energie\/80215\/","url":"https:\/\/batijournal.com\/index.php\/1er-salon-du-chauffage-et-des-economies-d%c2%92energie\/80215\/","name":"1er salon du Chauffage et des \u00c9conomies d'\u0092\u00c9nergie","isPartOf":{"@id":"https:\/\/batijournal.com\/#website"},"primaryImageOfPage":{"@id":"https:\/\/batijournal.com\/index.php\/1er-salon-du-chauffage-et-des-economies-d%c2%92energie\/80215\/#primaryimage"},"image":{"@id":"https:\/\/batijournal.com\/index.php\/1er-salon-du-chauffage-et-des-economies-d%c2%92energie\/80215\/#primaryimage"},"thumbnailUrl":"https:\/\/batijournal.com\/wp-content\/uploads\/2015\/03\/03416271.jpg","datePublished":"2009-03-18T23:00:00+00:00","author":{"@id":"https:\/\/batijournal.com\/#\/schema\/person\/6a657e8967569e1b299972574848aa76"},"breadcrumb":{"@id":"https:\/\/batijournal.com\/index.php\/1er-salon-du-chauffage-et-des-economies-d%c2%92energie\/80215\/#breadcrumb"},"inLanguage":"fr-FR","potentialAction":[{"@type":"ReadAction","target":["https:\/\/batijournal.com\/index.php\/1er-salon-du-chauffage-et-des-economies-d%c2%92energie\/80215\/"]}]},{"@type":"ImageObject","inLanguage":"fr-FR","@id":"https:\/\/batijournal.com\/index.php\/1er-salon-du-chauffage-et-des-economies-d%c2%92energie\/80215\/#primaryimage","url":"https:\/\/batijournal.com\/wp-content\/uploads\/2015\/03\/03416271.jpg","contentUrl":"https:\/\/batijournal.com\/wp-content\/uploads\/2015\/03\/03416271.jpg","width":424,"height":600},{"@type":"BreadcrumbList","@id":"https:\/\/batijournal.com\/index.php\/1er-salon-du-chauffage-et-des-economies-d%c2%92energie\/80215\/#breadcrumb","itemListElement":[{"@type":"ListItem","position":1,"name":"Accueil","item":"https:\/\/batijournal.com\/"},{"@type":"ListItem","position":2,"name":"\u00c9v\u00e9nements","item":"https:\/\/batijournal.com\/index.php\/category\/evenements\/"},{"@type":"ListItem","position":3,"name":"1er salon du Chauffage et des \u00c9conomies d&rsquo;\u0092\u00c9nergie"}]},{"@type":"WebSite","@id":"https:\/\/batijournal.com\/#website","url":"https:\/\/batijournal.com\/","name":"Batijournal","description":"L&#039;actualit\u00e9 du b\u00e2timent","potentialAction":[{"@type":"SearchAction","target":{"@type":"EntryPoint","urlTemplate":"https:\/\/batijournal.com\/?s={search_term_string}"},"query-input":{"@type":"PropertyValueSpecification","valueRequired":true,"valueName":"search_term_string"}}],"inLanguage":"fr-FR"},{"@type":"Person","@id":"https:\/\/batijournal.com\/#\/schema\/person\/6a657e8967569e1b299972574848aa76","name":"Bati-journal","image":{"@type":"ImageObject","inLanguage":"fr-FR","@id":"https:\/\/secure.gravatar.com\/avatar\/a64364ea26392f9b4dd47e017ddaec74ff03aefc073b49e492e847201258f777?s=96&d=mm&r=g","url":"https:\/\/secure.gravatar.com\/avatar\/a64364ea26392f9b4dd47e017ddaec74ff03aefc073b49e492e847201258f777?s=96&d=mm&r=g","contentUrl":"https:\/\/secure.gravatar.com\/avatar\/a64364ea26392f9b4dd47e017ddaec74ff03aefc073b49e492e847201258f777?s=96&d=mm&r=g","caption":"Bati-journal"},"url":"https:\/\/batijournal.com\/index.php\/author\/elodie\/"}]}},"_links":{"self":[{"href":"https:\/\/batijournal.com\/index.php\/wp-json\/wp\/v2\/posts\/80215","targetHints":{"allow":["GET"]}}],"collection":[{"href":"https:\/\/batijournal.com\/index.php\/wp-json\/wp\/v2\/posts"}],"about":[{"href":"https:\/\/batijournal.com\/index.php\/wp-json\/wp\/v2\/types\/post"}],"author":[{"embeddable":true,"href":"https:\/\/batijournal.com\/index.php\/wp-json\/wp\/v2\/users\/1"}],"replies":[{"embeddable":true,"href":"https:\/\/batijournal.com\/index.php\/wp-json\/wp\/v2\/comments?post=80215"}],"version-history":[{"count":0,"href":"https:\/\/batijournal.com\/index.php\/wp-json\/wp\/v2\/posts\/80215\/revisions"}],"wp:featuredmedia":[{"embeddable":true,"href":"https:\/\/batijournal.com\/index.php\/wp-json\/wp\/v2\/media\/80216"}],"wp:attachment":[{"href":"https:\/\/batijournal.com\/index.php\/wp-json\/wp\/v2\/media?parent=80215"}],"wp:term":[{"taxonomy":"category","embeddable":true,"href":"https:\/\/batijournal.com\/index.php\/wp-json\/wp\/v2\/categories?post=80215"},{"taxonomy":"post_tag","embeddable":true,"href":"https:\/\/batijournal.com\/index.php\/wp-json\/wp\/v2\/tags?post=80215"}],"curies":[{"name":"wp","href":"https:\/\/api.w.org\/{rel}","templated":true}]}}