{"id":80229,"date":"2009-03-31T00:00:00","date_gmt":"2009-03-30T22:00:00","guid":{"rendered":"http:\/\/b.bati-journal.com\/expo-durable-sur-un-ecoquartier\/80229"},"modified":"2009-03-31T00:00:00","modified_gmt":"2009-03-30T22:00:00","slug":"expo-durable-sur-un-ecoquartier","status":"publish","type":"post","link":"https:\/\/batijournal.com\/index.php\/expo-durable-sur-un-ecoquartier\/80229\/","title":{"rendered":"Expo durable sur un \u00e9coquartier"},"content":{"rendered":"<p>Du 6 au 25 avril 2009, la mairie du 18e accueille l&rsquo;exposition \u00ab\u00a0Zac Pajol, un \u00e9coquartier pilote en 2012\u00a0\u00bb. Destin\u00e9e au grand public (entr\u00e9e libre), elle retrace l&rsquo;histoire du quartier depuis la p\u00e9riode romaine jusqu&rsquo;aux projets futurs : une auberge de jeunesse de 330 lits, un IUT de 600 \u00e9tudiants, un coll\u00e8ge de 500 \u00e9l\u00e8ves (livr\u00e9 en 2009), un centre sportif, un p\u00f4le d&rsquo;entreprises, pr\u00e8s d&rsquo;un hectare de jardins&#8230; Aujourd&rsquo;hui, gr\u00e2ce \u00e0 la volont\u00e9 conjugu\u00e9e des \u00e9lus, des associations et des habitants, ce quartier devient l&rsquo;un des \u00e9coquartiers les plus exemplaires en mati\u00e8re de d\u00e9veloppement durable. Avec 3 300 m2 de panneaux solaires photovolta\u00efques install\u00e9s sur le toit de la future auberge de jeunesse, Pajol deviendra la premi\u00e8re centrale solaire photovolta\u00efque de centre-ville en France. Horaires : ouverte du lundi au vendredi de 8 h 30 \u00e0 17 h 00, nocturne le jeudi \u00e0 19 h 30, samedi de 9 h 00 \u00e0 12 h 30<\/p>\n","protected":false},"excerpt":{"rendered":"<p>Du 6 au 25 avril 2009, la mairie du 18e accueille l&rsquo;exposition \u00ab\u00a0Zac Pajol, un \u00e9coquartier pilote en 2012\u00a0\u00bb. Destin\u00e9e au grand public (entr\u00e9e libre), elle retrace l&rsquo;histoire du quartier depuis la p\u00e9riode romaine jusqu&rsquo;aux projets futurs : une auberge de jeunesse de 330 lits, un IUT de 600 \u00e9tudiants, un coll\u00e8ge de 500 \u00e9l\u00e8ves [&hellip;]<\/p>\n","protected":false},"author":1,"featured_media":0,"comment_status":"open","ping_status":"closed","sticky":false,"template":"","format":"standard","meta":{"_et_pb_use_builder":"","_et_pb_old_content":"","_et_gb_content_width":"","footnotes":""},"categories":[9192],"tags":[870],"class_list":["post-80229","post","type-post","status-publish","format-standard","hentry","category-evenements","tag-ecoquartier"],"yoast_head":"<!-- This site is optimized with the Yoast SEO plugin v27.4 - https:\/\/yoast.com\/product\/yoast-seo-wordpress\/ -->\n<title>Expo durable sur un \u00e9coquartier<\/title>\n<meta name=\"robots\" content=\"index, follow, max-snippet:-1, max-image-preview:large, max-video-preview:-1\" \/>\n<link rel=\"canonical\" href=\"https:\/\/batijournal.com\/index.php\/expo-durable-sur-un-ecoquartier\/80229\/\" \/>\n<meta property=\"og:locale\" content=\"fr_FR\" \/>\n<meta property=\"og:type\" content=\"article\" \/>\n<meta property=\"og:title\" content=\"Expo durable sur un \u00e9coquartier\" \/>\n<meta property=\"og:description\" content=\"Du 6 au 25 avril 2009, la mairie du 18e accueille l&rsquo;exposition \u00ab\u00a0Zac Pajol, un \u00e9coquartier pilote en 2012\u00a0\u00bb. Destin\u00e9e au grand public (entr\u00e9e libre), elle retrace l&rsquo;histoire du quartier depuis la p\u00e9riode romaine jusqu&rsquo;aux projets futurs : une auberge de jeunesse de 330 lits, un IUT de 600 \u00e9tudiants, un coll\u00e8ge de 500 \u00e9l\u00e8ves [&hellip;]\" \/>\n<meta property=\"og:url\" content=\"https:\/\/batijournal.com\/index.php\/expo-durable-sur-un-ecoquartier\/80229\/\" \/>\n<meta property=\"og:site_name\" content=\"Batijournal\" \/>\n<meta property=\"article:published_time\" content=\"2009-03-30T22:00:00+00:00\" \/>\n<meta name=\"author\" content=\"Bati-journal\" \/>\n<meta name=\"twitter:card\" content=\"summary_large_image\" \/>\n<meta name=\"twitter:creator\" content=\"@bati_journal\" \/>\n<meta name=\"twitter:site\" content=\"@bati_journal\" \/>\n<meta name=\"twitter:label1\" content=\"\u00c9crit par\" \/>\n\t<meta name=\"twitter:data1\" content=\"Bati-journal\" \/>\n\t<meta name=\"twitter:label2\" content=\"Dur\u00e9e de lecture estim\u00e9e\" \/>\n\t<meta name=\"twitter:data2\" content=\"1 minute\" \/>\n<script type=\"application\/ld+json\" class=\"yoast-schema-graph\">{\"@context\":\"https:\\\/\\\/schema.org\",\"@graph\":[{\"@type\":\"Article\",\"@id\":\"https:\\\/\\\/batijournal.com\\\/index.php\\\/expo-durable-sur-un-ecoquartier\\\/80229\\\/#article\",\"isPartOf\":{\"@id\":\"https:\\\/\\\/batijournal.com\\\/index.php\\\/expo-durable-sur-un-ecoquartier\\\/80229\\\/\"},\"author\":{\"name\":\"Bati-journal\",\"@id\":\"https:\\\/\\\/batijournal.com\\\/#\\\/schema\\\/person\\\/6a657e8967569e1b299972574848aa76\"},\"headline\":\"Expo durable sur un \u00e9coquartier\",\"datePublished\":\"2009-03-30T22:00:00+00:00\",\"mainEntityOfPage\":{\"@id\":\"https:\\\/\\\/batijournal.com\\\/index.php\\\/expo-durable-sur-un-ecoquartier\\\/80229\\\/\"},\"wordCount\":157,\"commentCount\":0,\"keywords\":[\"\u00e9coquartier\"],\"articleSection\":[\"\u00c9v\u00e9nements\"],\"inLanguage\":\"fr-FR\",\"potentialAction\":[{\"@type\":\"CommentAction\",\"name\":\"Comment\",\"target\":[\"https:\\\/\\\/batijournal.com\\\/index.php\\\/expo-durable-sur-un-ecoquartier\\\/80229\\\/#respond\"]}]},{\"@type\":\"WebPage\",\"@id\":\"https:\\\/\\\/batijournal.com\\\/index.php\\\/expo-durable-sur-un-ecoquartier\\\/80229\\\/\",\"url\":\"https:\\\/\\\/batijournal.com\\\/index.php\\\/expo-durable-sur-un-ecoquartier\\\/80229\\\/\",\"name\":\"Expo durable sur un \u00e9coquartier\",\"isPartOf\":{\"@id\":\"https:\\\/\\\/batijournal.com\\\/#website\"},\"datePublished\":\"2009-03-30T22:00:00+00:00\",\"author\":{\"@id\":\"https:\\\/\\\/batijournal.com\\\/#\\\/schema\\\/person\\\/6a657e8967569e1b299972574848aa76\"},\"breadcrumb\":{\"@id\":\"https:\\\/\\\/batijournal.com\\\/index.php\\\/expo-durable-sur-un-ecoquartier\\\/80229\\\/#breadcrumb\"},\"inLanguage\":\"fr-FR\",\"potentialAction\":[{\"@type\":\"ReadAction\",\"target\":[\"https:\\\/\\\/batijournal.com\\\/index.php\\\/expo-durable-sur-un-ecoquartier\\\/80229\\\/\"]}]},{\"@type\":\"BreadcrumbList\",\"@id\":\"https:\\\/\\\/batijournal.com\\\/index.php\\\/expo-durable-sur-un-ecoquartier\\\/80229\\\/#breadcrumb\",\"itemListElement\":[{\"@type\":\"ListItem\",\"position\":1,\"name\":\"Accueil\",\"item\":\"https:\\\/\\\/batijournal.com\\\/\"},{\"@type\":\"ListItem\",\"position\":2,\"name\":\"\u00c9v\u00e9nements\",\"item\":\"https:\\\/\\\/batijournal.com\\\/index.php\\\/category\\\/evenements\\\/\"},{\"@type\":\"ListItem\",\"position\":3,\"name\":\"Expo durable sur un \u00e9coquartier\"}]},{\"@type\":\"WebSite\",\"@id\":\"https:\\\/\\\/batijournal.com\\\/#website\",\"url\":\"https:\\\/\\\/batijournal.com\\\/\",\"name\":\"Batijournal\",\"description\":\"L&#039;actualit\u00e9 du b\u00e2timent\",\"potentialAction\":[{\"@type\":\"SearchAction\",\"target\":{\"@type\":\"EntryPoint\",\"urlTemplate\":\"https:\\\/\\\/batijournal.com\\\/?s={search_term_string}\"},\"query-input\":{\"@type\":\"PropertyValueSpecification\",\"valueRequired\":true,\"valueName\":\"search_term_string\"}}],\"inLanguage\":\"fr-FR\"},{\"@type\":\"Person\",\"@id\":\"https:\\\/\\\/batijournal.com\\\/#\\\/schema\\\/person\\\/6a657e8967569e1b299972574848aa76\",\"name\":\"Bati-journal\",\"image\":{\"@type\":\"ImageObject\",\"inLanguage\":\"fr-FR\",\"@id\":\"https:\\\/\\\/secure.gravatar.com\\\/avatar\\\/a64364ea26392f9b4dd47e017ddaec74ff03aefc073b49e492e847201258f777?s=96&d=mm&r=g\",\"url\":\"https:\\\/\\\/secure.gravatar.com\\\/avatar\\\/a64364ea26392f9b4dd47e017ddaec74ff03aefc073b49e492e847201258f777?s=96&d=mm&r=g\",\"contentUrl\":\"https:\\\/\\\/secure.gravatar.com\\\/avatar\\\/a64364ea26392f9b4dd47e017ddaec74ff03aefc073b49e492e847201258f777?s=96&d=mm&r=g\",\"caption\":\"Bati-journal\"},\"url\":\"https:\\\/\\\/batijournal.com\\\/index.php\\\/author\\\/elodie\\\/\"}]}<\/script>\n<!-- \/ Yoast SEO plugin. -->","yoast_head_json":{"title":"Expo durable sur un \u00e9coquartier","robots":{"index":"index","follow":"follow","max-snippet":"max-snippet:-1","max-image-preview":"max-image-preview:large","max-video-preview":"max-video-preview:-1"},"canonical":"https:\/\/batijournal.com\/index.php\/expo-durable-sur-un-ecoquartier\/80229\/","og_locale":"fr_FR","og_type":"article","og_title":"Expo durable sur un \u00e9coquartier","og_description":"Du 6 au 25 avril 2009, la mairie du 18e accueille l&rsquo;exposition \u00ab\u00a0Zac Pajol, un \u00e9coquartier pilote en 2012\u00a0\u00bb. Destin\u00e9e au grand public (entr\u00e9e libre), elle retrace l&rsquo;histoire du quartier depuis la p\u00e9riode romaine jusqu&rsquo;aux projets futurs : une auberge de jeunesse de 330 lits, un IUT de 600 \u00e9tudiants, un coll\u00e8ge de 500 \u00e9l\u00e8ves [&hellip;]","og_url":"https:\/\/batijournal.com\/index.php\/expo-durable-sur-un-ecoquartier\/80229\/","og_site_name":"Batijournal","article_published_time":"2009-03-30T22:00:00+00:00","author":"Bati-journal","twitter_card":"summary_large_image","twitter_creator":"@bati_journal","twitter_site":"@bati_journal","twitter_misc":{"\u00c9crit par":"Bati-journal","Dur\u00e9e de lecture estim\u00e9e":"1 minute"},"schema":{"@context":"https:\/\/schema.org","@graph":[{"@type":"Article","@id":"https:\/\/batijournal.com\/index.php\/expo-durable-sur-un-ecoquartier\/80229\/#article","isPartOf":{"@id":"https:\/\/batijournal.com\/index.php\/expo-durable-sur-un-ecoquartier\/80229\/"},"author":{"name":"Bati-journal","@id":"https:\/\/batijournal.com\/#\/schema\/person\/6a657e8967569e1b299972574848aa76"},"headline":"Expo durable sur un \u00e9coquartier","datePublished":"2009-03-30T22:00:00+00:00","mainEntityOfPage":{"@id":"https:\/\/batijournal.com\/index.php\/expo-durable-sur-un-ecoquartier\/80229\/"},"wordCount":157,"commentCount":0,"keywords":["\u00e9coquartier"],"articleSection":["\u00c9v\u00e9nements"],"inLanguage":"fr-FR","potentialAction":[{"@type":"CommentAction","name":"Comment","target":["https:\/\/batijournal.com\/index.php\/expo-durable-sur-un-ecoquartier\/80229\/#respond"]}]},{"@type":"WebPage","@id":"https:\/\/batijournal.com\/index.php\/expo-durable-sur-un-ecoquartier\/80229\/","url":"https:\/\/batijournal.com\/index.php\/expo-durable-sur-un-ecoquartier\/80229\/","name":"Expo durable sur un \u00e9coquartier","isPartOf":{"@id":"https:\/\/batijournal.com\/#website"},"datePublished":"2009-03-30T22:00:00+00:00","author":{"@id":"https:\/\/batijournal.com\/#\/schema\/person\/6a657e8967569e1b299972574848aa76"},"breadcrumb":{"@id":"https:\/\/batijournal.com\/index.php\/expo-durable-sur-un-ecoquartier\/80229\/#breadcrumb"},"inLanguage":"fr-FR","potentialAction":[{"@type":"ReadAction","target":["https:\/\/batijournal.com\/index.php\/expo-durable-sur-un-ecoquartier\/80229\/"]}]},{"@type":"BreadcrumbList","@id":"https:\/\/batijournal.com\/index.php\/expo-durable-sur-un-ecoquartier\/80229\/#breadcrumb","itemListElement":[{"@type":"ListItem","position":1,"name":"Accueil","item":"https:\/\/batijournal.com\/"},{"@type":"ListItem","position":2,"name":"\u00c9v\u00e9nements","item":"https:\/\/batijournal.com\/index.php\/category\/evenements\/"},{"@type":"ListItem","position":3,"name":"Expo durable sur un \u00e9coquartier"}]},{"@type":"WebSite","@id":"https:\/\/batijournal.com\/#website","url":"https:\/\/batijournal.com\/","name":"Batijournal","description":"L&#039;actualit\u00e9 du b\u00e2timent","potentialAction":[{"@type":"SearchAction","target":{"@type":"EntryPoint","urlTemplate":"https:\/\/batijournal.com\/?s={search_term_string}"},"query-input":{"@type":"PropertyValueSpecification","valueRequired":true,"valueName":"search_term_string"}}],"inLanguage":"fr-FR"},{"@type":"Person","@id":"https:\/\/batijournal.com\/#\/schema\/person\/6a657e8967569e1b299972574848aa76","name":"Bati-journal","image":{"@type":"ImageObject","inLanguage":"fr-FR","@id":"https:\/\/secure.gravatar.com\/avatar\/a64364ea26392f9b4dd47e017ddaec74ff03aefc073b49e492e847201258f777?s=96&d=mm&r=g","url":"https:\/\/secure.gravatar.com\/avatar\/a64364ea26392f9b4dd47e017ddaec74ff03aefc073b49e492e847201258f777?s=96&d=mm&r=g","contentUrl":"https:\/\/secure.gravatar.com\/avatar\/a64364ea26392f9b4dd47e017ddaec74ff03aefc073b49e492e847201258f777?s=96&d=mm&r=g","caption":"Bati-journal"},"url":"https:\/\/batijournal.com\/index.php\/author\/elodie\/"}]}},"_links":{"self":[{"href":"https:\/\/batijournal.com\/index.php\/wp-json\/wp\/v2\/posts\/80229","targetHints":{"allow":["GET"]}}],"collection":[{"href":"https:\/\/batijournal.com\/index.php\/wp-json\/wp\/v2\/posts"}],"about":[{"href":"https:\/\/batijournal.com\/index.php\/wp-json\/wp\/v2\/types\/post"}],"author":[{"embeddable":true,"href":"https:\/\/batijournal.com\/index.php\/wp-json\/wp\/v2\/users\/1"}],"replies":[{"embeddable":true,"href":"https:\/\/batijournal.com\/index.php\/wp-json\/wp\/v2\/comments?post=80229"}],"version-history":[{"count":0,"href":"https:\/\/batijournal.com\/index.php\/wp-json\/wp\/v2\/posts\/80229\/revisions"}],"wp:attachment":[{"href":"https:\/\/batijournal.com\/index.php\/wp-json\/wp\/v2\/media?parent=80229"}],"wp:term":[{"taxonomy":"category","embeddable":true,"href":"https:\/\/batijournal.com\/index.php\/wp-json\/wp\/v2\/categories?post=80229"},{"taxonomy":"post_tag","embeddable":true,"href":"https:\/\/batijournal.com\/index.php\/wp-json\/wp\/v2\/tags?post=80229"}],"curies":[{"name":"wp","href":"https:\/\/api.w.org\/{rel}","templated":true}]}}