{"id":80233,"date":"2009-04-01T14:56:08","date_gmt":"2009-04-01T12:56:08","guid":{"rendered":"http:\/\/b.bati-journal.com\/construction-d%c2%92une-maison-ecologique-a-creteil\/80233"},"modified":"2009-04-01T14:56:08","modified_gmt":"2009-04-01T12:56:08","slug":"construction-d%c2%92une-maison-ecologique-a-creteil","status":"publish","type":"post","link":"https:\/\/batijournal.com\/index.php\/construction-d%c2%92une-maison-ecologique-a-creteil\/80233\/","title":{"rendered":"Construction d&rsquo;\u0092une maison \u00e9cologique \u00e0 Cr\u00e9teil"},"content":{"rendered":"<p>Le centre commercial r\u00e9gional Cr\u00e9teil Soleil et la chambre de m\u00e9tiers et de l&rsquo;\u0092artisanat du Val-de-Marne organisent, pendant la Semaine du d\u00e9veloppement durable, une grande manifestation autour des m\u00e9tiers de l&rsquo;\u0092artisanat. \u00a0Les visiteurs pourront assister, en direct, \u00e0 la construction d\u0092&rsquo;une maison \u00e9cologique de 160 m\u00b2 qui na\u00eetra sur la place de la Crois\u00e9e-des-Chemins (niveau I) gr\u00e2ce \u00e0 la collaboration du lyc\u00e9e Fran\u00e7ois-Mansart de Saint-Maur, de l&rsquo;\u0092\u00c9cole nationale sup\u00e9rieure d&rsquo;\u0092architecture de Paris-Belleville ainsi qu\u0092&rsquo;au talent des artisans. Des fondations au toit, celle-ci est construite \u00e0 partir d&rsquo;\u0092\u00e9comat\u00e9riaux (construction bois, isolants naturels), et valorise la mise en \u009coeuvre d&rsquo;\u00e9quipements permettant des \u00e9conomies d\u0092&rsquo;\u00e9nergie et d&rsquo;\u0092eau, ainsi que les \u00e9nergies renouvelables avec l\u0092&rsquo;installation de panneaux solaires. Jusqu\u0092&rsquo;au 8 avril, les artisans assureront une permanence et r\u00e9pondront \u00e0 toutes les questions que les visiteurs pourront se poser sur la construction de la maison 12e Salon des artisans CCR Cr\u00e9teil Soleil 94000 Cr\u00e9teil T\u00e9l. : 01 49 80 01 01<\/p>\n","protected":false},"excerpt":{"rendered":"<p>Le centre commercial r\u00e9gional Cr\u00e9teil Soleil et la chambre de m\u00e9tiers et de l&rsquo;\u0092artisanat du Val-de-Marne organisent, pendant la Semaine du d\u00e9veloppement durable, une grande manifestation autour des m\u00e9tiers de l&rsquo;\u0092artisanat. \u00a0Les visiteurs pourront assister, en direct, \u00e0 la construction d\u0092&rsquo;une maison \u00e9cologique de 160 m\u00b2 qui na\u00eetra sur la place de la Crois\u00e9e-des-Chemins (niveau [&hellip;]<\/p>\n","protected":false},"author":1,"featured_media":80234,"comment_status":"open","ping_status":"closed","sticky":false,"template":"","format":"standard","meta":{"_et_pb_use_builder":"","_et_pb_old_content":"","_et_gb_content_width":"","footnotes":""},"categories":[9192],"tags":[],"class_list":["post-80233","post","type-post","status-publish","format-standard","has-post-thumbnail","hentry","category-evenements"],"yoast_head":"<!-- This site is optimized with the Yoast SEO plugin v27.4 - https:\/\/yoast.com\/product\/yoast-seo-wordpress\/ -->\n<title>Construction d&#039;\u0092une maison \u00e9cologique \u00e0 Cr\u00e9teil<\/title>\n<meta name=\"robots\" content=\"index, follow, max-snippet:-1, max-image-preview:large, max-video-preview:-1\" \/>\n<link rel=\"canonical\" href=\"https:\/\/batijournal.com\/index.php\/construction-d\u0092une-maison-ecologique-a-creteil\/80233\/\" \/>\n<meta property=\"og:locale\" content=\"fr_FR\" \/>\n<meta property=\"og:type\" content=\"article\" \/>\n<meta property=\"og:title\" content=\"Construction d&#039;\u0092une maison \u00e9cologique \u00e0 Cr\u00e9teil\" \/>\n<meta property=\"og:description\" content=\"Le centre commercial r\u00e9gional Cr\u00e9teil Soleil et la chambre de m\u00e9tiers et de l&rsquo;\u0092artisanat du Val-de-Marne organisent, pendant la Semaine du d\u00e9veloppement durable, une grande manifestation autour des m\u00e9tiers de l&rsquo;\u0092artisanat. \u00a0Les visiteurs pourront assister, en direct, \u00e0 la construction d\u0092&rsquo;une maison \u00e9cologique de 160 m\u00b2 qui na\u00eetra sur la place de la Crois\u00e9e-des-Chemins (niveau [&hellip;]\" \/>\n<meta property=\"og:url\" content=\"https:\/\/batijournal.com\/index.php\/construction-d\u0092une-maison-ecologique-a-creteil\/80233\/\" \/>\n<meta property=\"og:site_name\" content=\"Batijournal\" \/>\n<meta property=\"article:published_time\" content=\"2009-04-01T12:56:08+00:00\" \/>\n<meta property=\"og:image\" content=\"https:\/\/batijournal.com\/wp-content\/uploads\/2015\/03\/03723881.jpg\" \/>\n\t<meta property=\"og:image:width\" content=\"600\" \/>\n\t<meta property=\"og:image:height\" content=\"520\" \/>\n\t<meta property=\"og:image:type\" content=\"image\/jpeg\" \/>\n<meta name=\"author\" content=\"Bati-journal\" \/>\n<meta name=\"twitter:card\" content=\"summary_large_image\" \/>\n<meta name=\"twitter:creator\" content=\"@bati_journal\" \/>\n<meta name=\"twitter:site\" content=\"@bati_journal\" \/>\n<meta name=\"twitter:label1\" content=\"\u00c9crit par\" \/>\n\t<meta name=\"twitter:data1\" content=\"Bati-journal\" \/>\n\t<meta name=\"twitter:label2\" content=\"Dur\u00e9e de lecture estim\u00e9e\" \/>\n\t<meta name=\"twitter:data2\" content=\"1 minute\" \/>\n<script type=\"application\/ld+json\" class=\"yoast-schema-graph\">{\"@context\":\"https:\\\/\\\/schema.org\",\"@graph\":[{\"@type\":\"Article\",\"@id\":\"https:\\\/\\\/batijournal.com\\\/index.php\\\/construction-d%c2%92une-maison-ecologique-a-creteil\\\/80233\\\/#article\",\"isPartOf\":{\"@id\":\"https:\\\/\\\/batijournal.com\\\/index.php\\\/construction-d%c2%92une-maison-ecologique-a-creteil\\\/80233\\\/\"},\"author\":{\"name\":\"Bati-journal\",\"@id\":\"https:\\\/\\\/batijournal.com\\\/#\\\/schema\\\/person\\\/6a657e8967569e1b299972574848aa76\"},\"headline\":\"Construction d&rsquo;\u0092une maison \u00e9cologique \u00e0 Cr\u00e9teil\",\"datePublished\":\"2009-04-01T12:56:08+00:00\",\"mainEntityOfPage\":{\"@id\":\"https:\\\/\\\/batijournal.com\\\/index.php\\\/construction-d%c2%92une-maison-ecologique-a-creteil\\\/80233\\\/\"},\"wordCount\":178,\"commentCount\":0,\"image\":{\"@id\":\"https:\\\/\\\/batijournal.com\\\/index.php\\\/construction-d%c2%92une-maison-ecologique-a-creteil\\\/80233\\\/#primaryimage\"},\"thumbnailUrl\":\"https:\\\/\\\/batijournal.com\\\/wp-content\\\/uploads\\\/2015\\\/03\\\/03723881.jpg\",\"articleSection\":[\"\u00c9v\u00e9nements\"],\"inLanguage\":\"fr-FR\",\"potentialAction\":[{\"@type\":\"CommentAction\",\"name\":\"Comment\",\"target\":[\"https:\\\/\\\/batijournal.com\\\/index.php\\\/construction-d%c2%92une-maison-ecologique-a-creteil\\\/80233\\\/#respond\"]}]},{\"@type\":\"WebPage\",\"@id\":\"https:\\\/\\\/batijournal.com\\\/index.php\\\/construction-d%c2%92une-maison-ecologique-a-creteil\\\/80233\\\/\",\"url\":\"https:\\\/\\\/batijournal.com\\\/index.php\\\/construction-d%c2%92une-maison-ecologique-a-creteil\\\/80233\\\/\",\"name\":\"Construction d'\u0092une maison \u00e9cologique \u00e0 Cr\u00e9teil\",\"isPartOf\":{\"@id\":\"https:\\\/\\\/batijournal.com\\\/#website\"},\"primaryImageOfPage\":{\"@id\":\"https:\\\/\\\/batijournal.com\\\/index.php\\\/construction-d%c2%92une-maison-ecologique-a-creteil\\\/80233\\\/#primaryimage\"},\"image\":{\"@id\":\"https:\\\/\\\/batijournal.com\\\/index.php\\\/construction-d%c2%92une-maison-ecologique-a-creteil\\\/80233\\\/#primaryimage\"},\"thumbnailUrl\":\"https:\\\/\\\/batijournal.com\\\/wp-content\\\/uploads\\\/2015\\\/03\\\/03723881.jpg\",\"datePublished\":\"2009-04-01T12:56:08+00:00\",\"author\":{\"@id\":\"https:\\\/\\\/batijournal.com\\\/#\\\/schema\\\/person\\\/6a657e8967569e1b299972574848aa76\"},\"breadcrumb\":{\"@id\":\"https:\\\/\\\/batijournal.com\\\/index.php\\\/construction-d%c2%92une-maison-ecologique-a-creteil\\\/80233\\\/#breadcrumb\"},\"inLanguage\":\"fr-FR\",\"potentialAction\":[{\"@type\":\"ReadAction\",\"target\":[\"https:\\\/\\\/batijournal.com\\\/index.php\\\/construction-d%c2%92une-maison-ecologique-a-creteil\\\/80233\\\/\"]}]},{\"@type\":\"ImageObject\",\"inLanguage\":\"fr-FR\",\"@id\":\"https:\\\/\\\/batijournal.com\\\/index.php\\\/construction-d%c2%92une-maison-ecologique-a-creteil\\\/80233\\\/#primaryimage\",\"url\":\"https:\\\/\\\/batijournal.com\\\/wp-content\\\/uploads\\\/2015\\\/03\\\/03723881.jpg\",\"contentUrl\":\"https:\\\/\\\/batijournal.com\\\/wp-content\\\/uploads\\\/2015\\\/03\\\/03723881.jpg\",\"width\":600,\"height\":520},{\"@type\":\"BreadcrumbList\",\"@id\":\"https:\\\/\\\/batijournal.com\\\/index.php\\\/construction-d%c2%92une-maison-ecologique-a-creteil\\\/80233\\\/#breadcrumb\",\"itemListElement\":[{\"@type\":\"ListItem\",\"position\":1,\"name\":\"Accueil\",\"item\":\"https:\\\/\\\/batijournal.com\\\/\"},{\"@type\":\"ListItem\",\"position\":2,\"name\":\"\u00c9v\u00e9nements\",\"item\":\"https:\\\/\\\/batijournal.com\\\/index.php\\\/category\\\/evenements\\\/\"},{\"@type\":\"ListItem\",\"position\":3,\"name\":\"Construction d&rsquo;\u0092une maison \u00e9cologique \u00e0 Cr\u00e9teil\"}]},{\"@type\":\"WebSite\",\"@id\":\"https:\\\/\\\/batijournal.com\\\/#website\",\"url\":\"https:\\\/\\\/batijournal.com\\\/\",\"name\":\"Batijournal\",\"description\":\"L&#039;actualit\u00e9 du b\u00e2timent\",\"potentialAction\":[{\"@type\":\"SearchAction\",\"target\":{\"@type\":\"EntryPoint\",\"urlTemplate\":\"https:\\\/\\\/batijournal.com\\\/?s={search_term_string}\"},\"query-input\":{\"@type\":\"PropertyValueSpecification\",\"valueRequired\":true,\"valueName\":\"search_term_string\"}}],\"inLanguage\":\"fr-FR\"},{\"@type\":\"Person\",\"@id\":\"https:\\\/\\\/batijournal.com\\\/#\\\/schema\\\/person\\\/6a657e8967569e1b299972574848aa76\",\"name\":\"Bati-journal\",\"image\":{\"@type\":\"ImageObject\",\"inLanguage\":\"fr-FR\",\"@id\":\"https:\\\/\\\/secure.gravatar.com\\\/avatar\\\/a64364ea26392f9b4dd47e017ddaec74ff03aefc073b49e492e847201258f777?s=96&d=mm&r=g\",\"url\":\"https:\\\/\\\/secure.gravatar.com\\\/avatar\\\/a64364ea26392f9b4dd47e017ddaec74ff03aefc073b49e492e847201258f777?s=96&d=mm&r=g\",\"contentUrl\":\"https:\\\/\\\/secure.gravatar.com\\\/avatar\\\/a64364ea26392f9b4dd47e017ddaec74ff03aefc073b49e492e847201258f777?s=96&d=mm&r=g\",\"caption\":\"Bati-journal\"},\"url\":\"https:\\\/\\\/batijournal.com\\\/index.php\\\/author\\\/elodie\\\/\"}]}<\/script>\n<!-- \/ Yoast SEO plugin. -->","yoast_head_json":{"title":"Construction d'\u0092une maison \u00e9cologique \u00e0 Cr\u00e9teil","robots":{"index":"index","follow":"follow","max-snippet":"max-snippet:-1","max-image-preview":"max-image-preview:large","max-video-preview":"max-video-preview:-1"},"canonical":"https:\/\/batijournal.com\/index.php\/construction-d\u0092une-maison-ecologique-a-creteil\/80233\/","og_locale":"fr_FR","og_type":"article","og_title":"Construction d'\u0092une maison \u00e9cologique \u00e0 Cr\u00e9teil","og_description":"Le centre commercial r\u00e9gional Cr\u00e9teil Soleil et la chambre de m\u00e9tiers et de l&rsquo;\u0092artisanat du Val-de-Marne organisent, pendant la Semaine du d\u00e9veloppement durable, une grande manifestation autour des m\u00e9tiers de l&rsquo;\u0092artisanat. \u00a0Les visiteurs pourront assister, en direct, \u00e0 la construction d\u0092&rsquo;une maison \u00e9cologique de 160 m\u00b2 qui na\u00eetra sur la place de la Crois\u00e9e-des-Chemins (niveau [&hellip;]","og_url":"https:\/\/batijournal.com\/index.php\/construction-d\u0092une-maison-ecologique-a-creteil\/80233\/","og_site_name":"Batijournal","article_published_time":"2009-04-01T12:56:08+00:00","og_image":[{"width":600,"height":520,"url":"https:\/\/batijournal.com\/wp-content\/uploads\/2015\/03\/03723881.jpg","type":"image\/jpeg"}],"author":"Bati-journal","twitter_card":"summary_large_image","twitter_creator":"@bati_journal","twitter_site":"@bati_journal","twitter_misc":{"\u00c9crit par":"Bati-journal","Dur\u00e9e de lecture estim\u00e9e":"1 minute"},"schema":{"@context":"https:\/\/schema.org","@graph":[{"@type":"Article","@id":"https:\/\/batijournal.com\/index.php\/construction-d%c2%92une-maison-ecologique-a-creteil\/80233\/#article","isPartOf":{"@id":"https:\/\/batijournal.com\/index.php\/construction-d%c2%92une-maison-ecologique-a-creteil\/80233\/"},"author":{"name":"Bati-journal","@id":"https:\/\/batijournal.com\/#\/schema\/person\/6a657e8967569e1b299972574848aa76"},"headline":"Construction d&rsquo;\u0092une maison \u00e9cologique \u00e0 Cr\u00e9teil","datePublished":"2009-04-01T12:56:08+00:00","mainEntityOfPage":{"@id":"https:\/\/batijournal.com\/index.php\/construction-d%c2%92une-maison-ecologique-a-creteil\/80233\/"},"wordCount":178,"commentCount":0,"image":{"@id":"https:\/\/batijournal.com\/index.php\/construction-d%c2%92une-maison-ecologique-a-creteil\/80233\/#primaryimage"},"thumbnailUrl":"https:\/\/batijournal.com\/wp-content\/uploads\/2015\/03\/03723881.jpg","articleSection":["\u00c9v\u00e9nements"],"inLanguage":"fr-FR","potentialAction":[{"@type":"CommentAction","name":"Comment","target":["https:\/\/batijournal.com\/index.php\/construction-d%c2%92une-maison-ecologique-a-creteil\/80233\/#respond"]}]},{"@type":"WebPage","@id":"https:\/\/batijournal.com\/index.php\/construction-d%c2%92une-maison-ecologique-a-creteil\/80233\/","url":"https:\/\/batijournal.com\/index.php\/construction-d%c2%92une-maison-ecologique-a-creteil\/80233\/","name":"Construction d'\u0092une maison \u00e9cologique \u00e0 Cr\u00e9teil","isPartOf":{"@id":"https:\/\/batijournal.com\/#website"},"primaryImageOfPage":{"@id":"https:\/\/batijournal.com\/index.php\/construction-d%c2%92une-maison-ecologique-a-creteil\/80233\/#primaryimage"},"image":{"@id":"https:\/\/batijournal.com\/index.php\/construction-d%c2%92une-maison-ecologique-a-creteil\/80233\/#primaryimage"},"thumbnailUrl":"https:\/\/batijournal.com\/wp-content\/uploads\/2015\/03\/03723881.jpg","datePublished":"2009-04-01T12:56:08+00:00","author":{"@id":"https:\/\/batijournal.com\/#\/schema\/person\/6a657e8967569e1b299972574848aa76"},"breadcrumb":{"@id":"https:\/\/batijournal.com\/index.php\/construction-d%c2%92une-maison-ecologique-a-creteil\/80233\/#breadcrumb"},"inLanguage":"fr-FR","potentialAction":[{"@type":"ReadAction","target":["https:\/\/batijournal.com\/index.php\/construction-d%c2%92une-maison-ecologique-a-creteil\/80233\/"]}]},{"@type":"ImageObject","inLanguage":"fr-FR","@id":"https:\/\/batijournal.com\/index.php\/construction-d%c2%92une-maison-ecologique-a-creteil\/80233\/#primaryimage","url":"https:\/\/batijournal.com\/wp-content\/uploads\/2015\/03\/03723881.jpg","contentUrl":"https:\/\/batijournal.com\/wp-content\/uploads\/2015\/03\/03723881.jpg","width":600,"height":520},{"@type":"BreadcrumbList","@id":"https:\/\/batijournal.com\/index.php\/construction-d%c2%92une-maison-ecologique-a-creteil\/80233\/#breadcrumb","itemListElement":[{"@type":"ListItem","position":1,"name":"Accueil","item":"https:\/\/batijournal.com\/"},{"@type":"ListItem","position":2,"name":"\u00c9v\u00e9nements","item":"https:\/\/batijournal.com\/index.php\/category\/evenements\/"},{"@type":"ListItem","position":3,"name":"Construction d&rsquo;\u0092une maison \u00e9cologique \u00e0 Cr\u00e9teil"}]},{"@type":"WebSite","@id":"https:\/\/batijournal.com\/#website","url":"https:\/\/batijournal.com\/","name":"Batijournal","description":"L&#039;actualit\u00e9 du b\u00e2timent","potentialAction":[{"@type":"SearchAction","target":{"@type":"EntryPoint","urlTemplate":"https:\/\/batijournal.com\/?s={search_term_string}"},"query-input":{"@type":"PropertyValueSpecification","valueRequired":true,"valueName":"search_term_string"}}],"inLanguage":"fr-FR"},{"@type":"Person","@id":"https:\/\/batijournal.com\/#\/schema\/person\/6a657e8967569e1b299972574848aa76","name":"Bati-journal","image":{"@type":"ImageObject","inLanguage":"fr-FR","@id":"https:\/\/secure.gravatar.com\/avatar\/a64364ea26392f9b4dd47e017ddaec74ff03aefc073b49e492e847201258f777?s=96&d=mm&r=g","url":"https:\/\/secure.gravatar.com\/avatar\/a64364ea26392f9b4dd47e017ddaec74ff03aefc073b49e492e847201258f777?s=96&d=mm&r=g","contentUrl":"https:\/\/secure.gravatar.com\/avatar\/a64364ea26392f9b4dd47e017ddaec74ff03aefc073b49e492e847201258f777?s=96&d=mm&r=g","caption":"Bati-journal"},"url":"https:\/\/batijournal.com\/index.php\/author\/elodie\/"}]}},"_links":{"self":[{"href":"https:\/\/batijournal.com\/index.php\/wp-json\/wp\/v2\/posts\/80233","targetHints":{"allow":["GET"]}}],"collection":[{"href":"https:\/\/batijournal.com\/index.php\/wp-json\/wp\/v2\/posts"}],"about":[{"href":"https:\/\/batijournal.com\/index.php\/wp-json\/wp\/v2\/types\/post"}],"author":[{"embeddable":true,"href":"https:\/\/batijournal.com\/index.php\/wp-json\/wp\/v2\/users\/1"}],"replies":[{"embeddable":true,"href":"https:\/\/batijournal.com\/index.php\/wp-json\/wp\/v2\/comments?post=80233"}],"version-history":[{"count":0,"href":"https:\/\/batijournal.com\/index.php\/wp-json\/wp\/v2\/posts\/80233\/revisions"}],"wp:featuredmedia":[{"embeddable":true,"href":"https:\/\/batijournal.com\/index.php\/wp-json\/wp\/v2\/media\/80234"}],"wp:attachment":[{"href":"https:\/\/batijournal.com\/index.php\/wp-json\/wp\/v2\/media?parent=80233"}],"wp:term":[{"taxonomy":"category","embeddable":true,"href":"https:\/\/batijournal.com\/index.php\/wp-json\/wp\/v2\/categories?post=80233"},{"taxonomy":"post_tag","embeddable":true,"href":"https:\/\/batijournal.com\/index.php\/wp-json\/wp\/v2\/tags?post=80233"}],"curies":[{"name":"wp","href":"https:\/\/api.w.org\/{rel}","templated":true}]}}