{"id":80248,"date":"2009-04-22T16:12:56","date_gmt":"2009-04-22T14:12:56","guid":{"rendered":"http:\/\/b.bati-journal.com\/maisons-de-printemps-le-bilan\/80248"},"modified":"2009-04-22T16:12:56","modified_gmt":"2009-04-22T14:12:56","slug":"maisons-de-printemps-le-bilan","status":"publish","type":"post","link":"https:\/\/batijournal.com\/index.php\/maisons-de-printemps-le-bilan\/80248\/","title":{"rendered":"Maisons de Printemps : le bilan"},"content":{"rendered":"<p>Le salon Maisons de Printemps cl\u00f4t cette \u00e9dition 2009 avec une fr\u00e9quentation de pr\u00e8s de 17 000 visiteurs et confirme l&rsquo;\u0092int\u00e9r\u00eat accru du public pour l\u0092&rsquo;ensemble de l&rsquo;\u0092offre propos\u00e9e sur cette manifestation qui regroupe habitat, ameublement, immobilier, am\u00e9nagements ext\u00e9rieurs et construction bois. Toutes les conf\u00e9rences propos\u00e9es sur le th\u00e8me de la construction bois ont affich\u00e9 complet, et les professionnels de Fibois Alsace confirment avoir \u00e9t\u00e9 tr\u00e8s sollicit\u00e9s par les visiteurs, comme l\u0092&rsquo;ensemble des exposants de la fili\u00e8re. \u00a0Souvent porteur de projets, le public est venu \u00e0 la rencontre des exposants de tous les \u00a0secteurs \u0096 la construction bois, l&rsquo;\u0092habitat, l&rsquo;\u0092ameublement. Enfin, nouveau depuis cette ann\u00e9e, le palmar\u00e8s r\u00e9gional Maisons bois \u0096 concours ouvert aux architectes et charpentiers-constructeurs bois de la r\u00e9gion \u0096 a r\u00e9compens\u00e9 deux des 17 projets s\u00e9lectionn\u00e9s puis pr\u00e9sent\u00e9s : Le projet n\u00b0 12, de Francis Fernsner Architecte, remporte le prix Fibois Alsace, \u00a0d\u00e9cern\u00e9 par les professionnels de la fili\u00e8re bois. \u00a0Le projet n\u00b0 6 (cf. photo), de Colmar Charpente, s\u0092&rsquo;est vu d\u00e9cerner le prix Grand Public, attribu\u00e9 par les visiteurs du salon. Maisons de Printemps reconduira l\u0092&rsquo;an prochain son positionnement autour de la construction bois et reviendra \u00e0 ses dates habituelles, fin mars 2010.<\/p>\n","protected":false},"excerpt":{"rendered":"<p>Le salon Maisons de Printemps cl\u00f4t cette \u00e9dition 2009 avec une fr\u00e9quentation de pr\u00e8s de 17 000 visiteurs et confirme l&rsquo;\u0092int\u00e9r\u00eat accru du public pour l\u0092&rsquo;ensemble de l&rsquo;\u0092offre propos\u00e9e sur cette manifestation qui regroupe habitat, ameublement, immobilier, am\u00e9nagements ext\u00e9rieurs et construction bois. Toutes les conf\u00e9rences propos\u00e9es sur le th\u00e8me de la construction bois ont affich\u00e9 [&hellip;]<\/p>\n","protected":false},"author":1,"featured_media":80249,"comment_status":"open","ping_status":"closed","sticky":false,"template":"","format":"standard","meta":{"_et_pb_use_builder":"","_et_pb_old_content":"","_et_gb_content_width":"","footnotes":""},"categories":[9192],"tags":[5308,6395],"class_list":["post-80248","post","type-post","status-publish","format-standard","has-post-thumbnail","hentry","category-evenements","tag-maisons-de-printemps","tag-salon-salon"],"yoast_head":"<!-- This site is optimized with the Yoast SEO plugin v27.4 - https:\/\/yoast.com\/product\/yoast-seo-wordpress\/ -->\n<title>Maisons de Printemps : le bilan<\/title>\n<meta name=\"robots\" content=\"index, follow, max-snippet:-1, max-image-preview:large, max-video-preview:-1\" \/>\n<link rel=\"canonical\" href=\"https:\/\/batijournal.com\/index.php\/maisons-de-printemps-le-bilan\/80248\/\" \/>\n<meta property=\"og:locale\" content=\"fr_FR\" \/>\n<meta property=\"og:type\" content=\"article\" \/>\n<meta property=\"og:title\" content=\"Maisons de Printemps : le bilan\" \/>\n<meta property=\"og:description\" content=\"Le salon Maisons de Printemps cl\u00f4t cette \u00e9dition 2009 avec une fr\u00e9quentation de pr\u00e8s de 17 000 visiteurs et confirme l&rsquo;\u0092int\u00e9r\u00eat accru du public pour l\u0092&rsquo;ensemble de l&rsquo;\u0092offre propos\u00e9e sur cette manifestation qui regroupe habitat, ameublement, immobilier, am\u00e9nagements ext\u00e9rieurs et construction bois. Toutes les conf\u00e9rences propos\u00e9es sur le th\u00e8me de la construction bois ont affich\u00e9 [&hellip;]\" \/>\n<meta property=\"og:url\" content=\"https:\/\/batijournal.com\/index.php\/maisons-de-printemps-le-bilan\/80248\/\" \/>\n<meta property=\"og:site_name\" content=\"Batijournal\" \/>\n<meta property=\"article:published_time\" content=\"2009-04-22T14:12:56+00:00\" \/>\n<meta property=\"og:image\" content=\"https:\/\/batijournal.com\/wp-content\/uploads\/2015\/03\/04164286.jpg\" \/>\n\t<meta property=\"og:image:width\" content=\"600\" \/>\n\t<meta property=\"og:image:height\" content=\"450\" \/>\n\t<meta property=\"og:image:type\" content=\"image\/jpeg\" \/>\n<meta name=\"author\" content=\"Bati-journal\" \/>\n<meta name=\"twitter:card\" content=\"summary_large_image\" \/>\n<meta name=\"twitter:creator\" content=\"@bati_journal\" \/>\n<meta name=\"twitter:site\" content=\"@bati_journal\" \/>\n<meta name=\"twitter:label1\" content=\"\u00c9crit par\" \/>\n\t<meta name=\"twitter:data1\" content=\"Bati-journal\" \/>\n\t<meta name=\"twitter:label2\" content=\"Dur\u00e9e de lecture estim\u00e9e\" \/>\n\t<meta name=\"twitter:data2\" content=\"1 minute\" \/>\n<script type=\"application\/ld+json\" class=\"yoast-schema-graph\">{\"@context\":\"https:\\\/\\\/schema.org\",\"@graph\":[{\"@type\":\"Article\",\"@id\":\"https:\\\/\\\/batijournal.com\\\/index.php\\\/maisons-de-printemps-le-bilan\\\/80248\\\/#article\",\"isPartOf\":{\"@id\":\"https:\\\/\\\/batijournal.com\\\/index.php\\\/maisons-de-printemps-le-bilan\\\/80248\\\/\"},\"author\":{\"name\":\"Bati-journal\",\"@id\":\"https:\\\/\\\/batijournal.com\\\/#\\\/schema\\\/person\\\/6a657e8967569e1b299972574848aa76\"},\"headline\":\"Maisons de Printemps : le bilan\",\"datePublished\":\"2009-04-22T14:12:56+00:00\",\"mainEntityOfPage\":{\"@id\":\"https:\\\/\\\/batijournal.com\\\/index.php\\\/maisons-de-printemps-le-bilan\\\/80248\\\/\"},\"wordCount\":223,\"commentCount\":0,\"image\":{\"@id\":\"https:\\\/\\\/batijournal.com\\\/index.php\\\/maisons-de-printemps-le-bilan\\\/80248\\\/#primaryimage\"},\"thumbnailUrl\":\"https:\\\/\\\/batijournal.com\\\/wp-content\\\/uploads\\\/2015\\\/03\\\/04164286.jpg\",\"keywords\":[\"Maisons de Printemps\",\"salon salon\"],\"articleSection\":[\"\u00c9v\u00e9nements\"],\"inLanguage\":\"fr-FR\",\"potentialAction\":[{\"@type\":\"CommentAction\",\"name\":\"Comment\",\"target\":[\"https:\\\/\\\/batijournal.com\\\/index.php\\\/maisons-de-printemps-le-bilan\\\/80248\\\/#respond\"]}]},{\"@type\":\"WebPage\",\"@id\":\"https:\\\/\\\/batijournal.com\\\/index.php\\\/maisons-de-printemps-le-bilan\\\/80248\\\/\",\"url\":\"https:\\\/\\\/batijournal.com\\\/index.php\\\/maisons-de-printemps-le-bilan\\\/80248\\\/\",\"name\":\"Maisons de Printemps : le bilan\",\"isPartOf\":{\"@id\":\"https:\\\/\\\/batijournal.com\\\/#website\"},\"primaryImageOfPage\":{\"@id\":\"https:\\\/\\\/batijournal.com\\\/index.php\\\/maisons-de-printemps-le-bilan\\\/80248\\\/#primaryimage\"},\"image\":{\"@id\":\"https:\\\/\\\/batijournal.com\\\/index.php\\\/maisons-de-printemps-le-bilan\\\/80248\\\/#primaryimage\"},\"thumbnailUrl\":\"https:\\\/\\\/batijournal.com\\\/wp-content\\\/uploads\\\/2015\\\/03\\\/04164286.jpg\",\"datePublished\":\"2009-04-22T14:12:56+00:00\",\"author\":{\"@id\":\"https:\\\/\\\/batijournal.com\\\/#\\\/schema\\\/person\\\/6a657e8967569e1b299972574848aa76\"},\"breadcrumb\":{\"@id\":\"https:\\\/\\\/batijournal.com\\\/index.php\\\/maisons-de-printemps-le-bilan\\\/80248\\\/#breadcrumb\"},\"inLanguage\":\"fr-FR\",\"potentialAction\":[{\"@type\":\"ReadAction\",\"target\":[\"https:\\\/\\\/batijournal.com\\\/index.php\\\/maisons-de-printemps-le-bilan\\\/80248\\\/\"]}]},{\"@type\":\"ImageObject\",\"inLanguage\":\"fr-FR\",\"@id\":\"https:\\\/\\\/batijournal.com\\\/index.php\\\/maisons-de-printemps-le-bilan\\\/80248\\\/#primaryimage\",\"url\":\"https:\\\/\\\/batijournal.com\\\/wp-content\\\/uploads\\\/2015\\\/03\\\/04164286.jpg\",\"contentUrl\":\"https:\\\/\\\/batijournal.com\\\/wp-content\\\/uploads\\\/2015\\\/03\\\/04164286.jpg\",\"width\":600,\"height\":450},{\"@type\":\"BreadcrumbList\",\"@id\":\"https:\\\/\\\/batijournal.com\\\/index.php\\\/maisons-de-printemps-le-bilan\\\/80248\\\/#breadcrumb\",\"itemListElement\":[{\"@type\":\"ListItem\",\"position\":1,\"name\":\"Accueil\",\"item\":\"https:\\\/\\\/batijournal.com\\\/\"},{\"@type\":\"ListItem\",\"position\":2,\"name\":\"\u00c9v\u00e9nements\",\"item\":\"https:\\\/\\\/batijournal.com\\\/index.php\\\/category\\\/evenements\\\/\"},{\"@type\":\"ListItem\",\"position\":3,\"name\":\"Maisons de Printemps : le bilan\"}]},{\"@type\":\"WebSite\",\"@id\":\"https:\\\/\\\/batijournal.com\\\/#website\",\"url\":\"https:\\\/\\\/batijournal.com\\\/\",\"name\":\"Batijournal\",\"description\":\"L&#039;actualit\u00e9 du b\u00e2timent\",\"potentialAction\":[{\"@type\":\"SearchAction\",\"target\":{\"@type\":\"EntryPoint\",\"urlTemplate\":\"https:\\\/\\\/batijournal.com\\\/?s={search_term_string}\"},\"query-input\":{\"@type\":\"PropertyValueSpecification\",\"valueRequired\":true,\"valueName\":\"search_term_string\"}}],\"inLanguage\":\"fr-FR\"},{\"@type\":\"Person\",\"@id\":\"https:\\\/\\\/batijournal.com\\\/#\\\/schema\\\/person\\\/6a657e8967569e1b299972574848aa76\",\"name\":\"Bati-journal\",\"image\":{\"@type\":\"ImageObject\",\"inLanguage\":\"fr-FR\",\"@id\":\"https:\\\/\\\/secure.gravatar.com\\\/avatar\\\/a64364ea26392f9b4dd47e017ddaec74ff03aefc073b49e492e847201258f777?s=96&d=mm&r=g\",\"url\":\"https:\\\/\\\/secure.gravatar.com\\\/avatar\\\/a64364ea26392f9b4dd47e017ddaec74ff03aefc073b49e492e847201258f777?s=96&d=mm&r=g\",\"contentUrl\":\"https:\\\/\\\/secure.gravatar.com\\\/avatar\\\/a64364ea26392f9b4dd47e017ddaec74ff03aefc073b49e492e847201258f777?s=96&d=mm&r=g\",\"caption\":\"Bati-journal\"},\"url\":\"https:\\\/\\\/batijournal.com\\\/index.php\\\/author\\\/elodie\\\/\"}]}<\/script>\n<!-- \/ Yoast SEO plugin. -->","yoast_head_json":{"title":"Maisons de Printemps : le bilan","robots":{"index":"index","follow":"follow","max-snippet":"max-snippet:-1","max-image-preview":"max-image-preview:large","max-video-preview":"max-video-preview:-1"},"canonical":"https:\/\/batijournal.com\/index.php\/maisons-de-printemps-le-bilan\/80248\/","og_locale":"fr_FR","og_type":"article","og_title":"Maisons de Printemps : le bilan","og_description":"Le salon Maisons de Printemps cl\u00f4t cette \u00e9dition 2009 avec une fr\u00e9quentation de pr\u00e8s de 17 000 visiteurs et confirme l&rsquo;\u0092int\u00e9r\u00eat accru du public pour l\u0092&rsquo;ensemble de l&rsquo;\u0092offre propos\u00e9e sur cette manifestation qui regroupe habitat, ameublement, immobilier, am\u00e9nagements ext\u00e9rieurs et construction bois. Toutes les conf\u00e9rences propos\u00e9es sur le th\u00e8me de la construction bois ont affich\u00e9 [&hellip;]","og_url":"https:\/\/batijournal.com\/index.php\/maisons-de-printemps-le-bilan\/80248\/","og_site_name":"Batijournal","article_published_time":"2009-04-22T14:12:56+00:00","og_image":[{"width":600,"height":450,"url":"https:\/\/batijournal.com\/wp-content\/uploads\/2015\/03\/04164286.jpg","type":"image\/jpeg"}],"author":"Bati-journal","twitter_card":"summary_large_image","twitter_creator":"@bati_journal","twitter_site":"@bati_journal","twitter_misc":{"\u00c9crit par":"Bati-journal","Dur\u00e9e de lecture estim\u00e9e":"1 minute"},"schema":{"@context":"https:\/\/schema.org","@graph":[{"@type":"Article","@id":"https:\/\/batijournal.com\/index.php\/maisons-de-printemps-le-bilan\/80248\/#article","isPartOf":{"@id":"https:\/\/batijournal.com\/index.php\/maisons-de-printemps-le-bilan\/80248\/"},"author":{"name":"Bati-journal","@id":"https:\/\/batijournal.com\/#\/schema\/person\/6a657e8967569e1b299972574848aa76"},"headline":"Maisons de Printemps : le bilan","datePublished":"2009-04-22T14:12:56+00:00","mainEntityOfPage":{"@id":"https:\/\/batijournal.com\/index.php\/maisons-de-printemps-le-bilan\/80248\/"},"wordCount":223,"commentCount":0,"image":{"@id":"https:\/\/batijournal.com\/index.php\/maisons-de-printemps-le-bilan\/80248\/#primaryimage"},"thumbnailUrl":"https:\/\/batijournal.com\/wp-content\/uploads\/2015\/03\/04164286.jpg","keywords":["Maisons de Printemps","salon salon"],"articleSection":["\u00c9v\u00e9nements"],"inLanguage":"fr-FR","potentialAction":[{"@type":"CommentAction","name":"Comment","target":["https:\/\/batijournal.com\/index.php\/maisons-de-printemps-le-bilan\/80248\/#respond"]}]},{"@type":"WebPage","@id":"https:\/\/batijournal.com\/index.php\/maisons-de-printemps-le-bilan\/80248\/","url":"https:\/\/batijournal.com\/index.php\/maisons-de-printemps-le-bilan\/80248\/","name":"Maisons de Printemps : le bilan","isPartOf":{"@id":"https:\/\/batijournal.com\/#website"},"primaryImageOfPage":{"@id":"https:\/\/batijournal.com\/index.php\/maisons-de-printemps-le-bilan\/80248\/#primaryimage"},"image":{"@id":"https:\/\/batijournal.com\/index.php\/maisons-de-printemps-le-bilan\/80248\/#primaryimage"},"thumbnailUrl":"https:\/\/batijournal.com\/wp-content\/uploads\/2015\/03\/04164286.jpg","datePublished":"2009-04-22T14:12:56+00:00","author":{"@id":"https:\/\/batijournal.com\/#\/schema\/person\/6a657e8967569e1b299972574848aa76"},"breadcrumb":{"@id":"https:\/\/batijournal.com\/index.php\/maisons-de-printemps-le-bilan\/80248\/#breadcrumb"},"inLanguage":"fr-FR","potentialAction":[{"@type":"ReadAction","target":["https:\/\/batijournal.com\/index.php\/maisons-de-printemps-le-bilan\/80248\/"]}]},{"@type":"ImageObject","inLanguage":"fr-FR","@id":"https:\/\/batijournal.com\/index.php\/maisons-de-printemps-le-bilan\/80248\/#primaryimage","url":"https:\/\/batijournal.com\/wp-content\/uploads\/2015\/03\/04164286.jpg","contentUrl":"https:\/\/batijournal.com\/wp-content\/uploads\/2015\/03\/04164286.jpg","width":600,"height":450},{"@type":"BreadcrumbList","@id":"https:\/\/batijournal.com\/index.php\/maisons-de-printemps-le-bilan\/80248\/#breadcrumb","itemListElement":[{"@type":"ListItem","position":1,"name":"Accueil","item":"https:\/\/batijournal.com\/"},{"@type":"ListItem","position":2,"name":"\u00c9v\u00e9nements","item":"https:\/\/batijournal.com\/index.php\/category\/evenements\/"},{"@type":"ListItem","position":3,"name":"Maisons de Printemps : le bilan"}]},{"@type":"WebSite","@id":"https:\/\/batijournal.com\/#website","url":"https:\/\/batijournal.com\/","name":"Batijournal","description":"L&#039;actualit\u00e9 du b\u00e2timent","potentialAction":[{"@type":"SearchAction","target":{"@type":"EntryPoint","urlTemplate":"https:\/\/batijournal.com\/?s={search_term_string}"},"query-input":{"@type":"PropertyValueSpecification","valueRequired":true,"valueName":"search_term_string"}}],"inLanguage":"fr-FR"},{"@type":"Person","@id":"https:\/\/batijournal.com\/#\/schema\/person\/6a657e8967569e1b299972574848aa76","name":"Bati-journal","image":{"@type":"ImageObject","inLanguage":"fr-FR","@id":"https:\/\/secure.gravatar.com\/avatar\/a64364ea26392f9b4dd47e017ddaec74ff03aefc073b49e492e847201258f777?s=96&d=mm&r=g","url":"https:\/\/secure.gravatar.com\/avatar\/a64364ea26392f9b4dd47e017ddaec74ff03aefc073b49e492e847201258f777?s=96&d=mm&r=g","contentUrl":"https:\/\/secure.gravatar.com\/avatar\/a64364ea26392f9b4dd47e017ddaec74ff03aefc073b49e492e847201258f777?s=96&d=mm&r=g","caption":"Bati-journal"},"url":"https:\/\/batijournal.com\/index.php\/author\/elodie\/"}]}},"_links":{"self":[{"href":"https:\/\/batijournal.com\/index.php\/wp-json\/wp\/v2\/posts\/80248","targetHints":{"allow":["GET"]}}],"collection":[{"href":"https:\/\/batijournal.com\/index.php\/wp-json\/wp\/v2\/posts"}],"about":[{"href":"https:\/\/batijournal.com\/index.php\/wp-json\/wp\/v2\/types\/post"}],"author":[{"embeddable":true,"href":"https:\/\/batijournal.com\/index.php\/wp-json\/wp\/v2\/users\/1"}],"replies":[{"embeddable":true,"href":"https:\/\/batijournal.com\/index.php\/wp-json\/wp\/v2\/comments?post=80248"}],"version-history":[{"count":0,"href":"https:\/\/batijournal.com\/index.php\/wp-json\/wp\/v2\/posts\/80248\/revisions"}],"wp:featuredmedia":[{"embeddable":true,"href":"https:\/\/batijournal.com\/index.php\/wp-json\/wp\/v2\/media\/80249"}],"wp:attachment":[{"href":"https:\/\/batijournal.com\/index.php\/wp-json\/wp\/v2\/media?parent=80248"}],"wp:term":[{"taxonomy":"category","embeddable":true,"href":"https:\/\/batijournal.com\/index.php\/wp-json\/wp\/v2\/categories?post=80248"},{"taxonomy":"post_tag","embeddable":true,"href":"https:\/\/batijournal.com\/index.php\/wp-json\/wp\/v2\/tags?post=80248"}],"curies":[{"name":"wp","href":"https:\/\/api.w.org\/{rel}","templated":true}]}}