{"id":80261,"date":"2009-05-14T00:00:00","date_gmt":"2009-05-13T22:00:00","guid":{"rendered":"http:\/\/b.bati-journal.com\/colloque-des-professionnels-du-batiment-le-11-juin-a-paris\/80261"},"modified":"2009-05-14T00:00:00","modified_gmt":"2009-05-13T22:00:00","slug":"colloque-des-professionnels-du-batiment-le-11-juin-a-paris","status":"publish","type":"post","link":"https:\/\/batijournal.com\/index.php\/colloque-des-professionnels-du-batiment-le-11-juin-a-paris\/80261\/","title":{"rendered":"Colloque des Professionnels du B\u00e2timent le 11 juin \u00e0 Paris"},"content":{"rendered":"<p>Le 11 juin 2009, de 14H30 \u00e0 18 H, dans le cadre des 24 heures du B\u00e2timent au POPB, l\u0092&rsquo;ensemble des professionnels du b\u00e2timent sont invit\u00e9s \u00e0 participer \u00e0 un colloque sur l\u0092&rsquo;efficacit\u00e9 \u00e9nerg\u00e9tique. La r\u00e9novation \u00e9nerg\u00e9tique concernera tous les m\u00e9tiers du b\u00e2timent, surtout ceux du fluide (plomberie, climatisation, ventilation, \u00e9lectricit\u00e9), et ceux de l\u0092&rsquo;enveloppe (isolation des toitures, murs et portes). Le march\u00e9 de la maison individuelle (r\u00e9novation, construction, mise aux normes \u00e9nerg\u00e9tiques) sera particuli\u00e8rement porteur. Dans cette perspective, le colloque du 11 juin apportera aux professionnels des outils pour saisir les opportunit\u00e9s qui se pr\u00e9senteront.<\/p>\n","protected":false},"excerpt":{"rendered":"<p>Le 11 juin 2009, de 14H30 \u00e0 18 H, dans le cadre des 24 heures du B\u00e2timent au POPB, l\u0092&rsquo;ensemble des professionnels du b\u00e2timent sont invit\u00e9s \u00e0 participer \u00e0 un colloque sur l\u0092&rsquo;efficacit\u00e9 \u00e9nerg\u00e9tique. La r\u00e9novation \u00e9nerg\u00e9tique concernera tous les m\u00e9tiers du b\u00e2timent, surtout ceux du fluide (plomberie, climatisation, ventilation, \u00e9lectricit\u00e9), et ceux de l\u0092&rsquo;enveloppe [&hellip;]<\/p>\n","protected":false},"author":1,"featured_media":80262,"comment_status":"open","ping_status":"closed","sticky":false,"template":"","format":"standard","meta":{"_et_pb_use_builder":"","_et_pb_old_content":"","_et_gb_content_width":"","footnotes":""},"categories":[9192],"tags":[674],"class_list":["post-80261","post","type-post","status-publish","format-standard","has-post-thumbnail","hentry","category-evenements","tag-colloque"],"yoast_head":"<!-- This site is optimized with the Yoast SEO plugin v27.4 - https:\/\/yoast.com\/product\/yoast-seo-wordpress\/ -->\n<title>Colloque des Professionnels du B\u00e2timent le 11 juin \u00e0 Paris<\/title>\n<meta name=\"robots\" content=\"index, follow, max-snippet:-1, max-image-preview:large, max-video-preview:-1\" \/>\n<link rel=\"canonical\" href=\"https:\/\/batijournal.com\/index.php\/colloque-des-professionnels-du-batiment-le-11-juin-a-paris\/80261\/\" \/>\n<meta property=\"og:locale\" content=\"fr_FR\" \/>\n<meta property=\"og:type\" content=\"article\" \/>\n<meta property=\"og:title\" content=\"Colloque des Professionnels du B\u00e2timent le 11 juin \u00e0 Paris\" \/>\n<meta property=\"og:description\" content=\"Le 11 juin 2009, de 14H30 \u00e0 18 H, dans le cadre des 24 heures du B\u00e2timent au POPB, l\u0092&rsquo;ensemble des professionnels du b\u00e2timent sont invit\u00e9s \u00e0 participer \u00e0 un colloque sur l\u0092&rsquo;efficacit\u00e9 \u00e9nerg\u00e9tique. La r\u00e9novation \u00e9nerg\u00e9tique concernera tous les m\u00e9tiers du b\u00e2timent, surtout ceux du fluide (plomberie, climatisation, ventilation, \u00e9lectricit\u00e9), et ceux de l\u0092&rsquo;enveloppe [&hellip;]\" \/>\n<meta property=\"og:url\" content=\"https:\/\/batijournal.com\/index.php\/colloque-des-professionnels-du-batiment-le-11-juin-a-paris\/80261\/\" \/>\n<meta property=\"og:site_name\" content=\"Batijournal\" \/>\n<meta property=\"article:published_time\" content=\"2009-05-13T22:00:00+00:00\" \/>\n<meta property=\"og:image\" content=\"https:\/\/batijournal.com\/wp-content\/uploads\/2015\/03\/04554432.jpg\" \/>\n\t<meta property=\"og:image:width\" content=\"600\" \/>\n\t<meta property=\"og:image:height\" content=\"409\" \/>\n\t<meta property=\"og:image:type\" content=\"image\/jpeg\" \/>\n<meta name=\"author\" content=\"Bati-journal\" \/>\n<meta name=\"twitter:card\" content=\"summary_large_image\" \/>\n<meta name=\"twitter:creator\" content=\"@bati_journal\" \/>\n<meta name=\"twitter:site\" content=\"@bati_journal\" \/>\n<meta name=\"twitter:label1\" content=\"\u00c9crit par\" \/>\n\t<meta name=\"twitter:data1\" content=\"Bati-journal\" \/>\n\t<meta name=\"twitter:label2\" content=\"Dur\u00e9e de lecture estim\u00e9e\" \/>\n\t<meta name=\"twitter:data2\" content=\"1 minute\" \/>\n<script type=\"application\/ld+json\" class=\"yoast-schema-graph\">{\"@context\":\"https:\\\/\\\/schema.org\",\"@graph\":[{\"@type\":\"Article\",\"@id\":\"https:\\\/\\\/batijournal.com\\\/index.php\\\/colloque-des-professionnels-du-batiment-le-11-juin-a-paris\\\/80261\\\/#article\",\"isPartOf\":{\"@id\":\"https:\\\/\\\/batijournal.com\\\/index.php\\\/colloque-des-professionnels-du-batiment-le-11-juin-a-paris\\\/80261\\\/\"},\"author\":{\"name\":\"Bati-journal\",\"@id\":\"https:\\\/\\\/batijournal.com\\\/#\\\/schema\\\/person\\\/6a657e8967569e1b299972574848aa76\"},\"headline\":\"Colloque des Professionnels du B\u00e2timent le 11 juin \u00e0 Paris\",\"datePublished\":\"2009-05-13T22:00:00+00:00\",\"mainEntityOfPage\":{\"@id\":\"https:\\\/\\\/batijournal.com\\\/index.php\\\/colloque-des-professionnels-du-batiment-le-11-juin-a-paris\\\/80261\\\/\"},\"wordCount\":113,\"commentCount\":0,\"image\":{\"@id\":\"https:\\\/\\\/batijournal.com\\\/index.php\\\/colloque-des-professionnels-du-batiment-le-11-juin-a-paris\\\/80261\\\/#primaryimage\"},\"thumbnailUrl\":\"https:\\\/\\\/batijournal.com\\\/wp-content\\\/uploads\\\/2015\\\/03\\\/04554432.jpg\",\"keywords\":[\"colloque\"],\"articleSection\":[\"\u00c9v\u00e9nements\"],\"inLanguage\":\"fr-FR\",\"potentialAction\":[{\"@type\":\"CommentAction\",\"name\":\"Comment\",\"target\":[\"https:\\\/\\\/batijournal.com\\\/index.php\\\/colloque-des-professionnels-du-batiment-le-11-juin-a-paris\\\/80261\\\/#respond\"]}]},{\"@type\":\"WebPage\",\"@id\":\"https:\\\/\\\/batijournal.com\\\/index.php\\\/colloque-des-professionnels-du-batiment-le-11-juin-a-paris\\\/80261\\\/\",\"url\":\"https:\\\/\\\/batijournal.com\\\/index.php\\\/colloque-des-professionnels-du-batiment-le-11-juin-a-paris\\\/80261\\\/\",\"name\":\"Colloque des Professionnels du B\u00e2timent le 11 juin \u00e0 Paris\",\"isPartOf\":{\"@id\":\"https:\\\/\\\/batijournal.com\\\/#website\"},\"primaryImageOfPage\":{\"@id\":\"https:\\\/\\\/batijournal.com\\\/index.php\\\/colloque-des-professionnels-du-batiment-le-11-juin-a-paris\\\/80261\\\/#primaryimage\"},\"image\":{\"@id\":\"https:\\\/\\\/batijournal.com\\\/index.php\\\/colloque-des-professionnels-du-batiment-le-11-juin-a-paris\\\/80261\\\/#primaryimage\"},\"thumbnailUrl\":\"https:\\\/\\\/batijournal.com\\\/wp-content\\\/uploads\\\/2015\\\/03\\\/04554432.jpg\",\"datePublished\":\"2009-05-13T22:00:00+00:00\",\"author\":{\"@id\":\"https:\\\/\\\/batijournal.com\\\/#\\\/schema\\\/person\\\/6a657e8967569e1b299972574848aa76\"},\"breadcrumb\":{\"@id\":\"https:\\\/\\\/batijournal.com\\\/index.php\\\/colloque-des-professionnels-du-batiment-le-11-juin-a-paris\\\/80261\\\/#breadcrumb\"},\"inLanguage\":\"fr-FR\",\"potentialAction\":[{\"@type\":\"ReadAction\",\"target\":[\"https:\\\/\\\/batijournal.com\\\/index.php\\\/colloque-des-professionnels-du-batiment-le-11-juin-a-paris\\\/80261\\\/\"]}]},{\"@type\":\"ImageObject\",\"inLanguage\":\"fr-FR\",\"@id\":\"https:\\\/\\\/batijournal.com\\\/index.php\\\/colloque-des-professionnels-du-batiment-le-11-juin-a-paris\\\/80261\\\/#primaryimage\",\"url\":\"https:\\\/\\\/batijournal.com\\\/wp-content\\\/uploads\\\/2015\\\/03\\\/04554432.jpg\",\"contentUrl\":\"https:\\\/\\\/batijournal.com\\\/wp-content\\\/uploads\\\/2015\\\/03\\\/04554432.jpg\",\"width\":600,\"height\":409},{\"@type\":\"BreadcrumbList\",\"@id\":\"https:\\\/\\\/batijournal.com\\\/index.php\\\/colloque-des-professionnels-du-batiment-le-11-juin-a-paris\\\/80261\\\/#breadcrumb\",\"itemListElement\":[{\"@type\":\"ListItem\",\"position\":1,\"name\":\"Accueil\",\"item\":\"https:\\\/\\\/batijournal.com\\\/\"},{\"@type\":\"ListItem\",\"position\":2,\"name\":\"\u00c9v\u00e9nements\",\"item\":\"https:\\\/\\\/batijournal.com\\\/index.php\\\/category\\\/evenements\\\/\"},{\"@type\":\"ListItem\",\"position\":3,\"name\":\"Colloque des Professionnels du B\u00e2timent le 11 juin \u00e0 Paris\"}]},{\"@type\":\"WebSite\",\"@id\":\"https:\\\/\\\/batijournal.com\\\/#website\",\"url\":\"https:\\\/\\\/batijournal.com\\\/\",\"name\":\"Batijournal\",\"description\":\"L&#039;actualit\u00e9 du b\u00e2timent\",\"potentialAction\":[{\"@type\":\"SearchAction\",\"target\":{\"@type\":\"EntryPoint\",\"urlTemplate\":\"https:\\\/\\\/batijournal.com\\\/?s={search_term_string}\"},\"query-input\":{\"@type\":\"PropertyValueSpecification\",\"valueRequired\":true,\"valueName\":\"search_term_string\"}}],\"inLanguage\":\"fr-FR\"},{\"@type\":\"Person\",\"@id\":\"https:\\\/\\\/batijournal.com\\\/#\\\/schema\\\/person\\\/6a657e8967569e1b299972574848aa76\",\"name\":\"Bati-journal\",\"image\":{\"@type\":\"ImageObject\",\"inLanguage\":\"fr-FR\",\"@id\":\"https:\\\/\\\/secure.gravatar.com\\\/avatar\\\/a64364ea26392f9b4dd47e017ddaec74ff03aefc073b49e492e847201258f777?s=96&d=mm&r=g\",\"url\":\"https:\\\/\\\/secure.gravatar.com\\\/avatar\\\/a64364ea26392f9b4dd47e017ddaec74ff03aefc073b49e492e847201258f777?s=96&d=mm&r=g\",\"contentUrl\":\"https:\\\/\\\/secure.gravatar.com\\\/avatar\\\/a64364ea26392f9b4dd47e017ddaec74ff03aefc073b49e492e847201258f777?s=96&d=mm&r=g\",\"caption\":\"Bati-journal\"},\"url\":\"https:\\\/\\\/batijournal.com\\\/index.php\\\/author\\\/elodie\\\/\"}]}<\/script>\n<!-- \/ Yoast SEO plugin. -->","yoast_head_json":{"title":"Colloque des Professionnels du B\u00e2timent le 11 juin \u00e0 Paris","robots":{"index":"index","follow":"follow","max-snippet":"max-snippet:-1","max-image-preview":"max-image-preview:large","max-video-preview":"max-video-preview:-1"},"canonical":"https:\/\/batijournal.com\/index.php\/colloque-des-professionnels-du-batiment-le-11-juin-a-paris\/80261\/","og_locale":"fr_FR","og_type":"article","og_title":"Colloque des Professionnels du B\u00e2timent le 11 juin \u00e0 Paris","og_description":"Le 11 juin 2009, de 14H30 \u00e0 18 H, dans le cadre des 24 heures du B\u00e2timent au POPB, l\u0092&rsquo;ensemble des professionnels du b\u00e2timent sont invit\u00e9s \u00e0 participer \u00e0 un colloque sur l\u0092&rsquo;efficacit\u00e9 \u00e9nerg\u00e9tique. La r\u00e9novation \u00e9nerg\u00e9tique concernera tous les m\u00e9tiers du b\u00e2timent, surtout ceux du fluide (plomberie, climatisation, ventilation, \u00e9lectricit\u00e9), et ceux de l\u0092&rsquo;enveloppe [&hellip;]","og_url":"https:\/\/batijournal.com\/index.php\/colloque-des-professionnels-du-batiment-le-11-juin-a-paris\/80261\/","og_site_name":"Batijournal","article_published_time":"2009-05-13T22:00:00+00:00","og_image":[{"width":600,"height":409,"url":"https:\/\/batijournal.com\/wp-content\/uploads\/2015\/03\/04554432.jpg","type":"image\/jpeg"}],"author":"Bati-journal","twitter_card":"summary_large_image","twitter_creator":"@bati_journal","twitter_site":"@bati_journal","twitter_misc":{"\u00c9crit par":"Bati-journal","Dur\u00e9e de lecture estim\u00e9e":"1 minute"},"schema":{"@context":"https:\/\/schema.org","@graph":[{"@type":"Article","@id":"https:\/\/batijournal.com\/index.php\/colloque-des-professionnels-du-batiment-le-11-juin-a-paris\/80261\/#article","isPartOf":{"@id":"https:\/\/batijournal.com\/index.php\/colloque-des-professionnels-du-batiment-le-11-juin-a-paris\/80261\/"},"author":{"name":"Bati-journal","@id":"https:\/\/batijournal.com\/#\/schema\/person\/6a657e8967569e1b299972574848aa76"},"headline":"Colloque des Professionnels du B\u00e2timent le 11 juin \u00e0 Paris","datePublished":"2009-05-13T22:00:00+00:00","mainEntityOfPage":{"@id":"https:\/\/batijournal.com\/index.php\/colloque-des-professionnels-du-batiment-le-11-juin-a-paris\/80261\/"},"wordCount":113,"commentCount":0,"image":{"@id":"https:\/\/batijournal.com\/index.php\/colloque-des-professionnels-du-batiment-le-11-juin-a-paris\/80261\/#primaryimage"},"thumbnailUrl":"https:\/\/batijournal.com\/wp-content\/uploads\/2015\/03\/04554432.jpg","keywords":["colloque"],"articleSection":["\u00c9v\u00e9nements"],"inLanguage":"fr-FR","potentialAction":[{"@type":"CommentAction","name":"Comment","target":["https:\/\/batijournal.com\/index.php\/colloque-des-professionnels-du-batiment-le-11-juin-a-paris\/80261\/#respond"]}]},{"@type":"WebPage","@id":"https:\/\/batijournal.com\/index.php\/colloque-des-professionnels-du-batiment-le-11-juin-a-paris\/80261\/","url":"https:\/\/batijournal.com\/index.php\/colloque-des-professionnels-du-batiment-le-11-juin-a-paris\/80261\/","name":"Colloque des Professionnels du B\u00e2timent le 11 juin \u00e0 Paris","isPartOf":{"@id":"https:\/\/batijournal.com\/#website"},"primaryImageOfPage":{"@id":"https:\/\/batijournal.com\/index.php\/colloque-des-professionnels-du-batiment-le-11-juin-a-paris\/80261\/#primaryimage"},"image":{"@id":"https:\/\/batijournal.com\/index.php\/colloque-des-professionnels-du-batiment-le-11-juin-a-paris\/80261\/#primaryimage"},"thumbnailUrl":"https:\/\/batijournal.com\/wp-content\/uploads\/2015\/03\/04554432.jpg","datePublished":"2009-05-13T22:00:00+00:00","author":{"@id":"https:\/\/batijournal.com\/#\/schema\/person\/6a657e8967569e1b299972574848aa76"},"breadcrumb":{"@id":"https:\/\/batijournal.com\/index.php\/colloque-des-professionnels-du-batiment-le-11-juin-a-paris\/80261\/#breadcrumb"},"inLanguage":"fr-FR","potentialAction":[{"@type":"ReadAction","target":["https:\/\/batijournal.com\/index.php\/colloque-des-professionnels-du-batiment-le-11-juin-a-paris\/80261\/"]}]},{"@type":"ImageObject","inLanguage":"fr-FR","@id":"https:\/\/batijournal.com\/index.php\/colloque-des-professionnels-du-batiment-le-11-juin-a-paris\/80261\/#primaryimage","url":"https:\/\/batijournal.com\/wp-content\/uploads\/2015\/03\/04554432.jpg","contentUrl":"https:\/\/batijournal.com\/wp-content\/uploads\/2015\/03\/04554432.jpg","width":600,"height":409},{"@type":"BreadcrumbList","@id":"https:\/\/batijournal.com\/index.php\/colloque-des-professionnels-du-batiment-le-11-juin-a-paris\/80261\/#breadcrumb","itemListElement":[{"@type":"ListItem","position":1,"name":"Accueil","item":"https:\/\/batijournal.com\/"},{"@type":"ListItem","position":2,"name":"\u00c9v\u00e9nements","item":"https:\/\/batijournal.com\/index.php\/category\/evenements\/"},{"@type":"ListItem","position":3,"name":"Colloque des Professionnels du B\u00e2timent le 11 juin \u00e0 Paris"}]},{"@type":"WebSite","@id":"https:\/\/batijournal.com\/#website","url":"https:\/\/batijournal.com\/","name":"Batijournal","description":"L&#039;actualit\u00e9 du b\u00e2timent","potentialAction":[{"@type":"SearchAction","target":{"@type":"EntryPoint","urlTemplate":"https:\/\/batijournal.com\/?s={search_term_string}"},"query-input":{"@type":"PropertyValueSpecification","valueRequired":true,"valueName":"search_term_string"}}],"inLanguage":"fr-FR"},{"@type":"Person","@id":"https:\/\/batijournal.com\/#\/schema\/person\/6a657e8967569e1b299972574848aa76","name":"Bati-journal","image":{"@type":"ImageObject","inLanguage":"fr-FR","@id":"https:\/\/secure.gravatar.com\/avatar\/a64364ea26392f9b4dd47e017ddaec74ff03aefc073b49e492e847201258f777?s=96&d=mm&r=g","url":"https:\/\/secure.gravatar.com\/avatar\/a64364ea26392f9b4dd47e017ddaec74ff03aefc073b49e492e847201258f777?s=96&d=mm&r=g","contentUrl":"https:\/\/secure.gravatar.com\/avatar\/a64364ea26392f9b4dd47e017ddaec74ff03aefc073b49e492e847201258f777?s=96&d=mm&r=g","caption":"Bati-journal"},"url":"https:\/\/batijournal.com\/index.php\/author\/elodie\/"}]}},"_links":{"self":[{"href":"https:\/\/batijournal.com\/index.php\/wp-json\/wp\/v2\/posts\/80261","targetHints":{"allow":["GET"]}}],"collection":[{"href":"https:\/\/batijournal.com\/index.php\/wp-json\/wp\/v2\/posts"}],"about":[{"href":"https:\/\/batijournal.com\/index.php\/wp-json\/wp\/v2\/types\/post"}],"author":[{"embeddable":true,"href":"https:\/\/batijournal.com\/index.php\/wp-json\/wp\/v2\/users\/1"}],"replies":[{"embeddable":true,"href":"https:\/\/batijournal.com\/index.php\/wp-json\/wp\/v2\/comments?post=80261"}],"version-history":[{"count":0,"href":"https:\/\/batijournal.com\/index.php\/wp-json\/wp\/v2\/posts\/80261\/revisions"}],"wp:featuredmedia":[{"embeddable":true,"href":"https:\/\/batijournal.com\/index.php\/wp-json\/wp\/v2\/media\/80262"}],"wp:attachment":[{"href":"https:\/\/batijournal.com\/index.php\/wp-json\/wp\/v2\/media?parent=80261"}],"wp:term":[{"taxonomy":"category","embeddable":true,"href":"https:\/\/batijournal.com\/index.php\/wp-json\/wp\/v2\/categories?post=80261"},{"taxonomy":"post_tag","embeddable":true,"href":"https:\/\/batijournal.com\/index.php\/wp-json\/wp\/v2\/tags?post=80261"}],"curies":[{"name":"wp","href":"https:\/\/api.w.org\/{rel}","templated":true}]}}