{"id":80271,"date":"2009-05-27T00:00:00","date_gmt":"2009-05-26T22:00:00","guid":{"rendered":"http:\/\/b.bati-journal.com\/on-annonce-deja-les-journees-du-patrimoine-2009\/80271"},"modified":"2009-05-27T00:00:00","modified_gmt":"2009-05-26T22:00:00","slug":"on-annonce-deja-les-journees-du-patrimoine-2009","status":"publish","type":"post","link":"https:\/\/batijournal.com\/index.php\/on-annonce-deja-les-journees-du-patrimoine-2009\/80271\/","title":{"rendered":"On annonce d\u00e9j\u00e0 les Journ\u00e9es du Patrimoine 2009 !"},"content":{"rendered":"<p>Pour leurs 25 ans, les Journ\u00e9es europ\u00e9ennes du patrimoine des 19 et 20 septembre 2009 s&rsquo;\u0092associent au cinquanti\u00e8me anniversaire du minist\u00e8re de la Culture et de la Communication : elles rendent hommage \u00e0 Andr\u00e9 Malraux qui souhaitait \u00abassurer la plus vaste audience \u00e0 notre patrimoine culturel\u00bb. Plac\u00e9e sous le th\u00e8me \u00abun patrimoine accessible \u00e0 tous \u00bb , la 26\u00e8me \u00e9dition des Journ\u00e9es europ\u00e9ennes du patrimoine mettra \u00e0 l&rsquo;\u0092honneur les politiques conduites par le minist\u00e8re en mati\u00e8re d&rsquo;\u0092accueil des personnes handicap\u00e9es ainsi que les politiques, men\u00e9es en partenariat avec les minist\u00e8res charg\u00e9s de la Justice, de la Sant\u00e9, de l&rsquo;\u0092Education et de la Ville, pour les publics les plus \u00e9loign\u00e9s de l&rsquo;\u0092offre culturelle. Ce th\u00e8me fait \u00e9cho \u00e0 la politique de d\u00e9mocratisation port\u00e9e par Christine albanel, en particulier avec la gratuit\u00e9 dans les mus\u00e9es et les monuments historiques pour les jeunes de moins de 26 ans effective depuis le 4 avril 2009. La manifestation re\u00e7oit le soutien du CMN, du r\u00e9seau des Villes et Pays d\u0092&rsquo;art et d&rsquo;\u0092histoire, de la Fondation du Patrimoine et de nombreuses associations de sauvegarde du patrimoine parmi lesquelles les Vieilles Maisons Fran\u00e7aises et la Demeure Historique. La CAPEB est partenaire depuis 1999 et K\u00e4rcher, pour la troisi\u00e8me ann\u00e9e cons\u00e9cutive, contribuera aux cot\u00e9s du minist\u00e8re \u00e0 cette manifestation majeure. (Sources : Minist\u00e8re de la Culture et de la communication)<\/p>\n","protected":false},"excerpt":{"rendered":"<p>Pour leurs 25 ans, les Journ\u00e9es europ\u00e9ennes du patrimoine des 19 et 20 septembre 2009 s&rsquo;\u0092associent au cinquanti\u00e8me anniversaire du minist\u00e8re de la Culture et de la Communication : elles rendent hommage \u00e0 Andr\u00e9 Malraux qui souhaitait \u00abassurer la plus vaste audience \u00e0 notre patrimoine culturel\u00bb. Plac\u00e9e sous le th\u00e8me \u00abun patrimoine accessible \u00e0 tous [&hellip;]<\/p>\n","protected":false},"author":1,"featured_media":80272,"comment_status":"open","ping_status":"closed","sticky":false,"template":"","format":"standard","meta":{"_et_pb_use_builder":"","_et_pb_old_content":"","_et_gb_content_width":"","footnotes":""},"categories":[9192],"tags":[9554],"class_list":["post-80271","post","type-post","status-publish","format-standard","has-post-thumbnail","hentry","category-evenements","tag-journees-du-patrimoine-2009"],"yoast_head":"<!-- This site is optimized with the Yoast SEO plugin v27.4 - https:\/\/yoast.com\/product\/yoast-seo-wordpress\/ -->\n<title>On annonce d\u00e9j\u00e0 les Journ\u00e9es du Patrimoine 2009 !<\/title>\n<meta name=\"robots\" content=\"index, follow, max-snippet:-1, max-image-preview:large, max-video-preview:-1\" \/>\n<link rel=\"canonical\" href=\"https:\/\/batijournal.com\/index.php\/on-annonce-deja-les-journees-du-patrimoine-2009\/80271\/\" \/>\n<meta property=\"og:locale\" content=\"fr_FR\" \/>\n<meta property=\"og:type\" content=\"article\" \/>\n<meta property=\"og:title\" content=\"On annonce d\u00e9j\u00e0 les Journ\u00e9es du Patrimoine 2009 !\" \/>\n<meta property=\"og:description\" content=\"Pour leurs 25 ans, les Journ\u00e9es europ\u00e9ennes du patrimoine des 19 et 20 septembre 2009 s&rsquo;\u0092associent au cinquanti\u00e8me anniversaire du minist\u00e8re de la Culture et de la Communication : elles rendent hommage \u00e0 Andr\u00e9 Malraux qui souhaitait \u00abassurer la plus vaste audience \u00e0 notre patrimoine culturel\u00bb. Plac\u00e9e sous le th\u00e8me \u00abun patrimoine accessible \u00e0 tous [&hellip;]\" \/>\n<meta property=\"og:url\" content=\"https:\/\/batijournal.com\/index.php\/on-annonce-deja-les-journees-du-patrimoine-2009\/80271\/\" \/>\n<meta property=\"og:site_name\" content=\"Batijournal\" \/>\n<meta property=\"article:published_time\" content=\"2009-05-26T22:00:00+00:00\" \/>\n<meta property=\"og:image\" content=\"https:\/\/batijournal.com\/wp-content\/uploads\/2015\/03\/04766648.jpg\" \/>\n\t<meta property=\"og:image:width\" content=\"600\" \/>\n\t<meta property=\"og:image:height\" content=\"401\" \/>\n\t<meta property=\"og:image:type\" content=\"image\/jpeg\" \/>\n<meta name=\"author\" content=\"Bati-journal\" \/>\n<meta name=\"twitter:card\" content=\"summary_large_image\" \/>\n<meta name=\"twitter:creator\" content=\"@bati_journal\" \/>\n<meta name=\"twitter:site\" content=\"@bati_journal\" \/>\n<meta name=\"twitter:label1\" content=\"\u00c9crit par\" \/>\n\t<meta name=\"twitter:data1\" content=\"Bati-journal\" \/>\n\t<meta name=\"twitter:label2\" content=\"Dur\u00e9e de lecture estim\u00e9e\" \/>\n\t<meta name=\"twitter:data2\" content=\"1 minute\" \/>\n<script type=\"application\/ld+json\" class=\"yoast-schema-graph\">{\"@context\":\"https:\\\/\\\/schema.org\",\"@graph\":[{\"@type\":\"Article\",\"@id\":\"https:\\\/\\\/batijournal.com\\\/index.php\\\/on-annonce-deja-les-journees-du-patrimoine-2009\\\/80271\\\/#article\",\"isPartOf\":{\"@id\":\"https:\\\/\\\/batijournal.com\\\/index.php\\\/on-annonce-deja-les-journees-du-patrimoine-2009\\\/80271\\\/\"},\"author\":{\"name\":\"Bati-journal\",\"@id\":\"https:\\\/\\\/batijournal.com\\\/#\\\/schema\\\/person\\\/6a657e8967569e1b299972574848aa76\"},\"headline\":\"On annonce d\u00e9j\u00e0 les Journ\u00e9es du Patrimoine 2009 !\",\"datePublished\":\"2009-05-26T22:00:00+00:00\",\"mainEntityOfPage\":{\"@id\":\"https:\\\/\\\/batijournal.com\\\/index.php\\\/on-annonce-deja-les-journees-du-patrimoine-2009\\\/80271\\\/\"},\"wordCount\":249,\"commentCount\":0,\"image\":{\"@id\":\"https:\\\/\\\/batijournal.com\\\/index.php\\\/on-annonce-deja-les-journees-du-patrimoine-2009\\\/80271\\\/#primaryimage\"},\"thumbnailUrl\":\"https:\\\/\\\/batijournal.com\\\/wp-content\\\/uploads\\\/2015\\\/03\\\/04766648.jpg\",\"keywords\":[\"journees du patrimoine 2009\"],\"articleSection\":[\"\u00c9v\u00e9nements\"],\"inLanguage\":\"fr-FR\",\"potentialAction\":[{\"@type\":\"CommentAction\",\"name\":\"Comment\",\"target\":[\"https:\\\/\\\/batijournal.com\\\/index.php\\\/on-annonce-deja-les-journees-du-patrimoine-2009\\\/80271\\\/#respond\"]}]},{\"@type\":\"WebPage\",\"@id\":\"https:\\\/\\\/batijournal.com\\\/index.php\\\/on-annonce-deja-les-journees-du-patrimoine-2009\\\/80271\\\/\",\"url\":\"https:\\\/\\\/batijournal.com\\\/index.php\\\/on-annonce-deja-les-journees-du-patrimoine-2009\\\/80271\\\/\",\"name\":\"On annonce d\u00e9j\u00e0 les Journ\u00e9es du Patrimoine 2009 !\",\"isPartOf\":{\"@id\":\"https:\\\/\\\/batijournal.com\\\/#website\"},\"primaryImageOfPage\":{\"@id\":\"https:\\\/\\\/batijournal.com\\\/index.php\\\/on-annonce-deja-les-journees-du-patrimoine-2009\\\/80271\\\/#primaryimage\"},\"image\":{\"@id\":\"https:\\\/\\\/batijournal.com\\\/index.php\\\/on-annonce-deja-les-journees-du-patrimoine-2009\\\/80271\\\/#primaryimage\"},\"thumbnailUrl\":\"https:\\\/\\\/batijournal.com\\\/wp-content\\\/uploads\\\/2015\\\/03\\\/04766648.jpg\",\"datePublished\":\"2009-05-26T22:00:00+00:00\",\"author\":{\"@id\":\"https:\\\/\\\/batijournal.com\\\/#\\\/schema\\\/person\\\/6a657e8967569e1b299972574848aa76\"},\"breadcrumb\":{\"@id\":\"https:\\\/\\\/batijournal.com\\\/index.php\\\/on-annonce-deja-les-journees-du-patrimoine-2009\\\/80271\\\/#breadcrumb\"},\"inLanguage\":\"fr-FR\",\"potentialAction\":[{\"@type\":\"ReadAction\",\"target\":[\"https:\\\/\\\/batijournal.com\\\/index.php\\\/on-annonce-deja-les-journees-du-patrimoine-2009\\\/80271\\\/\"]}]},{\"@type\":\"ImageObject\",\"inLanguage\":\"fr-FR\",\"@id\":\"https:\\\/\\\/batijournal.com\\\/index.php\\\/on-annonce-deja-les-journees-du-patrimoine-2009\\\/80271\\\/#primaryimage\",\"url\":\"https:\\\/\\\/batijournal.com\\\/wp-content\\\/uploads\\\/2015\\\/03\\\/04766648.jpg\",\"contentUrl\":\"https:\\\/\\\/batijournal.com\\\/wp-content\\\/uploads\\\/2015\\\/03\\\/04766648.jpg\",\"width\":600,\"height\":401},{\"@type\":\"BreadcrumbList\",\"@id\":\"https:\\\/\\\/batijournal.com\\\/index.php\\\/on-annonce-deja-les-journees-du-patrimoine-2009\\\/80271\\\/#breadcrumb\",\"itemListElement\":[{\"@type\":\"ListItem\",\"position\":1,\"name\":\"Accueil\",\"item\":\"https:\\\/\\\/batijournal.com\\\/\"},{\"@type\":\"ListItem\",\"position\":2,\"name\":\"\u00c9v\u00e9nements\",\"item\":\"https:\\\/\\\/batijournal.com\\\/index.php\\\/category\\\/evenements\\\/\"},{\"@type\":\"ListItem\",\"position\":3,\"name\":\"On annonce d\u00e9j\u00e0 les Journ\u00e9es du Patrimoine 2009 !\"}]},{\"@type\":\"WebSite\",\"@id\":\"https:\\\/\\\/batijournal.com\\\/#website\",\"url\":\"https:\\\/\\\/batijournal.com\\\/\",\"name\":\"Batijournal\",\"description\":\"L&#039;actualit\u00e9 du b\u00e2timent\",\"potentialAction\":[{\"@type\":\"SearchAction\",\"target\":{\"@type\":\"EntryPoint\",\"urlTemplate\":\"https:\\\/\\\/batijournal.com\\\/?s={search_term_string}\"},\"query-input\":{\"@type\":\"PropertyValueSpecification\",\"valueRequired\":true,\"valueName\":\"search_term_string\"}}],\"inLanguage\":\"fr-FR\"},{\"@type\":\"Person\",\"@id\":\"https:\\\/\\\/batijournal.com\\\/#\\\/schema\\\/person\\\/6a657e8967569e1b299972574848aa76\",\"name\":\"Bati-journal\",\"image\":{\"@type\":\"ImageObject\",\"inLanguage\":\"fr-FR\",\"@id\":\"https:\\\/\\\/secure.gravatar.com\\\/avatar\\\/a64364ea26392f9b4dd47e017ddaec74ff03aefc073b49e492e847201258f777?s=96&d=mm&r=g\",\"url\":\"https:\\\/\\\/secure.gravatar.com\\\/avatar\\\/a64364ea26392f9b4dd47e017ddaec74ff03aefc073b49e492e847201258f777?s=96&d=mm&r=g\",\"contentUrl\":\"https:\\\/\\\/secure.gravatar.com\\\/avatar\\\/a64364ea26392f9b4dd47e017ddaec74ff03aefc073b49e492e847201258f777?s=96&d=mm&r=g\",\"caption\":\"Bati-journal\"},\"url\":\"https:\\\/\\\/batijournal.com\\\/index.php\\\/author\\\/elodie\\\/\"}]}<\/script>\n<!-- \/ Yoast SEO plugin. -->","yoast_head_json":{"title":"On annonce d\u00e9j\u00e0 les Journ\u00e9es du Patrimoine 2009 !","robots":{"index":"index","follow":"follow","max-snippet":"max-snippet:-1","max-image-preview":"max-image-preview:large","max-video-preview":"max-video-preview:-1"},"canonical":"https:\/\/batijournal.com\/index.php\/on-annonce-deja-les-journees-du-patrimoine-2009\/80271\/","og_locale":"fr_FR","og_type":"article","og_title":"On annonce d\u00e9j\u00e0 les Journ\u00e9es du Patrimoine 2009 !","og_description":"Pour leurs 25 ans, les Journ\u00e9es europ\u00e9ennes du patrimoine des 19 et 20 septembre 2009 s&rsquo;\u0092associent au cinquanti\u00e8me anniversaire du minist\u00e8re de la Culture et de la Communication : elles rendent hommage \u00e0 Andr\u00e9 Malraux qui souhaitait \u00abassurer la plus vaste audience \u00e0 notre patrimoine culturel\u00bb. Plac\u00e9e sous le th\u00e8me \u00abun patrimoine accessible \u00e0 tous [&hellip;]","og_url":"https:\/\/batijournal.com\/index.php\/on-annonce-deja-les-journees-du-patrimoine-2009\/80271\/","og_site_name":"Batijournal","article_published_time":"2009-05-26T22:00:00+00:00","og_image":[{"width":600,"height":401,"url":"https:\/\/batijournal.com\/wp-content\/uploads\/2015\/03\/04766648.jpg","type":"image\/jpeg"}],"author":"Bati-journal","twitter_card":"summary_large_image","twitter_creator":"@bati_journal","twitter_site":"@bati_journal","twitter_misc":{"\u00c9crit par":"Bati-journal","Dur\u00e9e de lecture estim\u00e9e":"1 minute"},"schema":{"@context":"https:\/\/schema.org","@graph":[{"@type":"Article","@id":"https:\/\/batijournal.com\/index.php\/on-annonce-deja-les-journees-du-patrimoine-2009\/80271\/#article","isPartOf":{"@id":"https:\/\/batijournal.com\/index.php\/on-annonce-deja-les-journees-du-patrimoine-2009\/80271\/"},"author":{"name":"Bati-journal","@id":"https:\/\/batijournal.com\/#\/schema\/person\/6a657e8967569e1b299972574848aa76"},"headline":"On annonce d\u00e9j\u00e0 les Journ\u00e9es du Patrimoine 2009 !","datePublished":"2009-05-26T22:00:00+00:00","mainEntityOfPage":{"@id":"https:\/\/batijournal.com\/index.php\/on-annonce-deja-les-journees-du-patrimoine-2009\/80271\/"},"wordCount":249,"commentCount":0,"image":{"@id":"https:\/\/batijournal.com\/index.php\/on-annonce-deja-les-journees-du-patrimoine-2009\/80271\/#primaryimage"},"thumbnailUrl":"https:\/\/batijournal.com\/wp-content\/uploads\/2015\/03\/04766648.jpg","keywords":["journees du patrimoine 2009"],"articleSection":["\u00c9v\u00e9nements"],"inLanguage":"fr-FR","potentialAction":[{"@type":"CommentAction","name":"Comment","target":["https:\/\/batijournal.com\/index.php\/on-annonce-deja-les-journees-du-patrimoine-2009\/80271\/#respond"]}]},{"@type":"WebPage","@id":"https:\/\/batijournal.com\/index.php\/on-annonce-deja-les-journees-du-patrimoine-2009\/80271\/","url":"https:\/\/batijournal.com\/index.php\/on-annonce-deja-les-journees-du-patrimoine-2009\/80271\/","name":"On annonce d\u00e9j\u00e0 les Journ\u00e9es du Patrimoine 2009 !","isPartOf":{"@id":"https:\/\/batijournal.com\/#website"},"primaryImageOfPage":{"@id":"https:\/\/batijournal.com\/index.php\/on-annonce-deja-les-journees-du-patrimoine-2009\/80271\/#primaryimage"},"image":{"@id":"https:\/\/batijournal.com\/index.php\/on-annonce-deja-les-journees-du-patrimoine-2009\/80271\/#primaryimage"},"thumbnailUrl":"https:\/\/batijournal.com\/wp-content\/uploads\/2015\/03\/04766648.jpg","datePublished":"2009-05-26T22:00:00+00:00","author":{"@id":"https:\/\/batijournal.com\/#\/schema\/person\/6a657e8967569e1b299972574848aa76"},"breadcrumb":{"@id":"https:\/\/batijournal.com\/index.php\/on-annonce-deja-les-journees-du-patrimoine-2009\/80271\/#breadcrumb"},"inLanguage":"fr-FR","potentialAction":[{"@type":"ReadAction","target":["https:\/\/batijournal.com\/index.php\/on-annonce-deja-les-journees-du-patrimoine-2009\/80271\/"]}]},{"@type":"ImageObject","inLanguage":"fr-FR","@id":"https:\/\/batijournal.com\/index.php\/on-annonce-deja-les-journees-du-patrimoine-2009\/80271\/#primaryimage","url":"https:\/\/batijournal.com\/wp-content\/uploads\/2015\/03\/04766648.jpg","contentUrl":"https:\/\/batijournal.com\/wp-content\/uploads\/2015\/03\/04766648.jpg","width":600,"height":401},{"@type":"BreadcrumbList","@id":"https:\/\/batijournal.com\/index.php\/on-annonce-deja-les-journees-du-patrimoine-2009\/80271\/#breadcrumb","itemListElement":[{"@type":"ListItem","position":1,"name":"Accueil","item":"https:\/\/batijournal.com\/"},{"@type":"ListItem","position":2,"name":"\u00c9v\u00e9nements","item":"https:\/\/batijournal.com\/index.php\/category\/evenements\/"},{"@type":"ListItem","position":3,"name":"On annonce d\u00e9j\u00e0 les Journ\u00e9es du Patrimoine 2009 !"}]},{"@type":"WebSite","@id":"https:\/\/batijournal.com\/#website","url":"https:\/\/batijournal.com\/","name":"Batijournal","description":"L&#039;actualit\u00e9 du b\u00e2timent","potentialAction":[{"@type":"SearchAction","target":{"@type":"EntryPoint","urlTemplate":"https:\/\/batijournal.com\/?s={search_term_string}"},"query-input":{"@type":"PropertyValueSpecification","valueRequired":true,"valueName":"search_term_string"}}],"inLanguage":"fr-FR"},{"@type":"Person","@id":"https:\/\/batijournal.com\/#\/schema\/person\/6a657e8967569e1b299972574848aa76","name":"Bati-journal","image":{"@type":"ImageObject","inLanguage":"fr-FR","@id":"https:\/\/secure.gravatar.com\/avatar\/a64364ea26392f9b4dd47e017ddaec74ff03aefc073b49e492e847201258f777?s=96&d=mm&r=g","url":"https:\/\/secure.gravatar.com\/avatar\/a64364ea26392f9b4dd47e017ddaec74ff03aefc073b49e492e847201258f777?s=96&d=mm&r=g","contentUrl":"https:\/\/secure.gravatar.com\/avatar\/a64364ea26392f9b4dd47e017ddaec74ff03aefc073b49e492e847201258f777?s=96&d=mm&r=g","caption":"Bati-journal"},"url":"https:\/\/batijournal.com\/index.php\/author\/elodie\/"}]}},"_links":{"self":[{"href":"https:\/\/batijournal.com\/index.php\/wp-json\/wp\/v2\/posts\/80271","targetHints":{"allow":["GET"]}}],"collection":[{"href":"https:\/\/batijournal.com\/index.php\/wp-json\/wp\/v2\/posts"}],"about":[{"href":"https:\/\/batijournal.com\/index.php\/wp-json\/wp\/v2\/types\/post"}],"author":[{"embeddable":true,"href":"https:\/\/batijournal.com\/index.php\/wp-json\/wp\/v2\/users\/1"}],"replies":[{"embeddable":true,"href":"https:\/\/batijournal.com\/index.php\/wp-json\/wp\/v2\/comments?post=80271"}],"version-history":[{"count":0,"href":"https:\/\/batijournal.com\/index.php\/wp-json\/wp\/v2\/posts\/80271\/revisions"}],"wp:featuredmedia":[{"embeddable":true,"href":"https:\/\/batijournal.com\/index.php\/wp-json\/wp\/v2\/media\/80272"}],"wp:attachment":[{"href":"https:\/\/batijournal.com\/index.php\/wp-json\/wp\/v2\/media?parent=80271"}],"wp:term":[{"taxonomy":"category","embeddable":true,"href":"https:\/\/batijournal.com\/index.php\/wp-json\/wp\/v2\/categories?post=80271"},{"taxonomy":"post_tag","embeddable":true,"href":"https:\/\/batijournal.com\/index.php\/wp-json\/wp\/v2\/tags?post=80271"}],"curies":[{"name":"wp","href":"https:\/\/api.w.org\/{rel}","templated":true}]}}