{"id":80275,"date":"2009-06-04T00:00:00","date_gmt":"2009-06-03T22:00:00","guid":{"rendered":"http:\/\/b.bati-journal.com\/le-37e-congres-de-luntec-fait-dans-le-durable\/80275"},"modified":"2009-06-04T00:00:00","modified_gmt":"2009-06-03T22:00:00","slug":"le-37e-congres-de-luntec-fait-dans-le-durable","status":"publish","type":"post","link":"https:\/\/batijournal.com\/index.php\/le-37e-congres-de-luntec-fait-dans-le-durable\/80275\/","title":{"rendered":"Le 37e congr\u00e8s de l&rsquo;Untec fait dans le durable"},"content":{"rendered":"<p>Le 37e Congr\u00e8s national de l&rsquo;Untec et l&rsquo;\u00e9dition 2009 du Salon de la prescription du B\u00e2timent se tiennent les 10, 11 et 12 juin \u00e0 Reims (site Henry Farmann) sur le th\u00e8me \u00ab Construire apr\u00e8s le Grenelle de l&rsquo;environnement : quelle nouvelle \u00e9conomie des projets \u00bb. Cette manifestation (exposition, ateliers et conf\u00e9rence) est ouverte au public professionnel, en entr\u00e9e libre. Les visiteurs, en particulier les ma\u00eetres d&rsquo;ouvrage et la ma\u00eetrise d&rsquo;oeuvre, d\u00e9couvriront une tr\u00e8s riche exposition tous corps d&rsquo;\u00e9tat, ils \u00e9changeront avec les responsables d&rsquo;affaire des 160 industriels pr\u00e9sents et rencontreront les meilleurs experts des sujets trait\u00e9s au cours des animations. Le Salon de la prescription accueille, cette ann\u00e9e, deux expositions :  Villes en mouvement  vers une ville durable (<a href=\"http:\/\/www.fimbacte.com\" target=\"_blank\">www.fimbacte.com<\/a>), Parcours Bois : la faisabilit\u00e9 et les avantages du bois pour 12 solutions constructives (<a href=\"http:\/\/www.cndb.org\" target=\"_blank\">www.cndb.org<\/a> ; <a href=\"http:\/\/www.parcours-bois.com\" target=\"_blank\">www.parcours-bois.com<\/a>).<\/p>\n","protected":false},"excerpt":{"rendered":"<p>Le 37e Congr\u00e8s national de l&rsquo;Untec et l&rsquo;\u00e9dition 2009 du Salon de la prescription du B\u00e2timent se tiennent les 10, 11 et 12 juin \u00e0 Reims (site Henry Farmann) sur le th\u00e8me \u00ab Construire apr\u00e8s le Grenelle de l&rsquo;environnement : quelle nouvelle \u00e9conomie des projets \u00bb. Cette manifestation (exposition, ateliers et conf\u00e9rence) est ouverte au [&hellip;]<\/p>\n","protected":false},"author":1,"featured_media":80276,"comment_status":"open","ping_status":"closed","sticky":false,"template":"","format":"standard","meta":{"_et_pb_use_builder":"","_et_pb_old_content":"","_et_gb_content_width":"","footnotes":""},"categories":[9192],"tags":[9556,2895],"class_list":["post-80275","post","type-post","status-publish","format-standard","has-post-thumbnail","hentry","category-evenements","tag-salon-de-la-prescription","tag-untec"],"yoast_head":"<!-- This site is optimized with the Yoast SEO plugin v27.4 - https:\/\/yoast.com\/product\/yoast-seo-wordpress\/ -->\n<title>Le 37e congr\u00e8s de l&#039;Untec fait dans le durable<\/title>\n<meta name=\"robots\" content=\"index, follow, max-snippet:-1, max-image-preview:large, max-video-preview:-1\" \/>\n<link rel=\"canonical\" href=\"https:\/\/batijournal.com\/index.php\/le-37e-congres-de-luntec-fait-dans-le-durable\/80275\/\" \/>\n<meta property=\"og:locale\" content=\"fr_FR\" \/>\n<meta property=\"og:type\" content=\"article\" \/>\n<meta property=\"og:title\" content=\"Le 37e congr\u00e8s de l&#039;Untec fait dans le durable\" \/>\n<meta property=\"og:description\" content=\"Le 37e Congr\u00e8s national de l&rsquo;Untec et l&rsquo;\u00e9dition 2009 du Salon de la prescription du B\u00e2timent se tiennent les 10, 11 et 12 juin \u00e0 Reims (site Henry Farmann) sur le th\u00e8me \u00ab Construire apr\u00e8s le Grenelle de l&rsquo;environnement : quelle nouvelle \u00e9conomie des projets \u00bb. Cette manifestation (exposition, ateliers et conf\u00e9rence) est ouverte au [&hellip;]\" \/>\n<meta property=\"og:url\" content=\"https:\/\/batijournal.com\/index.php\/le-37e-congres-de-luntec-fait-dans-le-durable\/80275\/\" \/>\n<meta property=\"og:site_name\" content=\"Batijournal\" \/>\n<meta property=\"article:published_time\" content=\"2009-06-03T22:00:00+00:00\" \/>\n<meta property=\"og:image\" content=\"https:\/\/batijournal.com\/wp-content\/uploads\/2015\/03\/049112372.jpg\" \/>\n\t<meta property=\"og:image:width\" content=\"600\" \/>\n\t<meta property=\"og:image:height\" content=\"366\" \/>\n\t<meta property=\"og:image:type\" content=\"image\/jpeg\" \/>\n<meta name=\"author\" content=\"Bati-journal\" \/>\n<meta name=\"twitter:card\" content=\"summary_large_image\" \/>\n<meta name=\"twitter:creator\" content=\"@bati_journal\" \/>\n<meta name=\"twitter:site\" content=\"@bati_journal\" \/>\n<meta name=\"twitter:label1\" content=\"\u00c9crit par\" \/>\n\t<meta name=\"twitter:data1\" content=\"Bati-journal\" \/>\n\t<meta name=\"twitter:label2\" content=\"Dur\u00e9e de lecture estim\u00e9e\" \/>\n\t<meta name=\"twitter:data2\" content=\"1 minute\" \/>\n<script type=\"application\/ld+json\" class=\"yoast-schema-graph\">{\"@context\":\"https:\\\/\\\/schema.org\",\"@graph\":[{\"@type\":\"Article\",\"@id\":\"https:\\\/\\\/batijournal.com\\\/index.php\\\/le-37e-congres-de-luntec-fait-dans-le-durable\\\/80275\\\/#article\",\"isPartOf\":{\"@id\":\"https:\\\/\\\/batijournal.com\\\/index.php\\\/le-37e-congres-de-luntec-fait-dans-le-durable\\\/80275\\\/\"},\"author\":{\"name\":\"Bati-journal\",\"@id\":\"https:\\\/\\\/batijournal.com\\\/#\\\/schema\\\/person\\\/6a657e8967569e1b299972574848aa76\"},\"headline\":\"Le 37e congr\u00e8s de l&rsquo;Untec fait dans le durable\",\"datePublished\":\"2009-06-03T22:00:00+00:00\",\"mainEntityOfPage\":{\"@id\":\"https:\\\/\\\/batijournal.com\\\/index.php\\\/le-37e-congres-de-luntec-fait-dans-le-durable\\\/80275\\\/\"},\"wordCount\":161,\"commentCount\":0,\"image\":{\"@id\":\"https:\\\/\\\/batijournal.com\\\/index.php\\\/le-37e-congres-de-luntec-fait-dans-le-durable\\\/80275\\\/#primaryimage\"},\"thumbnailUrl\":\"https:\\\/\\\/batijournal.com\\\/wp-content\\\/uploads\\\/2015\\\/03\\\/049112372.jpg\",\"keywords\":[\"salon de la prescription\",\"Untec\"],\"articleSection\":[\"\u00c9v\u00e9nements\"],\"inLanguage\":\"fr-FR\",\"potentialAction\":[{\"@type\":\"CommentAction\",\"name\":\"Comment\",\"target\":[\"https:\\\/\\\/batijournal.com\\\/index.php\\\/le-37e-congres-de-luntec-fait-dans-le-durable\\\/80275\\\/#respond\"]}]},{\"@type\":\"WebPage\",\"@id\":\"https:\\\/\\\/batijournal.com\\\/index.php\\\/le-37e-congres-de-luntec-fait-dans-le-durable\\\/80275\\\/\",\"url\":\"https:\\\/\\\/batijournal.com\\\/index.php\\\/le-37e-congres-de-luntec-fait-dans-le-durable\\\/80275\\\/\",\"name\":\"Le 37e congr\u00e8s de l'Untec fait dans le durable\",\"isPartOf\":{\"@id\":\"https:\\\/\\\/batijournal.com\\\/#website\"},\"primaryImageOfPage\":{\"@id\":\"https:\\\/\\\/batijournal.com\\\/index.php\\\/le-37e-congres-de-luntec-fait-dans-le-durable\\\/80275\\\/#primaryimage\"},\"image\":{\"@id\":\"https:\\\/\\\/batijournal.com\\\/index.php\\\/le-37e-congres-de-luntec-fait-dans-le-durable\\\/80275\\\/#primaryimage\"},\"thumbnailUrl\":\"https:\\\/\\\/batijournal.com\\\/wp-content\\\/uploads\\\/2015\\\/03\\\/049112372.jpg\",\"datePublished\":\"2009-06-03T22:00:00+00:00\",\"author\":{\"@id\":\"https:\\\/\\\/batijournal.com\\\/#\\\/schema\\\/person\\\/6a657e8967569e1b299972574848aa76\"},\"breadcrumb\":{\"@id\":\"https:\\\/\\\/batijournal.com\\\/index.php\\\/le-37e-congres-de-luntec-fait-dans-le-durable\\\/80275\\\/#breadcrumb\"},\"inLanguage\":\"fr-FR\",\"potentialAction\":[{\"@type\":\"ReadAction\",\"target\":[\"https:\\\/\\\/batijournal.com\\\/index.php\\\/le-37e-congres-de-luntec-fait-dans-le-durable\\\/80275\\\/\"]}]},{\"@type\":\"ImageObject\",\"inLanguage\":\"fr-FR\",\"@id\":\"https:\\\/\\\/batijournal.com\\\/index.php\\\/le-37e-congres-de-luntec-fait-dans-le-durable\\\/80275\\\/#primaryimage\",\"url\":\"https:\\\/\\\/batijournal.com\\\/wp-content\\\/uploads\\\/2015\\\/03\\\/049112372.jpg\",\"contentUrl\":\"https:\\\/\\\/batijournal.com\\\/wp-content\\\/uploads\\\/2015\\\/03\\\/049112372.jpg\",\"width\":600,\"height\":366},{\"@type\":\"BreadcrumbList\",\"@id\":\"https:\\\/\\\/batijournal.com\\\/index.php\\\/le-37e-congres-de-luntec-fait-dans-le-durable\\\/80275\\\/#breadcrumb\",\"itemListElement\":[{\"@type\":\"ListItem\",\"position\":1,\"name\":\"Accueil\",\"item\":\"https:\\\/\\\/batijournal.com\\\/\"},{\"@type\":\"ListItem\",\"position\":2,\"name\":\"\u00c9v\u00e9nements\",\"item\":\"https:\\\/\\\/batijournal.com\\\/index.php\\\/category\\\/evenements\\\/\"},{\"@type\":\"ListItem\",\"position\":3,\"name\":\"Le 37e congr\u00e8s de l&rsquo;Untec fait dans le durable\"}]},{\"@type\":\"WebSite\",\"@id\":\"https:\\\/\\\/batijournal.com\\\/#website\",\"url\":\"https:\\\/\\\/batijournal.com\\\/\",\"name\":\"Batijournal\",\"description\":\"L&#039;actualit\u00e9 du b\u00e2timent\",\"potentialAction\":[{\"@type\":\"SearchAction\",\"target\":{\"@type\":\"EntryPoint\",\"urlTemplate\":\"https:\\\/\\\/batijournal.com\\\/?s={search_term_string}\"},\"query-input\":{\"@type\":\"PropertyValueSpecification\",\"valueRequired\":true,\"valueName\":\"search_term_string\"}}],\"inLanguage\":\"fr-FR\"},{\"@type\":\"Person\",\"@id\":\"https:\\\/\\\/batijournal.com\\\/#\\\/schema\\\/person\\\/6a657e8967569e1b299972574848aa76\",\"name\":\"Bati-journal\",\"image\":{\"@type\":\"ImageObject\",\"inLanguage\":\"fr-FR\",\"@id\":\"https:\\\/\\\/secure.gravatar.com\\\/avatar\\\/a64364ea26392f9b4dd47e017ddaec74ff03aefc073b49e492e847201258f777?s=96&d=mm&r=g\",\"url\":\"https:\\\/\\\/secure.gravatar.com\\\/avatar\\\/a64364ea26392f9b4dd47e017ddaec74ff03aefc073b49e492e847201258f777?s=96&d=mm&r=g\",\"contentUrl\":\"https:\\\/\\\/secure.gravatar.com\\\/avatar\\\/a64364ea26392f9b4dd47e017ddaec74ff03aefc073b49e492e847201258f777?s=96&d=mm&r=g\",\"caption\":\"Bati-journal\"},\"url\":\"https:\\\/\\\/batijournal.com\\\/index.php\\\/author\\\/elodie\\\/\"}]}<\/script>\n<!-- \/ Yoast SEO plugin. -->","yoast_head_json":{"title":"Le 37e congr\u00e8s de l'Untec fait dans le durable","robots":{"index":"index","follow":"follow","max-snippet":"max-snippet:-1","max-image-preview":"max-image-preview:large","max-video-preview":"max-video-preview:-1"},"canonical":"https:\/\/batijournal.com\/index.php\/le-37e-congres-de-luntec-fait-dans-le-durable\/80275\/","og_locale":"fr_FR","og_type":"article","og_title":"Le 37e congr\u00e8s de l'Untec fait dans le durable","og_description":"Le 37e Congr\u00e8s national de l&rsquo;Untec et l&rsquo;\u00e9dition 2009 du Salon de la prescription du B\u00e2timent se tiennent les 10, 11 et 12 juin \u00e0 Reims (site Henry Farmann) sur le th\u00e8me \u00ab Construire apr\u00e8s le Grenelle de l&rsquo;environnement : quelle nouvelle \u00e9conomie des projets \u00bb. Cette manifestation (exposition, ateliers et conf\u00e9rence) est ouverte au [&hellip;]","og_url":"https:\/\/batijournal.com\/index.php\/le-37e-congres-de-luntec-fait-dans-le-durable\/80275\/","og_site_name":"Batijournal","article_published_time":"2009-06-03T22:00:00+00:00","og_image":[{"width":600,"height":366,"url":"https:\/\/batijournal.com\/wp-content\/uploads\/2015\/03\/049112372.jpg","type":"image\/jpeg"}],"author":"Bati-journal","twitter_card":"summary_large_image","twitter_creator":"@bati_journal","twitter_site":"@bati_journal","twitter_misc":{"\u00c9crit par":"Bati-journal","Dur\u00e9e de lecture estim\u00e9e":"1 minute"},"schema":{"@context":"https:\/\/schema.org","@graph":[{"@type":"Article","@id":"https:\/\/batijournal.com\/index.php\/le-37e-congres-de-luntec-fait-dans-le-durable\/80275\/#article","isPartOf":{"@id":"https:\/\/batijournal.com\/index.php\/le-37e-congres-de-luntec-fait-dans-le-durable\/80275\/"},"author":{"name":"Bati-journal","@id":"https:\/\/batijournal.com\/#\/schema\/person\/6a657e8967569e1b299972574848aa76"},"headline":"Le 37e congr\u00e8s de l&rsquo;Untec fait dans le durable","datePublished":"2009-06-03T22:00:00+00:00","mainEntityOfPage":{"@id":"https:\/\/batijournal.com\/index.php\/le-37e-congres-de-luntec-fait-dans-le-durable\/80275\/"},"wordCount":161,"commentCount":0,"image":{"@id":"https:\/\/batijournal.com\/index.php\/le-37e-congres-de-luntec-fait-dans-le-durable\/80275\/#primaryimage"},"thumbnailUrl":"https:\/\/batijournal.com\/wp-content\/uploads\/2015\/03\/049112372.jpg","keywords":["salon de la prescription","Untec"],"articleSection":["\u00c9v\u00e9nements"],"inLanguage":"fr-FR","potentialAction":[{"@type":"CommentAction","name":"Comment","target":["https:\/\/batijournal.com\/index.php\/le-37e-congres-de-luntec-fait-dans-le-durable\/80275\/#respond"]}]},{"@type":"WebPage","@id":"https:\/\/batijournal.com\/index.php\/le-37e-congres-de-luntec-fait-dans-le-durable\/80275\/","url":"https:\/\/batijournal.com\/index.php\/le-37e-congres-de-luntec-fait-dans-le-durable\/80275\/","name":"Le 37e congr\u00e8s de l'Untec fait dans le durable","isPartOf":{"@id":"https:\/\/batijournal.com\/#website"},"primaryImageOfPage":{"@id":"https:\/\/batijournal.com\/index.php\/le-37e-congres-de-luntec-fait-dans-le-durable\/80275\/#primaryimage"},"image":{"@id":"https:\/\/batijournal.com\/index.php\/le-37e-congres-de-luntec-fait-dans-le-durable\/80275\/#primaryimage"},"thumbnailUrl":"https:\/\/batijournal.com\/wp-content\/uploads\/2015\/03\/049112372.jpg","datePublished":"2009-06-03T22:00:00+00:00","author":{"@id":"https:\/\/batijournal.com\/#\/schema\/person\/6a657e8967569e1b299972574848aa76"},"breadcrumb":{"@id":"https:\/\/batijournal.com\/index.php\/le-37e-congres-de-luntec-fait-dans-le-durable\/80275\/#breadcrumb"},"inLanguage":"fr-FR","potentialAction":[{"@type":"ReadAction","target":["https:\/\/batijournal.com\/index.php\/le-37e-congres-de-luntec-fait-dans-le-durable\/80275\/"]}]},{"@type":"ImageObject","inLanguage":"fr-FR","@id":"https:\/\/batijournal.com\/index.php\/le-37e-congres-de-luntec-fait-dans-le-durable\/80275\/#primaryimage","url":"https:\/\/batijournal.com\/wp-content\/uploads\/2015\/03\/049112372.jpg","contentUrl":"https:\/\/batijournal.com\/wp-content\/uploads\/2015\/03\/049112372.jpg","width":600,"height":366},{"@type":"BreadcrumbList","@id":"https:\/\/batijournal.com\/index.php\/le-37e-congres-de-luntec-fait-dans-le-durable\/80275\/#breadcrumb","itemListElement":[{"@type":"ListItem","position":1,"name":"Accueil","item":"https:\/\/batijournal.com\/"},{"@type":"ListItem","position":2,"name":"\u00c9v\u00e9nements","item":"https:\/\/batijournal.com\/index.php\/category\/evenements\/"},{"@type":"ListItem","position":3,"name":"Le 37e congr\u00e8s de l&rsquo;Untec fait dans le durable"}]},{"@type":"WebSite","@id":"https:\/\/batijournal.com\/#website","url":"https:\/\/batijournal.com\/","name":"Batijournal","description":"L&#039;actualit\u00e9 du b\u00e2timent","potentialAction":[{"@type":"SearchAction","target":{"@type":"EntryPoint","urlTemplate":"https:\/\/batijournal.com\/?s={search_term_string}"},"query-input":{"@type":"PropertyValueSpecification","valueRequired":true,"valueName":"search_term_string"}}],"inLanguage":"fr-FR"},{"@type":"Person","@id":"https:\/\/batijournal.com\/#\/schema\/person\/6a657e8967569e1b299972574848aa76","name":"Bati-journal","image":{"@type":"ImageObject","inLanguage":"fr-FR","@id":"https:\/\/secure.gravatar.com\/avatar\/a64364ea26392f9b4dd47e017ddaec74ff03aefc073b49e492e847201258f777?s=96&d=mm&r=g","url":"https:\/\/secure.gravatar.com\/avatar\/a64364ea26392f9b4dd47e017ddaec74ff03aefc073b49e492e847201258f777?s=96&d=mm&r=g","contentUrl":"https:\/\/secure.gravatar.com\/avatar\/a64364ea26392f9b4dd47e017ddaec74ff03aefc073b49e492e847201258f777?s=96&d=mm&r=g","caption":"Bati-journal"},"url":"https:\/\/batijournal.com\/index.php\/author\/elodie\/"}]}},"_links":{"self":[{"href":"https:\/\/batijournal.com\/index.php\/wp-json\/wp\/v2\/posts\/80275","targetHints":{"allow":["GET"]}}],"collection":[{"href":"https:\/\/batijournal.com\/index.php\/wp-json\/wp\/v2\/posts"}],"about":[{"href":"https:\/\/batijournal.com\/index.php\/wp-json\/wp\/v2\/types\/post"}],"author":[{"embeddable":true,"href":"https:\/\/batijournal.com\/index.php\/wp-json\/wp\/v2\/users\/1"}],"replies":[{"embeddable":true,"href":"https:\/\/batijournal.com\/index.php\/wp-json\/wp\/v2\/comments?post=80275"}],"version-history":[{"count":0,"href":"https:\/\/batijournal.com\/index.php\/wp-json\/wp\/v2\/posts\/80275\/revisions"}],"wp:featuredmedia":[{"embeddable":true,"href":"https:\/\/batijournal.com\/index.php\/wp-json\/wp\/v2\/media\/80276"}],"wp:attachment":[{"href":"https:\/\/batijournal.com\/index.php\/wp-json\/wp\/v2\/media?parent=80275"}],"wp:term":[{"taxonomy":"category","embeddable":true,"href":"https:\/\/batijournal.com\/index.php\/wp-json\/wp\/v2\/categories?post=80275"},{"taxonomy":"post_tag","embeddable":true,"href":"https:\/\/batijournal.com\/index.php\/wp-json\/wp\/v2\/tags?post=80275"}],"curies":[{"name":"wp","href":"https:\/\/api.w.org\/{rel}","templated":true}]}}