{"id":80295,"date":"2009-06-25T00:00:00","date_gmt":"2009-06-24T22:00:00","guid":{"rendered":"http:\/\/b.bati-journal.com\/6000-visiteurs-pour-la-journee-mondiale-de-l%c2%92energie-eolienne\/80295"},"modified":"2009-06-25T00:00:00","modified_gmt":"2009-06-24T22:00:00","slug":"6000-visiteurs-pour-la-journee-mondiale-de-l%c2%92energie-eolienne","status":"publish","type":"post","link":"https:\/\/batijournal.com\/index.php\/6000-visiteurs-pour-la-journee-mondiale-de-l%c2%92energie-eolienne\/80295\/","title":{"rendered":"6000 visiteurs pour la Journ\u00e9e mondiale de l\u0092&rsquo;\u00e9nergie \u00e9olienne"},"content":{"rendered":"<p>La Journ\u00e9e mondiale de l\u2019\u00e9nergie \u00e9olienne, organis\u00e9e par l\u2019association europ\u00e9enne de l\u2019\u00e9nergie \u00e9olienne (EWEA) et le Conseil Mondial de l\u2019Energie Eolienne (GWEC), s\u2019est d\u00e9roul\u00e9e le 15 juin dernier. Coordonn\u00e9 au niveau national par France Energie Eolienne, la branche \u00e9olienne du Syndicat des \u00e9nergies renouvelables, cet \u00e9v\u00e9nement a permis au public de venir \u00e0 la rencontre de cette \u00e9nergie. Pr\u00e8s de 5 000 personnes ont visit\u00e9 les 42 parcs accueillant le public dans 33 d\u00e9partements. Au-del\u00e0 des riverains d\u00e9j\u00e0 convaincus des avantages de l\u2019\u00e9nergie \u00e9olienne, certaines personnes ont fait plusieurs dizaines de kilom\u00e8tres pour venir se renseigner. Des espaces temporaires d\u2019information ont \u00e9t\u00e9 am\u00e9nag\u00e9s dans plusieurs grandes villes de France (Bordeaux, Paris, Rennes, Strasbourg et Toulouse), permettant ainsi \u00e0 1000 habitants de zone urbaine de mieux conna\u00eetre cette \u00e9nergie propre, renouvelable et non-\u00e9mettrice de gaz \u00e0 effet de serre.<\/p>\n","protected":false},"excerpt":{"rendered":"<p>La Journ\u00e9e mondiale de l\u2019\u00e9nergie \u00e9olienne, organis\u00e9e par l\u2019association europ\u00e9enne de l\u2019\u00e9nergie \u00e9olienne (EWEA) et le Conseil Mondial de l\u2019Energie Eolienne (GWEC), s\u2019est d\u00e9roul\u00e9e le 15 juin dernier. Coordonn\u00e9 au niveau national par France Energie Eolienne, la branche \u00e9olienne du Syndicat des \u00e9nergies renouvelables, cet \u00e9v\u00e9nement a permis au public de venir \u00e0 la rencontre [&hellip;]<\/p>\n","protected":false},"author":1,"featured_media":80296,"comment_status":"open","ping_status":"closed","sticky":false,"template":"","format":"standard","meta":{"_et_pb_use_builder":"","_et_pb_old_content":"","_et_gb_content_width":"","footnotes":""},"categories":[9192],"tags":[],"class_list":["post-80295","post","type-post","status-publish","format-standard","has-post-thumbnail","hentry","category-evenements"],"yoast_head":"<!-- This site is optimized with the Yoast SEO plugin v27.4 - https:\/\/yoast.com\/product\/yoast-seo-wordpress\/ -->\n<title>6000 visiteurs pour la Journ\u00e9e mondiale de l\u0092&#039;\u00e9nergie \u00e9olienne<\/title>\n<meta name=\"robots\" content=\"index, follow, max-snippet:-1, max-image-preview:large, max-video-preview:-1\" \/>\n<link rel=\"canonical\" href=\"https:\/\/batijournal.com\/index.php\/6000-visiteurs-pour-la-journee-mondiale-de-l\u0092energie-eolienne\/80295\/\" \/>\n<meta property=\"og:locale\" content=\"fr_FR\" \/>\n<meta property=\"og:type\" content=\"article\" \/>\n<meta property=\"og:title\" content=\"6000 visiteurs pour la Journ\u00e9e mondiale de l\u0092&#039;\u00e9nergie \u00e9olienne\" \/>\n<meta property=\"og:description\" content=\"La Journ\u00e9e mondiale de l\u2019\u00e9nergie \u00e9olienne, organis\u00e9e par l\u2019association europ\u00e9enne de l\u2019\u00e9nergie \u00e9olienne (EWEA) et le Conseil Mondial de l\u2019Energie Eolienne (GWEC), s\u2019est d\u00e9roul\u00e9e le 15 juin dernier. Coordonn\u00e9 au niveau national par France Energie Eolienne, la branche \u00e9olienne du Syndicat des \u00e9nergies renouvelables, cet \u00e9v\u00e9nement a permis au public de venir \u00e0 la rencontre [&hellip;]\" \/>\n<meta property=\"og:url\" content=\"https:\/\/batijournal.com\/index.php\/6000-visiteurs-pour-la-journee-mondiale-de-l\u0092energie-eolienne\/80295\/\" \/>\n<meta property=\"og:site_name\" content=\"Batijournal\" \/>\n<meta property=\"article:published_time\" content=\"2009-06-24T22:00:00+00:00\" \/>\n<meta property=\"og:image\" content=\"https:\/\/batijournal.com\/wp-content\/uploads\/2015\/03\/05228920.jpg\" \/>\n\t<meta property=\"og:image:width\" content=\"600\" \/>\n\t<meta property=\"og:image:height\" content=\"450\" \/>\n\t<meta property=\"og:image:type\" content=\"image\/jpeg\" \/>\n<meta name=\"author\" content=\"Bati-journal\" \/>\n<meta name=\"twitter:card\" content=\"summary_large_image\" \/>\n<meta name=\"twitter:creator\" content=\"@bati_journal\" \/>\n<meta name=\"twitter:site\" content=\"@bati_journal\" \/>\n<meta name=\"twitter:label1\" content=\"\u00c9crit par\" \/>\n\t<meta name=\"twitter:data1\" content=\"Bati-journal\" \/>\n\t<meta name=\"twitter:label2\" content=\"Dur\u00e9e de lecture estim\u00e9e\" \/>\n\t<meta name=\"twitter:data2\" content=\"1 minute\" \/>\n<script type=\"application\/ld+json\" class=\"yoast-schema-graph\">{\"@context\":\"https:\\\/\\\/schema.org\",\"@graph\":[{\"@type\":\"Article\",\"@id\":\"https:\\\/\\\/batijournal.com\\\/index.php\\\/6000-visiteurs-pour-la-journee-mondiale-de-l%c2%92energie-eolienne\\\/80295\\\/#article\",\"isPartOf\":{\"@id\":\"https:\\\/\\\/batijournal.com\\\/index.php\\\/6000-visiteurs-pour-la-journee-mondiale-de-l%c2%92energie-eolienne\\\/80295\\\/\"},\"author\":{\"name\":\"Bati-journal\",\"@id\":\"https:\\\/\\\/batijournal.com\\\/#\\\/schema\\\/person\\\/6a657e8967569e1b299972574848aa76\"},\"headline\":\"6000 visiteurs pour la Journ\u00e9e mondiale de l\u0092&rsquo;\u00e9nergie \u00e9olienne\",\"datePublished\":\"2009-06-24T22:00:00+00:00\",\"mainEntityOfPage\":{\"@id\":\"https:\\\/\\\/batijournal.com\\\/index.php\\\/6000-visiteurs-pour-la-journee-mondiale-de-l%c2%92energie-eolienne\\\/80295\\\/\"},\"wordCount\":160,\"commentCount\":0,\"image\":{\"@id\":\"https:\\\/\\\/batijournal.com\\\/index.php\\\/6000-visiteurs-pour-la-journee-mondiale-de-l%c2%92energie-eolienne\\\/80295\\\/#primaryimage\"},\"thumbnailUrl\":\"https:\\\/\\\/batijournal.com\\\/wp-content\\\/uploads\\\/2015\\\/03\\\/05228920.jpg\",\"articleSection\":[\"\u00c9v\u00e9nements\"],\"inLanguage\":\"fr-FR\",\"potentialAction\":[{\"@type\":\"CommentAction\",\"name\":\"Comment\",\"target\":[\"https:\\\/\\\/batijournal.com\\\/index.php\\\/6000-visiteurs-pour-la-journee-mondiale-de-l%c2%92energie-eolienne\\\/80295\\\/#respond\"]}]},{\"@type\":\"WebPage\",\"@id\":\"https:\\\/\\\/batijournal.com\\\/index.php\\\/6000-visiteurs-pour-la-journee-mondiale-de-l%c2%92energie-eolienne\\\/80295\\\/\",\"url\":\"https:\\\/\\\/batijournal.com\\\/index.php\\\/6000-visiteurs-pour-la-journee-mondiale-de-l%c2%92energie-eolienne\\\/80295\\\/\",\"name\":\"6000 visiteurs pour la Journ\u00e9e mondiale de l\u0092'\u00e9nergie \u00e9olienne\",\"isPartOf\":{\"@id\":\"https:\\\/\\\/batijournal.com\\\/#website\"},\"primaryImageOfPage\":{\"@id\":\"https:\\\/\\\/batijournal.com\\\/index.php\\\/6000-visiteurs-pour-la-journee-mondiale-de-l%c2%92energie-eolienne\\\/80295\\\/#primaryimage\"},\"image\":{\"@id\":\"https:\\\/\\\/batijournal.com\\\/index.php\\\/6000-visiteurs-pour-la-journee-mondiale-de-l%c2%92energie-eolienne\\\/80295\\\/#primaryimage\"},\"thumbnailUrl\":\"https:\\\/\\\/batijournal.com\\\/wp-content\\\/uploads\\\/2015\\\/03\\\/05228920.jpg\",\"datePublished\":\"2009-06-24T22:00:00+00:00\",\"author\":{\"@id\":\"https:\\\/\\\/batijournal.com\\\/#\\\/schema\\\/person\\\/6a657e8967569e1b299972574848aa76\"},\"breadcrumb\":{\"@id\":\"https:\\\/\\\/batijournal.com\\\/index.php\\\/6000-visiteurs-pour-la-journee-mondiale-de-l%c2%92energie-eolienne\\\/80295\\\/#breadcrumb\"},\"inLanguage\":\"fr-FR\",\"potentialAction\":[{\"@type\":\"ReadAction\",\"target\":[\"https:\\\/\\\/batijournal.com\\\/index.php\\\/6000-visiteurs-pour-la-journee-mondiale-de-l%c2%92energie-eolienne\\\/80295\\\/\"]}]},{\"@type\":\"ImageObject\",\"inLanguage\":\"fr-FR\",\"@id\":\"https:\\\/\\\/batijournal.com\\\/index.php\\\/6000-visiteurs-pour-la-journee-mondiale-de-l%c2%92energie-eolienne\\\/80295\\\/#primaryimage\",\"url\":\"https:\\\/\\\/batijournal.com\\\/wp-content\\\/uploads\\\/2015\\\/03\\\/05228920.jpg\",\"contentUrl\":\"https:\\\/\\\/batijournal.com\\\/wp-content\\\/uploads\\\/2015\\\/03\\\/05228920.jpg\",\"width\":600,\"height\":450},{\"@type\":\"BreadcrumbList\",\"@id\":\"https:\\\/\\\/batijournal.com\\\/index.php\\\/6000-visiteurs-pour-la-journee-mondiale-de-l%c2%92energie-eolienne\\\/80295\\\/#breadcrumb\",\"itemListElement\":[{\"@type\":\"ListItem\",\"position\":1,\"name\":\"Accueil\",\"item\":\"https:\\\/\\\/batijournal.com\\\/\"},{\"@type\":\"ListItem\",\"position\":2,\"name\":\"\u00c9v\u00e9nements\",\"item\":\"https:\\\/\\\/batijournal.com\\\/index.php\\\/category\\\/evenements\\\/\"},{\"@type\":\"ListItem\",\"position\":3,\"name\":\"6000 visiteurs pour la Journ\u00e9e mondiale de l\u0092&rsquo;\u00e9nergie \u00e9olienne\"}]},{\"@type\":\"WebSite\",\"@id\":\"https:\\\/\\\/batijournal.com\\\/#website\",\"url\":\"https:\\\/\\\/batijournal.com\\\/\",\"name\":\"Batijournal\",\"description\":\"L&#039;actualit\u00e9 du b\u00e2timent\",\"potentialAction\":[{\"@type\":\"SearchAction\",\"target\":{\"@type\":\"EntryPoint\",\"urlTemplate\":\"https:\\\/\\\/batijournal.com\\\/?s={search_term_string}\"},\"query-input\":{\"@type\":\"PropertyValueSpecification\",\"valueRequired\":true,\"valueName\":\"search_term_string\"}}],\"inLanguage\":\"fr-FR\"},{\"@type\":\"Person\",\"@id\":\"https:\\\/\\\/batijournal.com\\\/#\\\/schema\\\/person\\\/6a657e8967569e1b299972574848aa76\",\"name\":\"Bati-journal\",\"image\":{\"@type\":\"ImageObject\",\"inLanguage\":\"fr-FR\",\"@id\":\"https:\\\/\\\/secure.gravatar.com\\\/avatar\\\/a64364ea26392f9b4dd47e017ddaec74ff03aefc073b49e492e847201258f777?s=96&d=mm&r=g\",\"url\":\"https:\\\/\\\/secure.gravatar.com\\\/avatar\\\/a64364ea26392f9b4dd47e017ddaec74ff03aefc073b49e492e847201258f777?s=96&d=mm&r=g\",\"contentUrl\":\"https:\\\/\\\/secure.gravatar.com\\\/avatar\\\/a64364ea26392f9b4dd47e017ddaec74ff03aefc073b49e492e847201258f777?s=96&d=mm&r=g\",\"caption\":\"Bati-journal\"},\"url\":\"https:\\\/\\\/batijournal.com\\\/index.php\\\/author\\\/elodie\\\/\"}]}<\/script>\n<!-- \/ Yoast SEO plugin. -->","yoast_head_json":{"title":"6000 visiteurs pour la Journ\u00e9e mondiale de l\u0092'\u00e9nergie \u00e9olienne","robots":{"index":"index","follow":"follow","max-snippet":"max-snippet:-1","max-image-preview":"max-image-preview:large","max-video-preview":"max-video-preview:-1"},"canonical":"https:\/\/batijournal.com\/index.php\/6000-visiteurs-pour-la-journee-mondiale-de-l\u0092energie-eolienne\/80295\/","og_locale":"fr_FR","og_type":"article","og_title":"6000 visiteurs pour la Journ\u00e9e mondiale de l\u0092'\u00e9nergie \u00e9olienne","og_description":"La Journ\u00e9e mondiale de l\u2019\u00e9nergie \u00e9olienne, organis\u00e9e par l\u2019association europ\u00e9enne de l\u2019\u00e9nergie \u00e9olienne (EWEA) et le Conseil Mondial de l\u2019Energie Eolienne (GWEC), s\u2019est d\u00e9roul\u00e9e le 15 juin dernier. Coordonn\u00e9 au niveau national par France Energie Eolienne, la branche \u00e9olienne du Syndicat des \u00e9nergies renouvelables, cet \u00e9v\u00e9nement a permis au public de venir \u00e0 la rencontre [&hellip;]","og_url":"https:\/\/batijournal.com\/index.php\/6000-visiteurs-pour-la-journee-mondiale-de-l\u0092energie-eolienne\/80295\/","og_site_name":"Batijournal","article_published_time":"2009-06-24T22:00:00+00:00","og_image":[{"width":600,"height":450,"url":"https:\/\/batijournal.com\/wp-content\/uploads\/2015\/03\/05228920.jpg","type":"image\/jpeg"}],"author":"Bati-journal","twitter_card":"summary_large_image","twitter_creator":"@bati_journal","twitter_site":"@bati_journal","twitter_misc":{"\u00c9crit par":"Bati-journal","Dur\u00e9e de lecture estim\u00e9e":"1 minute"},"schema":{"@context":"https:\/\/schema.org","@graph":[{"@type":"Article","@id":"https:\/\/batijournal.com\/index.php\/6000-visiteurs-pour-la-journee-mondiale-de-l%c2%92energie-eolienne\/80295\/#article","isPartOf":{"@id":"https:\/\/batijournal.com\/index.php\/6000-visiteurs-pour-la-journee-mondiale-de-l%c2%92energie-eolienne\/80295\/"},"author":{"name":"Bati-journal","@id":"https:\/\/batijournal.com\/#\/schema\/person\/6a657e8967569e1b299972574848aa76"},"headline":"6000 visiteurs pour la Journ\u00e9e mondiale de l\u0092&rsquo;\u00e9nergie \u00e9olienne","datePublished":"2009-06-24T22:00:00+00:00","mainEntityOfPage":{"@id":"https:\/\/batijournal.com\/index.php\/6000-visiteurs-pour-la-journee-mondiale-de-l%c2%92energie-eolienne\/80295\/"},"wordCount":160,"commentCount":0,"image":{"@id":"https:\/\/batijournal.com\/index.php\/6000-visiteurs-pour-la-journee-mondiale-de-l%c2%92energie-eolienne\/80295\/#primaryimage"},"thumbnailUrl":"https:\/\/batijournal.com\/wp-content\/uploads\/2015\/03\/05228920.jpg","articleSection":["\u00c9v\u00e9nements"],"inLanguage":"fr-FR","potentialAction":[{"@type":"CommentAction","name":"Comment","target":["https:\/\/batijournal.com\/index.php\/6000-visiteurs-pour-la-journee-mondiale-de-l%c2%92energie-eolienne\/80295\/#respond"]}]},{"@type":"WebPage","@id":"https:\/\/batijournal.com\/index.php\/6000-visiteurs-pour-la-journee-mondiale-de-l%c2%92energie-eolienne\/80295\/","url":"https:\/\/batijournal.com\/index.php\/6000-visiteurs-pour-la-journee-mondiale-de-l%c2%92energie-eolienne\/80295\/","name":"6000 visiteurs pour la Journ\u00e9e mondiale de l\u0092'\u00e9nergie \u00e9olienne","isPartOf":{"@id":"https:\/\/batijournal.com\/#website"},"primaryImageOfPage":{"@id":"https:\/\/batijournal.com\/index.php\/6000-visiteurs-pour-la-journee-mondiale-de-l%c2%92energie-eolienne\/80295\/#primaryimage"},"image":{"@id":"https:\/\/batijournal.com\/index.php\/6000-visiteurs-pour-la-journee-mondiale-de-l%c2%92energie-eolienne\/80295\/#primaryimage"},"thumbnailUrl":"https:\/\/batijournal.com\/wp-content\/uploads\/2015\/03\/05228920.jpg","datePublished":"2009-06-24T22:00:00+00:00","author":{"@id":"https:\/\/batijournal.com\/#\/schema\/person\/6a657e8967569e1b299972574848aa76"},"breadcrumb":{"@id":"https:\/\/batijournal.com\/index.php\/6000-visiteurs-pour-la-journee-mondiale-de-l%c2%92energie-eolienne\/80295\/#breadcrumb"},"inLanguage":"fr-FR","potentialAction":[{"@type":"ReadAction","target":["https:\/\/batijournal.com\/index.php\/6000-visiteurs-pour-la-journee-mondiale-de-l%c2%92energie-eolienne\/80295\/"]}]},{"@type":"ImageObject","inLanguage":"fr-FR","@id":"https:\/\/batijournal.com\/index.php\/6000-visiteurs-pour-la-journee-mondiale-de-l%c2%92energie-eolienne\/80295\/#primaryimage","url":"https:\/\/batijournal.com\/wp-content\/uploads\/2015\/03\/05228920.jpg","contentUrl":"https:\/\/batijournal.com\/wp-content\/uploads\/2015\/03\/05228920.jpg","width":600,"height":450},{"@type":"BreadcrumbList","@id":"https:\/\/batijournal.com\/index.php\/6000-visiteurs-pour-la-journee-mondiale-de-l%c2%92energie-eolienne\/80295\/#breadcrumb","itemListElement":[{"@type":"ListItem","position":1,"name":"Accueil","item":"https:\/\/batijournal.com\/"},{"@type":"ListItem","position":2,"name":"\u00c9v\u00e9nements","item":"https:\/\/batijournal.com\/index.php\/category\/evenements\/"},{"@type":"ListItem","position":3,"name":"6000 visiteurs pour la Journ\u00e9e mondiale de l\u0092&rsquo;\u00e9nergie \u00e9olienne"}]},{"@type":"WebSite","@id":"https:\/\/batijournal.com\/#website","url":"https:\/\/batijournal.com\/","name":"Batijournal","description":"L&#039;actualit\u00e9 du b\u00e2timent","potentialAction":[{"@type":"SearchAction","target":{"@type":"EntryPoint","urlTemplate":"https:\/\/batijournal.com\/?s={search_term_string}"},"query-input":{"@type":"PropertyValueSpecification","valueRequired":true,"valueName":"search_term_string"}}],"inLanguage":"fr-FR"},{"@type":"Person","@id":"https:\/\/batijournal.com\/#\/schema\/person\/6a657e8967569e1b299972574848aa76","name":"Bati-journal","image":{"@type":"ImageObject","inLanguage":"fr-FR","@id":"https:\/\/secure.gravatar.com\/avatar\/a64364ea26392f9b4dd47e017ddaec74ff03aefc073b49e492e847201258f777?s=96&d=mm&r=g","url":"https:\/\/secure.gravatar.com\/avatar\/a64364ea26392f9b4dd47e017ddaec74ff03aefc073b49e492e847201258f777?s=96&d=mm&r=g","contentUrl":"https:\/\/secure.gravatar.com\/avatar\/a64364ea26392f9b4dd47e017ddaec74ff03aefc073b49e492e847201258f777?s=96&d=mm&r=g","caption":"Bati-journal"},"url":"https:\/\/batijournal.com\/index.php\/author\/elodie\/"}]}},"_links":{"self":[{"href":"https:\/\/batijournal.com\/index.php\/wp-json\/wp\/v2\/posts\/80295","targetHints":{"allow":["GET"]}}],"collection":[{"href":"https:\/\/batijournal.com\/index.php\/wp-json\/wp\/v2\/posts"}],"about":[{"href":"https:\/\/batijournal.com\/index.php\/wp-json\/wp\/v2\/types\/post"}],"author":[{"embeddable":true,"href":"https:\/\/batijournal.com\/index.php\/wp-json\/wp\/v2\/users\/1"}],"replies":[{"embeddable":true,"href":"https:\/\/batijournal.com\/index.php\/wp-json\/wp\/v2\/comments?post=80295"}],"version-history":[{"count":0,"href":"https:\/\/batijournal.com\/index.php\/wp-json\/wp\/v2\/posts\/80295\/revisions"}],"wp:featuredmedia":[{"embeddable":true,"href":"https:\/\/batijournal.com\/index.php\/wp-json\/wp\/v2\/media\/80296"}],"wp:attachment":[{"href":"https:\/\/batijournal.com\/index.php\/wp-json\/wp\/v2\/media?parent=80295"}],"wp:term":[{"taxonomy":"category","embeddable":true,"href":"https:\/\/batijournal.com\/index.php\/wp-json\/wp\/v2\/categories?post=80295"},{"taxonomy":"post_tag","embeddable":true,"href":"https:\/\/batijournal.com\/index.php\/wp-json\/wp\/v2\/tags?post=80295"}],"curies":[{"name":"wp","href":"https:\/\/api.w.org\/{rel}","templated":true}]}}