{"id":80329,"date":"2009-09-21T00:00:00","date_gmt":"2009-09-20T22:00:00","guid":{"rendered":"http:\/\/b.bati-journal.com\/concours-renovation-bas-carbone-d%c2%92edf-2009-un-manteau-d%c2%92hiver-pour-un-batiment-mal-isole\/80329"},"modified":"2009-09-21T00:00:00","modified_gmt":"2009-09-20T22:00:00","slug":"concours-renovation-bas-carbone-d%c2%92edf-2009-un-manteau-d%c2%92hiver-pour-un-batiment-mal-isole","status":"publish","type":"post","link":"https:\/\/batijournal.com\/index.php\/concours-renovation-bas-carbone-d%c2%92edf-2009-un-manteau-d%c2%92hiver-pour-un-batiment-mal-isole\/80329\/","title":{"rendered":"Concours R\u00e9novation Bas Carbone d&rsquo;\u0092EDF 2009 : un manteau d&rsquo;\u0092hiver pour un b\u00e2timent mal isol\u00e9"},"content":{"rendered":"<p>Le concours R\u00e9novation Bas Carbone d&rsquo;\u0092EDF 2009 consiste \u00e0 allier l&rsquo;\u0092originalit\u00e9 architecturale \u00e0 la r\u00e9duction des \u00e9missions de CO2 et des consommations \u00e9nerg\u00e9tiques. Le Laur\u00e9at de la cat\u00e9gorie b\u00e2timent tertiaire priv\u00e9 bureaux est la Tour Zehrfuss \u00e0 Saint- Denis (93), par Loci Anima architecte et Fran\u00e7oise Raynaud. Ce b\u00e2timent, construit par le c\u00e9l\u00e8bre architecte Bernard Zehrfuss, Grand Prix de Rome en 1939, est embl\u00e9matique des constructions des Trente Glorieuses. R\u00e9alis\u00e9 en 1970, \u00e0 une \u00e9poque o\u00f9 la r\u00e9duction des consommations d&rsquo;\u0092\u00e9nergie n&rsquo;\u0092\u00e9tait pas une priorit\u00e9, le b\u00e2timent dispose d\u0092&rsquo;une isolation d\u00e9faillante. L&rsquo;\u0092\u00e9quipe gagnante a eu l&rsquo;id\u00e9e astucieuse de v\u00eatir le b\u00e2timent d\u0092&rsquo;un manteau d&rsquo;\u0092hiver \u00e0 d\u00e9ployer sur la fa\u00e7ade comme protection contre le froid et \u00e0 retirer au retour de la belle saison. Pour marier l&rsquo;\u0092isolation et l\u0092&rsquo;acc\u00e8s \u00e0 la lumi\u00e8re du jour, les Laur\u00e9ats ont imagin\u00e9 un manteau constitu\u00e9 de coussins gonflables remplis d&rsquo;\u0092air en ETFE (Ethyl\u00e8ne Tetrafloro\u00e9thyl\u00e8ne), un mat\u00e9riau innovant, transparent, et un excellent isolant. L\u0092&rsquo;air situ\u00e9 entre le manteau et le b\u00e2timent r\u00e9chauff\u00e9 par le soleil, comme dans une serre, servira au chauffage du b\u00e2timent. En outre, les coussins d&rsquo;\u0092ETFE recevront des panneaux photovolta\u00efques qui compl\u00e8teront l&rsquo;\u0092installation solaire pr\u00e9vue pour la toiture. L&rsquo;\u0092\u00e9quipe a \u00e9galement d\u00e9cid\u00e9 d&rsquo;\u0092\u00e9vider le b\u00e2timent en son centre pour y loger un puits de lumi\u00e8re recouvert d&rsquo;\u0092une verri\u00e8re escamotable. Ce puits, agr\u00e9ment\u00e9 de murs v\u00e9g\u00e9taux et d\u0092&rsquo;une cascade d&rsquo;\u0092eau sur toute la hauteur, rafra\u00eechira le b\u00e2timent en \u00e9t\u00e9, tout en apportant une source suppl\u00e9mentaire de lumi\u00e8re et de ventilation. Pourcentage de l&rsquo;\u0092\u00e9nergie produite \u00e0 partir d\u0092&rsquo;\u00e9nergies renouvelables : 23,54 %. Co\u00fbt de la r\u00e9novation : &#8211; budget total : 8 815 000 euros &#8211; co\u00fbt HT au m2 : 1 700 euros. Le projet est en phase d\u0092&rsquo;acceptation dans le cadre de la proc\u00e9dure d&rsquo;\u0092appel d&rsquo;\u0092offres, et les travaux n&rsquo;\u0092ont pas encore commenc\u00e9.<\/p>\n","protected":false},"excerpt":{"rendered":"<p>Le concours R\u00e9novation Bas Carbone d&rsquo;\u0092EDF 2009 consiste \u00e0 allier l&rsquo;\u0092originalit\u00e9 architecturale \u00e0 la r\u00e9duction des \u00e9missions de CO2 et des consommations \u00e9nerg\u00e9tiques. Le Laur\u00e9at de la cat\u00e9gorie b\u00e2timent tertiaire priv\u00e9 bureaux est la Tour Zehrfuss \u00e0 Saint- Denis (93), par Loci Anima architecte et Fran\u00e7oise Raynaud. Ce b\u00e2timent, construit par le c\u00e9l\u00e8bre architecte Bernard [&hellip;]<\/p>\n","protected":false},"author":1,"featured_media":0,"comment_status":"open","ping_status":"closed","sticky":false,"template":"","format":"standard","meta":{"_et_pb_use_builder":"","_et_pb_old_content":"","_et_gb_content_width":"","footnotes":""},"categories":[9192],"tags":[668,6015],"class_list":["post-80329","post","type-post","status-publish","format-standard","hentry","category-evenements","tag-edf","tag-renovation"],"yoast_head":"<!-- This site is optimized with the Yoast SEO plugin v27.4 - https:\/\/yoast.com\/product\/yoast-seo-wordpress\/ -->\n<title>Concours R\u00e9novation Bas Carbone d&#039;\u0092EDF 2009 : un manteau d&#039;\u0092hiver pour un b\u00e2timent mal isol\u00e9<\/title>\n<meta name=\"robots\" content=\"index, follow, max-snippet:-1, max-image-preview:large, max-video-preview:-1\" \/>\n<link rel=\"canonical\" href=\"https:\/\/batijournal.com\/index.php\/concours-renovation-bas-carbone-d\u0092edf-2009-un-manteau-d\u0092hiver-pour-un-batiment-mal-isole\/80329\/\" \/>\n<meta property=\"og:locale\" content=\"fr_FR\" \/>\n<meta property=\"og:type\" content=\"article\" \/>\n<meta property=\"og:title\" content=\"Concours R\u00e9novation Bas Carbone d&#039;\u0092EDF 2009 : un manteau d&#039;\u0092hiver pour un b\u00e2timent mal isol\u00e9\" \/>\n<meta property=\"og:description\" content=\"Le concours R\u00e9novation Bas Carbone d&rsquo;\u0092EDF 2009 consiste \u00e0 allier l&rsquo;\u0092originalit\u00e9 architecturale \u00e0 la r\u00e9duction des \u00e9missions de CO2 et des consommations \u00e9nerg\u00e9tiques. Le Laur\u00e9at de la cat\u00e9gorie b\u00e2timent tertiaire priv\u00e9 bureaux est la Tour Zehrfuss \u00e0 Saint- Denis (93), par Loci Anima architecte et Fran\u00e7oise Raynaud. Ce b\u00e2timent, construit par le c\u00e9l\u00e8bre architecte Bernard [&hellip;]\" \/>\n<meta property=\"og:url\" content=\"https:\/\/batijournal.com\/index.php\/concours-renovation-bas-carbone-d\u0092edf-2009-un-manteau-d\u0092hiver-pour-un-batiment-mal-isole\/80329\/\" \/>\n<meta property=\"og:site_name\" content=\"Batijournal\" \/>\n<meta property=\"article:published_time\" content=\"2009-09-20T22:00:00+00:00\" \/>\n<meta name=\"author\" content=\"Bati-journal\" \/>\n<meta name=\"twitter:card\" content=\"summary_large_image\" \/>\n<meta name=\"twitter:creator\" content=\"@bati_journal\" \/>\n<meta name=\"twitter:site\" content=\"@bati_journal\" \/>\n<meta name=\"twitter:label1\" content=\"\u00c9crit par\" \/>\n\t<meta name=\"twitter:data1\" content=\"Bati-journal\" \/>\n\t<meta name=\"twitter:label2\" content=\"Dur\u00e9e de lecture estim\u00e9e\" \/>\n\t<meta name=\"twitter:data2\" content=\"2 minutes\" \/>\n<script type=\"application\/ld+json\" class=\"yoast-schema-graph\">{\"@context\":\"https:\\\/\\\/schema.org\",\"@graph\":[{\"@type\":\"Article\",\"@id\":\"https:\\\/\\\/batijournal.com\\\/index.php\\\/concours-renovation-bas-carbone-d%c2%92edf-2009-un-manteau-d%c2%92hiver-pour-un-batiment-mal-isole\\\/80329\\\/#article\",\"isPartOf\":{\"@id\":\"https:\\\/\\\/batijournal.com\\\/index.php\\\/concours-renovation-bas-carbone-d%c2%92edf-2009-un-manteau-d%c2%92hiver-pour-un-batiment-mal-isole\\\/80329\\\/\"},\"author\":{\"name\":\"Bati-journal\",\"@id\":\"https:\\\/\\\/batijournal.com\\\/#\\\/schema\\\/person\\\/6a657e8967569e1b299972574848aa76\"},\"headline\":\"Concours R\u00e9novation Bas Carbone d&rsquo;\u0092EDF 2009 : un manteau d&rsquo;\u0092hiver pour un b\u00e2timent mal isol\u00e9\",\"datePublished\":\"2009-09-20T22:00:00+00:00\",\"mainEntityOfPage\":{\"@id\":\"https:\\\/\\\/batijournal.com\\\/index.php\\\/concours-renovation-bas-carbone-d%c2%92edf-2009-un-manteau-d%c2%92hiver-pour-un-batiment-mal-isole\\\/80329\\\/\"},\"wordCount\":368,\"commentCount\":0,\"keywords\":[\"EDF\",\"r\u00e9novation\"],\"articleSection\":[\"\u00c9v\u00e9nements\"],\"inLanguage\":\"fr-FR\",\"potentialAction\":[{\"@type\":\"CommentAction\",\"name\":\"Comment\",\"target\":[\"https:\\\/\\\/batijournal.com\\\/index.php\\\/concours-renovation-bas-carbone-d%c2%92edf-2009-un-manteau-d%c2%92hiver-pour-un-batiment-mal-isole\\\/80329\\\/#respond\"]}]},{\"@type\":\"WebPage\",\"@id\":\"https:\\\/\\\/batijournal.com\\\/index.php\\\/concours-renovation-bas-carbone-d%c2%92edf-2009-un-manteau-d%c2%92hiver-pour-un-batiment-mal-isole\\\/80329\\\/\",\"url\":\"https:\\\/\\\/batijournal.com\\\/index.php\\\/concours-renovation-bas-carbone-d%c2%92edf-2009-un-manteau-d%c2%92hiver-pour-un-batiment-mal-isole\\\/80329\\\/\",\"name\":\"Concours R\u00e9novation Bas Carbone d'\u0092EDF 2009 : un manteau d'\u0092hiver pour un b\u00e2timent mal isol\u00e9\",\"isPartOf\":{\"@id\":\"https:\\\/\\\/batijournal.com\\\/#website\"},\"datePublished\":\"2009-09-20T22:00:00+00:00\",\"author\":{\"@id\":\"https:\\\/\\\/batijournal.com\\\/#\\\/schema\\\/person\\\/6a657e8967569e1b299972574848aa76\"},\"breadcrumb\":{\"@id\":\"https:\\\/\\\/batijournal.com\\\/index.php\\\/concours-renovation-bas-carbone-d%c2%92edf-2009-un-manteau-d%c2%92hiver-pour-un-batiment-mal-isole\\\/80329\\\/#breadcrumb\"},\"inLanguage\":\"fr-FR\",\"potentialAction\":[{\"@type\":\"ReadAction\",\"target\":[\"https:\\\/\\\/batijournal.com\\\/index.php\\\/concours-renovation-bas-carbone-d%c2%92edf-2009-un-manteau-d%c2%92hiver-pour-un-batiment-mal-isole\\\/80329\\\/\"]}]},{\"@type\":\"BreadcrumbList\",\"@id\":\"https:\\\/\\\/batijournal.com\\\/index.php\\\/concours-renovation-bas-carbone-d%c2%92edf-2009-un-manteau-d%c2%92hiver-pour-un-batiment-mal-isole\\\/80329\\\/#breadcrumb\",\"itemListElement\":[{\"@type\":\"ListItem\",\"position\":1,\"name\":\"Accueil\",\"item\":\"https:\\\/\\\/batijournal.com\\\/\"},{\"@type\":\"ListItem\",\"position\":2,\"name\":\"\u00c9v\u00e9nements\",\"item\":\"https:\\\/\\\/batijournal.com\\\/index.php\\\/category\\\/evenements\\\/\"},{\"@type\":\"ListItem\",\"position\":3,\"name\":\"Concours R\u00e9novation Bas Carbone d&rsquo;\u0092EDF 2009 : un manteau d&rsquo;\u0092hiver pour un b\u00e2timent mal isol\u00e9\"}]},{\"@type\":\"WebSite\",\"@id\":\"https:\\\/\\\/batijournal.com\\\/#website\",\"url\":\"https:\\\/\\\/batijournal.com\\\/\",\"name\":\"Batijournal\",\"description\":\"L&#039;actualit\u00e9 du b\u00e2timent\",\"potentialAction\":[{\"@type\":\"SearchAction\",\"target\":{\"@type\":\"EntryPoint\",\"urlTemplate\":\"https:\\\/\\\/batijournal.com\\\/?s={search_term_string}\"},\"query-input\":{\"@type\":\"PropertyValueSpecification\",\"valueRequired\":true,\"valueName\":\"search_term_string\"}}],\"inLanguage\":\"fr-FR\"},{\"@type\":\"Person\",\"@id\":\"https:\\\/\\\/batijournal.com\\\/#\\\/schema\\\/person\\\/6a657e8967569e1b299972574848aa76\",\"name\":\"Bati-journal\",\"image\":{\"@type\":\"ImageObject\",\"inLanguage\":\"fr-FR\",\"@id\":\"https:\\\/\\\/secure.gravatar.com\\\/avatar\\\/a64364ea26392f9b4dd47e017ddaec74ff03aefc073b49e492e847201258f777?s=96&d=mm&r=g\",\"url\":\"https:\\\/\\\/secure.gravatar.com\\\/avatar\\\/a64364ea26392f9b4dd47e017ddaec74ff03aefc073b49e492e847201258f777?s=96&d=mm&r=g\",\"contentUrl\":\"https:\\\/\\\/secure.gravatar.com\\\/avatar\\\/a64364ea26392f9b4dd47e017ddaec74ff03aefc073b49e492e847201258f777?s=96&d=mm&r=g\",\"caption\":\"Bati-journal\"},\"url\":\"https:\\\/\\\/batijournal.com\\\/index.php\\\/author\\\/elodie\\\/\"}]}<\/script>\n<!-- \/ Yoast SEO plugin. -->","yoast_head_json":{"title":"Concours R\u00e9novation Bas Carbone d'\u0092EDF 2009 : un manteau d'\u0092hiver pour un b\u00e2timent mal isol\u00e9","robots":{"index":"index","follow":"follow","max-snippet":"max-snippet:-1","max-image-preview":"max-image-preview:large","max-video-preview":"max-video-preview:-1"},"canonical":"https:\/\/batijournal.com\/index.php\/concours-renovation-bas-carbone-d\u0092edf-2009-un-manteau-d\u0092hiver-pour-un-batiment-mal-isole\/80329\/","og_locale":"fr_FR","og_type":"article","og_title":"Concours R\u00e9novation Bas Carbone d'\u0092EDF 2009 : un manteau d'\u0092hiver pour un b\u00e2timent mal isol\u00e9","og_description":"Le concours R\u00e9novation Bas Carbone d&rsquo;\u0092EDF 2009 consiste \u00e0 allier l&rsquo;\u0092originalit\u00e9 architecturale \u00e0 la r\u00e9duction des \u00e9missions de CO2 et des consommations \u00e9nerg\u00e9tiques. Le Laur\u00e9at de la cat\u00e9gorie b\u00e2timent tertiaire priv\u00e9 bureaux est la Tour Zehrfuss \u00e0 Saint- Denis (93), par Loci Anima architecte et Fran\u00e7oise Raynaud. Ce b\u00e2timent, construit par le c\u00e9l\u00e8bre architecte Bernard [&hellip;]","og_url":"https:\/\/batijournal.com\/index.php\/concours-renovation-bas-carbone-d\u0092edf-2009-un-manteau-d\u0092hiver-pour-un-batiment-mal-isole\/80329\/","og_site_name":"Batijournal","article_published_time":"2009-09-20T22:00:00+00:00","author":"Bati-journal","twitter_card":"summary_large_image","twitter_creator":"@bati_journal","twitter_site":"@bati_journal","twitter_misc":{"\u00c9crit par":"Bati-journal","Dur\u00e9e de lecture estim\u00e9e":"2 minutes"},"schema":{"@context":"https:\/\/schema.org","@graph":[{"@type":"Article","@id":"https:\/\/batijournal.com\/index.php\/concours-renovation-bas-carbone-d%c2%92edf-2009-un-manteau-d%c2%92hiver-pour-un-batiment-mal-isole\/80329\/#article","isPartOf":{"@id":"https:\/\/batijournal.com\/index.php\/concours-renovation-bas-carbone-d%c2%92edf-2009-un-manteau-d%c2%92hiver-pour-un-batiment-mal-isole\/80329\/"},"author":{"name":"Bati-journal","@id":"https:\/\/batijournal.com\/#\/schema\/person\/6a657e8967569e1b299972574848aa76"},"headline":"Concours R\u00e9novation Bas Carbone d&rsquo;\u0092EDF 2009 : un manteau d&rsquo;\u0092hiver pour un b\u00e2timent mal isol\u00e9","datePublished":"2009-09-20T22:00:00+00:00","mainEntityOfPage":{"@id":"https:\/\/batijournal.com\/index.php\/concours-renovation-bas-carbone-d%c2%92edf-2009-un-manteau-d%c2%92hiver-pour-un-batiment-mal-isole\/80329\/"},"wordCount":368,"commentCount":0,"keywords":["EDF","r\u00e9novation"],"articleSection":["\u00c9v\u00e9nements"],"inLanguage":"fr-FR","potentialAction":[{"@type":"CommentAction","name":"Comment","target":["https:\/\/batijournal.com\/index.php\/concours-renovation-bas-carbone-d%c2%92edf-2009-un-manteau-d%c2%92hiver-pour-un-batiment-mal-isole\/80329\/#respond"]}]},{"@type":"WebPage","@id":"https:\/\/batijournal.com\/index.php\/concours-renovation-bas-carbone-d%c2%92edf-2009-un-manteau-d%c2%92hiver-pour-un-batiment-mal-isole\/80329\/","url":"https:\/\/batijournal.com\/index.php\/concours-renovation-bas-carbone-d%c2%92edf-2009-un-manteau-d%c2%92hiver-pour-un-batiment-mal-isole\/80329\/","name":"Concours R\u00e9novation Bas Carbone d'\u0092EDF 2009 : un manteau d'\u0092hiver pour un b\u00e2timent mal isol\u00e9","isPartOf":{"@id":"https:\/\/batijournal.com\/#website"},"datePublished":"2009-09-20T22:00:00+00:00","author":{"@id":"https:\/\/batijournal.com\/#\/schema\/person\/6a657e8967569e1b299972574848aa76"},"breadcrumb":{"@id":"https:\/\/batijournal.com\/index.php\/concours-renovation-bas-carbone-d%c2%92edf-2009-un-manteau-d%c2%92hiver-pour-un-batiment-mal-isole\/80329\/#breadcrumb"},"inLanguage":"fr-FR","potentialAction":[{"@type":"ReadAction","target":["https:\/\/batijournal.com\/index.php\/concours-renovation-bas-carbone-d%c2%92edf-2009-un-manteau-d%c2%92hiver-pour-un-batiment-mal-isole\/80329\/"]}]},{"@type":"BreadcrumbList","@id":"https:\/\/batijournal.com\/index.php\/concours-renovation-bas-carbone-d%c2%92edf-2009-un-manteau-d%c2%92hiver-pour-un-batiment-mal-isole\/80329\/#breadcrumb","itemListElement":[{"@type":"ListItem","position":1,"name":"Accueil","item":"https:\/\/batijournal.com\/"},{"@type":"ListItem","position":2,"name":"\u00c9v\u00e9nements","item":"https:\/\/batijournal.com\/index.php\/category\/evenements\/"},{"@type":"ListItem","position":3,"name":"Concours R\u00e9novation Bas Carbone d&rsquo;\u0092EDF 2009 : un manteau d&rsquo;\u0092hiver pour un b\u00e2timent mal isol\u00e9"}]},{"@type":"WebSite","@id":"https:\/\/batijournal.com\/#website","url":"https:\/\/batijournal.com\/","name":"Batijournal","description":"L&#039;actualit\u00e9 du b\u00e2timent","potentialAction":[{"@type":"SearchAction","target":{"@type":"EntryPoint","urlTemplate":"https:\/\/batijournal.com\/?s={search_term_string}"},"query-input":{"@type":"PropertyValueSpecification","valueRequired":true,"valueName":"search_term_string"}}],"inLanguage":"fr-FR"},{"@type":"Person","@id":"https:\/\/batijournal.com\/#\/schema\/person\/6a657e8967569e1b299972574848aa76","name":"Bati-journal","image":{"@type":"ImageObject","inLanguage":"fr-FR","@id":"https:\/\/secure.gravatar.com\/avatar\/a64364ea26392f9b4dd47e017ddaec74ff03aefc073b49e492e847201258f777?s=96&d=mm&r=g","url":"https:\/\/secure.gravatar.com\/avatar\/a64364ea26392f9b4dd47e017ddaec74ff03aefc073b49e492e847201258f777?s=96&d=mm&r=g","contentUrl":"https:\/\/secure.gravatar.com\/avatar\/a64364ea26392f9b4dd47e017ddaec74ff03aefc073b49e492e847201258f777?s=96&d=mm&r=g","caption":"Bati-journal"},"url":"https:\/\/batijournal.com\/index.php\/author\/elodie\/"}]}},"_links":{"self":[{"href":"https:\/\/batijournal.com\/index.php\/wp-json\/wp\/v2\/posts\/80329","targetHints":{"allow":["GET"]}}],"collection":[{"href":"https:\/\/batijournal.com\/index.php\/wp-json\/wp\/v2\/posts"}],"about":[{"href":"https:\/\/batijournal.com\/index.php\/wp-json\/wp\/v2\/types\/post"}],"author":[{"embeddable":true,"href":"https:\/\/batijournal.com\/index.php\/wp-json\/wp\/v2\/users\/1"}],"replies":[{"embeddable":true,"href":"https:\/\/batijournal.com\/index.php\/wp-json\/wp\/v2\/comments?post=80329"}],"version-history":[{"count":0,"href":"https:\/\/batijournal.com\/index.php\/wp-json\/wp\/v2\/posts\/80329\/revisions"}],"wp:attachment":[{"href":"https:\/\/batijournal.com\/index.php\/wp-json\/wp\/v2\/media?parent=80329"}],"wp:term":[{"taxonomy":"category","embeddable":true,"href":"https:\/\/batijournal.com\/index.php\/wp-json\/wp\/v2\/categories?post=80329"},{"taxonomy":"post_tag","embeddable":true,"href":"https:\/\/batijournal.com\/index.php\/wp-json\/wp\/v2\/tags?post=80329"}],"curies":[{"name":"wp","href":"https:\/\/api.w.org\/{rel}","templated":true}]}}