{"id":80335,"date":"2009-09-24T00:00:00","date_gmt":"2009-09-23T22:00:00","guid":{"rendered":"http:\/\/b.bati-journal.com\/exposition-dentelle-darchitecture\/80335"},"modified":"2009-09-24T00:00:00","modified_gmt":"2009-09-23T22:00:00","slug":"exposition-dentelle-darchitecture","status":"publish","type":"post","link":"https:\/\/batijournal.com\/index.php\/exposition-dentelle-darchitecture\/80335\/","title":{"rendered":"Exposition : Dentelle d&rsquo;architecture"},"content":{"rendered":"<p>Acier, bois ou b\u00e9ton, les mati\u00e8res travaill\u00e9es, jeux d&rsquo;ombres et de lumi\u00e8res, s&rsquo;exposent, avivant ainsi l&rsquo;int\u00e9r\u00eat pour l&rsquo;ornement en architecture. 17 projets ont ainsi \u00e9t\u00e9 choisis par la Maison de l&rsquo;architecture et de la ville du Nord\/Pas-de-Calais : de la dentelle d\u0092acier qui filtre la lumi\u00e8re et habille le centre commercial de Birmingham (Foreign Office Architects, UK, 2008), \u00e0 celle de bois enveloppant le futur pavillon polonais de l\u0092exposition universelle de Shanghai en 2010 (WWA Architects, Varsovie, Pologne, projet en cours), en passant par la fine peau ondulante en b\u00e9ton pour le stade Jean-Bouin \u00e0 Paris (Rudy Ricciotti, livraison 2012). Du 6 octobre au 19 d\u00e9cembre 2009 ; entr\u00e9e libre. Maison de l&rsquo;architecture et de la ville du Nord\/Pas-de-Calais, Lille<\/p>\n","protected":false},"excerpt":{"rendered":"<p>Acier, bois ou b\u00e9ton, les mati\u00e8res travaill\u00e9es, jeux d&rsquo;ombres et de lumi\u00e8res, s&rsquo;exposent, avivant ainsi l&rsquo;int\u00e9r\u00eat pour l&rsquo;ornement en architecture. 17 projets ont ainsi \u00e9t\u00e9 choisis par la Maison de l&rsquo;architecture et de la ville du Nord\/Pas-de-Calais : de la dentelle d\u0092acier qui filtre la lumi\u00e8re et habille le centre commercial de Birmingham (Foreign Office [&hellip;]<\/p>\n","protected":false},"author":1,"featured_media":80336,"comment_status":"open","ping_status":"closed","sticky":false,"template":"","format":"standard","meta":{"_et_pb_use_builder":"","_et_pb_old_content":"","_et_gb_content_width":"","footnotes":""},"categories":[9192],"tags":[],"class_list":["post-80335","post","type-post","status-publish","format-standard","has-post-thumbnail","hentry","category-evenements"],"yoast_head":"<!-- This site is optimized with the Yoast SEO plugin v27.4 - https:\/\/yoast.com\/product\/yoast-seo-wordpress\/ -->\n<title>Exposition : Dentelle d&#039;architecture<\/title>\n<meta name=\"robots\" content=\"index, follow, max-snippet:-1, max-image-preview:large, max-video-preview:-1\" \/>\n<link rel=\"canonical\" href=\"https:\/\/batijournal.com\/index.php\/exposition-dentelle-darchitecture\/80335\/\" \/>\n<meta property=\"og:locale\" content=\"fr_FR\" \/>\n<meta property=\"og:type\" content=\"article\" \/>\n<meta property=\"og:title\" content=\"Exposition : Dentelle d&#039;architecture\" \/>\n<meta property=\"og:description\" content=\"Acier, bois ou b\u00e9ton, les mati\u00e8res travaill\u00e9es, jeux d&rsquo;ombres et de lumi\u00e8res, s&rsquo;exposent, avivant ainsi l&rsquo;int\u00e9r\u00eat pour l&rsquo;ornement en architecture. 17 projets ont ainsi \u00e9t\u00e9 choisis par la Maison de l&rsquo;architecture et de la ville du Nord\/Pas-de-Calais : de la dentelle d\u0092acier qui filtre la lumi\u00e8re et habille le centre commercial de Birmingham (Foreign Office [&hellip;]\" \/>\n<meta property=\"og:url\" content=\"https:\/\/batijournal.com\/index.php\/exposition-dentelle-darchitecture\/80335\/\" \/>\n<meta property=\"og:site_name\" content=\"Batijournal\" \/>\n<meta property=\"article:published_time\" content=\"2009-09-23T22:00:00+00:00\" \/>\n<meta property=\"og:image\" content=\"https:\/\/batijournal.com\/wp-content\/uploads\/2015\/03\/06665669.jpg\" \/>\n\t<meta property=\"og:image:width\" content=\"600\" \/>\n\t<meta property=\"og:image:height\" content=\"295\" \/>\n\t<meta property=\"og:image:type\" content=\"image\/jpeg\" \/>\n<meta name=\"author\" content=\"Bati-journal\" \/>\n<meta name=\"twitter:card\" content=\"summary_large_image\" \/>\n<meta name=\"twitter:creator\" content=\"@bati_journal\" \/>\n<meta name=\"twitter:site\" content=\"@bati_journal\" \/>\n<meta name=\"twitter:label1\" content=\"\u00c9crit par\" \/>\n\t<meta name=\"twitter:data1\" content=\"Bati-journal\" \/>\n\t<meta name=\"twitter:label2\" content=\"Dur\u00e9e de lecture estim\u00e9e\" \/>\n\t<meta name=\"twitter:data2\" content=\"1 minute\" \/>\n<script type=\"application\/ld+json\" class=\"yoast-schema-graph\">{\"@context\":\"https:\\\/\\\/schema.org\",\"@graph\":[{\"@type\":\"Article\",\"@id\":\"https:\\\/\\\/batijournal.com\\\/index.php\\\/exposition-dentelle-darchitecture\\\/80335\\\/#article\",\"isPartOf\":{\"@id\":\"https:\\\/\\\/batijournal.com\\\/index.php\\\/exposition-dentelle-darchitecture\\\/80335\\\/\"},\"author\":{\"name\":\"Bati-journal\",\"@id\":\"https:\\\/\\\/batijournal.com\\\/#\\\/schema\\\/person\\\/6a657e8967569e1b299972574848aa76\"},\"headline\":\"Exposition : Dentelle d&rsquo;architecture\",\"datePublished\":\"2009-09-23T22:00:00+00:00\",\"mainEntityOfPage\":{\"@id\":\"https:\\\/\\\/batijournal.com\\\/index.php\\\/exposition-dentelle-darchitecture\\\/80335\\\/\"},\"wordCount\":133,\"commentCount\":0,\"image\":{\"@id\":\"https:\\\/\\\/batijournal.com\\\/index.php\\\/exposition-dentelle-darchitecture\\\/80335\\\/#primaryimage\"},\"thumbnailUrl\":\"https:\\\/\\\/batijournal.com\\\/wp-content\\\/uploads\\\/2015\\\/03\\\/06665669.jpg\",\"articleSection\":[\"\u00c9v\u00e9nements\"],\"inLanguage\":\"fr-FR\",\"potentialAction\":[{\"@type\":\"CommentAction\",\"name\":\"Comment\",\"target\":[\"https:\\\/\\\/batijournal.com\\\/index.php\\\/exposition-dentelle-darchitecture\\\/80335\\\/#respond\"]}]},{\"@type\":\"WebPage\",\"@id\":\"https:\\\/\\\/batijournal.com\\\/index.php\\\/exposition-dentelle-darchitecture\\\/80335\\\/\",\"url\":\"https:\\\/\\\/batijournal.com\\\/index.php\\\/exposition-dentelle-darchitecture\\\/80335\\\/\",\"name\":\"Exposition : Dentelle d'architecture\",\"isPartOf\":{\"@id\":\"https:\\\/\\\/batijournal.com\\\/#website\"},\"primaryImageOfPage\":{\"@id\":\"https:\\\/\\\/batijournal.com\\\/index.php\\\/exposition-dentelle-darchitecture\\\/80335\\\/#primaryimage\"},\"image\":{\"@id\":\"https:\\\/\\\/batijournal.com\\\/index.php\\\/exposition-dentelle-darchitecture\\\/80335\\\/#primaryimage\"},\"thumbnailUrl\":\"https:\\\/\\\/batijournal.com\\\/wp-content\\\/uploads\\\/2015\\\/03\\\/06665669.jpg\",\"datePublished\":\"2009-09-23T22:00:00+00:00\",\"author\":{\"@id\":\"https:\\\/\\\/batijournal.com\\\/#\\\/schema\\\/person\\\/6a657e8967569e1b299972574848aa76\"},\"breadcrumb\":{\"@id\":\"https:\\\/\\\/batijournal.com\\\/index.php\\\/exposition-dentelle-darchitecture\\\/80335\\\/#breadcrumb\"},\"inLanguage\":\"fr-FR\",\"potentialAction\":[{\"@type\":\"ReadAction\",\"target\":[\"https:\\\/\\\/batijournal.com\\\/index.php\\\/exposition-dentelle-darchitecture\\\/80335\\\/\"]}]},{\"@type\":\"ImageObject\",\"inLanguage\":\"fr-FR\",\"@id\":\"https:\\\/\\\/batijournal.com\\\/index.php\\\/exposition-dentelle-darchitecture\\\/80335\\\/#primaryimage\",\"url\":\"https:\\\/\\\/batijournal.com\\\/wp-content\\\/uploads\\\/2015\\\/03\\\/06665669.jpg\",\"contentUrl\":\"https:\\\/\\\/batijournal.com\\\/wp-content\\\/uploads\\\/2015\\\/03\\\/06665669.jpg\",\"width\":600,\"height\":295},{\"@type\":\"BreadcrumbList\",\"@id\":\"https:\\\/\\\/batijournal.com\\\/index.php\\\/exposition-dentelle-darchitecture\\\/80335\\\/#breadcrumb\",\"itemListElement\":[{\"@type\":\"ListItem\",\"position\":1,\"name\":\"Accueil\",\"item\":\"https:\\\/\\\/batijournal.com\\\/\"},{\"@type\":\"ListItem\",\"position\":2,\"name\":\"\u00c9v\u00e9nements\",\"item\":\"https:\\\/\\\/batijournal.com\\\/index.php\\\/category\\\/evenements\\\/\"},{\"@type\":\"ListItem\",\"position\":3,\"name\":\"Exposition : Dentelle d&rsquo;architecture\"}]},{\"@type\":\"WebSite\",\"@id\":\"https:\\\/\\\/batijournal.com\\\/#website\",\"url\":\"https:\\\/\\\/batijournal.com\\\/\",\"name\":\"Batijournal\",\"description\":\"L&#039;actualit\u00e9 du b\u00e2timent\",\"potentialAction\":[{\"@type\":\"SearchAction\",\"target\":{\"@type\":\"EntryPoint\",\"urlTemplate\":\"https:\\\/\\\/batijournal.com\\\/?s={search_term_string}\"},\"query-input\":{\"@type\":\"PropertyValueSpecification\",\"valueRequired\":true,\"valueName\":\"search_term_string\"}}],\"inLanguage\":\"fr-FR\"},{\"@type\":\"Person\",\"@id\":\"https:\\\/\\\/batijournal.com\\\/#\\\/schema\\\/person\\\/6a657e8967569e1b299972574848aa76\",\"name\":\"Bati-journal\",\"image\":{\"@type\":\"ImageObject\",\"inLanguage\":\"fr-FR\",\"@id\":\"https:\\\/\\\/secure.gravatar.com\\\/avatar\\\/a64364ea26392f9b4dd47e017ddaec74ff03aefc073b49e492e847201258f777?s=96&d=mm&r=g\",\"url\":\"https:\\\/\\\/secure.gravatar.com\\\/avatar\\\/a64364ea26392f9b4dd47e017ddaec74ff03aefc073b49e492e847201258f777?s=96&d=mm&r=g\",\"contentUrl\":\"https:\\\/\\\/secure.gravatar.com\\\/avatar\\\/a64364ea26392f9b4dd47e017ddaec74ff03aefc073b49e492e847201258f777?s=96&d=mm&r=g\",\"caption\":\"Bati-journal\"},\"url\":\"https:\\\/\\\/batijournal.com\\\/index.php\\\/author\\\/elodie\\\/\"}]}<\/script>\n<!-- \/ Yoast SEO plugin. -->","yoast_head_json":{"title":"Exposition : Dentelle d'architecture","robots":{"index":"index","follow":"follow","max-snippet":"max-snippet:-1","max-image-preview":"max-image-preview:large","max-video-preview":"max-video-preview:-1"},"canonical":"https:\/\/batijournal.com\/index.php\/exposition-dentelle-darchitecture\/80335\/","og_locale":"fr_FR","og_type":"article","og_title":"Exposition : Dentelle d'architecture","og_description":"Acier, bois ou b\u00e9ton, les mati\u00e8res travaill\u00e9es, jeux d&rsquo;ombres et de lumi\u00e8res, s&rsquo;exposent, avivant ainsi l&rsquo;int\u00e9r\u00eat pour l&rsquo;ornement en architecture. 17 projets ont ainsi \u00e9t\u00e9 choisis par la Maison de l&rsquo;architecture et de la ville du Nord\/Pas-de-Calais : de la dentelle d\u0092acier qui filtre la lumi\u00e8re et habille le centre commercial de Birmingham (Foreign Office [&hellip;]","og_url":"https:\/\/batijournal.com\/index.php\/exposition-dentelle-darchitecture\/80335\/","og_site_name":"Batijournal","article_published_time":"2009-09-23T22:00:00+00:00","og_image":[{"width":600,"height":295,"url":"https:\/\/batijournal.com\/wp-content\/uploads\/2015\/03\/06665669.jpg","type":"image\/jpeg"}],"author":"Bati-journal","twitter_card":"summary_large_image","twitter_creator":"@bati_journal","twitter_site":"@bati_journal","twitter_misc":{"\u00c9crit par":"Bati-journal","Dur\u00e9e de lecture estim\u00e9e":"1 minute"},"schema":{"@context":"https:\/\/schema.org","@graph":[{"@type":"Article","@id":"https:\/\/batijournal.com\/index.php\/exposition-dentelle-darchitecture\/80335\/#article","isPartOf":{"@id":"https:\/\/batijournal.com\/index.php\/exposition-dentelle-darchitecture\/80335\/"},"author":{"name":"Bati-journal","@id":"https:\/\/batijournal.com\/#\/schema\/person\/6a657e8967569e1b299972574848aa76"},"headline":"Exposition : Dentelle d&rsquo;architecture","datePublished":"2009-09-23T22:00:00+00:00","mainEntityOfPage":{"@id":"https:\/\/batijournal.com\/index.php\/exposition-dentelle-darchitecture\/80335\/"},"wordCount":133,"commentCount":0,"image":{"@id":"https:\/\/batijournal.com\/index.php\/exposition-dentelle-darchitecture\/80335\/#primaryimage"},"thumbnailUrl":"https:\/\/batijournal.com\/wp-content\/uploads\/2015\/03\/06665669.jpg","articleSection":["\u00c9v\u00e9nements"],"inLanguage":"fr-FR","potentialAction":[{"@type":"CommentAction","name":"Comment","target":["https:\/\/batijournal.com\/index.php\/exposition-dentelle-darchitecture\/80335\/#respond"]}]},{"@type":"WebPage","@id":"https:\/\/batijournal.com\/index.php\/exposition-dentelle-darchitecture\/80335\/","url":"https:\/\/batijournal.com\/index.php\/exposition-dentelle-darchitecture\/80335\/","name":"Exposition : Dentelle d'architecture","isPartOf":{"@id":"https:\/\/batijournal.com\/#website"},"primaryImageOfPage":{"@id":"https:\/\/batijournal.com\/index.php\/exposition-dentelle-darchitecture\/80335\/#primaryimage"},"image":{"@id":"https:\/\/batijournal.com\/index.php\/exposition-dentelle-darchitecture\/80335\/#primaryimage"},"thumbnailUrl":"https:\/\/batijournal.com\/wp-content\/uploads\/2015\/03\/06665669.jpg","datePublished":"2009-09-23T22:00:00+00:00","author":{"@id":"https:\/\/batijournal.com\/#\/schema\/person\/6a657e8967569e1b299972574848aa76"},"breadcrumb":{"@id":"https:\/\/batijournal.com\/index.php\/exposition-dentelle-darchitecture\/80335\/#breadcrumb"},"inLanguage":"fr-FR","potentialAction":[{"@type":"ReadAction","target":["https:\/\/batijournal.com\/index.php\/exposition-dentelle-darchitecture\/80335\/"]}]},{"@type":"ImageObject","inLanguage":"fr-FR","@id":"https:\/\/batijournal.com\/index.php\/exposition-dentelle-darchitecture\/80335\/#primaryimage","url":"https:\/\/batijournal.com\/wp-content\/uploads\/2015\/03\/06665669.jpg","contentUrl":"https:\/\/batijournal.com\/wp-content\/uploads\/2015\/03\/06665669.jpg","width":600,"height":295},{"@type":"BreadcrumbList","@id":"https:\/\/batijournal.com\/index.php\/exposition-dentelle-darchitecture\/80335\/#breadcrumb","itemListElement":[{"@type":"ListItem","position":1,"name":"Accueil","item":"https:\/\/batijournal.com\/"},{"@type":"ListItem","position":2,"name":"\u00c9v\u00e9nements","item":"https:\/\/batijournal.com\/index.php\/category\/evenements\/"},{"@type":"ListItem","position":3,"name":"Exposition : Dentelle d&rsquo;architecture"}]},{"@type":"WebSite","@id":"https:\/\/batijournal.com\/#website","url":"https:\/\/batijournal.com\/","name":"Batijournal","description":"L&#039;actualit\u00e9 du b\u00e2timent","potentialAction":[{"@type":"SearchAction","target":{"@type":"EntryPoint","urlTemplate":"https:\/\/batijournal.com\/?s={search_term_string}"},"query-input":{"@type":"PropertyValueSpecification","valueRequired":true,"valueName":"search_term_string"}}],"inLanguage":"fr-FR"},{"@type":"Person","@id":"https:\/\/batijournal.com\/#\/schema\/person\/6a657e8967569e1b299972574848aa76","name":"Bati-journal","image":{"@type":"ImageObject","inLanguage":"fr-FR","@id":"https:\/\/secure.gravatar.com\/avatar\/a64364ea26392f9b4dd47e017ddaec74ff03aefc073b49e492e847201258f777?s=96&d=mm&r=g","url":"https:\/\/secure.gravatar.com\/avatar\/a64364ea26392f9b4dd47e017ddaec74ff03aefc073b49e492e847201258f777?s=96&d=mm&r=g","contentUrl":"https:\/\/secure.gravatar.com\/avatar\/a64364ea26392f9b4dd47e017ddaec74ff03aefc073b49e492e847201258f777?s=96&d=mm&r=g","caption":"Bati-journal"},"url":"https:\/\/batijournal.com\/index.php\/author\/elodie\/"}]}},"_links":{"self":[{"href":"https:\/\/batijournal.com\/index.php\/wp-json\/wp\/v2\/posts\/80335","targetHints":{"allow":["GET"]}}],"collection":[{"href":"https:\/\/batijournal.com\/index.php\/wp-json\/wp\/v2\/posts"}],"about":[{"href":"https:\/\/batijournal.com\/index.php\/wp-json\/wp\/v2\/types\/post"}],"author":[{"embeddable":true,"href":"https:\/\/batijournal.com\/index.php\/wp-json\/wp\/v2\/users\/1"}],"replies":[{"embeddable":true,"href":"https:\/\/batijournal.com\/index.php\/wp-json\/wp\/v2\/comments?post=80335"}],"version-history":[{"count":0,"href":"https:\/\/batijournal.com\/index.php\/wp-json\/wp\/v2\/posts\/80335\/revisions"}],"wp:featuredmedia":[{"embeddable":true,"href":"https:\/\/batijournal.com\/index.php\/wp-json\/wp\/v2\/media\/80336"}],"wp:attachment":[{"href":"https:\/\/batijournal.com\/index.php\/wp-json\/wp\/v2\/media?parent=80335"}],"wp:term":[{"taxonomy":"category","embeddable":true,"href":"https:\/\/batijournal.com\/index.php\/wp-json\/wp\/v2\/categories?post=80335"},{"taxonomy":"post_tag","embeddable":true,"href":"https:\/\/batijournal.com\/index.php\/wp-json\/wp\/v2\/tags?post=80335"}],"curies":[{"name":"wp","href":"https:\/\/api.w.org\/{rel}","templated":true}]}}