{"id":80339,"date":"2009-09-30T00:00:00","date_gmt":"2009-09-29T22:00:00","guid":{"rendered":"http:\/\/b.bati-journal.com\/journees-europeennes-du-patrimoine-2009-des-millions-de-visiteurs\/80339"},"modified":"2009-09-30T00:00:00","modified_gmt":"2009-09-29T22:00:00","slug":"journees-europeennes-du-patrimoine-2009-des-millions-de-visiteurs","status":"publish","type":"post","link":"https:\/\/batijournal.com\/index.php\/journees-europeennes-du-patrimoine-2009-des-millions-de-visiteurs\/80339\/","title":{"rendered":"Journ\u00e9es europ\u00e9ennes du patrimoine 2009 : des millions de visiteurs !"},"content":{"rendered":"<p>Les Journ\u00e9es europ\u00e9ennes du patrimoine ont confirm\u00e9 samedi 19 et dimanche 20 septembre le lien profond qui unit les Fran\u00e7ais \u00e0 leur patrimoine dans ce qu\u0092&rsquo;il poss\u00e8de de plus riche et de plus vari\u00e9. Cette ann\u00e9e encore, ils \u00e9taient plus de 12 millions amoureux du patrimoine \u00e0 investir les 15 772 monuments et sites (contre 15 168 en 2008) ouverts \u00e0 cette occasion, parfois exceptionnellement, donnant le temps d&rsquo;un week-end \u00e0 l\u0092&rsquo;ensemble du territoire des allures de grande f\u00eate populaire. Beaucoup de propri\u00e9taires de monuments, publics ou priv\u00e9s, ont cherch\u00e9 \u00e0 faciliter l\u0092&rsquo;accueil de tous, proposant des modes d&rsquo;\u0092approche diversifi\u00e9s du patrimoine &#8211; parcours multisensoriels, lectures partag\u00e9es dans le noir, visites comment\u00e9es en langue des signes, visites en braille, etc. Les Journ\u00e9es europ\u00e9ennes du Patrimoine ont b\u00e9n\u00e9fici\u00e9 cette ann\u00e9e du soutien de la Conf\u00e9d\u00e9ration de l\u0092&rsquo;Artisanat et des petites entreprises du b\u00e2timent (CAPEB), de K\u00e4rcher France, de la RATP et des partenaires m\u00e9dia : France t\u00e9l\u00e9visions et France Inter. Si les Fran\u00e7ais ont pu d\u00e9couvrir ou red\u00e9couvrir les monuments et sites proches de chez eux, dans la ville voisine, dans leur d\u00e9partement ou leur r\u00e9gion, ils ont \u00e9galement pu appr\u00e9cier l&rsquo;\u0092ouverture exceptionnelle des hauts lieux de la R\u00e9publique. Les lieux de pouvoir ont une nouvelle fois attir\u00e9 les Fran\u00e7ais : 20 912 visiteurs ont franchi les portes du palais de l&rsquo;\u0092Elys\u00e9e le dimanche. A 18h00 dimanche il y avait eu 27 500 visites au S\u00e9nat, 9 000 au minist\u00e8re de l&rsquo;\u0092Int\u00e9rieur. L\u0092&rsquo;h\u00f4tel de Matignon a re\u00e7u 5 150 visiteurs tandis que 2 800 autres se rendaient au minist\u00e8re de l&rsquo;\u0092Economie, des Finances et du Budget, 5 100 au minist\u00e8re de l&rsquo;\u0092Agriculture et de la P\u00eache et 6 800 visiteurs au minist\u00e8re de la Culture et de la Communication.<\/p>\n","protected":false},"excerpt":{"rendered":"<p>Les Journ\u00e9es europ\u00e9ennes du patrimoine ont confirm\u00e9 samedi 19 et dimanche 20 septembre le lien profond qui unit les Fran\u00e7ais \u00e0 leur patrimoine dans ce qu\u0092&rsquo;il poss\u00e8de de plus riche et de plus vari\u00e9. Cette ann\u00e9e encore, ils \u00e9taient plus de 12 millions amoureux du patrimoine \u00e0 investir les 15 772 monuments et sites (contre [&hellip;]<\/p>\n","protected":false},"author":1,"featured_media":80340,"comment_status":"open","ping_status":"closed","sticky":false,"template":"","format":"standard","meta":{"_et_pb_use_builder":"","_et_pb_old_content":"","_et_gb_content_width":"","footnotes":""},"categories":[9192],"tags":[1307],"class_list":["post-80339","post","type-post","status-publish","format-standard","has-post-thumbnail","hentry","category-evenements","tag-journees-du-patrimoine"],"yoast_head":"<!-- This site is optimized with the Yoast SEO plugin v27.4 - https:\/\/yoast.com\/product\/yoast-seo-wordpress\/ -->\n<title>Journ\u00e9es europ\u00e9ennes du patrimoine 2009 : des millions de visiteurs !<\/title>\n<meta name=\"robots\" content=\"index, follow, max-snippet:-1, max-image-preview:large, max-video-preview:-1\" \/>\n<link rel=\"canonical\" href=\"https:\/\/batijournal.com\/index.php\/journees-europeennes-du-patrimoine-2009-des-millions-de-visiteurs\/80339\/\" \/>\n<meta property=\"og:locale\" content=\"fr_FR\" \/>\n<meta property=\"og:type\" content=\"article\" \/>\n<meta property=\"og:title\" content=\"Journ\u00e9es europ\u00e9ennes du patrimoine 2009 : des millions de visiteurs !\" \/>\n<meta property=\"og:description\" content=\"Les Journ\u00e9es europ\u00e9ennes du patrimoine ont confirm\u00e9 samedi 19 et dimanche 20 septembre le lien profond qui unit les Fran\u00e7ais \u00e0 leur patrimoine dans ce qu\u0092&rsquo;il poss\u00e8de de plus riche et de plus vari\u00e9. Cette ann\u00e9e encore, ils \u00e9taient plus de 12 millions amoureux du patrimoine \u00e0 investir les 15 772 monuments et sites (contre [&hellip;]\" \/>\n<meta property=\"og:url\" content=\"https:\/\/batijournal.com\/index.php\/journees-europeennes-du-patrimoine-2009-des-millions-de-visiteurs\/80339\/\" \/>\n<meta property=\"og:site_name\" content=\"Batijournal\" \/>\n<meta property=\"article:published_time\" content=\"2009-09-29T22:00:00+00:00\" \/>\n<meta property=\"og:image\" content=\"https:\/\/batijournal.com\/wp-content\/uploads\/2015\/03\/06677008.jpg\" \/>\n\t<meta property=\"og:image:width\" content=\"600\" \/>\n\t<meta property=\"og:image:height\" content=\"401\" \/>\n\t<meta property=\"og:image:type\" content=\"image\/jpeg\" \/>\n<meta name=\"author\" content=\"Bati-journal\" \/>\n<meta name=\"twitter:card\" content=\"summary_large_image\" \/>\n<meta name=\"twitter:creator\" content=\"@bati_journal\" \/>\n<meta name=\"twitter:site\" content=\"@bati_journal\" \/>\n<meta name=\"twitter:label1\" content=\"\u00c9crit par\" \/>\n\t<meta name=\"twitter:data1\" content=\"Bati-journal\" \/>\n\t<meta name=\"twitter:label2\" content=\"Dur\u00e9e de lecture estim\u00e9e\" \/>\n\t<meta name=\"twitter:data2\" content=\"2 minutes\" \/>\n<script type=\"application\/ld+json\" class=\"yoast-schema-graph\">{\"@context\":\"https:\\\/\\\/schema.org\",\"@graph\":[{\"@type\":\"Article\",\"@id\":\"https:\\\/\\\/batijournal.com\\\/index.php\\\/journees-europeennes-du-patrimoine-2009-des-millions-de-visiteurs\\\/80339\\\/#article\",\"isPartOf\":{\"@id\":\"https:\\\/\\\/batijournal.com\\\/index.php\\\/journees-europeennes-du-patrimoine-2009-des-millions-de-visiteurs\\\/80339\\\/\"},\"author\":{\"name\":\"Bati-journal\",\"@id\":\"https:\\\/\\\/batijournal.com\\\/#\\\/schema\\\/person\\\/6a657e8967569e1b299972574848aa76\"},\"headline\":\"Journ\u00e9es europ\u00e9ennes du patrimoine 2009 : des millions de visiteurs !\",\"datePublished\":\"2009-09-29T22:00:00+00:00\",\"mainEntityOfPage\":{\"@id\":\"https:\\\/\\\/batijournal.com\\\/index.php\\\/journees-europeennes-du-patrimoine-2009-des-millions-de-visiteurs\\\/80339\\\/\"},\"wordCount\":322,\"commentCount\":0,\"image\":{\"@id\":\"https:\\\/\\\/batijournal.com\\\/index.php\\\/journees-europeennes-du-patrimoine-2009-des-millions-de-visiteurs\\\/80339\\\/#primaryimage\"},\"thumbnailUrl\":\"https:\\\/\\\/batijournal.com\\\/wp-content\\\/uploads\\\/2015\\\/03\\\/06677008.jpg\",\"keywords\":[\"journ\u00e9es du patrimoine\"],\"articleSection\":[\"\u00c9v\u00e9nements\"],\"inLanguage\":\"fr-FR\",\"potentialAction\":[{\"@type\":\"CommentAction\",\"name\":\"Comment\",\"target\":[\"https:\\\/\\\/batijournal.com\\\/index.php\\\/journees-europeennes-du-patrimoine-2009-des-millions-de-visiteurs\\\/80339\\\/#respond\"]}]},{\"@type\":\"WebPage\",\"@id\":\"https:\\\/\\\/batijournal.com\\\/index.php\\\/journees-europeennes-du-patrimoine-2009-des-millions-de-visiteurs\\\/80339\\\/\",\"url\":\"https:\\\/\\\/batijournal.com\\\/index.php\\\/journees-europeennes-du-patrimoine-2009-des-millions-de-visiteurs\\\/80339\\\/\",\"name\":\"Journ\u00e9es europ\u00e9ennes du patrimoine 2009 : des millions de visiteurs !\",\"isPartOf\":{\"@id\":\"https:\\\/\\\/batijournal.com\\\/#website\"},\"primaryImageOfPage\":{\"@id\":\"https:\\\/\\\/batijournal.com\\\/index.php\\\/journees-europeennes-du-patrimoine-2009-des-millions-de-visiteurs\\\/80339\\\/#primaryimage\"},\"image\":{\"@id\":\"https:\\\/\\\/batijournal.com\\\/index.php\\\/journees-europeennes-du-patrimoine-2009-des-millions-de-visiteurs\\\/80339\\\/#primaryimage\"},\"thumbnailUrl\":\"https:\\\/\\\/batijournal.com\\\/wp-content\\\/uploads\\\/2015\\\/03\\\/06677008.jpg\",\"datePublished\":\"2009-09-29T22:00:00+00:00\",\"author\":{\"@id\":\"https:\\\/\\\/batijournal.com\\\/#\\\/schema\\\/person\\\/6a657e8967569e1b299972574848aa76\"},\"breadcrumb\":{\"@id\":\"https:\\\/\\\/batijournal.com\\\/index.php\\\/journees-europeennes-du-patrimoine-2009-des-millions-de-visiteurs\\\/80339\\\/#breadcrumb\"},\"inLanguage\":\"fr-FR\",\"potentialAction\":[{\"@type\":\"ReadAction\",\"target\":[\"https:\\\/\\\/batijournal.com\\\/index.php\\\/journees-europeennes-du-patrimoine-2009-des-millions-de-visiteurs\\\/80339\\\/\"]}]},{\"@type\":\"ImageObject\",\"inLanguage\":\"fr-FR\",\"@id\":\"https:\\\/\\\/batijournal.com\\\/index.php\\\/journees-europeennes-du-patrimoine-2009-des-millions-de-visiteurs\\\/80339\\\/#primaryimage\",\"url\":\"https:\\\/\\\/batijournal.com\\\/wp-content\\\/uploads\\\/2015\\\/03\\\/06677008.jpg\",\"contentUrl\":\"https:\\\/\\\/batijournal.com\\\/wp-content\\\/uploads\\\/2015\\\/03\\\/06677008.jpg\",\"width\":600,\"height\":401},{\"@type\":\"BreadcrumbList\",\"@id\":\"https:\\\/\\\/batijournal.com\\\/index.php\\\/journees-europeennes-du-patrimoine-2009-des-millions-de-visiteurs\\\/80339\\\/#breadcrumb\",\"itemListElement\":[{\"@type\":\"ListItem\",\"position\":1,\"name\":\"Accueil\",\"item\":\"https:\\\/\\\/batijournal.com\\\/\"},{\"@type\":\"ListItem\",\"position\":2,\"name\":\"\u00c9v\u00e9nements\",\"item\":\"https:\\\/\\\/batijournal.com\\\/index.php\\\/category\\\/evenements\\\/\"},{\"@type\":\"ListItem\",\"position\":3,\"name\":\"Journ\u00e9es europ\u00e9ennes du patrimoine 2009 : des millions de visiteurs !\"}]},{\"@type\":\"WebSite\",\"@id\":\"https:\\\/\\\/batijournal.com\\\/#website\",\"url\":\"https:\\\/\\\/batijournal.com\\\/\",\"name\":\"Batijournal\",\"description\":\"L&#039;actualit\u00e9 du b\u00e2timent\",\"potentialAction\":[{\"@type\":\"SearchAction\",\"target\":{\"@type\":\"EntryPoint\",\"urlTemplate\":\"https:\\\/\\\/batijournal.com\\\/?s={search_term_string}\"},\"query-input\":{\"@type\":\"PropertyValueSpecification\",\"valueRequired\":true,\"valueName\":\"search_term_string\"}}],\"inLanguage\":\"fr-FR\"},{\"@type\":\"Person\",\"@id\":\"https:\\\/\\\/batijournal.com\\\/#\\\/schema\\\/person\\\/6a657e8967569e1b299972574848aa76\",\"name\":\"Bati-journal\",\"image\":{\"@type\":\"ImageObject\",\"inLanguage\":\"fr-FR\",\"@id\":\"https:\\\/\\\/secure.gravatar.com\\\/avatar\\\/a64364ea26392f9b4dd47e017ddaec74ff03aefc073b49e492e847201258f777?s=96&d=mm&r=g\",\"url\":\"https:\\\/\\\/secure.gravatar.com\\\/avatar\\\/a64364ea26392f9b4dd47e017ddaec74ff03aefc073b49e492e847201258f777?s=96&d=mm&r=g\",\"contentUrl\":\"https:\\\/\\\/secure.gravatar.com\\\/avatar\\\/a64364ea26392f9b4dd47e017ddaec74ff03aefc073b49e492e847201258f777?s=96&d=mm&r=g\",\"caption\":\"Bati-journal\"},\"url\":\"https:\\\/\\\/batijournal.com\\\/index.php\\\/author\\\/elodie\\\/\"}]}<\/script>\n<!-- \/ Yoast SEO plugin. -->","yoast_head_json":{"title":"Journ\u00e9es europ\u00e9ennes du patrimoine 2009 : des millions de visiteurs !","robots":{"index":"index","follow":"follow","max-snippet":"max-snippet:-1","max-image-preview":"max-image-preview:large","max-video-preview":"max-video-preview:-1"},"canonical":"https:\/\/batijournal.com\/index.php\/journees-europeennes-du-patrimoine-2009-des-millions-de-visiteurs\/80339\/","og_locale":"fr_FR","og_type":"article","og_title":"Journ\u00e9es europ\u00e9ennes du patrimoine 2009 : des millions de visiteurs !","og_description":"Les Journ\u00e9es europ\u00e9ennes du patrimoine ont confirm\u00e9 samedi 19 et dimanche 20 septembre le lien profond qui unit les Fran\u00e7ais \u00e0 leur patrimoine dans ce qu\u0092&rsquo;il poss\u00e8de de plus riche et de plus vari\u00e9. Cette ann\u00e9e encore, ils \u00e9taient plus de 12 millions amoureux du patrimoine \u00e0 investir les 15 772 monuments et sites (contre [&hellip;]","og_url":"https:\/\/batijournal.com\/index.php\/journees-europeennes-du-patrimoine-2009-des-millions-de-visiteurs\/80339\/","og_site_name":"Batijournal","article_published_time":"2009-09-29T22:00:00+00:00","og_image":[{"width":600,"height":401,"url":"https:\/\/batijournal.com\/wp-content\/uploads\/2015\/03\/06677008.jpg","type":"image\/jpeg"}],"author":"Bati-journal","twitter_card":"summary_large_image","twitter_creator":"@bati_journal","twitter_site":"@bati_journal","twitter_misc":{"\u00c9crit par":"Bati-journal","Dur\u00e9e de lecture estim\u00e9e":"2 minutes"},"schema":{"@context":"https:\/\/schema.org","@graph":[{"@type":"Article","@id":"https:\/\/batijournal.com\/index.php\/journees-europeennes-du-patrimoine-2009-des-millions-de-visiteurs\/80339\/#article","isPartOf":{"@id":"https:\/\/batijournal.com\/index.php\/journees-europeennes-du-patrimoine-2009-des-millions-de-visiteurs\/80339\/"},"author":{"name":"Bati-journal","@id":"https:\/\/batijournal.com\/#\/schema\/person\/6a657e8967569e1b299972574848aa76"},"headline":"Journ\u00e9es europ\u00e9ennes du patrimoine 2009 : des millions de visiteurs !","datePublished":"2009-09-29T22:00:00+00:00","mainEntityOfPage":{"@id":"https:\/\/batijournal.com\/index.php\/journees-europeennes-du-patrimoine-2009-des-millions-de-visiteurs\/80339\/"},"wordCount":322,"commentCount":0,"image":{"@id":"https:\/\/batijournal.com\/index.php\/journees-europeennes-du-patrimoine-2009-des-millions-de-visiteurs\/80339\/#primaryimage"},"thumbnailUrl":"https:\/\/batijournal.com\/wp-content\/uploads\/2015\/03\/06677008.jpg","keywords":["journ\u00e9es du patrimoine"],"articleSection":["\u00c9v\u00e9nements"],"inLanguage":"fr-FR","potentialAction":[{"@type":"CommentAction","name":"Comment","target":["https:\/\/batijournal.com\/index.php\/journees-europeennes-du-patrimoine-2009-des-millions-de-visiteurs\/80339\/#respond"]}]},{"@type":"WebPage","@id":"https:\/\/batijournal.com\/index.php\/journees-europeennes-du-patrimoine-2009-des-millions-de-visiteurs\/80339\/","url":"https:\/\/batijournal.com\/index.php\/journees-europeennes-du-patrimoine-2009-des-millions-de-visiteurs\/80339\/","name":"Journ\u00e9es europ\u00e9ennes du patrimoine 2009 : des millions de visiteurs !","isPartOf":{"@id":"https:\/\/batijournal.com\/#website"},"primaryImageOfPage":{"@id":"https:\/\/batijournal.com\/index.php\/journees-europeennes-du-patrimoine-2009-des-millions-de-visiteurs\/80339\/#primaryimage"},"image":{"@id":"https:\/\/batijournal.com\/index.php\/journees-europeennes-du-patrimoine-2009-des-millions-de-visiteurs\/80339\/#primaryimage"},"thumbnailUrl":"https:\/\/batijournal.com\/wp-content\/uploads\/2015\/03\/06677008.jpg","datePublished":"2009-09-29T22:00:00+00:00","author":{"@id":"https:\/\/batijournal.com\/#\/schema\/person\/6a657e8967569e1b299972574848aa76"},"breadcrumb":{"@id":"https:\/\/batijournal.com\/index.php\/journees-europeennes-du-patrimoine-2009-des-millions-de-visiteurs\/80339\/#breadcrumb"},"inLanguage":"fr-FR","potentialAction":[{"@type":"ReadAction","target":["https:\/\/batijournal.com\/index.php\/journees-europeennes-du-patrimoine-2009-des-millions-de-visiteurs\/80339\/"]}]},{"@type":"ImageObject","inLanguage":"fr-FR","@id":"https:\/\/batijournal.com\/index.php\/journees-europeennes-du-patrimoine-2009-des-millions-de-visiteurs\/80339\/#primaryimage","url":"https:\/\/batijournal.com\/wp-content\/uploads\/2015\/03\/06677008.jpg","contentUrl":"https:\/\/batijournal.com\/wp-content\/uploads\/2015\/03\/06677008.jpg","width":600,"height":401},{"@type":"BreadcrumbList","@id":"https:\/\/batijournal.com\/index.php\/journees-europeennes-du-patrimoine-2009-des-millions-de-visiteurs\/80339\/#breadcrumb","itemListElement":[{"@type":"ListItem","position":1,"name":"Accueil","item":"https:\/\/batijournal.com\/"},{"@type":"ListItem","position":2,"name":"\u00c9v\u00e9nements","item":"https:\/\/batijournal.com\/index.php\/category\/evenements\/"},{"@type":"ListItem","position":3,"name":"Journ\u00e9es europ\u00e9ennes du patrimoine 2009 : des millions de visiteurs !"}]},{"@type":"WebSite","@id":"https:\/\/batijournal.com\/#website","url":"https:\/\/batijournal.com\/","name":"Batijournal","description":"L&#039;actualit\u00e9 du b\u00e2timent","potentialAction":[{"@type":"SearchAction","target":{"@type":"EntryPoint","urlTemplate":"https:\/\/batijournal.com\/?s={search_term_string}"},"query-input":{"@type":"PropertyValueSpecification","valueRequired":true,"valueName":"search_term_string"}}],"inLanguage":"fr-FR"},{"@type":"Person","@id":"https:\/\/batijournal.com\/#\/schema\/person\/6a657e8967569e1b299972574848aa76","name":"Bati-journal","image":{"@type":"ImageObject","inLanguage":"fr-FR","@id":"https:\/\/secure.gravatar.com\/avatar\/a64364ea26392f9b4dd47e017ddaec74ff03aefc073b49e492e847201258f777?s=96&d=mm&r=g","url":"https:\/\/secure.gravatar.com\/avatar\/a64364ea26392f9b4dd47e017ddaec74ff03aefc073b49e492e847201258f777?s=96&d=mm&r=g","contentUrl":"https:\/\/secure.gravatar.com\/avatar\/a64364ea26392f9b4dd47e017ddaec74ff03aefc073b49e492e847201258f777?s=96&d=mm&r=g","caption":"Bati-journal"},"url":"https:\/\/batijournal.com\/index.php\/author\/elodie\/"}]}},"_links":{"self":[{"href":"https:\/\/batijournal.com\/index.php\/wp-json\/wp\/v2\/posts\/80339","targetHints":{"allow":["GET"]}}],"collection":[{"href":"https:\/\/batijournal.com\/index.php\/wp-json\/wp\/v2\/posts"}],"about":[{"href":"https:\/\/batijournal.com\/index.php\/wp-json\/wp\/v2\/types\/post"}],"author":[{"embeddable":true,"href":"https:\/\/batijournal.com\/index.php\/wp-json\/wp\/v2\/users\/1"}],"replies":[{"embeddable":true,"href":"https:\/\/batijournal.com\/index.php\/wp-json\/wp\/v2\/comments?post=80339"}],"version-history":[{"count":0,"href":"https:\/\/batijournal.com\/index.php\/wp-json\/wp\/v2\/posts\/80339\/revisions"}],"wp:featuredmedia":[{"embeddable":true,"href":"https:\/\/batijournal.com\/index.php\/wp-json\/wp\/v2\/media\/80340"}],"wp:attachment":[{"href":"https:\/\/batijournal.com\/index.php\/wp-json\/wp\/v2\/media?parent=80339"}],"wp:term":[{"taxonomy":"category","embeddable":true,"href":"https:\/\/batijournal.com\/index.php\/wp-json\/wp\/v2\/categories?post=80339"},{"taxonomy":"post_tag","embeddable":true,"href":"https:\/\/batijournal.com\/index.php\/wp-json\/wp\/v2\/tags?post=80339"}],"curies":[{"name":"wp","href":"https:\/\/api.w.org\/{rel}","templated":true}]}}