{"id":80341,"date":"2009-09-30T00:00:00","date_gmt":"2009-09-29T22:00:00","guid":{"rendered":"http:\/\/b.bati-journal.com\/salon-de-lens-du-9-au-11-octobre\/80341"},"modified":"2009-09-30T00:00:00","modified_gmt":"2009-09-29T22:00:00","slug":"salon-de-lens-du-9-au-11-octobre","status":"publish","type":"post","link":"https:\/\/batijournal.com\/index.php\/salon-de-lens-du-9-au-11-octobre\/80341\/","title":{"rendered":"Salon de Lens : du 9 au 11 octobre"},"content":{"rendered":"<p>Les Ateliers de Restauration de luminaires et objets d&rsquo;\u0092art de la lustrerie Laba\u00e8re exposeront leur savoir faire au Salon des M\u00e9tiers d&rsquo;\u0092Art de Lens, du 9 au 11 octobre prochain. Sur une id\u00e9e du toujours dynamique Jean-Jacques Laba\u00e8re, ce salon est organis\u00e9, pour la troisi\u00e8me ann\u00e9e, par la Chambre de Commerce de Lens, en partenariat avec Monsieur Guy Delcourt, Maire de Lens, des services techniques et administratifs de la ville ainsi que de fid\u00e8les partenaires. 40 artisans pr\u00e9senteront leur m\u00e9tier. Ils esp\u00e8rent ainsi susciter des vocations parmi le public des jeunes en qu\u00eate d\u0092un m\u00e9tier d&rsquo;Avenir, manuel, cr\u00e9atif, passionnant (et r\u00e9mun\u00e9rateur !) Les restaurateurs du mobilier du Louvre de Paris et les Meilleurs Ouvriers de France seront \u00e9galement pr\u00e9sents.<\/p>\n","protected":false},"excerpt":{"rendered":"<p>Les Ateliers de Restauration de luminaires et objets d&rsquo;\u0092art de la lustrerie Laba\u00e8re exposeront leur savoir faire au Salon des M\u00e9tiers d&rsquo;\u0092Art de Lens, du 9 au 11 octobre prochain. Sur une id\u00e9e du toujours dynamique Jean-Jacques Laba\u00e8re, ce salon est organis\u00e9, pour la troisi\u00e8me ann\u00e9e, par la Chambre de Commerce de Lens, en partenariat [&hellip;]<\/p>\n","protected":false},"author":1,"featured_media":0,"comment_status":"open","ping_status":"closed","sticky":false,"template":"","format":"standard","meta":{"_et_pb_use_builder":"","_et_pb_old_content":"","_et_gb_content_width":"","footnotes":""},"categories":[9192],"tags":[9197,386],"class_list":["post-80341","post","type-post","status-publish","format-standard","hentry","category-evenements","tag-evenement","tag-salon"],"yoast_head":"<!-- This site is optimized with the Yoast SEO plugin v27.4 - https:\/\/yoast.com\/product\/yoast-seo-wordpress\/ -->\n<title>Salon de Lens : du 9 au 11 octobre<\/title>\n<meta name=\"robots\" content=\"index, follow, max-snippet:-1, max-image-preview:large, max-video-preview:-1\" \/>\n<link rel=\"canonical\" href=\"https:\/\/batijournal.com\/index.php\/salon-de-lens-du-9-au-11-octobre\/80341\/\" \/>\n<meta property=\"og:locale\" content=\"fr_FR\" \/>\n<meta property=\"og:type\" content=\"article\" \/>\n<meta property=\"og:title\" content=\"Salon de Lens : du 9 au 11 octobre\" \/>\n<meta property=\"og:description\" content=\"Les Ateliers de Restauration de luminaires et objets d&rsquo;\u0092art de la lustrerie Laba\u00e8re exposeront leur savoir faire au Salon des M\u00e9tiers d&rsquo;\u0092Art de Lens, du 9 au 11 octobre prochain. Sur une id\u00e9e du toujours dynamique Jean-Jacques Laba\u00e8re, ce salon est organis\u00e9, pour la troisi\u00e8me ann\u00e9e, par la Chambre de Commerce de Lens, en partenariat [&hellip;]\" \/>\n<meta property=\"og:url\" content=\"https:\/\/batijournal.com\/index.php\/salon-de-lens-du-9-au-11-octobre\/80341\/\" \/>\n<meta property=\"og:site_name\" content=\"Batijournal\" \/>\n<meta property=\"article:published_time\" content=\"2009-09-29T22:00:00+00:00\" \/>\n<meta name=\"author\" content=\"Bati-journal\" \/>\n<meta name=\"twitter:card\" content=\"summary_large_image\" \/>\n<meta name=\"twitter:creator\" content=\"@bati_journal\" \/>\n<meta name=\"twitter:site\" content=\"@bati_journal\" \/>\n<meta name=\"twitter:label1\" content=\"\u00c9crit par\" \/>\n\t<meta name=\"twitter:data1\" content=\"Bati-journal\" \/>\n\t<meta name=\"twitter:label2\" content=\"Dur\u00e9e de lecture estim\u00e9e\" \/>\n\t<meta name=\"twitter:data2\" content=\"1 minute\" \/>\n<script type=\"application\/ld+json\" class=\"yoast-schema-graph\">{\"@context\":\"https:\\\/\\\/schema.org\",\"@graph\":[{\"@type\":\"Article\",\"@id\":\"https:\\\/\\\/batijournal.com\\\/index.php\\\/salon-de-lens-du-9-au-11-octobre\\\/80341\\\/#article\",\"isPartOf\":{\"@id\":\"https:\\\/\\\/batijournal.com\\\/index.php\\\/salon-de-lens-du-9-au-11-octobre\\\/80341\\\/\"},\"author\":{\"name\":\"Bati-journal\",\"@id\":\"https:\\\/\\\/batijournal.com\\\/#\\\/schema\\\/person\\\/6a657e8967569e1b299972574848aa76\"},\"headline\":\"Salon de Lens : du 9 au 11 octobre\",\"datePublished\":\"2009-09-29T22:00:00+00:00\",\"mainEntityOfPage\":{\"@id\":\"https:\\\/\\\/batijournal.com\\\/index.php\\\/salon-de-lens-du-9-au-11-octobre\\\/80341\\\/\"},\"wordCount\":141,\"commentCount\":0,\"keywords\":[\"evenement\",\"salon\"],\"articleSection\":[\"\u00c9v\u00e9nements\"],\"inLanguage\":\"fr-FR\",\"potentialAction\":[{\"@type\":\"CommentAction\",\"name\":\"Comment\",\"target\":[\"https:\\\/\\\/batijournal.com\\\/index.php\\\/salon-de-lens-du-9-au-11-octobre\\\/80341\\\/#respond\"]}]},{\"@type\":\"WebPage\",\"@id\":\"https:\\\/\\\/batijournal.com\\\/index.php\\\/salon-de-lens-du-9-au-11-octobre\\\/80341\\\/\",\"url\":\"https:\\\/\\\/batijournal.com\\\/index.php\\\/salon-de-lens-du-9-au-11-octobre\\\/80341\\\/\",\"name\":\"Salon de Lens : du 9 au 11 octobre\",\"isPartOf\":{\"@id\":\"https:\\\/\\\/batijournal.com\\\/#website\"},\"datePublished\":\"2009-09-29T22:00:00+00:00\",\"author\":{\"@id\":\"https:\\\/\\\/batijournal.com\\\/#\\\/schema\\\/person\\\/6a657e8967569e1b299972574848aa76\"},\"breadcrumb\":{\"@id\":\"https:\\\/\\\/batijournal.com\\\/index.php\\\/salon-de-lens-du-9-au-11-octobre\\\/80341\\\/#breadcrumb\"},\"inLanguage\":\"fr-FR\",\"potentialAction\":[{\"@type\":\"ReadAction\",\"target\":[\"https:\\\/\\\/batijournal.com\\\/index.php\\\/salon-de-lens-du-9-au-11-octobre\\\/80341\\\/\"]}]},{\"@type\":\"BreadcrumbList\",\"@id\":\"https:\\\/\\\/batijournal.com\\\/index.php\\\/salon-de-lens-du-9-au-11-octobre\\\/80341\\\/#breadcrumb\",\"itemListElement\":[{\"@type\":\"ListItem\",\"position\":1,\"name\":\"Accueil\",\"item\":\"https:\\\/\\\/batijournal.com\\\/\"},{\"@type\":\"ListItem\",\"position\":2,\"name\":\"\u00c9v\u00e9nements\",\"item\":\"https:\\\/\\\/batijournal.com\\\/index.php\\\/category\\\/evenements\\\/\"},{\"@type\":\"ListItem\",\"position\":3,\"name\":\"Salon de Lens : du 9 au 11 octobre\"}]},{\"@type\":\"WebSite\",\"@id\":\"https:\\\/\\\/batijournal.com\\\/#website\",\"url\":\"https:\\\/\\\/batijournal.com\\\/\",\"name\":\"Batijournal\",\"description\":\"L&#039;actualit\u00e9 du b\u00e2timent\",\"potentialAction\":[{\"@type\":\"SearchAction\",\"target\":{\"@type\":\"EntryPoint\",\"urlTemplate\":\"https:\\\/\\\/batijournal.com\\\/?s={search_term_string}\"},\"query-input\":{\"@type\":\"PropertyValueSpecification\",\"valueRequired\":true,\"valueName\":\"search_term_string\"}}],\"inLanguage\":\"fr-FR\"},{\"@type\":\"Person\",\"@id\":\"https:\\\/\\\/batijournal.com\\\/#\\\/schema\\\/person\\\/6a657e8967569e1b299972574848aa76\",\"name\":\"Bati-journal\",\"image\":{\"@type\":\"ImageObject\",\"inLanguage\":\"fr-FR\",\"@id\":\"https:\\\/\\\/secure.gravatar.com\\\/avatar\\\/a64364ea26392f9b4dd47e017ddaec74ff03aefc073b49e492e847201258f777?s=96&d=mm&r=g\",\"url\":\"https:\\\/\\\/secure.gravatar.com\\\/avatar\\\/a64364ea26392f9b4dd47e017ddaec74ff03aefc073b49e492e847201258f777?s=96&d=mm&r=g\",\"contentUrl\":\"https:\\\/\\\/secure.gravatar.com\\\/avatar\\\/a64364ea26392f9b4dd47e017ddaec74ff03aefc073b49e492e847201258f777?s=96&d=mm&r=g\",\"caption\":\"Bati-journal\"},\"url\":\"https:\\\/\\\/batijournal.com\\\/index.php\\\/author\\\/elodie\\\/\"}]}<\/script>\n<!-- \/ Yoast SEO plugin. -->","yoast_head_json":{"title":"Salon de Lens : du 9 au 11 octobre","robots":{"index":"index","follow":"follow","max-snippet":"max-snippet:-1","max-image-preview":"max-image-preview:large","max-video-preview":"max-video-preview:-1"},"canonical":"https:\/\/batijournal.com\/index.php\/salon-de-lens-du-9-au-11-octobre\/80341\/","og_locale":"fr_FR","og_type":"article","og_title":"Salon de Lens : du 9 au 11 octobre","og_description":"Les Ateliers de Restauration de luminaires et objets d&rsquo;\u0092art de la lustrerie Laba\u00e8re exposeront leur savoir faire au Salon des M\u00e9tiers d&rsquo;\u0092Art de Lens, du 9 au 11 octobre prochain. Sur une id\u00e9e du toujours dynamique Jean-Jacques Laba\u00e8re, ce salon est organis\u00e9, pour la troisi\u00e8me ann\u00e9e, par la Chambre de Commerce de Lens, en partenariat [&hellip;]","og_url":"https:\/\/batijournal.com\/index.php\/salon-de-lens-du-9-au-11-octobre\/80341\/","og_site_name":"Batijournal","article_published_time":"2009-09-29T22:00:00+00:00","author":"Bati-journal","twitter_card":"summary_large_image","twitter_creator":"@bati_journal","twitter_site":"@bati_journal","twitter_misc":{"\u00c9crit par":"Bati-journal","Dur\u00e9e de lecture estim\u00e9e":"1 minute"},"schema":{"@context":"https:\/\/schema.org","@graph":[{"@type":"Article","@id":"https:\/\/batijournal.com\/index.php\/salon-de-lens-du-9-au-11-octobre\/80341\/#article","isPartOf":{"@id":"https:\/\/batijournal.com\/index.php\/salon-de-lens-du-9-au-11-octobre\/80341\/"},"author":{"name":"Bati-journal","@id":"https:\/\/batijournal.com\/#\/schema\/person\/6a657e8967569e1b299972574848aa76"},"headline":"Salon de Lens : du 9 au 11 octobre","datePublished":"2009-09-29T22:00:00+00:00","mainEntityOfPage":{"@id":"https:\/\/batijournal.com\/index.php\/salon-de-lens-du-9-au-11-octobre\/80341\/"},"wordCount":141,"commentCount":0,"keywords":["evenement","salon"],"articleSection":["\u00c9v\u00e9nements"],"inLanguage":"fr-FR","potentialAction":[{"@type":"CommentAction","name":"Comment","target":["https:\/\/batijournal.com\/index.php\/salon-de-lens-du-9-au-11-octobre\/80341\/#respond"]}]},{"@type":"WebPage","@id":"https:\/\/batijournal.com\/index.php\/salon-de-lens-du-9-au-11-octobre\/80341\/","url":"https:\/\/batijournal.com\/index.php\/salon-de-lens-du-9-au-11-octobre\/80341\/","name":"Salon de Lens : du 9 au 11 octobre","isPartOf":{"@id":"https:\/\/batijournal.com\/#website"},"datePublished":"2009-09-29T22:00:00+00:00","author":{"@id":"https:\/\/batijournal.com\/#\/schema\/person\/6a657e8967569e1b299972574848aa76"},"breadcrumb":{"@id":"https:\/\/batijournal.com\/index.php\/salon-de-lens-du-9-au-11-octobre\/80341\/#breadcrumb"},"inLanguage":"fr-FR","potentialAction":[{"@type":"ReadAction","target":["https:\/\/batijournal.com\/index.php\/salon-de-lens-du-9-au-11-octobre\/80341\/"]}]},{"@type":"BreadcrumbList","@id":"https:\/\/batijournal.com\/index.php\/salon-de-lens-du-9-au-11-octobre\/80341\/#breadcrumb","itemListElement":[{"@type":"ListItem","position":1,"name":"Accueil","item":"https:\/\/batijournal.com\/"},{"@type":"ListItem","position":2,"name":"\u00c9v\u00e9nements","item":"https:\/\/batijournal.com\/index.php\/category\/evenements\/"},{"@type":"ListItem","position":3,"name":"Salon de Lens : du 9 au 11 octobre"}]},{"@type":"WebSite","@id":"https:\/\/batijournal.com\/#website","url":"https:\/\/batijournal.com\/","name":"Batijournal","description":"L&#039;actualit\u00e9 du b\u00e2timent","potentialAction":[{"@type":"SearchAction","target":{"@type":"EntryPoint","urlTemplate":"https:\/\/batijournal.com\/?s={search_term_string}"},"query-input":{"@type":"PropertyValueSpecification","valueRequired":true,"valueName":"search_term_string"}}],"inLanguage":"fr-FR"},{"@type":"Person","@id":"https:\/\/batijournal.com\/#\/schema\/person\/6a657e8967569e1b299972574848aa76","name":"Bati-journal","image":{"@type":"ImageObject","inLanguage":"fr-FR","@id":"https:\/\/secure.gravatar.com\/avatar\/a64364ea26392f9b4dd47e017ddaec74ff03aefc073b49e492e847201258f777?s=96&d=mm&r=g","url":"https:\/\/secure.gravatar.com\/avatar\/a64364ea26392f9b4dd47e017ddaec74ff03aefc073b49e492e847201258f777?s=96&d=mm&r=g","contentUrl":"https:\/\/secure.gravatar.com\/avatar\/a64364ea26392f9b4dd47e017ddaec74ff03aefc073b49e492e847201258f777?s=96&d=mm&r=g","caption":"Bati-journal"},"url":"https:\/\/batijournal.com\/index.php\/author\/elodie\/"}]}},"_links":{"self":[{"href":"https:\/\/batijournal.com\/index.php\/wp-json\/wp\/v2\/posts\/80341","targetHints":{"allow":["GET"]}}],"collection":[{"href":"https:\/\/batijournal.com\/index.php\/wp-json\/wp\/v2\/posts"}],"about":[{"href":"https:\/\/batijournal.com\/index.php\/wp-json\/wp\/v2\/types\/post"}],"author":[{"embeddable":true,"href":"https:\/\/batijournal.com\/index.php\/wp-json\/wp\/v2\/users\/1"}],"replies":[{"embeddable":true,"href":"https:\/\/batijournal.com\/index.php\/wp-json\/wp\/v2\/comments?post=80341"}],"version-history":[{"count":0,"href":"https:\/\/batijournal.com\/index.php\/wp-json\/wp\/v2\/posts\/80341\/revisions"}],"wp:attachment":[{"href":"https:\/\/batijournal.com\/index.php\/wp-json\/wp\/v2\/media?parent=80341"}],"wp:term":[{"taxonomy":"category","embeddable":true,"href":"https:\/\/batijournal.com\/index.php\/wp-json\/wp\/v2\/categories?post=80341"},{"taxonomy":"post_tag","embeddable":true,"href":"https:\/\/batijournal.com\/index.php\/wp-json\/wp\/v2\/tags?post=80341"}],"curies":[{"name":"wp","href":"https:\/\/api.w.org\/{rel}","templated":true}]}}