{"id":80361,"date":"2009-10-21T00:00:00","date_gmt":"2009-10-20T22:00:00","guid":{"rendered":"http:\/\/b.bati-journal.com\/une-nouvelle-equipe-d%c2%92organisateurs-au-salon-du-patrimoine\/80361"},"modified":"2009-10-21T00:00:00","modified_gmt":"2009-10-20T22:00:00","slug":"une-nouvelle-equipe-d%c2%92organisateurs-au-salon-du-patrimoine","status":"publish","type":"post","link":"https:\/\/batijournal.com\/index.php\/une-nouvelle-equipe-d%c2%92organisateurs-au-salon-du-patrimoine\/80361\/","title":{"rendered":"Une nouvelle \u00e9quipe d&rsquo;\u0092organisateurs au Salon du Patrimoine"},"content":{"rendered":"<p>En avril 2009, le Salon International du Patrimoine Culturel a \u00e9t\u00e9 acquis par Ateliers d\u0092&rsquo;Art de France, lui offrant l\u0092&rsquo;opportunit\u00e9 de renforcer son investissement envers les secteurs de la restauration et de la mise en valeur du patrimoine pour repr\u00e9senter tous les m\u00e9tiers d&rsquo;\u0092art. Ce rachat signe la fusion de deux structures de r\u00e9f\u00e9rence pour promouvoir les m\u00e9tiers d&rsquo;\u0092art, dans une m\u00eame sensibilit\u00e9 et une m\u00eame approche culturelle. Et il est fortement question de valoriser encore d&rsquo;avantage l\u0092&rsquo;architecture d\u00e8s cette ann\u00e9e, et pour toutes les \u00e9ditions \u00e0 venir.<\/p>\n","protected":false},"excerpt":{"rendered":"<p>En avril 2009, le Salon International du Patrimoine Culturel a \u00e9t\u00e9 acquis par Ateliers d\u0092&rsquo;Art de France, lui offrant l\u0092&rsquo;opportunit\u00e9 de renforcer son investissement envers les secteurs de la restauration et de la mise en valeur du patrimoine pour repr\u00e9senter tous les m\u00e9tiers d&rsquo;\u0092art. Ce rachat signe la fusion de deux structures de r\u00e9f\u00e9rence pour [&hellip;]<\/p>\n","protected":false},"author":1,"featured_media":0,"comment_status":"open","ping_status":"closed","sticky":false,"template":"","format":"standard","meta":{"_et_pb_use_builder":"","_et_pb_old_content":"","_et_gb_content_width":"","footnotes":""},"categories":[9192],"tags":[11056],"class_list":["post-80361","post","type-post","status-publish","format-standard","hentry","category-evenements","tag-salon-du-patrimoine"],"yoast_head":"<!-- This site is optimized with the Yoast SEO plugin v27.4 - https:\/\/yoast.com\/product\/yoast-seo-wordpress\/ -->\n<title>Une nouvelle \u00e9quipe d&#039;\u0092organisateurs au Salon du Patrimoine<\/title>\n<meta name=\"robots\" content=\"index, follow, max-snippet:-1, max-image-preview:large, max-video-preview:-1\" \/>\n<link rel=\"canonical\" href=\"https:\/\/batijournal.com\/index.php\/une-nouvelle-equipe-d\u0092organisateurs-au-salon-du-patrimoine\/80361\/\" \/>\n<meta property=\"og:locale\" content=\"fr_FR\" \/>\n<meta property=\"og:type\" content=\"article\" \/>\n<meta property=\"og:title\" content=\"Une nouvelle \u00e9quipe d&#039;\u0092organisateurs au Salon du Patrimoine\" \/>\n<meta property=\"og:description\" content=\"En avril 2009, le Salon International du Patrimoine Culturel a \u00e9t\u00e9 acquis par Ateliers d\u0092&rsquo;Art de France, lui offrant l\u0092&rsquo;opportunit\u00e9 de renforcer son investissement envers les secteurs de la restauration et de la mise en valeur du patrimoine pour repr\u00e9senter tous les m\u00e9tiers d&rsquo;\u0092art. Ce rachat signe la fusion de deux structures de r\u00e9f\u00e9rence pour [&hellip;]\" \/>\n<meta property=\"og:url\" content=\"https:\/\/batijournal.com\/index.php\/une-nouvelle-equipe-d\u0092organisateurs-au-salon-du-patrimoine\/80361\/\" \/>\n<meta property=\"og:site_name\" content=\"Batijournal\" \/>\n<meta property=\"article:published_time\" content=\"2009-10-20T22:00:00+00:00\" \/>\n<meta name=\"author\" content=\"Bati-journal\" \/>\n<meta name=\"twitter:card\" content=\"summary_large_image\" \/>\n<meta name=\"twitter:creator\" content=\"@bati_journal\" \/>\n<meta name=\"twitter:site\" content=\"@bati_journal\" \/>\n<meta name=\"twitter:label1\" content=\"\u00c9crit par\" \/>\n\t<meta name=\"twitter:data1\" content=\"Bati-journal\" \/>\n\t<meta name=\"twitter:label2\" content=\"Dur\u00e9e de lecture estim\u00e9e\" \/>\n\t<meta name=\"twitter:data2\" content=\"1 minute\" \/>\n<script type=\"application\/ld+json\" class=\"yoast-schema-graph\">{\"@context\":\"https:\\\/\\\/schema.org\",\"@graph\":[{\"@type\":\"Article\",\"@id\":\"https:\\\/\\\/batijournal.com\\\/index.php\\\/une-nouvelle-equipe-d%c2%92organisateurs-au-salon-du-patrimoine\\\/80361\\\/#article\",\"isPartOf\":{\"@id\":\"https:\\\/\\\/batijournal.com\\\/index.php\\\/une-nouvelle-equipe-d%c2%92organisateurs-au-salon-du-patrimoine\\\/80361\\\/\"},\"author\":{\"name\":\"Bati-journal\",\"@id\":\"https:\\\/\\\/batijournal.com\\\/#\\\/schema\\\/person\\\/6a657e8967569e1b299972574848aa76\"},\"headline\":\"Une nouvelle \u00e9quipe d&rsquo;\u0092organisateurs au Salon du Patrimoine\",\"datePublished\":\"2009-10-20T22:00:00+00:00\",\"mainEntityOfPage\":{\"@id\":\"https:\\\/\\\/batijournal.com\\\/index.php\\\/une-nouvelle-equipe-d%c2%92organisateurs-au-salon-du-patrimoine\\\/80361\\\/\"},\"wordCount\":110,\"commentCount\":0,\"keywords\":[\"salon du patrimoine\"],\"articleSection\":[\"\u00c9v\u00e9nements\"],\"inLanguage\":\"fr-FR\",\"potentialAction\":[{\"@type\":\"CommentAction\",\"name\":\"Comment\",\"target\":[\"https:\\\/\\\/batijournal.com\\\/index.php\\\/une-nouvelle-equipe-d%c2%92organisateurs-au-salon-du-patrimoine\\\/80361\\\/#respond\"]}]},{\"@type\":\"WebPage\",\"@id\":\"https:\\\/\\\/batijournal.com\\\/index.php\\\/une-nouvelle-equipe-d%c2%92organisateurs-au-salon-du-patrimoine\\\/80361\\\/\",\"url\":\"https:\\\/\\\/batijournal.com\\\/index.php\\\/une-nouvelle-equipe-d%c2%92organisateurs-au-salon-du-patrimoine\\\/80361\\\/\",\"name\":\"Une nouvelle \u00e9quipe d'\u0092organisateurs au Salon du Patrimoine\",\"isPartOf\":{\"@id\":\"https:\\\/\\\/batijournal.com\\\/#website\"},\"datePublished\":\"2009-10-20T22:00:00+00:00\",\"author\":{\"@id\":\"https:\\\/\\\/batijournal.com\\\/#\\\/schema\\\/person\\\/6a657e8967569e1b299972574848aa76\"},\"breadcrumb\":{\"@id\":\"https:\\\/\\\/batijournal.com\\\/index.php\\\/une-nouvelle-equipe-d%c2%92organisateurs-au-salon-du-patrimoine\\\/80361\\\/#breadcrumb\"},\"inLanguage\":\"fr-FR\",\"potentialAction\":[{\"@type\":\"ReadAction\",\"target\":[\"https:\\\/\\\/batijournal.com\\\/index.php\\\/une-nouvelle-equipe-d%c2%92organisateurs-au-salon-du-patrimoine\\\/80361\\\/\"]}]},{\"@type\":\"BreadcrumbList\",\"@id\":\"https:\\\/\\\/batijournal.com\\\/index.php\\\/une-nouvelle-equipe-d%c2%92organisateurs-au-salon-du-patrimoine\\\/80361\\\/#breadcrumb\",\"itemListElement\":[{\"@type\":\"ListItem\",\"position\":1,\"name\":\"Accueil\",\"item\":\"https:\\\/\\\/batijournal.com\\\/\"},{\"@type\":\"ListItem\",\"position\":2,\"name\":\"\u00c9v\u00e9nements\",\"item\":\"https:\\\/\\\/batijournal.com\\\/index.php\\\/category\\\/evenements\\\/\"},{\"@type\":\"ListItem\",\"position\":3,\"name\":\"Une nouvelle \u00e9quipe d&rsquo;\u0092organisateurs au Salon du Patrimoine\"}]},{\"@type\":\"WebSite\",\"@id\":\"https:\\\/\\\/batijournal.com\\\/#website\",\"url\":\"https:\\\/\\\/batijournal.com\\\/\",\"name\":\"Batijournal\",\"description\":\"L&#039;actualit\u00e9 du b\u00e2timent\",\"potentialAction\":[{\"@type\":\"SearchAction\",\"target\":{\"@type\":\"EntryPoint\",\"urlTemplate\":\"https:\\\/\\\/batijournal.com\\\/?s={search_term_string}\"},\"query-input\":{\"@type\":\"PropertyValueSpecification\",\"valueRequired\":true,\"valueName\":\"search_term_string\"}}],\"inLanguage\":\"fr-FR\"},{\"@type\":\"Person\",\"@id\":\"https:\\\/\\\/batijournal.com\\\/#\\\/schema\\\/person\\\/6a657e8967569e1b299972574848aa76\",\"name\":\"Bati-journal\",\"image\":{\"@type\":\"ImageObject\",\"inLanguage\":\"fr-FR\",\"@id\":\"https:\\\/\\\/secure.gravatar.com\\\/avatar\\\/a64364ea26392f9b4dd47e017ddaec74ff03aefc073b49e492e847201258f777?s=96&d=mm&r=g\",\"url\":\"https:\\\/\\\/secure.gravatar.com\\\/avatar\\\/a64364ea26392f9b4dd47e017ddaec74ff03aefc073b49e492e847201258f777?s=96&d=mm&r=g\",\"contentUrl\":\"https:\\\/\\\/secure.gravatar.com\\\/avatar\\\/a64364ea26392f9b4dd47e017ddaec74ff03aefc073b49e492e847201258f777?s=96&d=mm&r=g\",\"caption\":\"Bati-journal\"},\"url\":\"https:\\\/\\\/batijournal.com\\\/index.php\\\/author\\\/elodie\\\/\"}]}<\/script>\n<!-- \/ Yoast SEO plugin. -->","yoast_head_json":{"title":"Une nouvelle \u00e9quipe d'\u0092organisateurs au Salon du Patrimoine","robots":{"index":"index","follow":"follow","max-snippet":"max-snippet:-1","max-image-preview":"max-image-preview:large","max-video-preview":"max-video-preview:-1"},"canonical":"https:\/\/batijournal.com\/index.php\/une-nouvelle-equipe-d\u0092organisateurs-au-salon-du-patrimoine\/80361\/","og_locale":"fr_FR","og_type":"article","og_title":"Une nouvelle \u00e9quipe d'\u0092organisateurs au Salon du Patrimoine","og_description":"En avril 2009, le Salon International du Patrimoine Culturel a \u00e9t\u00e9 acquis par Ateliers d\u0092&rsquo;Art de France, lui offrant l\u0092&rsquo;opportunit\u00e9 de renforcer son investissement envers les secteurs de la restauration et de la mise en valeur du patrimoine pour repr\u00e9senter tous les m\u00e9tiers d&rsquo;\u0092art. Ce rachat signe la fusion de deux structures de r\u00e9f\u00e9rence pour [&hellip;]","og_url":"https:\/\/batijournal.com\/index.php\/une-nouvelle-equipe-d\u0092organisateurs-au-salon-du-patrimoine\/80361\/","og_site_name":"Batijournal","article_published_time":"2009-10-20T22:00:00+00:00","author":"Bati-journal","twitter_card":"summary_large_image","twitter_creator":"@bati_journal","twitter_site":"@bati_journal","twitter_misc":{"\u00c9crit par":"Bati-journal","Dur\u00e9e de lecture estim\u00e9e":"1 minute"},"schema":{"@context":"https:\/\/schema.org","@graph":[{"@type":"Article","@id":"https:\/\/batijournal.com\/index.php\/une-nouvelle-equipe-d%c2%92organisateurs-au-salon-du-patrimoine\/80361\/#article","isPartOf":{"@id":"https:\/\/batijournal.com\/index.php\/une-nouvelle-equipe-d%c2%92organisateurs-au-salon-du-patrimoine\/80361\/"},"author":{"name":"Bati-journal","@id":"https:\/\/batijournal.com\/#\/schema\/person\/6a657e8967569e1b299972574848aa76"},"headline":"Une nouvelle \u00e9quipe d&rsquo;\u0092organisateurs au Salon du Patrimoine","datePublished":"2009-10-20T22:00:00+00:00","mainEntityOfPage":{"@id":"https:\/\/batijournal.com\/index.php\/une-nouvelle-equipe-d%c2%92organisateurs-au-salon-du-patrimoine\/80361\/"},"wordCount":110,"commentCount":0,"keywords":["salon du patrimoine"],"articleSection":["\u00c9v\u00e9nements"],"inLanguage":"fr-FR","potentialAction":[{"@type":"CommentAction","name":"Comment","target":["https:\/\/batijournal.com\/index.php\/une-nouvelle-equipe-d%c2%92organisateurs-au-salon-du-patrimoine\/80361\/#respond"]}]},{"@type":"WebPage","@id":"https:\/\/batijournal.com\/index.php\/une-nouvelle-equipe-d%c2%92organisateurs-au-salon-du-patrimoine\/80361\/","url":"https:\/\/batijournal.com\/index.php\/une-nouvelle-equipe-d%c2%92organisateurs-au-salon-du-patrimoine\/80361\/","name":"Une nouvelle \u00e9quipe d'\u0092organisateurs au Salon du Patrimoine","isPartOf":{"@id":"https:\/\/batijournal.com\/#website"},"datePublished":"2009-10-20T22:00:00+00:00","author":{"@id":"https:\/\/batijournal.com\/#\/schema\/person\/6a657e8967569e1b299972574848aa76"},"breadcrumb":{"@id":"https:\/\/batijournal.com\/index.php\/une-nouvelle-equipe-d%c2%92organisateurs-au-salon-du-patrimoine\/80361\/#breadcrumb"},"inLanguage":"fr-FR","potentialAction":[{"@type":"ReadAction","target":["https:\/\/batijournal.com\/index.php\/une-nouvelle-equipe-d%c2%92organisateurs-au-salon-du-patrimoine\/80361\/"]}]},{"@type":"BreadcrumbList","@id":"https:\/\/batijournal.com\/index.php\/une-nouvelle-equipe-d%c2%92organisateurs-au-salon-du-patrimoine\/80361\/#breadcrumb","itemListElement":[{"@type":"ListItem","position":1,"name":"Accueil","item":"https:\/\/batijournal.com\/"},{"@type":"ListItem","position":2,"name":"\u00c9v\u00e9nements","item":"https:\/\/batijournal.com\/index.php\/category\/evenements\/"},{"@type":"ListItem","position":3,"name":"Une nouvelle \u00e9quipe d&rsquo;\u0092organisateurs au Salon du Patrimoine"}]},{"@type":"WebSite","@id":"https:\/\/batijournal.com\/#website","url":"https:\/\/batijournal.com\/","name":"Batijournal","description":"L&#039;actualit\u00e9 du b\u00e2timent","potentialAction":[{"@type":"SearchAction","target":{"@type":"EntryPoint","urlTemplate":"https:\/\/batijournal.com\/?s={search_term_string}"},"query-input":{"@type":"PropertyValueSpecification","valueRequired":true,"valueName":"search_term_string"}}],"inLanguage":"fr-FR"},{"@type":"Person","@id":"https:\/\/batijournal.com\/#\/schema\/person\/6a657e8967569e1b299972574848aa76","name":"Bati-journal","image":{"@type":"ImageObject","inLanguage":"fr-FR","@id":"https:\/\/secure.gravatar.com\/avatar\/a64364ea26392f9b4dd47e017ddaec74ff03aefc073b49e492e847201258f777?s=96&d=mm&r=g","url":"https:\/\/secure.gravatar.com\/avatar\/a64364ea26392f9b4dd47e017ddaec74ff03aefc073b49e492e847201258f777?s=96&d=mm&r=g","contentUrl":"https:\/\/secure.gravatar.com\/avatar\/a64364ea26392f9b4dd47e017ddaec74ff03aefc073b49e492e847201258f777?s=96&d=mm&r=g","caption":"Bati-journal"},"url":"https:\/\/batijournal.com\/index.php\/author\/elodie\/"}]}},"_links":{"self":[{"href":"https:\/\/batijournal.com\/index.php\/wp-json\/wp\/v2\/posts\/80361","targetHints":{"allow":["GET"]}}],"collection":[{"href":"https:\/\/batijournal.com\/index.php\/wp-json\/wp\/v2\/posts"}],"about":[{"href":"https:\/\/batijournal.com\/index.php\/wp-json\/wp\/v2\/types\/post"}],"author":[{"embeddable":true,"href":"https:\/\/batijournal.com\/index.php\/wp-json\/wp\/v2\/users\/1"}],"replies":[{"embeddable":true,"href":"https:\/\/batijournal.com\/index.php\/wp-json\/wp\/v2\/comments?post=80361"}],"version-history":[{"count":0,"href":"https:\/\/batijournal.com\/index.php\/wp-json\/wp\/v2\/posts\/80361\/revisions"}],"wp:attachment":[{"href":"https:\/\/batijournal.com\/index.php\/wp-json\/wp\/v2\/media?parent=80361"}],"wp:term":[{"taxonomy":"category","embeddable":true,"href":"https:\/\/batijournal.com\/index.php\/wp-json\/wp\/v2\/categories?post=80361"},{"taxonomy":"post_tag","embeddable":true,"href":"https:\/\/batijournal.com\/index.php\/wp-json\/wp\/v2\/tags?post=80361"}],"curies":[{"name":"wp","href":"https:\/\/api.w.org\/{rel}","templated":true}]}}