{"id":80370,"date":"2009-10-28T15:02:02","date_gmt":"2009-10-28T14:02:02","guid":{"rendered":"http:\/\/b.bati-journal.com\/salon-maison-bois-d%c2%92angers-les-affaires-reprennent\/80370"},"modified":"2009-10-28T15:02:02","modified_gmt":"2009-10-28T14:02:02","slug":"salon-maison-bois-d%c2%92angers-les-affaires-reprennent","status":"publish","type":"post","link":"https:\/\/batijournal.com\/index.php\/salon-maison-bois-d%c2%92angers-les-affaires-reprennent\/80370\/","title":{"rendered":"Salon Maison Bois d\u0092&rsquo;Angers : les affaires reprennent"},"content":{"rendered":"<p>La crise n&rsquo;\u0092\u00e9tait pas au rendez-vous du salon Maison Bois d\u0092&rsquo;Angers. Du 16 au 19 octobre, pr\u00e8s de 24 000 visiteurs sont venus de toute la France pour s&rsquo;\u0092informer, demander des conseils, \u00e9changer, rencontrer des professionnels \u0096 pr\u00e8s de 300 exposants \u0096, avec, sur eux, pour bon nombre, des projets et plans de maisons ou d&rsquo;extensions. Dans l&rsquo;espace \u00ab Echanger \u00bb, v\u00e9ritable agora plac\u00e9e maintenant au coe\u009cur du salon et totalement ouverte, \u00e9changes, rencontres et d\u00e9bats ont affich\u00e9 salle comble pour chaque th\u00e8me abord\u00e9, qu&rsquo;\u0092il s\u0092&rsquo;agisse de construction, de r\u00e9novation, d&rsquo;\u0092am\u00e9nagement ou de chauffage avec le bois. Autre source d&rsquo;\u0092information tr\u00e8s attendue, le palmar\u00e8s d&rsquo;\u0092architecture a r\u00e9uni 115 r\u00e9alisations (96 en 2008) et a fait l&rsquo;\u0092objet d\u0092&rsquo;une exposition tr\u00e8s fr\u00e9quent\u00e9e pendant les quatre jours du salon, avec, souvent, papier et crayon en main pour noter les coordonn\u00e9es des architectes et ma\u00eetres d\u0092\u009c&rsquo;oeuvre.<\/p>\n","protected":false},"excerpt":{"rendered":"<p>La crise n&rsquo;\u0092\u00e9tait pas au rendez-vous du salon Maison Bois d\u0092&rsquo;Angers. Du 16 au 19 octobre, pr\u00e8s de 24 000 visiteurs sont venus de toute la France pour s&rsquo;\u0092informer, demander des conseils, \u00e9changer, rencontrer des professionnels \u0096 pr\u00e8s de 300 exposants \u0096, avec, sur eux, pour bon nombre, des projets et plans de maisons ou [&hellip;]<\/p>\n","protected":false},"author":1,"featured_media":0,"comment_status":"open","ping_status":"closed","sticky":false,"template":"","format":"standard","meta":{"_et_pb_use_builder":"","_et_pb_old_content":"","_et_gb_content_width":"","footnotes":""},"categories":[9192],"tags":[387,6395],"class_list":["post-80370","post","type-post","status-publish","format-standard","hentry","category-evenements","tag-maison-bois","tag-salon-salon"],"yoast_head":"<!-- This site is optimized with the Yoast SEO plugin v27.4 - https:\/\/yoast.com\/product\/yoast-seo-wordpress\/ -->\n<title>Salon Maison Bois d\u0092&#039;Angers : les affaires reprennent<\/title>\n<meta name=\"robots\" content=\"index, follow, max-snippet:-1, max-image-preview:large, max-video-preview:-1\" \/>\n<link rel=\"canonical\" href=\"https:\/\/batijournal.com\/index.php\/salon-maison-bois-d\u0092angers-les-affaires-reprennent\/80370\/\" \/>\n<meta property=\"og:locale\" content=\"fr_FR\" \/>\n<meta property=\"og:type\" content=\"article\" \/>\n<meta property=\"og:title\" content=\"Salon Maison Bois d\u0092&#039;Angers : les affaires reprennent\" \/>\n<meta property=\"og:description\" content=\"La crise n&rsquo;\u0092\u00e9tait pas au rendez-vous du salon Maison Bois d\u0092&rsquo;Angers. Du 16 au 19 octobre, pr\u00e8s de 24 000 visiteurs sont venus de toute la France pour s&rsquo;\u0092informer, demander des conseils, \u00e9changer, rencontrer des professionnels \u0096 pr\u00e8s de 300 exposants \u0096, avec, sur eux, pour bon nombre, des projets et plans de maisons ou [&hellip;]\" \/>\n<meta property=\"og:url\" content=\"https:\/\/batijournal.com\/index.php\/salon-maison-bois-d\u0092angers-les-affaires-reprennent\/80370\/\" \/>\n<meta property=\"og:site_name\" content=\"Batijournal\" \/>\n<meta property=\"article:published_time\" content=\"2009-10-28T14:02:02+00:00\" \/>\n<meta name=\"author\" content=\"Bati-journal\" \/>\n<meta name=\"twitter:card\" content=\"summary_large_image\" \/>\n<meta name=\"twitter:creator\" content=\"@bati_journal\" \/>\n<meta name=\"twitter:site\" content=\"@bati_journal\" \/>\n<meta name=\"twitter:label1\" content=\"\u00c9crit par\" \/>\n\t<meta name=\"twitter:data1\" content=\"Bati-journal\" \/>\n\t<meta name=\"twitter:label2\" content=\"Dur\u00e9e de lecture estim\u00e9e\" \/>\n\t<meta name=\"twitter:data2\" content=\"1 minute\" \/>\n<script type=\"application\/ld+json\" class=\"yoast-schema-graph\">{\"@context\":\"https:\\\/\\\/schema.org\",\"@graph\":[{\"@type\":\"Article\",\"@id\":\"https:\\\/\\\/batijournal.com\\\/index.php\\\/salon-maison-bois-d%c2%92angers-les-affaires-reprennent\\\/80370\\\/#article\",\"isPartOf\":{\"@id\":\"https:\\\/\\\/batijournal.com\\\/index.php\\\/salon-maison-bois-d%c2%92angers-les-affaires-reprennent\\\/80370\\\/\"},\"author\":{\"name\":\"Bati-journal\",\"@id\":\"https:\\\/\\\/batijournal.com\\\/#\\\/schema\\\/person\\\/6a657e8967569e1b299972574848aa76\"},\"headline\":\"Salon Maison Bois d\u0092&rsquo;Angers : les affaires reprennent\",\"datePublished\":\"2009-10-28T14:02:02+00:00\",\"mainEntityOfPage\":{\"@id\":\"https:\\\/\\\/batijournal.com\\\/index.php\\\/salon-maison-bois-d%c2%92angers-les-affaires-reprennent\\\/80370\\\/\"},\"wordCount\":169,\"commentCount\":0,\"keywords\":[\"maison bois\",\"salon salon\"],\"articleSection\":[\"\u00c9v\u00e9nements\"],\"inLanguage\":\"fr-FR\",\"potentialAction\":[{\"@type\":\"CommentAction\",\"name\":\"Comment\",\"target\":[\"https:\\\/\\\/batijournal.com\\\/index.php\\\/salon-maison-bois-d%c2%92angers-les-affaires-reprennent\\\/80370\\\/#respond\"]}]},{\"@type\":\"WebPage\",\"@id\":\"https:\\\/\\\/batijournal.com\\\/index.php\\\/salon-maison-bois-d%c2%92angers-les-affaires-reprennent\\\/80370\\\/\",\"url\":\"https:\\\/\\\/batijournal.com\\\/index.php\\\/salon-maison-bois-d%c2%92angers-les-affaires-reprennent\\\/80370\\\/\",\"name\":\"Salon Maison Bois d\u0092'Angers : les affaires reprennent\",\"isPartOf\":{\"@id\":\"https:\\\/\\\/batijournal.com\\\/#website\"},\"datePublished\":\"2009-10-28T14:02:02+00:00\",\"author\":{\"@id\":\"https:\\\/\\\/batijournal.com\\\/#\\\/schema\\\/person\\\/6a657e8967569e1b299972574848aa76\"},\"breadcrumb\":{\"@id\":\"https:\\\/\\\/batijournal.com\\\/index.php\\\/salon-maison-bois-d%c2%92angers-les-affaires-reprennent\\\/80370\\\/#breadcrumb\"},\"inLanguage\":\"fr-FR\",\"potentialAction\":[{\"@type\":\"ReadAction\",\"target\":[\"https:\\\/\\\/batijournal.com\\\/index.php\\\/salon-maison-bois-d%c2%92angers-les-affaires-reprennent\\\/80370\\\/\"]}]},{\"@type\":\"BreadcrumbList\",\"@id\":\"https:\\\/\\\/batijournal.com\\\/index.php\\\/salon-maison-bois-d%c2%92angers-les-affaires-reprennent\\\/80370\\\/#breadcrumb\",\"itemListElement\":[{\"@type\":\"ListItem\",\"position\":1,\"name\":\"Accueil\",\"item\":\"https:\\\/\\\/batijournal.com\\\/\"},{\"@type\":\"ListItem\",\"position\":2,\"name\":\"\u00c9v\u00e9nements\",\"item\":\"https:\\\/\\\/batijournal.com\\\/index.php\\\/category\\\/evenements\\\/\"},{\"@type\":\"ListItem\",\"position\":3,\"name\":\"Salon Maison Bois d\u0092&rsquo;Angers : les affaires reprennent\"}]},{\"@type\":\"WebSite\",\"@id\":\"https:\\\/\\\/batijournal.com\\\/#website\",\"url\":\"https:\\\/\\\/batijournal.com\\\/\",\"name\":\"Batijournal\",\"description\":\"L&#039;actualit\u00e9 du b\u00e2timent\",\"potentialAction\":[{\"@type\":\"SearchAction\",\"target\":{\"@type\":\"EntryPoint\",\"urlTemplate\":\"https:\\\/\\\/batijournal.com\\\/?s={search_term_string}\"},\"query-input\":{\"@type\":\"PropertyValueSpecification\",\"valueRequired\":true,\"valueName\":\"search_term_string\"}}],\"inLanguage\":\"fr-FR\"},{\"@type\":\"Person\",\"@id\":\"https:\\\/\\\/batijournal.com\\\/#\\\/schema\\\/person\\\/6a657e8967569e1b299972574848aa76\",\"name\":\"Bati-journal\",\"image\":{\"@type\":\"ImageObject\",\"inLanguage\":\"fr-FR\",\"@id\":\"https:\\\/\\\/secure.gravatar.com\\\/avatar\\\/a64364ea26392f9b4dd47e017ddaec74ff03aefc073b49e492e847201258f777?s=96&d=mm&r=g\",\"url\":\"https:\\\/\\\/secure.gravatar.com\\\/avatar\\\/a64364ea26392f9b4dd47e017ddaec74ff03aefc073b49e492e847201258f777?s=96&d=mm&r=g\",\"contentUrl\":\"https:\\\/\\\/secure.gravatar.com\\\/avatar\\\/a64364ea26392f9b4dd47e017ddaec74ff03aefc073b49e492e847201258f777?s=96&d=mm&r=g\",\"caption\":\"Bati-journal\"},\"url\":\"https:\\\/\\\/batijournal.com\\\/index.php\\\/author\\\/elodie\\\/\"}]}<\/script>\n<!-- \/ Yoast SEO plugin. -->","yoast_head_json":{"title":"Salon Maison Bois d\u0092'Angers : les affaires reprennent","robots":{"index":"index","follow":"follow","max-snippet":"max-snippet:-1","max-image-preview":"max-image-preview:large","max-video-preview":"max-video-preview:-1"},"canonical":"https:\/\/batijournal.com\/index.php\/salon-maison-bois-d\u0092angers-les-affaires-reprennent\/80370\/","og_locale":"fr_FR","og_type":"article","og_title":"Salon Maison Bois d\u0092'Angers : les affaires reprennent","og_description":"La crise n&rsquo;\u0092\u00e9tait pas au rendez-vous du salon Maison Bois d\u0092&rsquo;Angers. Du 16 au 19 octobre, pr\u00e8s de 24 000 visiteurs sont venus de toute la France pour s&rsquo;\u0092informer, demander des conseils, \u00e9changer, rencontrer des professionnels \u0096 pr\u00e8s de 300 exposants \u0096, avec, sur eux, pour bon nombre, des projets et plans de maisons ou [&hellip;]","og_url":"https:\/\/batijournal.com\/index.php\/salon-maison-bois-d\u0092angers-les-affaires-reprennent\/80370\/","og_site_name":"Batijournal","article_published_time":"2009-10-28T14:02:02+00:00","author":"Bati-journal","twitter_card":"summary_large_image","twitter_creator":"@bati_journal","twitter_site":"@bati_journal","twitter_misc":{"\u00c9crit par":"Bati-journal","Dur\u00e9e de lecture estim\u00e9e":"1 minute"},"schema":{"@context":"https:\/\/schema.org","@graph":[{"@type":"Article","@id":"https:\/\/batijournal.com\/index.php\/salon-maison-bois-d%c2%92angers-les-affaires-reprennent\/80370\/#article","isPartOf":{"@id":"https:\/\/batijournal.com\/index.php\/salon-maison-bois-d%c2%92angers-les-affaires-reprennent\/80370\/"},"author":{"name":"Bati-journal","@id":"https:\/\/batijournal.com\/#\/schema\/person\/6a657e8967569e1b299972574848aa76"},"headline":"Salon Maison Bois d\u0092&rsquo;Angers : les affaires reprennent","datePublished":"2009-10-28T14:02:02+00:00","mainEntityOfPage":{"@id":"https:\/\/batijournal.com\/index.php\/salon-maison-bois-d%c2%92angers-les-affaires-reprennent\/80370\/"},"wordCount":169,"commentCount":0,"keywords":["maison bois","salon salon"],"articleSection":["\u00c9v\u00e9nements"],"inLanguage":"fr-FR","potentialAction":[{"@type":"CommentAction","name":"Comment","target":["https:\/\/batijournal.com\/index.php\/salon-maison-bois-d%c2%92angers-les-affaires-reprennent\/80370\/#respond"]}]},{"@type":"WebPage","@id":"https:\/\/batijournal.com\/index.php\/salon-maison-bois-d%c2%92angers-les-affaires-reprennent\/80370\/","url":"https:\/\/batijournal.com\/index.php\/salon-maison-bois-d%c2%92angers-les-affaires-reprennent\/80370\/","name":"Salon Maison Bois d\u0092'Angers : les affaires reprennent","isPartOf":{"@id":"https:\/\/batijournal.com\/#website"},"datePublished":"2009-10-28T14:02:02+00:00","author":{"@id":"https:\/\/batijournal.com\/#\/schema\/person\/6a657e8967569e1b299972574848aa76"},"breadcrumb":{"@id":"https:\/\/batijournal.com\/index.php\/salon-maison-bois-d%c2%92angers-les-affaires-reprennent\/80370\/#breadcrumb"},"inLanguage":"fr-FR","potentialAction":[{"@type":"ReadAction","target":["https:\/\/batijournal.com\/index.php\/salon-maison-bois-d%c2%92angers-les-affaires-reprennent\/80370\/"]}]},{"@type":"BreadcrumbList","@id":"https:\/\/batijournal.com\/index.php\/salon-maison-bois-d%c2%92angers-les-affaires-reprennent\/80370\/#breadcrumb","itemListElement":[{"@type":"ListItem","position":1,"name":"Accueil","item":"https:\/\/batijournal.com\/"},{"@type":"ListItem","position":2,"name":"\u00c9v\u00e9nements","item":"https:\/\/batijournal.com\/index.php\/category\/evenements\/"},{"@type":"ListItem","position":3,"name":"Salon Maison Bois d\u0092&rsquo;Angers : les affaires reprennent"}]},{"@type":"WebSite","@id":"https:\/\/batijournal.com\/#website","url":"https:\/\/batijournal.com\/","name":"Batijournal","description":"L&#039;actualit\u00e9 du b\u00e2timent","potentialAction":[{"@type":"SearchAction","target":{"@type":"EntryPoint","urlTemplate":"https:\/\/batijournal.com\/?s={search_term_string}"},"query-input":{"@type":"PropertyValueSpecification","valueRequired":true,"valueName":"search_term_string"}}],"inLanguage":"fr-FR"},{"@type":"Person","@id":"https:\/\/batijournal.com\/#\/schema\/person\/6a657e8967569e1b299972574848aa76","name":"Bati-journal","image":{"@type":"ImageObject","inLanguage":"fr-FR","@id":"https:\/\/secure.gravatar.com\/avatar\/a64364ea26392f9b4dd47e017ddaec74ff03aefc073b49e492e847201258f777?s=96&d=mm&r=g","url":"https:\/\/secure.gravatar.com\/avatar\/a64364ea26392f9b4dd47e017ddaec74ff03aefc073b49e492e847201258f777?s=96&d=mm&r=g","contentUrl":"https:\/\/secure.gravatar.com\/avatar\/a64364ea26392f9b4dd47e017ddaec74ff03aefc073b49e492e847201258f777?s=96&d=mm&r=g","caption":"Bati-journal"},"url":"https:\/\/batijournal.com\/index.php\/author\/elodie\/"}]}},"_links":{"self":[{"href":"https:\/\/batijournal.com\/index.php\/wp-json\/wp\/v2\/posts\/80370","targetHints":{"allow":["GET"]}}],"collection":[{"href":"https:\/\/batijournal.com\/index.php\/wp-json\/wp\/v2\/posts"}],"about":[{"href":"https:\/\/batijournal.com\/index.php\/wp-json\/wp\/v2\/types\/post"}],"author":[{"embeddable":true,"href":"https:\/\/batijournal.com\/index.php\/wp-json\/wp\/v2\/users\/1"}],"replies":[{"embeddable":true,"href":"https:\/\/batijournal.com\/index.php\/wp-json\/wp\/v2\/comments?post=80370"}],"version-history":[{"count":0,"href":"https:\/\/batijournal.com\/index.php\/wp-json\/wp\/v2\/posts\/80370\/revisions"}],"wp:attachment":[{"href":"https:\/\/batijournal.com\/index.php\/wp-json\/wp\/v2\/media?parent=80370"}],"wp:term":[{"taxonomy":"category","embeddable":true,"href":"https:\/\/batijournal.com\/index.php\/wp-json\/wp\/v2\/categories?post=80370"},{"taxonomy":"post_tag","embeddable":true,"href":"https:\/\/batijournal.com\/index.php\/wp-json\/wp\/v2\/tags?post=80370"}],"curies":[{"name":"wp","href":"https:\/\/api.w.org\/{rel}","templated":true}]}}