{"id":80397,"date":"2009-11-26T00:00:00","date_gmt":"2009-11-25T23:00:00","guid":{"rendered":"http:\/\/b.bati-journal.com\/tendances-du-jardin-urbain\/80397"},"modified":"2009-11-26T00:00:00","modified_gmt":"2009-11-25T23:00:00","slug":"tendances-du-jardin-urbain","status":"publish","type":"post","link":"https:\/\/batijournal.com\/index.php\/tendances-du-jardin-urbain\/80397\/","title":{"rendered":"Tendances du jardin urbain"},"content":{"rendered":"<p>Jardins, Jardin est un \u00e9v\u00e9nement national d\u00e9di\u00e9 aux tendances du jardin urbain et du design d&rsquo;\u0092ext\u00e9rieur. Chaque ann\u00e9e, le premier week-end de juin, il s&rsquo;\u0092installe dans le jardin royal des Tuileries, au coe\u009cur de Paris. Pendant quatre jours, la manifestation devient un lieu de cr\u00e9ation, d&rsquo;\u0092exposition et de promotion o\u00f9 les professionnels et le grand public d\u00e9couvrent des solutions innovantes et pratiques pour voir la ville en vert. Pour cette septi\u00e8me \u00e9dition, Jardins, Jardin est plac\u00e9e sous le th\u00e8me Inventons les natures urbaines !. Deux \u00e9v\u00e9nements viennent ponctuer cette manifestation : Nature Design, le village du design d&rsquo;\u0092ext\u00e9rieur, pr\u00e9sentera aux c\u00f4t\u00e9s de stands d&rsquo;\u0092exposants sp\u00e9cialis\u00e9s dans le design d&rsquo;\u0092ext\u00e9rieur, les cr\u00e9ations, r\u00e9alisations, innovations, prototypes, pi\u00e8ces in\u00e9dites, r\u00e9flexions, maquettes&#8230; de designers de renom et de jeunes valeurs montantes. Ensuite, un concours d&rsquo;innovation prend pour th\u00e8me \u0093Inventons les natures urbaines\u0094 et fait appel \u00e0 la cr\u00e9ativit\u00e9 de l&rsquo;\u0092ensemble des disciplines li\u00e9es \u00e0 l&rsquo;\u0092am\u00e9nagement de l\u0092&rsquo;espace pour inventer les formes de jardin et les modes de vie de demain.<\/p>\n","protected":false},"excerpt":{"rendered":"<p>Jardins, Jardin est un \u00e9v\u00e9nement national d\u00e9di\u00e9 aux tendances du jardin urbain et du design d&rsquo;\u0092ext\u00e9rieur. Chaque ann\u00e9e, le premier week-end de juin, il s&rsquo;\u0092installe dans le jardin royal des Tuileries, au coe\u009cur de Paris. Pendant quatre jours, la manifestation devient un lieu de cr\u00e9ation, d&rsquo;\u0092exposition et de promotion o\u00f9 les professionnels et le grand [&hellip;]<\/p>\n","protected":false},"author":1,"featured_media":80398,"comment_status":"open","ping_status":"closed","sticky":false,"template":"","format":"standard","meta":{"_et_pb_use_builder":"","_et_pb_old_content":"","_et_gb_content_width":"","footnotes":""},"categories":[9192],"tags":[],"class_list":["post-80397","post","type-post","status-publish","format-standard","has-post-thumbnail","hentry","category-evenements"],"yoast_head":"<!-- This site is optimized with the Yoast SEO plugin v27.4 - https:\/\/yoast.com\/product\/yoast-seo-wordpress\/ -->\n<title>Tendances du jardin urbain<\/title>\n<meta name=\"robots\" content=\"index, follow, max-snippet:-1, max-image-preview:large, max-video-preview:-1\" \/>\n<link rel=\"canonical\" href=\"https:\/\/batijournal.com\/index.php\/tendances-du-jardin-urbain\/80397\/\" \/>\n<meta property=\"og:locale\" content=\"fr_FR\" \/>\n<meta property=\"og:type\" content=\"article\" \/>\n<meta property=\"og:title\" content=\"Tendances du jardin urbain\" \/>\n<meta property=\"og:description\" content=\"Jardins, Jardin est un \u00e9v\u00e9nement national d\u00e9di\u00e9 aux tendances du jardin urbain et du design d&rsquo;\u0092ext\u00e9rieur. Chaque ann\u00e9e, le premier week-end de juin, il s&rsquo;\u0092installe dans le jardin royal des Tuileries, au coe\u009cur de Paris. Pendant quatre jours, la manifestation devient un lieu de cr\u00e9ation, d&rsquo;\u0092exposition et de promotion o\u00f9 les professionnels et le grand [&hellip;]\" \/>\n<meta property=\"og:url\" content=\"https:\/\/batijournal.com\/index.php\/tendances-du-jardin-urbain\/80397\/\" \/>\n<meta property=\"og:site_name\" content=\"Batijournal\" \/>\n<meta property=\"article:published_time\" content=\"2009-11-25T23:00:00+00:00\" \/>\n<meta property=\"og:image\" content=\"https:\/\/batijournal.com\/wp-content\/uploads\/2015\/03\/07771786.jpg\" \/>\n\t<meta property=\"og:image:width\" content=\"391\" \/>\n\t<meta property=\"og:image:height\" content=\"600\" \/>\n\t<meta property=\"og:image:type\" content=\"image\/jpeg\" \/>\n<meta name=\"author\" content=\"Bati-journal\" \/>\n<meta name=\"twitter:card\" content=\"summary_large_image\" \/>\n<meta name=\"twitter:creator\" content=\"@bati_journal\" \/>\n<meta name=\"twitter:site\" content=\"@bati_journal\" \/>\n<meta name=\"twitter:label1\" content=\"\u00c9crit par\" \/>\n\t<meta name=\"twitter:data1\" content=\"Bati-journal\" \/>\n\t<meta name=\"twitter:label2\" content=\"Dur\u00e9e de lecture estim\u00e9e\" \/>\n\t<meta name=\"twitter:data2\" content=\"1 minute\" \/>\n<script type=\"application\/ld+json\" class=\"yoast-schema-graph\">{\"@context\":\"https:\\\/\\\/schema.org\",\"@graph\":[{\"@type\":\"Article\",\"@id\":\"https:\\\/\\\/batijournal.com\\\/index.php\\\/tendances-du-jardin-urbain\\\/80397\\\/#article\",\"isPartOf\":{\"@id\":\"https:\\\/\\\/batijournal.com\\\/index.php\\\/tendances-du-jardin-urbain\\\/80397\\\/\"},\"author\":{\"name\":\"Bati-journal\",\"@id\":\"https:\\\/\\\/batijournal.com\\\/#\\\/schema\\\/person\\\/6a657e8967569e1b299972574848aa76\"},\"headline\":\"Tendances du jardin urbain\",\"datePublished\":\"2009-11-25T23:00:00+00:00\",\"mainEntityOfPage\":{\"@id\":\"https:\\\/\\\/batijournal.com\\\/index.php\\\/tendances-du-jardin-urbain\\\/80397\\\/\"},\"wordCount\":203,\"commentCount\":0,\"image\":{\"@id\":\"https:\\\/\\\/batijournal.com\\\/index.php\\\/tendances-du-jardin-urbain\\\/80397\\\/#primaryimage\"},\"thumbnailUrl\":\"https:\\\/\\\/batijournal.com\\\/wp-content\\\/uploads\\\/2015\\\/03\\\/07771786.jpg\",\"articleSection\":[\"\u00c9v\u00e9nements\"],\"inLanguage\":\"fr-FR\",\"potentialAction\":[{\"@type\":\"CommentAction\",\"name\":\"Comment\",\"target\":[\"https:\\\/\\\/batijournal.com\\\/index.php\\\/tendances-du-jardin-urbain\\\/80397\\\/#respond\"]}]},{\"@type\":\"WebPage\",\"@id\":\"https:\\\/\\\/batijournal.com\\\/index.php\\\/tendances-du-jardin-urbain\\\/80397\\\/\",\"url\":\"https:\\\/\\\/batijournal.com\\\/index.php\\\/tendances-du-jardin-urbain\\\/80397\\\/\",\"name\":\"Tendances du jardin urbain\",\"isPartOf\":{\"@id\":\"https:\\\/\\\/batijournal.com\\\/#website\"},\"primaryImageOfPage\":{\"@id\":\"https:\\\/\\\/batijournal.com\\\/index.php\\\/tendances-du-jardin-urbain\\\/80397\\\/#primaryimage\"},\"image\":{\"@id\":\"https:\\\/\\\/batijournal.com\\\/index.php\\\/tendances-du-jardin-urbain\\\/80397\\\/#primaryimage\"},\"thumbnailUrl\":\"https:\\\/\\\/batijournal.com\\\/wp-content\\\/uploads\\\/2015\\\/03\\\/07771786.jpg\",\"datePublished\":\"2009-11-25T23:00:00+00:00\",\"author\":{\"@id\":\"https:\\\/\\\/batijournal.com\\\/#\\\/schema\\\/person\\\/6a657e8967569e1b299972574848aa76\"},\"breadcrumb\":{\"@id\":\"https:\\\/\\\/batijournal.com\\\/index.php\\\/tendances-du-jardin-urbain\\\/80397\\\/#breadcrumb\"},\"inLanguage\":\"fr-FR\",\"potentialAction\":[{\"@type\":\"ReadAction\",\"target\":[\"https:\\\/\\\/batijournal.com\\\/index.php\\\/tendances-du-jardin-urbain\\\/80397\\\/\"]}]},{\"@type\":\"ImageObject\",\"inLanguage\":\"fr-FR\",\"@id\":\"https:\\\/\\\/batijournal.com\\\/index.php\\\/tendances-du-jardin-urbain\\\/80397\\\/#primaryimage\",\"url\":\"https:\\\/\\\/batijournal.com\\\/wp-content\\\/uploads\\\/2015\\\/03\\\/07771786.jpg\",\"contentUrl\":\"https:\\\/\\\/batijournal.com\\\/wp-content\\\/uploads\\\/2015\\\/03\\\/07771786.jpg\",\"width\":391,\"height\":600},{\"@type\":\"BreadcrumbList\",\"@id\":\"https:\\\/\\\/batijournal.com\\\/index.php\\\/tendances-du-jardin-urbain\\\/80397\\\/#breadcrumb\",\"itemListElement\":[{\"@type\":\"ListItem\",\"position\":1,\"name\":\"Accueil\",\"item\":\"https:\\\/\\\/batijournal.com\\\/\"},{\"@type\":\"ListItem\",\"position\":2,\"name\":\"\u00c9v\u00e9nements\",\"item\":\"https:\\\/\\\/batijournal.com\\\/index.php\\\/category\\\/evenements\\\/\"},{\"@type\":\"ListItem\",\"position\":3,\"name\":\"Tendances du jardin urbain\"}]},{\"@type\":\"WebSite\",\"@id\":\"https:\\\/\\\/batijournal.com\\\/#website\",\"url\":\"https:\\\/\\\/batijournal.com\\\/\",\"name\":\"Batijournal\",\"description\":\"L&#039;actualit\u00e9 du b\u00e2timent\",\"potentialAction\":[{\"@type\":\"SearchAction\",\"target\":{\"@type\":\"EntryPoint\",\"urlTemplate\":\"https:\\\/\\\/batijournal.com\\\/?s={search_term_string}\"},\"query-input\":{\"@type\":\"PropertyValueSpecification\",\"valueRequired\":true,\"valueName\":\"search_term_string\"}}],\"inLanguage\":\"fr-FR\"},{\"@type\":\"Person\",\"@id\":\"https:\\\/\\\/batijournal.com\\\/#\\\/schema\\\/person\\\/6a657e8967569e1b299972574848aa76\",\"name\":\"Bati-journal\",\"image\":{\"@type\":\"ImageObject\",\"inLanguage\":\"fr-FR\",\"@id\":\"https:\\\/\\\/secure.gravatar.com\\\/avatar\\\/a64364ea26392f9b4dd47e017ddaec74ff03aefc073b49e492e847201258f777?s=96&d=mm&r=g\",\"url\":\"https:\\\/\\\/secure.gravatar.com\\\/avatar\\\/a64364ea26392f9b4dd47e017ddaec74ff03aefc073b49e492e847201258f777?s=96&d=mm&r=g\",\"contentUrl\":\"https:\\\/\\\/secure.gravatar.com\\\/avatar\\\/a64364ea26392f9b4dd47e017ddaec74ff03aefc073b49e492e847201258f777?s=96&d=mm&r=g\",\"caption\":\"Bati-journal\"},\"url\":\"https:\\\/\\\/batijournal.com\\\/index.php\\\/author\\\/elodie\\\/\"}]}<\/script>\n<!-- \/ Yoast SEO plugin. -->","yoast_head_json":{"title":"Tendances du jardin urbain","robots":{"index":"index","follow":"follow","max-snippet":"max-snippet:-1","max-image-preview":"max-image-preview:large","max-video-preview":"max-video-preview:-1"},"canonical":"https:\/\/batijournal.com\/index.php\/tendances-du-jardin-urbain\/80397\/","og_locale":"fr_FR","og_type":"article","og_title":"Tendances du jardin urbain","og_description":"Jardins, Jardin est un \u00e9v\u00e9nement national d\u00e9di\u00e9 aux tendances du jardin urbain et du design d&rsquo;\u0092ext\u00e9rieur. Chaque ann\u00e9e, le premier week-end de juin, il s&rsquo;\u0092installe dans le jardin royal des Tuileries, au coe\u009cur de Paris. Pendant quatre jours, la manifestation devient un lieu de cr\u00e9ation, d&rsquo;\u0092exposition et de promotion o\u00f9 les professionnels et le grand [&hellip;]","og_url":"https:\/\/batijournal.com\/index.php\/tendances-du-jardin-urbain\/80397\/","og_site_name":"Batijournal","article_published_time":"2009-11-25T23:00:00+00:00","og_image":[{"width":391,"height":600,"url":"https:\/\/batijournal.com\/wp-content\/uploads\/2015\/03\/07771786.jpg","type":"image\/jpeg"}],"author":"Bati-journal","twitter_card":"summary_large_image","twitter_creator":"@bati_journal","twitter_site":"@bati_journal","twitter_misc":{"\u00c9crit par":"Bati-journal","Dur\u00e9e de lecture estim\u00e9e":"1 minute"},"schema":{"@context":"https:\/\/schema.org","@graph":[{"@type":"Article","@id":"https:\/\/batijournal.com\/index.php\/tendances-du-jardin-urbain\/80397\/#article","isPartOf":{"@id":"https:\/\/batijournal.com\/index.php\/tendances-du-jardin-urbain\/80397\/"},"author":{"name":"Bati-journal","@id":"https:\/\/batijournal.com\/#\/schema\/person\/6a657e8967569e1b299972574848aa76"},"headline":"Tendances du jardin urbain","datePublished":"2009-11-25T23:00:00+00:00","mainEntityOfPage":{"@id":"https:\/\/batijournal.com\/index.php\/tendances-du-jardin-urbain\/80397\/"},"wordCount":203,"commentCount":0,"image":{"@id":"https:\/\/batijournal.com\/index.php\/tendances-du-jardin-urbain\/80397\/#primaryimage"},"thumbnailUrl":"https:\/\/batijournal.com\/wp-content\/uploads\/2015\/03\/07771786.jpg","articleSection":["\u00c9v\u00e9nements"],"inLanguage":"fr-FR","potentialAction":[{"@type":"CommentAction","name":"Comment","target":["https:\/\/batijournal.com\/index.php\/tendances-du-jardin-urbain\/80397\/#respond"]}]},{"@type":"WebPage","@id":"https:\/\/batijournal.com\/index.php\/tendances-du-jardin-urbain\/80397\/","url":"https:\/\/batijournal.com\/index.php\/tendances-du-jardin-urbain\/80397\/","name":"Tendances du jardin urbain","isPartOf":{"@id":"https:\/\/batijournal.com\/#website"},"primaryImageOfPage":{"@id":"https:\/\/batijournal.com\/index.php\/tendances-du-jardin-urbain\/80397\/#primaryimage"},"image":{"@id":"https:\/\/batijournal.com\/index.php\/tendances-du-jardin-urbain\/80397\/#primaryimage"},"thumbnailUrl":"https:\/\/batijournal.com\/wp-content\/uploads\/2015\/03\/07771786.jpg","datePublished":"2009-11-25T23:00:00+00:00","author":{"@id":"https:\/\/batijournal.com\/#\/schema\/person\/6a657e8967569e1b299972574848aa76"},"breadcrumb":{"@id":"https:\/\/batijournal.com\/index.php\/tendances-du-jardin-urbain\/80397\/#breadcrumb"},"inLanguage":"fr-FR","potentialAction":[{"@type":"ReadAction","target":["https:\/\/batijournal.com\/index.php\/tendances-du-jardin-urbain\/80397\/"]}]},{"@type":"ImageObject","inLanguage":"fr-FR","@id":"https:\/\/batijournal.com\/index.php\/tendances-du-jardin-urbain\/80397\/#primaryimage","url":"https:\/\/batijournal.com\/wp-content\/uploads\/2015\/03\/07771786.jpg","contentUrl":"https:\/\/batijournal.com\/wp-content\/uploads\/2015\/03\/07771786.jpg","width":391,"height":600},{"@type":"BreadcrumbList","@id":"https:\/\/batijournal.com\/index.php\/tendances-du-jardin-urbain\/80397\/#breadcrumb","itemListElement":[{"@type":"ListItem","position":1,"name":"Accueil","item":"https:\/\/batijournal.com\/"},{"@type":"ListItem","position":2,"name":"\u00c9v\u00e9nements","item":"https:\/\/batijournal.com\/index.php\/category\/evenements\/"},{"@type":"ListItem","position":3,"name":"Tendances du jardin urbain"}]},{"@type":"WebSite","@id":"https:\/\/batijournal.com\/#website","url":"https:\/\/batijournal.com\/","name":"Batijournal","description":"L&#039;actualit\u00e9 du b\u00e2timent","potentialAction":[{"@type":"SearchAction","target":{"@type":"EntryPoint","urlTemplate":"https:\/\/batijournal.com\/?s={search_term_string}"},"query-input":{"@type":"PropertyValueSpecification","valueRequired":true,"valueName":"search_term_string"}}],"inLanguage":"fr-FR"},{"@type":"Person","@id":"https:\/\/batijournal.com\/#\/schema\/person\/6a657e8967569e1b299972574848aa76","name":"Bati-journal","image":{"@type":"ImageObject","inLanguage":"fr-FR","@id":"https:\/\/secure.gravatar.com\/avatar\/a64364ea26392f9b4dd47e017ddaec74ff03aefc073b49e492e847201258f777?s=96&d=mm&r=g","url":"https:\/\/secure.gravatar.com\/avatar\/a64364ea26392f9b4dd47e017ddaec74ff03aefc073b49e492e847201258f777?s=96&d=mm&r=g","contentUrl":"https:\/\/secure.gravatar.com\/avatar\/a64364ea26392f9b4dd47e017ddaec74ff03aefc073b49e492e847201258f777?s=96&d=mm&r=g","caption":"Bati-journal"},"url":"https:\/\/batijournal.com\/index.php\/author\/elodie\/"}]}},"_links":{"self":[{"href":"https:\/\/batijournal.com\/index.php\/wp-json\/wp\/v2\/posts\/80397","targetHints":{"allow":["GET"]}}],"collection":[{"href":"https:\/\/batijournal.com\/index.php\/wp-json\/wp\/v2\/posts"}],"about":[{"href":"https:\/\/batijournal.com\/index.php\/wp-json\/wp\/v2\/types\/post"}],"author":[{"embeddable":true,"href":"https:\/\/batijournal.com\/index.php\/wp-json\/wp\/v2\/users\/1"}],"replies":[{"embeddable":true,"href":"https:\/\/batijournal.com\/index.php\/wp-json\/wp\/v2\/comments?post=80397"}],"version-history":[{"count":0,"href":"https:\/\/batijournal.com\/index.php\/wp-json\/wp\/v2\/posts\/80397\/revisions"}],"wp:featuredmedia":[{"embeddable":true,"href":"https:\/\/batijournal.com\/index.php\/wp-json\/wp\/v2\/media\/80398"}],"wp:attachment":[{"href":"https:\/\/batijournal.com\/index.php\/wp-json\/wp\/v2\/media?parent=80397"}],"wp:term":[{"taxonomy":"category","embeddable":true,"href":"https:\/\/batijournal.com\/index.php\/wp-json\/wp\/v2\/categories?post=80397"},{"taxonomy":"post_tag","embeddable":true,"href":"https:\/\/batijournal.com\/index.php\/wp-json\/wp\/v2\/tags?post=80397"}],"curies":[{"name":"wp","href":"https:\/\/api.w.org\/{rel}","templated":true}]}}