{"id":80502,"date":"2007-03-23T00:00:00","date_gmt":"2007-03-22T23:00:00","guid":{"rendered":"http:\/\/b.bati-journal.com\/allons-voir-si-la-rose\/80502"},"modified":"2007-03-23T00:00:00","modified_gmt":"2007-03-22T23:00:00","slug":"allons-voir-si-la-rose","status":"publish","type":"post","link":"https:\/\/batijournal.com\/index.php\/allons-voir-si-la-rose\/80502\/","title":{"rendered":"Allons voir si la rose&#8230;"},"content":{"rendered":"<p>Cette 6e \u00e9dition des Journ\u00e9es de la rose, parrain\u00e9e par Yann Arthus-Bertrand, met \u00e0 l&rsquo;honneur les rosiers botaniques \u00e0 l&rsquo;origine de l&rsquo;incroyable vari\u00e9t\u00e9 de rosiers horticoles d&rsquo;aujourd&rsquo;hui. Ces rosiers, aux fleurs simples et parfum\u00e9es, constituent un patrimoine naturel d&rsquo;une grande diversit\u00e9 (plus de 140 esp\u00e8ces du genre Rosa poussent de fa\u00e7on spontan\u00e9e dans l&rsquo;h\u00e9misph\u00e8re nord, du Cercle polaire \u00e0 l&rsquo;\u00c9thiopie). Autour de ce th\u00e8me, pr\u00e8s de cent vingt p\u00e9pini\u00e9ristes, rosi\u00e9ristes, exposants d&rsquo;accessoires et d&rsquo;outillage de jardin seront r\u00e9unis sur le vaste domaine de Chaalis (60) pour accueillir les amoureux des roses et les amateurs de fleurs et de jardinage. Au programme, \u00e9galement, des conf\u00e9rences comme \u201cRose et parfumerie v\u00e9nitienne au XVIe si\u00e8cle\u201c, \u201cLe langage des fleurs : mythe ou r\u00e9alit\u00e9 ?\u201c ou \u201cLes Jardins de Roses\u201c. Journ\u00e9es de la rose, les 8, 9 et 10 juin 2007, Abbaye royale de Chaalis. Prix d&rsquo;entr\u00e9e : 8 euros pour les adultes<\/p>\n","protected":false},"excerpt":{"rendered":"<p>Cette 6e \u00e9dition des Journ\u00e9es de la rose, parrain\u00e9e par Yann Arthus-Bertrand, met \u00e0 l&rsquo;honneur les rosiers botaniques \u00e0 l&rsquo;origine de l&rsquo;incroyable vari\u00e9t\u00e9 de rosiers horticoles d&rsquo;aujourd&rsquo;hui. Ces rosiers, aux fleurs simples et parfum\u00e9es, constituent un patrimoine naturel d&rsquo;une grande diversit\u00e9 (plus de 140 esp\u00e8ces du genre Rosa poussent de fa\u00e7on spontan\u00e9e dans l&rsquo;h\u00e9misph\u00e8re nord, [&hellip;]<\/p>\n","protected":false},"author":1,"featured_media":0,"comment_status":"open","ping_status":"closed","sticky":false,"template":"","format":"standard","meta":{"_et_pb_use_builder":"","_et_pb_old_content":"","_et_gb_content_width":"","footnotes":""},"categories":[9192],"tags":[],"class_list":["post-80502","post","type-post","status-publish","format-standard","hentry","category-evenements"],"yoast_head":"<!-- This site is optimized with the Yoast SEO plugin v27.4 - https:\/\/yoast.com\/product\/yoast-seo-wordpress\/ -->\n<title>Allons voir si la rose...<\/title>\n<meta name=\"robots\" content=\"index, follow, max-snippet:-1, max-image-preview:large, max-video-preview:-1\" \/>\n<link rel=\"canonical\" href=\"https:\/\/batijournal.com\/index.php\/allons-voir-si-la-rose\/80502\/\" \/>\n<meta property=\"og:locale\" content=\"fr_FR\" \/>\n<meta property=\"og:type\" content=\"article\" \/>\n<meta property=\"og:title\" content=\"Allons voir si la rose...\" \/>\n<meta property=\"og:description\" content=\"Cette 6e \u00e9dition des Journ\u00e9es de la rose, parrain\u00e9e par Yann Arthus-Bertrand, met \u00e0 l&rsquo;honneur les rosiers botaniques \u00e0 l&rsquo;origine de l&rsquo;incroyable vari\u00e9t\u00e9 de rosiers horticoles d&rsquo;aujourd&rsquo;hui. Ces rosiers, aux fleurs simples et parfum\u00e9es, constituent un patrimoine naturel d&rsquo;une grande diversit\u00e9 (plus de 140 esp\u00e8ces du genre Rosa poussent de fa\u00e7on spontan\u00e9e dans l&rsquo;h\u00e9misph\u00e8re nord, [&hellip;]\" \/>\n<meta property=\"og:url\" content=\"https:\/\/batijournal.com\/index.php\/allons-voir-si-la-rose\/80502\/\" \/>\n<meta property=\"og:site_name\" content=\"Batijournal\" \/>\n<meta property=\"article:published_time\" content=\"2007-03-22T23:00:00+00:00\" \/>\n<meta name=\"author\" content=\"Bati-journal\" \/>\n<meta name=\"twitter:card\" content=\"summary_large_image\" \/>\n<meta name=\"twitter:creator\" content=\"@bati_journal\" \/>\n<meta name=\"twitter:site\" content=\"@bati_journal\" \/>\n<meta name=\"twitter:label1\" content=\"\u00c9crit par\" \/>\n\t<meta name=\"twitter:data1\" content=\"Bati-journal\" \/>\n\t<meta name=\"twitter:label2\" content=\"Dur\u00e9e de lecture estim\u00e9e\" \/>\n\t<meta name=\"twitter:data2\" content=\"1 minute\" \/>\n<script type=\"application\/ld+json\" class=\"yoast-schema-graph\">{\"@context\":\"https:\\\/\\\/schema.org\",\"@graph\":[{\"@type\":\"Article\",\"@id\":\"https:\\\/\\\/batijournal.com\\\/index.php\\\/allons-voir-si-la-rose\\\/80502\\\/#article\",\"isPartOf\":{\"@id\":\"https:\\\/\\\/batijournal.com\\\/index.php\\\/allons-voir-si-la-rose\\\/80502\\\/\"},\"author\":{\"name\":\"Bati-journal\",\"@id\":\"https:\\\/\\\/batijournal.com\\\/#\\\/schema\\\/person\\\/6a657e8967569e1b299972574848aa76\"},\"headline\":\"Allons voir si la rose&#8230;\",\"datePublished\":\"2007-03-22T23:00:00+00:00\",\"mainEntityOfPage\":{\"@id\":\"https:\\\/\\\/batijournal.com\\\/index.php\\\/allons-voir-si-la-rose\\\/80502\\\/\"},\"wordCount\":173,\"commentCount\":0,\"articleSection\":[\"\u00c9v\u00e9nements\"],\"inLanguage\":\"fr-FR\",\"potentialAction\":[{\"@type\":\"CommentAction\",\"name\":\"Comment\",\"target\":[\"https:\\\/\\\/batijournal.com\\\/index.php\\\/allons-voir-si-la-rose\\\/80502\\\/#respond\"]}]},{\"@type\":\"WebPage\",\"@id\":\"https:\\\/\\\/batijournal.com\\\/index.php\\\/allons-voir-si-la-rose\\\/80502\\\/\",\"url\":\"https:\\\/\\\/batijournal.com\\\/index.php\\\/allons-voir-si-la-rose\\\/80502\\\/\",\"name\":\"Allons voir si la rose...\",\"isPartOf\":{\"@id\":\"https:\\\/\\\/batijournal.com\\\/#website\"},\"datePublished\":\"2007-03-22T23:00:00+00:00\",\"author\":{\"@id\":\"https:\\\/\\\/batijournal.com\\\/#\\\/schema\\\/person\\\/6a657e8967569e1b299972574848aa76\"},\"breadcrumb\":{\"@id\":\"https:\\\/\\\/batijournal.com\\\/index.php\\\/allons-voir-si-la-rose\\\/80502\\\/#breadcrumb\"},\"inLanguage\":\"fr-FR\",\"potentialAction\":[{\"@type\":\"ReadAction\",\"target\":[\"https:\\\/\\\/batijournal.com\\\/index.php\\\/allons-voir-si-la-rose\\\/80502\\\/\"]}]},{\"@type\":\"BreadcrumbList\",\"@id\":\"https:\\\/\\\/batijournal.com\\\/index.php\\\/allons-voir-si-la-rose\\\/80502\\\/#breadcrumb\",\"itemListElement\":[{\"@type\":\"ListItem\",\"position\":1,\"name\":\"Accueil\",\"item\":\"https:\\\/\\\/batijournal.com\\\/\"},{\"@type\":\"ListItem\",\"position\":2,\"name\":\"\u00c9v\u00e9nements\",\"item\":\"https:\\\/\\\/batijournal.com\\\/index.php\\\/category\\\/evenements\\\/\"},{\"@type\":\"ListItem\",\"position\":3,\"name\":\"Allons voir si la rose&#8230;\"}]},{\"@type\":\"WebSite\",\"@id\":\"https:\\\/\\\/batijournal.com\\\/#website\",\"url\":\"https:\\\/\\\/batijournal.com\\\/\",\"name\":\"Batijournal\",\"description\":\"L&#039;actualit\u00e9 du b\u00e2timent\",\"potentialAction\":[{\"@type\":\"SearchAction\",\"target\":{\"@type\":\"EntryPoint\",\"urlTemplate\":\"https:\\\/\\\/batijournal.com\\\/?s={search_term_string}\"},\"query-input\":{\"@type\":\"PropertyValueSpecification\",\"valueRequired\":true,\"valueName\":\"search_term_string\"}}],\"inLanguage\":\"fr-FR\"},{\"@type\":\"Person\",\"@id\":\"https:\\\/\\\/batijournal.com\\\/#\\\/schema\\\/person\\\/6a657e8967569e1b299972574848aa76\",\"name\":\"Bati-journal\",\"image\":{\"@type\":\"ImageObject\",\"inLanguage\":\"fr-FR\",\"@id\":\"https:\\\/\\\/secure.gravatar.com\\\/avatar\\\/a64364ea26392f9b4dd47e017ddaec74ff03aefc073b49e492e847201258f777?s=96&d=mm&r=g\",\"url\":\"https:\\\/\\\/secure.gravatar.com\\\/avatar\\\/a64364ea26392f9b4dd47e017ddaec74ff03aefc073b49e492e847201258f777?s=96&d=mm&r=g\",\"contentUrl\":\"https:\\\/\\\/secure.gravatar.com\\\/avatar\\\/a64364ea26392f9b4dd47e017ddaec74ff03aefc073b49e492e847201258f777?s=96&d=mm&r=g\",\"caption\":\"Bati-journal\"},\"url\":\"https:\\\/\\\/batijournal.com\\\/index.php\\\/author\\\/elodie\\\/\"}]}<\/script>\n<!-- \/ Yoast SEO plugin. -->","yoast_head_json":{"title":"Allons voir si la rose...","robots":{"index":"index","follow":"follow","max-snippet":"max-snippet:-1","max-image-preview":"max-image-preview:large","max-video-preview":"max-video-preview:-1"},"canonical":"https:\/\/batijournal.com\/index.php\/allons-voir-si-la-rose\/80502\/","og_locale":"fr_FR","og_type":"article","og_title":"Allons voir si la rose...","og_description":"Cette 6e \u00e9dition des Journ\u00e9es de la rose, parrain\u00e9e par Yann Arthus-Bertrand, met \u00e0 l&rsquo;honneur les rosiers botaniques \u00e0 l&rsquo;origine de l&rsquo;incroyable vari\u00e9t\u00e9 de rosiers horticoles d&rsquo;aujourd&rsquo;hui. Ces rosiers, aux fleurs simples et parfum\u00e9es, constituent un patrimoine naturel d&rsquo;une grande diversit\u00e9 (plus de 140 esp\u00e8ces du genre Rosa poussent de fa\u00e7on spontan\u00e9e dans l&rsquo;h\u00e9misph\u00e8re nord, [&hellip;]","og_url":"https:\/\/batijournal.com\/index.php\/allons-voir-si-la-rose\/80502\/","og_site_name":"Batijournal","article_published_time":"2007-03-22T23:00:00+00:00","author":"Bati-journal","twitter_card":"summary_large_image","twitter_creator":"@bati_journal","twitter_site":"@bati_journal","twitter_misc":{"\u00c9crit par":"Bati-journal","Dur\u00e9e de lecture estim\u00e9e":"1 minute"},"schema":{"@context":"https:\/\/schema.org","@graph":[{"@type":"Article","@id":"https:\/\/batijournal.com\/index.php\/allons-voir-si-la-rose\/80502\/#article","isPartOf":{"@id":"https:\/\/batijournal.com\/index.php\/allons-voir-si-la-rose\/80502\/"},"author":{"name":"Bati-journal","@id":"https:\/\/batijournal.com\/#\/schema\/person\/6a657e8967569e1b299972574848aa76"},"headline":"Allons voir si la rose&#8230;","datePublished":"2007-03-22T23:00:00+00:00","mainEntityOfPage":{"@id":"https:\/\/batijournal.com\/index.php\/allons-voir-si-la-rose\/80502\/"},"wordCount":173,"commentCount":0,"articleSection":["\u00c9v\u00e9nements"],"inLanguage":"fr-FR","potentialAction":[{"@type":"CommentAction","name":"Comment","target":["https:\/\/batijournal.com\/index.php\/allons-voir-si-la-rose\/80502\/#respond"]}]},{"@type":"WebPage","@id":"https:\/\/batijournal.com\/index.php\/allons-voir-si-la-rose\/80502\/","url":"https:\/\/batijournal.com\/index.php\/allons-voir-si-la-rose\/80502\/","name":"Allons voir si la rose...","isPartOf":{"@id":"https:\/\/batijournal.com\/#website"},"datePublished":"2007-03-22T23:00:00+00:00","author":{"@id":"https:\/\/batijournal.com\/#\/schema\/person\/6a657e8967569e1b299972574848aa76"},"breadcrumb":{"@id":"https:\/\/batijournal.com\/index.php\/allons-voir-si-la-rose\/80502\/#breadcrumb"},"inLanguage":"fr-FR","potentialAction":[{"@type":"ReadAction","target":["https:\/\/batijournal.com\/index.php\/allons-voir-si-la-rose\/80502\/"]}]},{"@type":"BreadcrumbList","@id":"https:\/\/batijournal.com\/index.php\/allons-voir-si-la-rose\/80502\/#breadcrumb","itemListElement":[{"@type":"ListItem","position":1,"name":"Accueil","item":"https:\/\/batijournal.com\/"},{"@type":"ListItem","position":2,"name":"\u00c9v\u00e9nements","item":"https:\/\/batijournal.com\/index.php\/category\/evenements\/"},{"@type":"ListItem","position":3,"name":"Allons voir si la rose&#8230;"}]},{"@type":"WebSite","@id":"https:\/\/batijournal.com\/#website","url":"https:\/\/batijournal.com\/","name":"Batijournal","description":"L&#039;actualit\u00e9 du b\u00e2timent","potentialAction":[{"@type":"SearchAction","target":{"@type":"EntryPoint","urlTemplate":"https:\/\/batijournal.com\/?s={search_term_string}"},"query-input":{"@type":"PropertyValueSpecification","valueRequired":true,"valueName":"search_term_string"}}],"inLanguage":"fr-FR"},{"@type":"Person","@id":"https:\/\/batijournal.com\/#\/schema\/person\/6a657e8967569e1b299972574848aa76","name":"Bati-journal","image":{"@type":"ImageObject","inLanguage":"fr-FR","@id":"https:\/\/secure.gravatar.com\/avatar\/a64364ea26392f9b4dd47e017ddaec74ff03aefc073b49e492e847201258f777?s=96&d=mm&r=g","url":"https:\/\/secure.gravatar.com\/avatar\/a64364ea26392f9b4dd47e017ddaec74ff03aefc073b49e492e847201258f777?s=96&d=mm&r=g","contentUrl":"https:\/\/secure.gravatar.com\/avatar\/a64364ea26392f9b4dd47e017ddaec74ff03aefc073b49e492e847201258f777?s=96&d=mm&r=g","caption":"Bati-journal"},"url":"https:\/\/batijournal.com\/index.php\/author\/elodie\/"}]}},"_links":{"self":[{"href":"https:\/\/batijournal.com\/index.php\/wp-json\/wp\/v2\/posts\/80502","targetHints":{"allow":["GET"]}}],"collection":[{"href":"https:\/\/batijournal.com\/index.php\/wp-json\/wp\/v2\/posts"}],"about":[{"href":"https:\/\/batijournal.com\/index.php\/wp-json\/wp\/v2\/types\/post"}],"author":[{"embeddable":true,"href":"https:\/\/batijournal.com\/index.php\/wp-json\/wp\/v2\/users\/1"}],"replies":[{"embeddable":true,"href":"https:\/\/batijournal.com\/index.php\/wp-json\/wp\/v2\/comments?post=80502"}],"version-history":[{"count":0,"href":"https:\/\/batijournal.com\/index.php\/wp-json\/wp\/v2\/posts\/80502\/revisions"}],"wp:attachment":[{"href":"https:\/\/batijournal.com\/index.php\/wp-json\/wp\/v2\/media?parent=80502"}],"wp:term":[{"taxonomy":"category","embeddable":true,"href":"https:\/\/batijournal.com\/index.php\/wp-json\/wp\/v2\/categories?post=80502"},{"taxonomy":"post_tag","embeddable":true,"href":"https:\/\/batijournal.com\/index.php\/wp-json\/wp\/v2\/tags?post=80502"}],"curies":[{"name":"wp","href":"https:\/\/api.w.org\/{rel}","templated":true}]}}