{"id":80516,"date":"2007-04-17T09:58:36","date_gmt":"2007-04-17T07:58:36","guid":{"rendered":"http:\/\/b.bati-journal.com\/un-salon-du-bois-dans-les-ardennes\/80516"},"modified":"2007-04-17T09:58:36","modified_gmt":"2007-04-17T07:58:36","slug":"un-salon-du-bois-dans-les-ardennes","status":"publish","type":"post","link":"https:\/\/batijournal.com\/index.php\/un-salon-du-bois-dans-les-ardennes\/80516\/","title":{"rendered":"Un salon du bois dans les Ardennes"},"content":{"rendered":"<p>Le 6e salon du Bois \u00e0 Signy-l&rsquo;Abbaye, organis\u00e9 par l&rsquo;association P\u00f4le Bois Ardennes, est un rassemblement des professionnels de la fili\u00e8re existant depuis 2002. Son but est d&rsquo;organiser une rencontre entre habitants et professionnels d&rsquo;un m\u00eame territoire.\u00a0 Aupr\u00e8s des chauffagistes, constructeurs, \u00e9b\u00e9nistes et artisans venus r\u00e9pondre aux questions du public, les centres de formation locaux pr\u00e9senteront les formations professionnelles dans les domaines des travaux forestiers, et du travail du bois dans les m\u00e9tiers du b\u00e2timent. Au programme \u00e9galement, une visite de chaufferie bois dans le village, propos\u00e9e par l&rsquo;Agence locale de l&rsquo;\u00e9nergie des Ardennes. Cette manifestation s&rsquo;inscrit\u00a0dans le cadre de la Semaine du bois que l&rsquo;association coordonne au niveau d\u00e9partemental. Programme complet : Amandine Lebrun, 03 24 35 22 22.<\/p>\n","protected":false},"excerpt":{"rendered":"<p>Le 6e salon du Bois \u00e0 Signy-l&rsquo;Abbaye, organis\u00e9 par l&rsquo;association P\u00f4le Bois Ardennes, est un rassemblement des professionnels de la fili\u00e8re existant depuis 2002. Son but est d&rsquo;organiser une rencontre entre habitants et professionnels d&rsquo;un m\u00eame territoire.\u00a0 Aupr\u00e8s des chauffagistes, constructeurs, \u00e9b\u00e9nistes et artisans venus r\u00e9pondre aux questions du public, les centres de formation locaux [&hellip;]<\/p>\n","protected":false},"author":1,"featured_media":80517,"comment_status":"open","ping_status":"closed","sticky":false,"template":"","format":"standard","meta":{"_et_pb_use_builder":"","_et_pb_old_content":"","_et_gb_content_width":"","footnotes":""},"categories":[9192],"tags":[6395,9353],"class_list":["post-80516","post","type-post","status-publish","format-standard","has-post-thumbnail","hentry","category-evenements","tag-salon-salon","tag-semaine-du-bois"],"yoast_head":"<!-- This site is optimized with the Yoast SEO plugin v27.4 - https:\/\/yoast.com\/product\/yoast-seo-wordpress\/ -->\n<title>Un salon du bois dans les Ardennes<\/title>\n<meta name=\"robots\" content=\"index, follow, max-snippet:-1, max-image-preview:large, max-video-preview:-1\" \/>\n<link rel=\"canonical\" href=\"https:\/\/batijournal.com\/index.php\/un-salon-du-bois-dans-les-ardennes\/80516\/\" \/>\n<meta property=\"og:locale\" content=\"fr_FR\" \/>\n<meta property=\"og:type\" content=\"article\" \/>\n<meta property=\"og:title\" content=\"Un salon du bois dans les Ardennes\" \/>\n<meta property=\"og:description\" content=\"Le 6e salon du Bois \u00e0 Signy-l&rsquo;Abbaye, organis\u00e9 par l&rsquo;association P\u00f4le Bois Ardennes, est un rassemblement des professionnels de la fili\u00e8re existant depuis 2002. Son but est d&rsquo;organiser une rencontre entre habitants et professionnels d&rsquo;un m\u00eame territoire.\u00a0 Aupr\u00e8s des chauffagistes, constructeurs, \u00e9b\u00e9nistes et artisans venus r\u00e9pondre aux questions du public, les centres de formation locaux [&hellip;]\" \/>\n<meta property=\"og:url\" content=\"https:\/\/batijournal.com\/index.php\/un-salon-du-bois-dans-les-ardennes\/80516\/\" \/>\n<meta property=\"og:site_name\" content=\"Batijournal\" \/>\n<meta property=\"article:published_time\" content=\"2007-04-17T07:58:36+00:00\" \/>\n<meta property=\"og:image\" content=\"https:\/\/batijournal.com\/wp-content\/uploads\/2015\/03\/001342.jpg\" \/>\n\t<meta property=\"og:image:width\" content=\"600\" \/>\n\t<meta property=\"og:image:height\" content=\"450\" \/>\n\t<meta property=\"og:image:type\" content=\"image\/jpeg\" \/>\n<meta name=\"author\" content=\"Bati-journal\" \/>\n<meta name=\"twitter:card\" content=\"summary_large_image\" \/>\n<meta name=\"twitter:creator\" content=\"@bati_journal\" \/>\n<meta name=\"twitter:site\" content=\"@bati_journal\" \/>\n<meta name=\"twitter:label1\" content=\"\u00c9crit par\" \/>\n\t<meta name=\"twitter:data1\" content=\"Bati-journal\" \/>\n\t<meta name=\"twitter:label2\" content=\"Dur\u00e9e de lecture estim\u00e9e\" \/>\n\t<meta name=\"twitter:data2\" content=\"1 minute\" \/>\n<script type=\"application\/ld+json\" class=\"yoast-schema-graph\">{\"@context\":\"https:\\\/\\\/schema.org\",\"@graph\":[{\"@type\":\"Article\",\"@id\":\"https:\\\/\\\/batijournal.com\\\/index.php\\\/un-salon-du-bois-dans-les-ardennes\\\/80516\\\/#article\",\"isPartOf\":{\"@id\":\"https:\\\/\\\/batijournal.com\\\/index.php\\\/un-salon-du-bois-dans-les-ardennes\\\/80516\\\/\"},\"author\":{\"name\":\"Bati-journal\",\"@id\":\"https:\\\/\\\/batijournal.com\\\/#\\\/schema\\\/person\\\/6a657e8967569e1b299972574848aa76\"},\"headline\":\"Un salon du bois dans les Ardennes\",\"datePublished\":\"2007-04-17T07:58:36+00:00\",\"mainEntityOfPage\":{\"@id\":\"https:\\\/\\\/batijournal.com\\\/index.php\\\/un-salon-du-bois-dans-les-ardennes\\\/80516\\\/\"},\"wordCount\":139,\"commentCount\":0,\"image\":{\"@id\":\"https:\\\/\\\/batijournal.com\\\/index.php\\\/un-salon-du-bois-dans-les-ardennes\\\/80516\\\/#primaryimage\"},\"thumbnailUrl\":\"https:\\\/\\\/batijournal.com\\\/wp-content\\\/uploads\\\/2015\\\/03\\\/001342.jpg\",\"keywords\":[\"salon salon\",\"semaine du bois\"],\"articleSection\":[\"\u00c9v\u00e9nements\"],\"inLanguage\":\"fr-FR\",\"potentialAction\":[{\"@type\":\"CommentAction\",\"name\":\"Comment\",\"target\":[\"https:\\\/\\\/batijournal.com\\\/index.php\\\/un-salon-du-bois-dans-les-ardennes\\\/80516\\\/#respond\"]}]},{\"@type\":\"WebPage\",\"@id\":\"https:\\\/\\\/batijournal.com\\\/index.php\\\/un-salon-du-bois-dans-les-ardennes\\\/80516\\\/\",\"url\":\"https:\\\/\\\/batijournal.com\\\/index.php\\\/un-salon-du-bois-dans-les-ardennes\\\/80516\\\/\",\"name\":\"Un salon du bois dans les Ardennes\",\"isPartOf\":{\"@id\":\"https:\\\/\\\/batijournal.com\\\/#website\"},\"primaryImageOfPage\":{\"@id\":\"https:\\\/\\\/batijournal.com\\\/index.php\\\/un-salon-du-bois-dans-les-ardennes\\\/80516\\\/#primaryimage\"},\"image\":{\"@id\":\"https:\\\/\\\/batijournal.com\\\/index.php\\\/un-salon-du-bois-dans-les-ardennes\\\/80516\\\/#primaryimage\"},\"thumbnailUrl\":\"https:\\\/\\\/batijournal.com\\\/wp-content\\\/uploads\\\/2015\\\/03\\\/001342.jpg\",\"datePublished\":\"2007-04-17T07:58:36+00:00\",\"author\":{\"@id\":\"https:\\\/\\\/batijournal.com\\\/#\\\/schema\\\/person\\\/6a657e8967569e1b299972574848aa76\"},\"breadcrumb\":{\"@id\":\"https:\\\/\\\/batijournal.com\\\/index.php\\\/un-salon-du-bois-dans-les-ardennes\\\/80516\\\/#breadcrumb\"},\"inLanguage\":\"fr-FR\",\"potentialAction\":[{\"@type\":\"ReadAction\",\"target\":[\"https:\\\/\\\/batijournal.com\\\/index.php\\\/un-salon-du-bois-dans-les-ardennes\\\/80516\\\/\"]}]},{\"@type\":\"ImageObject\",\"inLanguage\":\"fr-FR\",\"@id\":\"https:\\\/\\\/batijournal.com\\\/index.php\\\/un-salon-du-bois-dans-les-ardennes\\\/80516\\\/#primaryimage\",\"url\":\"https:\\\/\\\/batijournal.com\\\/wp-content\\\/uploads\\\/2015\\\/03\\\/001342.jpg\",\"contentUrl\":\"https:\\\/\\\/batijournal.com\\\/wp-content\\\/uploads\\\/2015\\\/03\\\/001342.jpg\",\"width\":600,\"height\":450},{\"@type\":\"BreadcrumbList\",\"@id\":\"https:\\\/\\\/batijournal.com\\\/index.php\\\/un-salon-du-bois-dans-les-ardennes\\\/80516\\\/#breadcrumb\",\"itemListElement\":[{\"@type\":\"ListItem\",\"position\":1,\"name\":\"Accueil\",\"item\":\"https:\\\/\\\/batijournal.com\\\/\"},{\"@type\":\"ListItem\",\"position\":2,\"name\":\"\u00c9v\u00e9nements\",\"item\":\"https:\\\/\\\/batijournal.com\\\/index.php\\\/category\\\/evenements\\\/\"},{\"@type\":\"ListItem\",\"position\":3,\"name\":\"Un salon du bois dans les Ardennes\"}]},{\"@type\":\"WebSite\",\"@id\":\"https:\\\/\\\/batijournal.com\\\/#website\",\"url\":\"https:\\\/\\\/batijournal.com\\\/\",\"name\":\"Batijournal\",\"description\":\"L&#039;actualit\u00e9 du b\u00e2timent\",\"potentialAction\":[{\"@type\":\"SearchAction\",\"target\":{\"@type\":\"EntryPoint\",\"urlTemplate\":\"https:\\\/\\\/batijournal.com\\\/?s={search_term_string}\"},\"query-input\":{\"@type\":\"PropertyValueSpecification\",\"valueRequired\":true,\"valueName\":\"search_term_string\"}}],\"inLanguage\":\"fr-FR\"},{\"@type\":\"Person\",\"@id\":\"https:\\\/\\\/batijournal.com\\\/#\\\/schema\\\/person\\\/6a657e8967569e1b299972574848aa76\",\"name\":\"Bati-journal\",\"image\":{\"@type\":\"ImageObject\",\"inLanguage\":\"fr-FR\",\"@id\":\"https:\\\/\\\/secure.gravatar.com\\\/avatar\\\/a64364ea26392f9b4dd47e017ddaec74ff03aefc073b49e492e847201258f777?s=96&d=mm&r=g\",\"url\":\"https:\\\/\\\/secure.gravatar.com\\\/avatar\\\/a64364ea26392f9b4dd47e017ddaec74ff03aefc073b49e492e847201258f777?s=96&d=mm&r=g\",\"contentUrl\":\"https:\\\/\\\/secure.gravatar.com\\\/avatar\\\/a64364ea26392f9b4dd47e017ddaec74ff03aefc073b49e492e847201258f777?s=96&d=mm&r=g\",\"caption\":\"Bati-journal\"},\"url\":\"https:\\\/\\\/batijournal.com\\\/index.php\\\/author\\\/elodie\\\/\"}]}<\/script>\n<!-- \/ Yoast SEO plugin. -->","yoast_head_json":{"title":"Un salon du bois dans les Ardennes","robots":{"index":"index","follow":"follow","max-snippet":"max-snippet:-1","max-image-preview":"max-image-preview:large","max-video-preview":"max-video-preview:-1"},"canonical":"https:\/\/batijournal.com\/index.php\/un-salon-du-bois-dans-les-ardennes\/80516\/","og_locale":"fr_FR","og_type":"article","og_title":"Un salon du bois dans les Ardennes","og_description":"Le 6e salon du Bois \u00e0 Signy-l&rsquo;Abbaye, organis\u00e9 par l&rsquo;association P\u00f4le Bois Ardennes, est un rassemblement des professionnels de la fili\u00e8re existant depuis 2002. Son but est d&rsquo;organiser une rencontre entre habitants et professionnels d&rsquo;un m\u00eame territoire.\u00a0 Aupr\u00e8s des chauffagistes, constructeurs, \u00e9b\u00e9nistes et artisans venus r\u00e9pondre aux questions du public, les centres de formation locaux [&hellip;]","og_url":"https:\/\/batijournal.com\/index.php\/un-salon-du-bois-dans-les-ardennes\/80516\/","og_site_name":"Batijournal","article_published_time":"2007-04-17T07:58:36+00:00","og_image":[{"width":600,"height":450,"url":"https:\/\/batijournal.com\/wp-content\/uploads\/2015\/03\/001342.jpg","type":"image\/jpeg"}],"author":"Bati-journal","twitter_card":"summary_large_image","twitter_creator":"@bati_journal","twitter_site":"@bati_journal","twitter_misc":{"\u00c9crit par":"Bati-journal","Dur\u00e9e de lecture estim\u00e9e":"1 minute"},"schema":{"@context":"https:\/\/schema.org","@graph":[{"@type":"Article","@id":"https:\/\/batijournal.com\/index.php\/un-salon-du-bois-dans-les-ardennes\/80516\/#article","isPartOf":{"@id":"https:\/\/batijournal.com\/index.php\/un-salon-du-bois-dans-les-ardennes\/80516\/"},"author":{"name":"Bati-journal","@id":"https:\/\/batijournal.com\/#\/schema\/person\/6a657e8967569e1b299972574848aa76"},"headline":"Un salon du bois dans les Ardennes","datePublished":"2007-04-17T07:58:36+00:00","mainEntityOfPage":{"@id":"https:\/\/batijournal.com\/index.php\/un-salon-du-bois-dans-les-ardennes\/80516\/"},"wordCount":139,"commentCount":0,"image":{"@id":"https:\/\/batijournal.com\/index.php\/un-salon-du-bois-dans-les-ardennes\/80516\/#primaryimage"},"thumbnailUrl":"https:\/\/batijournal.com\/wp-content\/uploads\/2015\/03\/001342.jpg","keywords":["salon salon","semaine du bois"],"articleSection":["\u00c9v\u00e9nements"],"inLanguage":"fr-FR","potentialAction":[{"@type":"CommentAction","name":"Comment","target":["https:\/\/batijournal.com\/index.php\/un-salon-du-bois-dans-les-ardennes\/80516\/#respond"]}]},{"@type":"WebPage","@id":"https:\/\/batijournal.com\/index.php\/un-salon-du-bois-dans-les-ardennes\/80516\/","url":"https:\/\/batijournal.com\/index.php\/un-salon-du-bois-dans-les-ardennes\/80516\/","name":"Un salon du bois dans les Ardennes","isPartOf":{"@id":"https:\/\/batijournal.com\/#website"},"primaryImageOfPage":{"@id":"https:\/\/batijournal.com\/index.php\/un-salon-du-bois-dans-les-ardennes\/80516\/#primaryimage"},"image":{"@id":"https:\/\/batijournal.com\/index.php\/un-salon-du-bois-dans-les-ardennes\/80516\/#primaryimage"},"thumbnailUrl":"https:\/\/batijournal.com\/wp-content\/uploads\/2015\/03\/001342.jpg","datePublished":"2007-04-17T07:58:36+00:00","author":{"@id":"https:\/\/batijournal.com\/#\/schema\/person\/6a657e8967569e1b299972574848aa76"},"breadcrumb":{"@id":"https:\/\/batijournal.com\/index.php\/un-salon-du-bois-dans-les-ardennes\/80516\/#breadcrumb"},"inLanguage":"fr-FR","potentialAction":[{"@type":"ReadAction","target":["https:\/\/batijournal.com\/index.php\/un-salon-du-bois-dans-les-ardennes\/80516\/"]}]},{"@type":"ImageObject","inLanguage":"fr-FR","@id":"https:\/\/batijournal.com\/index.php\/un-salon-du-bois-dans-les-ardennes\/80516\/#primaryimage","url":"https:\/\/batijournal.com\/wp-content\/uploads\/2015\/03\/001342.jpg","contentUrl":"https:\/\/batijournal.com\/wp-content\/uploads\/2015\/03\/001342.jpg","width":600,"height":450},{"@type":"BreadcrumbList","@id":"https:\/\/batijournal.com\/index.php\/un-salon-du-bois-dans-les-ardennes\/80516\/#breadcrumb","itemListElement":[{"@type":"ListItem","position":1,"name":"Accueil","item":"https:\/\/batijournal.com\/"},{"@type":"ListItem","position":2,"name":"\u00c9v\u00e9nements","item":"https:\/\/batijournal.com\/index.php\/category\/evenements\/"},{"@type":"ListItem","position":3,"name":"Un salon du bois dans les Ardennes"}]},{"@type":"WebSite","@id":"https:\/\/batijournal.com\/#website","url":"https:\/\/batijournal.com\/","name":"Batijournal","description":"L&#039;actualit\u00e9 du b\u00e2timent","potentialAction":[{"@type":"SearchAction","target":{"@type":"EntryPoint","urlTemplate":"https:\/\/batijournal.com\/?s={search_term_string}"},"query-input":{"@type":"PropertyValueSpecification","valueRequired":true,"valueName":"search_term_string"}}],"inLanguage":"fr-FR"},{"@type":"Person","@id":"https:\/\/batijournal.com\/#\/schema\/person\/6a657e8967569e1b299972574848aa76","name":"Bati-journal","image":{"@type":"ImageObject","inLanguage":"fr-FR","@id":"https:\/\/secure.gravatar.com\/avatar\/a64364ea26392f9b4dd47e017ddaec74ff03aefc073b49e492e847201258f777?s=96&d=mm&r=g","url":"https:\/\/secure.gravatar.com\/avatar\/a64364ea26392f9b4dd47e017ddaec74ff03aefc073b49e492e847201258f777?s=96&d=mm&r=g","contentUrl":"https:\/\/secure.gravatar.com\/avatar\/a64364ea26392f9b4dd47e017ddaec74ff03aefc073b49e492e847201258f777?s=96&d=mm&r=g","caption":"Bati-journal"},"url":"https:\/\/batijournal.com\/index.php\/author\/elodie\/"}]}},"_links":{"self":[{"href":"https:\/\/batijournal.com\/index.php\/wp-json\/wp\/v2\/posts\/80516","targetHints":{"allow":["GET"]}}],"collection":[{"href":"https:\/\/batijournal.com\/index.php\/wp-json\/wp\/v2\/posts"}],"about":[{"href":"https:\/\/batijournal.com\/index.php\/wp-json\/wp\/v2\/types\/post"}],"author":[{"embeddable":true,"href":"https:\/\/batijournal.com\/index.php\/wp-json\/wp\/v2\/users\/1"}],"replies":[{"embeddable":true,"href":"https:\/\/batijournal.com\/index.php\/wp-json\/wp\/v2\/comments?post=80516"}],"version-history":[{"count":0,"href":"https:\/\/batijournal.com\/index.php\/wp-json\/wp\/v2\/posts\/80516\/revisions"}],"wp:featuredmedia":[{"embeddable":true,"href":"https:\/\/batijournal.com\/index.php\/wp-json\/wp\/v2\/media\/80517"}],"wp:attachment":[{"href":"https:\/\/batijournal.com\/index.php\/wp-json\/wp\/v2\/media?parent=80516"}],"wp:term":[{"taxonomy":"category","embeddable":true,"href":"https:\/\/batijournal.com\/index.php\/wp-json\/wp\/v2\/categories?post=80516"},{"taxonomy":"post_tag","embeddable":true,"href":"https:\/\/batijournal.com\/index.php\/wp-json\/wp\/v2\/tags?post=80516"}],"curies":[{"name":"wp","href":"https:\/\/api.w.org\/{rel}","templated":true}]}}