{"id":80543,"date":"2007-05-31T11:41:17","date_gmt":"2007-05-31T09:41:17","guid":{"rendered":"http:\/\/b.bati-journal.com\/haute-savoie-2e-journees-europeennes-de-la-foret-de-montagne\/80543"},"modified":"2007-05-31T11:41:17","modified_gmt":"2007-05-31T09:41:17","slug":"haute-savoie-2e-journees-europeennes-de-la-foret-de-montagne","status":"publish","type":"post","link":"https:\/\/batijournal.com\/index.php\/haute-savoie-2e-journees-europeennes-de-la-foret-de-montagne\/80543\/","title":{"rendered":"Haute-Savoie : 2e Journ\u00e9es europ\u00e9ennes de la for\u00eat de montagne"},"content":{"rendered":"<p>La for\u00eat de montagne tient une place importante en Europe, tant en termes de surface que de production, d&rsquo;environnement, de tourisme et de loisirs. L&rsquo;objectif de ces deux journ\u00e9es est d&rsquo;initier des \u00e9changes au niveau europ\u00e9en, de sensibiliser les acteurs du secteur au r\u00f4le de la for\u00eat et de conforter les d\u00e9bouch\u00e9s du bois de montagne. Au programme, des sessions techniques autour des exp\u00e9riences de gestion durable, des tables rondes, des projections de films et des expositions. Cet \u00e9v\u00e9nement se d\u00e9roulera en parall\u00e8le de \u201cBilles de bois\u201c, une manifestation visant la d\u00e9couverte par le grand public de l&rsquo;importance de cette ressource locale. Les Gets, salle de la Colombi\u00e8re<\/p>\n","protected":false},"excerpt":{"rendered":"<p>La for\u00eat de montagne tient une place importante en Europe, tant en termes de surface que de production, d&rsquo;environnement, de tourisme et de loisirs. L&rsquo;objectif de ces deux journ\u00e9es est d&rsquo;initier des \u00e9changes au niveau europ\u00e9en, de sensibiliser les acteurs du secteur au r\u00f4le de la for\u00eat et de conforter les d\u00e9bouch\u00e9s du bois de [&hellip;]<\/p>\n","protected":false},"author":1,"featured_media":0,"comment_status":"open","ping_status":"closed","sticky":false,"template":"","format":"standard","meta":{"_et_pb_use_builder":"","_et_pb_old_content":"","_et_gb_content_width":"","footnotes":""},"categories":[9192],"tags":[772],"class_list":["post-80543","post","type-post","status-publish","format-standard","hentry","category-evenements","tag-foret"],"yoast_head":"<!-- This site is optimized with the Yoast SEO plugin v27.4 - https:\/\/yoast.com\/product\/yoast-seo-wordpress\/ -->\n<title>Haute-Savoie : 2e Journ\u00e9es europ\u00e9ennes de la for\u00eat de montagne<\/title>\n<meta name=\"robots\" content=\"index, follow, max-snippet:-1, max-image-preview:large, max-video-preview:-1\" \/>\n<link rel=\"canonical\" href=\"https:\/\/batijournal.com\/index.php\/haute-savoie-2e-journees-europeennes-de-la-foret-de-montagne\/80543\/\" \/>\n<meta property=\"og:locale\" content=\"fr_FR\" \/>\n<meta property=\"og:type\" content=\"article\" \/>\n<meta property=\"og:title\" content=\"Haute-Savoie : 2e Journ\u00e9es europ\u00e9ennes de la for\u00eat de montagne\" \/>\n<meta property=\"og:description\" content=\"La for\u00eat de montagne tient une place importante en Europe, tant en termes de surface que de production, d&rsquo;environnement, de tourisme et de loisirs. L&rsquo;objectif de ces deux journ\u00e9es est d&rsquo;initier des \u00e9changes au niveau europ\u00e9en, de sensibiliser les acteurs du secteur au r\u00f4le de la for\u00eat et de conforter les d\u00e9bouch\u00e9s du bois de [&hellip;]\" \/>\n<meta property=\"og:url\" content=\"https:\/\/batijournal.com\/index.php\/haute-savoie-2e-journees-europeennes-de-la-foret-de-montagne\/80543\/\" \/>\n<meta property=\"og:site_name\" content=\"Batijournal\" \/>\n<meta property=\"article:published_time\" content=\"2007-05-31T09:41:17+00:00\" \/>\n<meta name=\"author\" content=\"Bati-journal\" \/>\n<meta name=\"twitter:card\" content=\"summary_large_image\" \/>\n<meta name=\"twitter:creator\" content=\"@bati_journal\" \/>\n<meta name=\"twitter:site\" content=\"@bati_journal\" \/>\n<meta name=\"twitter:label1\" content=\"\u00c9crit par\" \/>\n\t<meta name=\"twitter:data1\" content=\"Bati-journal\" \/>\n\t<meta name=\"twitter:label2\" content=\"Dur\u00e9e de lecture estim\u00e9e\" \/>\n\t<meta name=\"twitter:data2\" content=\"1 minute\" \/>\n<script type=\"application\/ld+json\" class=\"yoast-schema-graph\">{\"@context\":\"https:\\\/\\\/schema.org\",\"@graph\":[{\"@type\":\"Article\",\"@id\":\"https:\\\/\\\/batijournal.com\\\/index.php\\\/haute-savoie-2e-journees-europeennes-de-la-foret-de-montagne\\\/80543\\\/#article\",\"isPartOf\":{\"@id\":\"https:\\\/\\\/batijournal.com\\\/index.php\\\/haute-savoie-2e-journees-europeennes-de-la-foret-de-montagne\\\/80543\\\/\"},\"author\":{\"name\":\"Bati-journal\",\"@id\":\"https:\\\/\\\/batijournal.com\\\/#\\\/schema\\\/person\\\/6a657e8967569e1b299972574848aa76\"},\"headline\":\"Haute-Savoie : 2e Journ\u00e9es europ\u00e9ennes de la for\u00eat de montagne\",\"datePublished\":\"2007-05-31T09:41:17+00:00\",\"mainEntityOfPage\":{\"@id\":\"https:\\\/\\\/batijournal.com\\\/index.php\\\/haute-savoie-2e-journees-europeennes-de-la-foret-de-montagne\\\/80543\\\/\"},\"wordCount\":137,\"commentCount\":0,\"keywords\":[\"for\u00eat\"],\"articleSection\":[\"\u00c9v\u00e9nements\"],\"inLanguage\":\"fr-FR\",\"potentialAction\":[{\"@type\":\"CommentAction\",\"name\":\"Comment\",\"target\":[\"https:\\\/\\\/batijournal.com\\\/index.php\\\/haute-savoie-2e-journees-europeennes-de-la-foret-de-montagne\\\/80543\\\/#respond\"]}]},{\"@type\":\"WebPage\",\"@id\":\"https:\\\/\\\/batijournal.com\\\/index.php\\\/haute-savoie-2e-journees-europeennes-de-la-foret-de-montagne\\\/80543\\\/\",\"url\":\"https:\\\/\\\/batijournal.com\\\/index.php\\\/haute-savoie-2e-journees-europeennes-de-la-foret-de-montagne\\\/80543\\\/\",\"name\":\"Haute-Savoie : 2e Journ\u00e9es europ\u00e9ennes de la for\u00eat de montagne\",\"isPartOf\":{\"@id\":\"https:\\\/\\\/batijournal.com\\\/#website\"},\"datePublished\":\"2007-05-31T09:41:17+00:00\",\"author\":{\"@id\":\"https:\\\/\\\/batijournal.com\\\/#\\\/schema\\\/person\\\/6a657e8967569e1b299972574848aa76\"},\"breadcrumb\":{\"@id\":\"https:\\\/\\\/batijournal.com\\\/index.php\\\/haute-savoie-2e-journees-europeennes-de-la-foret-de-montagne\\\/80543\\\/#breadcrumb\"},\"inLanguage\":\"fr-FR\",\"potentialAction\":[{\"@type\":\"ReadAction\",\"target\":[\"https:\\\/\\\/batijournal.com\\\/index.php\\\/haute-savoie-2e-journees-europeennes-de-la-foret-de-montagne\\\/80543\\\/\"]}]},{\"@type\":\"BreadcrumbList\",\"@id\":\"https:\\\/\\\/batijournal.com\\\/index.php\\\/haute-savoie-2e-journees-europeennes-de-la-foret-de-montagne\\\/80543\\\/#breadcrumb\",\"itemListElement\":[{\"@type\":\"ListItem\",\"position\":1,\"name\":\"Accueil\",\"item\":\"https:\\\/\\\/batijournal.com\\\/\"},{\"@type\":\"ListItem\",\"position\":2,\"name\":\"\u00c9v\u00e9nements\",\"item\":\"https:\\\/\\\/batijournal.com\\\/index.php\\\/category\\\/evenements\\\/\"},{\"@type\":\"ListItem\",\"position\":3,\"name\":\"Haute-Savoie : 2e Journ\u00e9es europ\u00e9ennes de la for\u00eat de montagne\"}]},{\"@type\":\"WebSite\",\"@id\":\"https:\\\/\\\/batijournal.com\\\/#website\",\"url\":\"https:\\\/\\\/batijournal.com\\\/\",\"name\":\"Batijournal\",\"description\":\"L&#039;actualit\u00e9 du b\u00e2timent\",\"potentialAction\":[{\"@type\":\"SearchAction\",\"target\":{\"@type\":\"EntryPoint\",\"urlTemplate\":\"https:\\\/\\\/batijournal.com\\\/?s={search_term_string}\"},\"query-input\":{\"@type\":\"PropertyValueSpecification\",\"valueRequired\":true,\"valueName\":\"search_term_string\"}}],\"inLanguage\":\"fr-FR\"},{\"@type\":\"Person\",\"@id\":\"https:\\\/\\\/batijournal.com\\\/#\\\/schema\\\/person\\\/6a657e8967569e1b299972574848aa76\",\"name\":\"Bati-journal\",\"image\":{\"@type\":\"ImageObject\",\"inLanguage\":\"fr-FR\",\"@id\":\"https:\\\/\\\/secure.gravatar.com\\\/avatar\\\/a64364ea26392f9b4dd47e017ddaec74ff03aefc073b49e492e847201258f777?s=96&d=mm&r=g\",\"url\":\"https:\\\/\\\/secure.gravatar.com\\\/avatar\\\/a64364ea26392f9b4dd47e017ddaec74ff03aefc073b49e492e847201258f777?s=96&d=mm&r=g\",\"contentUrl\":\"https:\\\/\\\/secure.gravatar.com\\\/avatar\\\/a64364ea26392f9b4dd47e017ddaec74ff03aefc073b49e492e847201258f777?s=96&d=mm&r=g\",\"caption\":\"Bati-journal\"},\"url\":\"https:\\\/\\\/batijournal.com\\\/index.php\\\/author\\\/elodie\\\/\"}]}<\/script>\n<!-- \/ Yoast SEO plugin. -->","yoast_head_json":{"title":"Haute-Savoie : 2e Journ\u00e9es europ\u00e9ennes de la for\u00eat de montagne","robots":{"index":"index","follow":"follow","max-snippet":"max-snippet:-1","max-image-preview":"max-image-preview:large","max-video-preview":"max-video-preview:-1"},"canonical":"https:\/\/batijournal.com\/index.php\/haute-savoie-2e-journees-europeennes-de-la-foret-de-montagne\/80543\/","og_locale":"fr_FR","og_type":"article","og_title":"Haute-Savoie : 2e Journ\u00e9es europ\u00e9ennes de la for\u00eat de montagne","og_description":"La for\u00eat de montagne tient une place importante en Europe, tant en termes de surface que de production, d&rsquo;environnement, de tourisme et de loisirs. L&rsquo;objectif de ces deux journ\u00e9es est d&rsquo;initier des \u00e9changes au niveau europ\u00e9en, de sensibiliser les acteurs du secteur au r\u00f4le de la for\u00eat et de conforter les d\u00e9bouch\u00e9s du bois de [&hellip;]","og_url":"https:\/\/batijournal.com\/index.php\/haute-savoie-2e-journees-europeennes-de-la-foret-de-montagne\/80543\/","og_site_name":"Batijournal","article_published_time":"2007-05-31T09:41:17+00:00","author":"Bati-journal","twitter_card":"summary_large_image","twitter_creator":"@bati_journal","twitter_site":"@bati_journal","twitter_misc":{"\u00c9crit par":"Bati-journal","Dur\u00e9e de lecture estim\u00e9e":"1 minute"},"schema":{"@context":"https:\/\/schema.org","@graph":[{"@type":"Article","@id":"https:\/\/batijournal.com\/index.php\/haute-savoie-2e-journees-europeennes-de-la-foret-de-montagne\/80543\/#article","isPartOf":{"@id":"https:\/\/batijournal.com\/index.php\/haute-savoie-2e-journees-europeennes-de-la-foret-de-montagne\/80543\/"},"author":{"name":"Bati-journal","@id":"https:\/\/batijournal.com\/#\/schema\/person\/6a657e8967569e1b299972574848aa76"},"headline":"Haute-Savoie : 2e Journ\u00e9es europ\u00e9ennes de la for\u00eat de montagne","datePublished":"2007-05-31T09:41:17+00:00","mainEntityOfPage":{"@id":"https:\/\/batijournal.com\/index.php\/haute-savoie-2e-journees-europeennes-de-la-foret-de-montagne\/80543\/"},"wordCount":137,"commentCount":0,"keywords":["for\u00eat"],"articleSection":["\u00c9v\u00e9nements"],"inLanguage":"fr-FR","potentialAction":[{"@type":"CommentAction","name":"Comment","target":["https:\/\/batijournal.com\/index.php\/haute-savoie-2e-journees-europeennes-de-la-foret-de-montagne\/80543\/#respond"]}]},{"@type":"WebPage","@id":"https:\/\/batijournal.com\/index.php\/haute-savoie-2e-journees-europeennes-de-la-foret-de-montagne\/80543\/","url":"https:\/\/batijournal.com\/index.php\/haute-savoie-2e-journees-europeennes-de-la-foret-de-montagne\/80543\/","name":"Haute-Savoie : 2e Journ\u00e9es europ\u00e9ennes de la for\u00eat de montagne","isPartOf":{"@id":"https:\/\/batijournal.com\/#website"},"datePublished":"2007-05-31T09:41:17+00:00","author":{"@id":"https:\/\/batijournal.com\/#\/schema\/person\/6a657e8967569e1b299972574848aa76"},"breadcrumb":{"@id":"https:\/\/batijournal.com\/index.php\/haute-savoie-2e-journees-europeennes-de-la-foret-de-montagne\/80543\/#breadcrumb"},"inLanguage":"fr-FR","potentialAction":[{"@type":"ReadAction","target":["https:\/\/batijournal.com\/index.php\/haute-savoie-2e-journees-europeennes-de-la-foret-de-montagne\/80543\/"]}]},{"@type":"BreadcrumbList","@id":"https:\/\/batijournal.com\/index.php\/haute-savoie-2e-journees-europeennes-de-la-foret-de-montagne\/80543\/#breadcrumb","itemListElement":[{"@type":"ListItem","position":1,"name":"Accueil","item":"https:\/\/batijournal.com\/"},{"@type":"ListItem","position":2,"name":"\u00c9v\u00e9nements","item":"https:\/\/batijournal.com\/index.php\/category\/evenements\/"},{"@type":"ListItem","position":3,"name":"Haute-Savoie : 2e Journ\u00e9es europ\u00e9ennes de la for\u00eat de montagne"}]},{"@type":"WebSite","@id":"https:\/\/batijournal.com\/#website","url":"https:\/\/batijournal.com\/","name":"Batijournal","description":"L&#039;actualit\u00e9 du b\u00e2timent","potentialAction":[{"@type":"SearchAction","target":{"@type":"EntryPoint","urlTemplate":"https:\/\/batijournal.com\/?s={search_term_string}"},"query-input":{"@type":"PropertyValueSpecification","valueRequired":true,"valueName":"search_term_string"}}],"inLanguage":"fr-FR"},{"@type":"Person","@id":"https:\/\/batijournal.com\/#\/schema\/person\/6a657e8967569e1b299972574848aa76","name":"Bati-journal","image":{"@type":"ImageObject","inLanguage":"fr-FR","@id":"https:\/\/secure.gravatar.com\/avatar\/a64364ea26392f9b4dd47e017ddaec74ff03aefc073b49e492e847201258f777?s=96&d=mm&r=g","url":"https:\/\/secure.gravatar.com\/avatar\/a64364ea26392f9b4dd47e017ddaec74ff03aefc073b49e492e847201258f777?s=96&d=mm&r=g","contentUrl":"https:\/\/secure.gravatar.com\/avatar\/a64364ea26392f9b4dd47e017ddaec74ff03aefc073b49e492e847201258f777?s=96&d=mm&r=g","caption":"Bati-journal"},"url":"https:\/\/batijournal.com\/index.php\/author\/elodie\/"}]}},"_links":{"self":[{"href":"https:\/\/batijournal.com\/index.php\/wp-json\/wp\/v2\/posts\/80543","targetHints":{"allow":["GET"]}}],"collection":[{"href":"https:\/\/batijournal.com\/index.php\/wp-json\/wp\/v2\/posts"}],"about":[{"href":"https:\/\/batijournal.com\/index.php\/wp-json\/wp\/v2\/types\/post"}],"author":[{"embeddable":true,"href":"https:\/\/batijournal.com\/index.php\/wp-json\/wp\/v2\/users\/1"}],"replies":[{"embeddable":true,"href":"https:\/\/batijournal.com\/index.php\/wp-json\/wp\/v2\/comments?post=80543"}],"version-history":[{"count":0,"href":"https:\/\/batijournal.com\/index.php\/wp-json\/wp\/v2\/posts\/80543\/revisions"}],"wp:attachment":[{"href":"https:\/\/batijournal.com\/index.php\/wp-json\/wp\/v2\/media?parent=80543"}],"wp:term":[{"taxonomy":"category","embeddable":true,"href":"https:\/\/batijournal.com\/index.php\/wp-json\/wp\/v2\/categories?post=80543"},{"taxonomy":"post_tag","embeddable":true,"href":"https:\/\/batijournal.com\/index.php\/wp-json\/wp\/v2\/tags?post=80543"}],"curies":[{"name":"wp","href":"https:\/\/api.w.org\/{rel}","templated":true}]}}