{"id":80554,"date":"2007-06-21T00:00:00","date_gmt":"2007-06-20T22:00:00","guid":{"rendered":"http:\/\/b.bati-journal.com\/gard-21-juillet-2007-agriculture-bio-et-biodiversite\/80554"},"modified":"2007-06-21T00:00:00","modified_gmt":"2007-06-20T22:00:00","slug":"gard-21-juillet-2007-agriculture-bio-et-biodiversite","status":"publish","type":"post","link":"https:\/\/batijournal.com\/index.php\/gard-21-juillet-2007-agriculture-bio-et-biodiversite\/80554\/","title":{"rendered":"Gard, 21 juillet 2007 : \u00ab\u00a0Agriculture bio et Biodiversit\u00e9\u00a0\u00bb"},"content":{"rendered":"<p>Nature &amp; D\u00e9couvertes accueille Pierre Rabhi, pr\u00e9sident de l&rsquo;association Terre et Humanisme, pour d\u00e9battre sur l&rsquo;agriculture biologique et la biodiversit\u00e9. Cette manifestation sera suivie par \u00ab\u00a0Parole de Terre\u00a0\u00bb, une pi\u00e8ce tir\u00e9e du livre de Pierre Rabhi par la compagnie Les enfants du paradis. Participation gratuite, r\u00e9servation obligatoire, bambouseraie d&rsquo;Anduze, G\u00e9n\u00e9ragues Anduze, Gard<\/p>\n","protected":false},"excerpt":{"rendered":"<p>Nature &amp; D\u00e9couvertes accueille Pierre Rabhi, pr\u00e9sident de l&rsquo;association Terre et Humanisme, pour d\u00e9battre sur l&rsquo;agriculture biologique et la biodiversit\u00e9. Cette manifestation sera suivie par \u00ab\u00a0Parole de Terre\u00a0\u00bb, une pi\u00e8ce tir\u00e9e du livre de Pierre Rabhi par la compagnie Les enfants du paradis. Participation gratuite, r\u00e9servation obligatoire, bambouseraie d&rsquo;Anduze, G\u00e9n\u00e9ragues Anduze, Gard<\/p>\n","protected":false},"author":1,"featured_media":80555,"comment_status":"open","ping_status":"closed","sticky":false,"template":"","format":"standard","meta":{"_et_pb_use_builder":"","_et_pb_old_content":"","_et_gb_content_width":"","footnotes":""},"categories":[9192],"tags":[],"class_list":["post-80554","post","type-post","status-publish","format-standard","has-post-thumbnail","hentry","category-evenements"],"yoast_head":"<!-- This site is optimized with the Yoast SEO plugin v27.4 - https:\/\/yoast.com\/product\/yoast-seo-wordpress\/ -->\n<title>Gard, 21 juillet 2007 : &quot;Agriculture bio et Biodiversit\u00e9&quot;<\/title>\n<meta name=\"robots\" content=\"index, follow, max-snippet:-1, max-image-preview:large, max-video-preview:-1\" \/>\n<link rel=\"canonical\" href=\"https:\/\/batijournal.com\/index.php\/gard-21-juillet-2007-agriculture-bio-et-biodiversite\/80554\/\" \/>\n<meta property=\"og:locale\" content=\"fr_FR\" \/>\n<meta property=\"og:type\" content=\"article\" \/>\n<meta property=\"og:title\" content=\"Gard, 21 juillet 2007 : &quot;Agriculture bio et Biodiversit\u00e9&quot;\" \/>\n<meta property=\"og:description\" content=\"Nature &amp; D\u00e9couvertes accueille Pierre Rabhi, pr\u00e9sident de l&rsquo;association Terre et Humanisme, pour d\u00e9battre sur l&rsquo;agriculture biologique et la biodiversit\u00e9. Cette manifestation sera suivie par \u00ab\u00a0Parole de Terre\u00a0\u00bb, une pi\u00e8ce tir\u00e9e du livre de Pierre Rabhi par la compagnie Les enfants du paradis. Participation gratuite, r\u00e9servation obligatoire, bambouseraie d&rsquo;Anduze, G\u00e9n\u00e9ragues Anduze, Gard\" \/>\n<meta property=\"og:url\" content=\"https:\/\/batijournal.com\/index.php\/gard-21-juillet-2007-agriculture-bio-et-biodiversite\/80554\/\" \/>\n<meta property=\"og:site_name\" content=\"Batijournal\" \/>\n<meta property=\"article:published_time\" content=\"2007-06-20T22:00:00+00:00\" \/>\n<meta property=\"og:image\" content=\"https:\/\/batijournal.com\/wp-content\/uploads\/2015\/03\/001584.jpg\" \/>\n\t<meta property=\"og:image:width\" content=\"472\" \/>\n\t<meta property=\"og:image:height\" content=\"600\" \/>\n\t<meta property=\"og:image:type\" content=\"image\/jpeg\" \/>\n<meta name=\"author\" content=\"Bati-journal\" \/>\n<meta name=\"twitter:card\" content=\"summary_large_image\" \/>\n<meta name=\"twitter:creator\" content=\"@bati_journal\" \/>\n<meta name=\"twitter:site\" content=\"@bati_journal\" \/>\n<meta name=\"twitter:label1\" content=\"\u00c9crit par\" \/>\n\t<meta name=\"twitter:data1\" content=\"Bati-journal\" \/>\n<script type=\"application\/ld+json\" class=\"yoast-schema-graph\">{\"@context\":\"https:\\\/\\\/schema.org\",\"@graph\":[{\"@type\":\"Article\",\"@id\":\"https:\\\/\\\/batijournal.com\\\/index.php\\\/gard-21-juillet-2007-agriculture-bio-et-biodiversite\\\/80554\\\/#article\",\"isPartOf\":{\"@id\":\"https:\\\/\\\/batijournal.com\\\/index.php\\\/gard-21-juillet-2007-agriculture-bio-et-biodiversite\\\/80554\\\/\"},\"author\":{\"name\":\"Bati-journal\",\"@id\":\"https:\\\/\\\/batijournal.com\\\/#\\\/schema\\\/person\\\/6a657e8967569e1b299972574848aa76\"},\"headline\":\"Gard, 21 juillet 2007 : \u00ab\u00a0Agriculture bio et Biodiversit\u00e9\u00a0\u00bb\",\"datePublished\":\"2007-06-20T22:00:00+00:00\",\"mainEntityOfPage\":{\"@id\":\"https:\\\/\\\/batijournal.com\\\/index.php\\\/gard-21-juillet-2007-agriculture-bio-et-biodiversite\\\/80554\\\/\"},\"wordCount\":69,\"commentCount\":0,\"image\":{\"@id\":\"https:\\\/\\\/batijournal.com\\\/index.php\\\/gard-21-juillet-2007-agriculture-bio-et-biodiversite\\\/80554\\\/#primaryimage\"},\"thumbnailUrl\":\"https:\\\/\\\/batijournal.com\\\/wp-content\\\/uploads\\\/2015\\\/03\\\/001584.jpg\",\"articleSection\":[\"\u00c9v\u00e9nements\"],\"inLanguage\":\"fr-FR\",\"potentialAction\":[{\"@type\":\"CommentAction\",\"name\":\"Comment\",\"target\":[\"https:\\\/\\\/batijournal.com\\\/index.php\\\/gard-21-juillet-2007-agriculture-bio-et-biodiversite\\\/80554\\\/#respond\"]}]},{\"@type\":\"WebPage\",\"@id\":\"https:\\\/\\\/batijournal.com\\\/index.php\\\/gard-21-juillet-2007-agriculture-bio-et-biodiversite\\\/80554\\\/\",\"url\":\"https:\\\/\\\/batijournal.com\\\/index.php\\\/gard-21-juillet-2007-agriculture-bio-et-biodiversite\\\/80554\\\/\",\"name\":\"Gard, 21 juillet 2007 : \\\"Agriculture bio et Biodiversit\u00e9\\\"\",\"isPartOf\":{\"@id\":\"https:\\\/\\\/batijournal.com\\\/#website\"},\"primaryImageOfPage\":{\"@id\":\"https:\\\/\\\/batijournal.com\\\/index.php\\\/gard-21-juillet-2007-agriculture-bio-et-biodiversite\\\/80554\\\/#primaryimage\"},\"image\":{\"@id\":\"https:\\\/\\\/batijournal.com\\\/index.php\\\/gard-21-juillet-2007-agriculture-bio-et-biodiversite\\\/80554\\\/#primaryimage\"},\"thumbnailUrl\":\"https:\\\/\\\/batijournal.com\\\/wp-content\\\/uploads\\\/2015\\\/03\\\/001584.jpg\",\"datePublished\":\"2007-06-20T22:00:00+00:00\",\"author\":{\"@id\":\"https:\\\/\\\/batijournal.com\\\/#\\\/schema\\\/person\\\/6a657e8967569e1b299972574848aa76\"},\"breadcrumb\":{\"@id\":\"https:\\\/\\\/batijournal.com\\\/index.php\\\/gard-21-juillet-2007-agriculture-bio-et-biodiversite\\\/80554\\\/#breadcrumb\"},\"inLanguage\":\"fr-FR\",\"potentialAction\":[{\"@type\":\"ReadAction\",\"target\":[\"https:\\\/\\\/batijournal.com\\\/index.php\\\/gard-21-juillet-2007-agriculture-bio-et-biodiversite\\\/80554\\\/\"]}]},{\"@type\":\"ImageObject\",\"inLanguage\":\"fr-FR\",\"@id\":\"https:\\\/\\\/batijournal.com\\\/index.php\\\/gard-21-juillet-2007-agriculture-bio-et-biodiversite\\\/80554\\\/#primaryimage\",\"url\":\"https:\\\/\\\/batijournal.com\\\/wp-content\\\/uploads\\\/2015\\\/03\\\/001584.jpg\",\"contentUrl\":\"https:\\\/\\\/batijournal.com\\\/wp-content\\\/uploads\\\/2015\\\/03\\\/001584.jpg\",\"width\":472,\"height\":600},{\"@type\":\"BreadcrumbList\",\"@id\":\"https:\\\/\\\/batijournal.com\\\/index.php\\\/gard-21-juillet-2007-agriculture-bio-et-biodiversite\\\/80554\\\/#breadcrumb\",\"itemListElement\":[{\"@type\":\"ListItem\",\"position\":1,\"name\":\"Accueil\",\"item\":\"https:\\\/\\\/batijournal.com\\\/\"},{\"@type\":\"ListItem\",\"position\":2,\"name\":\"\u00c9v\u00e9nements\",\"item\":\"https:\\\/\\\/batijournal.com\\\/index.php\\\/category\\\/evenements\\\/\"},{\"@type\":\"ListItem\",\"position\":3,\"name\":\"Gard, 21 juillet 2007 : \u00ab\u00a0Agriculture bio et Biodiversit\u00e9\u00a0\u00bb\"}]},{\"@type\":\"WebSite\",\"@id\":\"https:\\\/\\\/batijournal.com\\\/#website\",\"url\":\"https:\\\/\\\/batijournal.com\\\/\",\"name\":\"Batijournal\",\"description\":\"L&#039;actualit\u00e9 du b\u00e2timent\",\"potentialAction\":[{\"@type\":\"SearchAction\",\"target\":{\"@type\":\"EntryPoint\",\"urlTemplate\":\"https:\\\/\\\/batijournal.com\\\/?s={search_term_string}\"},\"query-input\":{\"@type\":\"PropertyValueSpecification\",\"valueRequired\":true,\"valueName\":\"search_term_string\"}}],\"inLanguage\":\"fr-FR\"},{\"@type\":\"Person\",\"@id\":\"https:\\\/\\\/batijournal.com\\\/#\\\/schema\\\/person\\\/6a657e8967569e1b299972574848aa76\",\"name\":\"Bati-journal\",\"image\":{\"@type\":\"ImageObject\",\"inLanguage\":\"fr-FR\",\"@id\":\"https:\\\/\\\/secure.gravatar.com\\\/avatar\\\/a64364ea26392f9b4dd47e017ddaec74ff03aefc073b49e492e847201258f777?s=96&d=mm&r=g\",\"url\":\"https:\\\/\\\/secure.gravatar.com\\\/avatar\\\/a64364ea26392f9b4dd47e017ddaec74ff03aefc073b49e492e847201258f777?s=96&d=mm&r=g\",\"contentUrl\":\"https:\\\/\\\/secure.gravatar.com\\\/avatar\\\/a64364ea26392f9b4dd47e017ddaec74ff03aefc073b49e492e847201258f777?s=96&d=mm&r=g\",\"caption\":\"Bati-journal\"},\"url\":\"https:\\\/\\\/batijournal.com\\\/index.php\\\/author\\\/elodie\\\/\"}]}<\/script>\n<!-- \/ Yoast SEO plugin. -->","yoast_head_json":{"title":"Gard, 21 juillet 2007 : \"Agriculture bio et Biodiversit\u00e9\"","robots":{"index":"index","follow":"follow","max-snippet":"max-snippet:-1","max-image-preview":"max-image-preview:large","max-video-preview":"max-video-preview:-1"},"canonical":"https:\/\/batijournal.com\/index.php\/gard-21-juillet-2007-agriculture-bio-et-biodiversite\/80554\/","og_locale":"fr_FR","og_type":"article","og_title":"Gard, 21 juillet 2007 : \"Agriculture bio et Biodiversit\u00e9\"","og_description":"Nature &amp; D\u00e9couvertes accueille Pierre Rabhi, pr\u00e9sident de l&rsquo;association Terre et Humanisme, pour d\u00e9battre sur l&rsquo;agriculture biologique et la biodiversit\u00e9. Cette manifestation sera suivie par \u00ab\u00a0Parole de Terre\u00a0\u00bb, une pi\u00e8ce tir\u00e9e du livre de Pierre Rabhi par la compagnie Les enfants du paradis. Participation gratuite, r\u00e9servation obligatoire, bambouseraie d&rsquo;Anduze, G\u00e9n\u00e9ragues Anduze, Gard","og_url":"https:\/\/batijournal.com\/index.php\/gard-21-juillet-2007-agriculture-bio-et-biodiversite\/80554\/","og_site_name":"Batijournal","article_published_time":"2007-06-20T22:00:00+00:00","og_image":[{"width":472,"height":600,"url":"https:\/\/batijournal.com\/wp-content\/uploads\/2015\/03\/001584.jpg","type":"image\/jpeg"}],"author":"Bati-journal","twitter_card":"summary_large_image","twitter_creator":"@bati_journal","twitter_site":"@bati_journal","twitter_misc":{"\u00c9crit par":"Bati-journal"},"schema":{"@context":"https:\/\/schema.org","@graph":[{"@type":"Article","@id":"https:\/\/batijournal.com\/index.php\/gard-21-juillet-2007-agriculture-bio-et-biodiversite\/80554\/#article","isPartOf":{"@id":"https:\/\/batijournal.com\/index.php\/gard-21-juillet-2007-agriculture-bio-et-biodiversite\/80554\/"},"author":{"name":"Bati-journal","@id":"https:\/\/batijournal.com\/#\/schema\/person\/6a657e8967569e1b299972574848aa76"},"headline":"Gard, 21 juillet 2007 : \u00ab\u00a0Agriculture bio et Biodiversit\u00e9\u00a0\u00bb","datePublished":"2007-06-20T22:00:00+00:00","mainEntityOfPage":{"@id":"https:\/\/batijournal.com\/index.php\/gard-21-juillet-2007-agriculture-bio-et-biodiversite\/80554\/"},"wordCount":69,"commentCount":0,"image":{"@id":"https:\/\/batijournal.com\/index.php\/gard-21-juillet-2007-agriculture-bio-et-biodiversite\/80554\/#primaryimage"},"thumbnailUrl":"https:\/\/batijournal.com\/wp-content\/uploads\/2015\/03\/001584.jpg","articleSection":["\u00c9v\u00e9nements"],"inLanguage":"fr-FR","potentialAction":[{"@type":"CommentAction","name":"Comment","target":["https:\/\/batijournal.com\/index.php\/gard-21-juillet-2007-agriculture-bio-et-biodiversite\/80554\/#respond"]}]},{"@type":"WebPage","@id":"https:\/\/batijournal.com\/index.php\/gard-21-juillet-2007-agriculture-bio-et-biodiversite\/80554\/","url":"https:\/\/batijournal.com\/index.php\/gard-21-juillet-2007-agriculture-bio-et-biodiversite\/80554\/","name":"Gard, 21 juillet 2007 : \"Agriculture bio et Biodiversit\u00e9\"","isPartOf":{"@id":"https:\/\/batijournal.com\/#website"},"primaryImageOfPage":{"@id":"https:\/\/batijournal.com\/index.php\/gard-21-juillet-2007-agriculture-bio-et-biodiversite\/80554\/#primaryimage"},"image":{"@id":"https:\/\/batijournal.com\/index.php\/gard-21-juillet-2007-agriculture-bio-et-biodiversite\/80554\/#primaryimage"},"thumbnailUrl":"https:\/\/batijournal.com\/wp-content\/uploads\/2015\/03\/001584.jpg","datePublished":"2007-06-20T22:00:00+00:00","author":{"@id":"https:\/\/batijournal.com\/#\/schema\/person\/6a657e8967569e1b299972574848aa76"},"breadcrumb":{"@id":"https:\/\/batijournal.com\/index.php\/gard-21-juillet-2007-agriculture-bio-et-biodiversite\/80554\/#breadcrumb"},"inLanguage":"fr-FR","potentialAction":[{"@type":"ReadAction","target":["https:\/\/batijournal.com\/index.php\/gard-21-juillet-2007-agriculture-bio-et-biodiversite\/80554\/"]}]},{"@type":"ImageObject","inLanguage":"fr-FR","@id":"https:\/\/batijournal.com\/index.php\/gard-21-juillet-2007-agriculture-bio-et-biodiversite\/80554\/#primaryimage","url":"https:\/\/batijournal.com\/wp-content\/uploads\/2015\/03\/001584.jpg","contentUrl":"https:\/\/batijournal.com\/wp-content\/uploads\/2015\/03\/001584.jpg","width":472,"height":600},{"@type":"BreadcrumbList","@id":"https:\/\/batijournal.com\/index.php\/gard-21-juillet-2007-agriculture-bio-et-biodiversite\/80554\/#breadcrumb","itemListElement":[{"@type":"ListItem","position":1,"name":"Accueil","item":"https:\/\/batijournal.com\/"},{"@type":"ListItem","position":2,"name":"\u00c9v\u00e9nements","item":"https:\/\/batijournal.com\/index.php\/category\/evenements\/"},{"@type":"ListItem","position":3,"name":"Gard, 21 juillet 2007 : \u00ab\u00a0Agriculture bio et Biodiversit\u00e9\u00a0\u00bb"}]},{"@type":"WebSite","@id":"https:\/\/batijournal.com\/#website","url":"https:\/\/batijournal.com\/","name":"Batijournal","description":"L&#039;actualit\u00e9 du b\u00e2timent","potentialAction":[{"@type":"SearchAction","target":{"@type":"EntryPoint","urlTemplate":"https:\/\/batijournal.com\/?s={search_term_string}"},"query-input":{"@type":"PropertyValueSpecification","valueRequired":true,"valueName":"search_term_string"}}],"inLanguage":"fr-FR"},{"@type":"Person","@id":"https:\/\/batijournal.com\/#\/schema\/person\/6a657e8967569e1b299972574848aa76","name":"Bati-journal","image":{"@type":"ImageObject","inLanguage":"fr-FR","@id":"https:\/\/secure.gravatar.com\/avatar\/a64364ea26392f9b4dd47e017ddaec74ff03aefc073b49e492e847201258f777?s=96&d=mm&r=g","url":"https:\/\/secure.gravatar.com\/avatar\/a64364ea26392f9b4dd47e017ddaec74ff03aefc073b49e492e847201258f777?s=96&d=mm&r=g","contentUrl":"https:\/\/secure.gravatar.com\/avatar\/a64364ea26392f9b4dd47e017ddaec74ff03aefc073b49e492e847201258f777?s=96&d=mm&r=g","caption":"Bati-journal"},"url":"https:\/\/batijournal.com\/index.php\/author\/elodie\/"}]}},"_links":{"self":[{"href":"https:\/\/batijournal.com\/index.php\/wp-json\/wp\/v2\/posts\/80554","targetHints":{"allow":["GET"]}}],"collection":[{"href":"https:\/\/batijournal.com\/index.php\/wp-json\/wp\/v2\/posts"}],"about":[{"href":"https:\/\/batijournal.com\/index.php\/wp-json\/wp\/v2\/types\/post"}],"author":[{"embeddable":true,"href":"https:\/\/batijournal.com\/index.php\/wp-json\/wp\/v2\/users\/1"}],"replies":[{"embeddable":true,"href":"https:\/\/batijournal.com\/index.php\/wp-json\/wp\/v2\/comments?post=80554"}],"version-history":[{"count":0,"href":"https:\/\/batijournal.com\/index.php\/wp-json\/wp\/v2\/posts\/80554\/revisions"}],"wp:featuredmedia":[{"embeddable":true,"href":"https:\/\/batijournal.com\/index.php\/wp-json\/wp\/v2\/media\/80555"}],"wp:attachment":[{"href":"https:\/\/batijournal.com\/index.php\/wp-json\/wp\/v2\/media?parent=80554"}],"wp:term":[{"taxonomy":"category","embeddable":true,"href":"https:\/\/batijournal.com\/index.php\/wp-json\/wp\/v2\/categories?post=80554"},{"taxonomy":"post_tag","embeddable":true,"href":"https:\/\/batijournal.com\/index.php\/wp-json\/wp\/v2\/tags?post=80554"}],"curies":[{"name":"wp","href":"https:\/\/api.w.org\/{rel}","templated":true}]}}