{"id":80582,"date":"2007-07-19T00:00:00","date_gmt":"2007-07-18T22:00:00","guid":{"rendered":"http:\/\/b.bati-journal.com\/les-architectures-de-la-reconstruction-dans-lest-de-la-somme\/80582"},"modified":"2007-07-19T00:00:00","modified_gmt":"2007-07-18T22:00:00","slug":"les-architectures-de-la-reconstruction-dans-lest-de-la-somme","status":"publish","type":"post","link":"https:\/\/batijournal.com\/index.php\/les-architectures-de-la-reconstruction-dans-lest-de-la-somme\/80582\/","title":{"rendered":"Les architectures de la reconstruction dans l&rsquo;Est de la Somme"},"content":{"rendered":"<p>L&rsquo;Historial de la Grande Guerre, install\u00e9 au ch\u00e2teau de P\u00e9ronne (80), propose \u00e0 partir du 12 septembre prochain une exposition-synth\u00e8se r\u00e9alis\u00e9e par le CAUE de la Somme sur une p\u00e9riode oubli\u00e9e du patrimoine. M\u00e9connues, les architectures de la reconstruction sont le t\u00e9moignage concret de la force de vie qui succ\u00e9da \u00e0 la dramatique p\u00e9riode d\u0092&rsquo;hostilit\u00e9s et de destructions qui marqu\u00e8rent la Somme entre 1914 et 1918. En portant un regard plus attentif sur ces paysages, on remarque une cr\u00e9ativit\u00e9 architecturale propre au 20e si\u00e8cle et diff\u00e9rente de celle du reste du d\u00e9partement. Cette cr\u00e9ativit\u00e9 s\u0092est exprim\u00e9e malgr\u00e9 les moyens r\u00e9duits et les conditions difficiles de la reconstruction. Elle conf\u00e8re \u00e0 ces communes le statut d\u0092un h\u00e9ritage d\u00e9partemental pr\u00e9cieux que l\u0092&rsquo;exposition a l\u0092&rsquo;ambition de faire partager en pr\u00e9sentant un panorama de la reconstruction apr\u00e8s la Premi\u00e8re Guerre mondiale, des caract\u00e9ristiques de l\u0092&rsquo;Architecture \u00e0 l\u0092&rsquo;Est de la Somme et une initiation \u00e0 la conception et la r\u00e9alisation d&rsquo;\u0092une ville et d\u0092&rsquo;une architecture.<\/p>\n","protected":false},"excerpt":{"rendered":"<p>L&rsquo;Historial de la Grande Guerre, install\u00e9 au ch\u00e2teau de P\u00e9ronne (80), propose \u00e0 partir du 12 septembre prochain une exposition-synth\u00e8se r\u00e9alis\u00e9e par le CAUE de la Somme sur une p\u00e9riode oubli\u00e9e du patrimoine. M\u00e9connues, les architectures de la reconstruction sont le t\u00e9moignage concret de la force de vie qui succ\u00e9da \u00e0 la dramatique p\u00e9riode d\u0092&rsquo;hostilit\u00e9s [&hellip;]<\/p>\n","protected":false},"author":1,"featured_media":0,"comment_status":"open","ping_status":"closed","sticky":false,"template":"","format":"standard","meta":{"_et_pb_use_builder":"","_et_pb_old_content":"","_et_gb_content_width":"","footnotes":""},"categories":[9192],"tags":[2944],"class_list":["post-80582","post","type-post","status-publish","format-standard","hentry","category-evenements","tag-reconstruction"],"yoast_head":"<!-- This site is optimized with the Yoast SEO plugin v27.4 - https:\/\/yoast.com\/product\/yoast-seo-wordpress\/ -->\n<title>Les architectures de la reconstruction dans l&#039;Est de la Somme<\/title>\n<meta name=\"robots\" content=\"index, follow, max-snippet:-1, max-image-preview:large, max-video-preview:-1\" \/>\n<link rel=\"canonical\" href=\"https:\/\/batijournal.com\/index.php\/les-architectures-de-la-reconstruction-dans-lest-de-la-somme\/80582\/\" \/>\n<meta property=\"og:locale\" content=\"fr_FR\" \/>\n<meta property=\"og:type\" content=\"article\" \/>\n<meta property=\"og:title\" content=\"Les architectures de la reconstruction dans l&#039;Est de la Somme\" \/>\n<meta property=\"og:description\" content=\"L&rsquo;Historial de la Grande Guerre, install\u00e9 au ch\u00e2teau de P\u00e9ronne (80), propose \u00e0 partir du 12 septembre prochain une exposition-synth\u00e8se r\u00e9alis\u00e9e par le CAUE de la Somme sur une p\u00e9riode oubli\u00e9e du patrimoine. M\u00e9connues, les architectures de la reconstruction sont le t\u00e9moignage concret de la force de vie qui succ\u00e9da \u00e0 la dramatique p\u00e9riode d\u0092&rsquo;hostilit\u00e9s [&hellip;]\" \/>\n<meta property=\"og:url\" content=\"https:\/\/batijournal.com\/index.php\/les-architectures-de-la-reconstruction-dans-lest-de-la-somme\/80582\/\" \/>\n<meta property=\"og:site_name\" content=\"Batijournal\" \/>\n<meta property=\"article:published_time\" content=\"2007-07-18T22:00:00+00:00\" \/>\n<meta name=\"author\" content=\"Bati-journal\" \/>\n<meta name=\"twitter:card\" content=\"summary_large_image\" \/>\n<meta name=\"twitter:creator\" content=\"@bati_journal\" \/>\n<meta name=\"twitter:site\" content=\"@bati_journal\" \/>\n<meta name=\"twitter:label1\" content=\"\u00c9crit par\" \/>\n\t<meta name=\"twitter:data1\" content=\"Bati-journal\" \/>\n\t<meta name=\"twitter:label2\" content=\"Dur\u00e9e de lecture estim\u00e9e\" \/>\n\t<meta name=\"twitter:data2\" content=\"1 minute\" \/>\n<script type=\"application\/ld+json\" class=\"yoast-schema-graph\">{\"@context\":\"https:\\\/\\\/schema.org\",\"@graph\":[{\"@type\":\"Article\",\"@id\":\"https:\\\/\\\/batijournal.com\\\/index.php\\\/les-architectures-de-la-reconstruction-dans-lest-de-la-somme\\\/80582\\\/#article\",\"isPartOf\":{\"@id\":\"https:\\\/\\\/batijournal.com\\\/index.php\\\/les-architectures-de-la-reconstruction-dans-lest-de-la-somme\\\/80582\\\/\"},\"author\":{\"name\":\"Bati-journal\",\"@id\":\"https:\\\/\\\/batijournal.com\\\/#\\\/schema\\\/person\\\/6a657e8967569e1b299972574848aa76\"},\"headline\":\"Les architectures de la reconstruction dans l&rsquo;Est de la Somme\",\"datePublished\":\"2007-07-18T22:00:00+00:00\",\"mainEntityOfPage\":{\"@id\":\"https:\\\/\\\/batijournal.com\\\/index.php\\\/les-architectures-de-la-reconstruction-dans-lest-de-la-somme\\\/80582\\\/\"},\"wordCount\":201,\"commentCount\":0,\"keywords\":[\"reconstruction\"],\"articleSection\":[\"\u00c9v\u00e9nements\"],\"inLanguage\":\"fr-FR\",\"potentialAction\":[{\"@type\":\"CommentAction\",\"name\":\"Comment\",\"target\":[\"https:\\\/\\\/batijournal.com\\\/index.php\\\/les-architectures-de-la-reconstruction-dans-lest-de-la-somme\\\/80582\\\/#respond\"]}]},{\"@type\":\"WebPage\",\"@id\":\"https:\\\/\\\/batijournal.com\\\/index.php\\\/les-architectures-de-la-reconstruction-dans-lest-de-la-somme\\\/80582\\\/\",\"url\":\"https:\\\/\\\/batijournal.com\\\/index.php\\\/les-architectures-de-la-reconstruction-dans-lest-de-la-somme\\\/80582\\\/\",\"name\":\"Les architectures de la reconstruction dans l'Est de la Somme\",\"isPartOf\":{\"@id\":\"https:\\\/\\\/batijournal.com\\\/#website\"},\"datePublished\":\"2007-07-18T22:00:00+00:00\",\"author\":{\"@id\":\"https:\\\/\\\/batijournal.com\\\/#\\\/schema\\\/person\\\/6a657e8967569e1b299972574848aa76\"},\"breadcrumb\":{\"@id\":\"https:\\\/\\\/batijournal.com\\\/index.php\\\/les-architectures-de-la-reconstruction-dans-lest-de-la-somme\\\/80582\\\/#breadcrumb\"},\"inLanguage\":\"fr-FR\",\"potentialAction\":[{\"@type\":\"ReadAction\",\"target\":[\"https:\\\/\\\/batijournal.com\\\/index.php\\\/les-architectures-de-la-reconstruction-dans-lest-de-la-somme\\\/80582\\\/\"]}]},{\"@type\":\"BreadcrumbList\",\"@id\":\"https:\\\/\\\/batijournal.com\\\/index.php\\\/les-architectures-de-la-reconstruction-dans-lest-de-la-somme\\\/80582\\\/#breadcrumb\",\"itemListElement\":[{\"@type\":\"ListItem\",\"position\":1,\"name\":\"Accueil\",\"item\":\"https:\\\/\\\/batijournal.com\\\/\"},{\"@type\":\"ListItem\",\"position\":2,\"name\":\"\u00c9v\u00e9nements\",\"item\":\"https:\\\/\\\/batijournal.com\\\/index.php\\\/category\\\/evenements\\\/\"},{\"@type\":\"ListItem\",\"position\":3,\"name\":\"Les architectures de la reconstruction dans l&rsquo;Est de la Somme\"}]},{\"@type\":\"WebSite\",\"@id\":\"https:\\\/\\\/batijournal.com\\\/#website\",\"url\":\"https:\\\/\\\/batijournal.com\\\/\",\"name\":\"Batijournal\",\"description\":\"L&#039;actualit\u00e9 du b\u00e2timent\",\"potentialAction\":[{\"@type\":\"SearchAction\",\"target\":{\"@type\":\"EntryPoint\",\"urlTemplate\":\"https:\\\/\\\/batijournal.com\\\/?s={search_term_string}\"},\"query-input\":{\"@type\":\"PropertyValueSpecification\",\"valueRequired\":true,\"valueName\":\"search_term_string\"}}],\"inLanguage\":\"fr-FR\"},{\"@type\":\"Person\",\"@id\":\"https:\\\/\\\/batijournal.com\\\/#\\\/schema\\\/person\\\/6a657e8967569e1b299972574848aa76\",\"name\":\"Bati-journal\",\"image\":{\"@type\":\"ImageObject\",\"inLanguage\":\"fr-FR\",\"@id\":\"https:\\\/\\\/secure.gravatar.com\\\/avatar\\\/a64364ea26392f9b4dd47e017ddaec74ff03aefc073b49e492e847201258f777?s=96&d=mm&r=g\",\"url\":\"https:\\\/\\\/secure.gravatar.com\\\/avatar\\\/a64364ea26392f9b4dd47e017ddaec74ff03aefc073b49e492e847201258f777?s=96&d=mm&r=g\",\"contentUrl\":\"https:\\\/\\\/secure.gravatar.com\\\/avatar\\\/a64364ea26392f9b4dd47e017ddaec74ff03aefc073b49e492e847201258f777?s=96&d=mm&r=g\",\"caption\":\"Bati-journal\"},\"url\":\"https:\\\/\\\/batijournal.com\\\/index.php\\\/author\\\/elodie\\\/\"}]}<\/script>\n<!-- \/ Yoast SEO plugin. -->","yoast_head_json":{"title":"Les architectures de la reconstruction dans l'Est de la Somme","robots":{"index":"index","follow":"follow","max-snippet":"max-snippet:-1","max-image-preview":"max-image-preview:large","max-video-preview":"max-video-preview:-1"},"canonical":"https:\/\/batijournal.com\/index.php\/les-architectures-de-la-reconstruction-dans-lest-de-la-somme\/80582\/","og_locale":"fr_FR","og_type":"article","og_title":"Les architectures de la reconstruction dans l'Est de la Somme","og_description":"L&rsquo;Historial de la Grande Guerre, install\u00e9 au ch\u00e2teau de P\u00e9ronne (80), propose \u00e0 partir du 12 septembre prochain une exposition-synth\u00e8se r\u00e9alis\u00e9e par le CAUE de la Somme sur une p\u00e9riode oubli\u00e9e du patrimoine. M\u00e9connues, les architectures de la reconstruction sont le t\u00e9moignage concret de la force de vie qui succ\u00e9da \u00e0 la dramatique p\u00e9riode d\u0092&rsquo;hostilit\u00e9s [&hellip;]","og_url":"https:\/\/batijournal.com\/index.php\/les-architectures-de-la-reconstruction-dans-lest-de-la-somme\/80582\/","og_site_name":"Batijournal","article_published_time":"2007-07-18T22:00:00+00:00","author":"Bati-journal","twitter_card":"summary_large_image","twitter_creator":"@bati_journal","twitter_site":"@bati_journal","twitter_misc":{"\u00c9crit par":"Bati-journal","Dur\u00e9e de lecture estim\u00e9e":"1 minute"},"schema":{"@context":"https:\/\/schema.org","@graph":[{"@type":"Article","@id":"https:\/\/batijournal.com\/index.php\/les-architectures-de-la-reconstruction-dans-lest-de-la-somme\/80582\/#article","isPartOf":{"@id":"https:\/\/batijournal.com\/index.php\/les-architectures-de-la-reconstruction-dans-lest-de-la-somme\/80582\/"},"author":{"name":"Bati-journal","@id":"https:\/\/batijournal.com\/#\/schema\/person\/6a657e8967569e1b299972574848aa76"},"headline":"Les architectures de la reconstruction dans l&rsquo;Est de la Somme","datePublished":"2007-07-18T22:00:00+00:00","mainEntityOfPage":{"@id":"https:\/\/batijournal.com\/index.php\/les-architectures-de-la-reconstruction-dans-lest-de-la-somme\/80582\/"},"wordCount":201,"commentCount":0,"keywords":["reconstruction"],"articleSection":["\u00c9v\u00e9nements"],"inLanguage":"fr-FR","potentialAction":[{"@type":"CommentAction","name":"Comment","target":["https:\/\/batijournal.com\/index.php\/les-architectures-de-la-reconstruction-dans-lest-de-la-somme\/80582\/#respond"]}]},{"@type":"WebPage","@id":"https:\/\/batijournal.com\/index.php\/les-architectures-de-la-reconstruction-dans-lest-de-la-somme\/80582\/","url":"https:\/\/batijournal.com\/index.php\/les-architectures-de-la-reconstruction-dans-lest-de-la-somme\/80582\/","name":"Les architectures de la reconstruction dans l'Est de la Somme","isPartOf":{"@id":"https:\/\/batijournal.com\/#website"},"datePublished":"2007-07-18T22:00:00+00:00","author":{"@id":"https:\/\/batijournal.com\/#\/schema\/person\/6a657e8967569e1b299972574848aa76"},"breadcrumb":{"@id":"https:\/\/batijournal.com\/index.php\/les-architectures-de-la-reconstruction-dans-lest-de-la-somme\/80582\/#breadcrumb"},"inLanguage":"fr-FR","potentialAction":[{"@type":"ReadAction","target":["https:\/\/batijournal.com\/index.php\/les-architectures-de-la-reconstruction-dans-lest-de-la-somme\/80582\/"]}]},{"@type":"BreadcrumbList","@id":"https:\/\/batijournal.com\/index.php\/les-architectures-de-la-reconstruction-dans-lest-de-la-somme\/80582\/#breadcrumb","itemListElement":[{"@type":"ListItem","position":1,"name":"Accueil","item":"https:\/\/batijournal.com\/"},{"@type":"ListItem","position":2,"name":"\u00c9v\u00e9nements","item":"https:\/\/batijournal.com\/index.php\/category\/evenements\/"},{"@type":"ListItem","position":3,"name":"Les architectures de la reconstruction dans l&rsquo;Est de la Somme"}]},{"@type":"WebSite","@id":"https:\/\/batijournal.com\/#website","url":"https:\/\/batijournal.com\/","name":"Batijournal","description":"L&#039;actualit\u00e9 du b\u00e2timent","potentialAction":[{"@type":"SearchAction","target":{"@type":"EntryPoint","urlTemplate":"https:\/\/batijournal.com\/?s={search_term_string}"},"query-input":{"@type":"PropertyValueSpecification","valueRequired":true,"valueName":"search_term_string"}}],"inLanguage":"fr-FR"},{"@type":"Person","@id":"https:\/\/batijournal.com\/#\/schema\/person\/6a657e8967569e1b299972574848aa76","name":"Bati-journal","image":{"@type":"ImageObject","inLanguage":"fr-FR","@id":"https:\/\/secure.gravatar.com\/avatar\/a64364ea26392f9b4dd47e017ddaec74ff03aefc073b49e492e847201258f777?s=96&d=mm&r=g","url":"https:\/\/secure.gravatar.com\/avatar\/a64364ea26392f9b4dd47e017ddaec74ff03aefc073b49e492e847201258f777?s=96&d=mm&r=g","contentUrl":"https:\/\/secure.gravatar.com\/avatar\/a64364ea26392f9b4dd47e017ddaec74ff03aefc073b49e492e847201258f777?s=96&d=mm&r=g","caption":"Bati-journal"},"url":"https:\/\/batijournal.com\/index.php\/author\/elodie\/"}]}},"_links":{"self":[{"href":"https:\/\/batijournal.com\/index.php\/wp-json\/wp\/v2\/posts\/80582","targetHints":{"allow":["GET"]}}],"collection":[{"href":"https:\/\/batijournal.com\/index.php\/wp-json\/wp\/v2\/posts"}],"about":[{"href":"https:\/\/batijournal.com\/index.php\/wp-json\/wp\/v2\/types\/post"}],"author":[{"embeddable":true,"href":"https:\/\/batijournal.com\/index.php\/wp-json\/wp\/v2\/users\/1"}],"replies":[{"embeddable":true,"href":"https:\/\/batijournal.com\/index.php\/wp-json\/wp\/v2\/comments?post=80582"}],"version-history":[{"count":0,"href":"https:\/\/batijournal.com\/index.php\/wp-json\/wp\/v2\/posts\/80582\/revisions"}],"wp:attachment":[{"href":"https:\/\/batijournal.com\/index.php\/wp-json\/wp\/v2\/media?parent=80582"}],"wp:term":[{"taxonomy":"category","embeddable":true,"href":"https:\/\/batijournal.com\/index.php\/wp-json\/wp\/v2\/categories?post=80582"},{"taxonomy":"post_tag","embeddable":true,"href":"https:\/\/batijournal.com\/index.php\/wp-json\/wp\/v2\/tags?post=80582"}],"curies":[{"name":"wp","href":"https:\/\/api.w.org\/{rel}","templated":true}]}}