{"id":80614,"date":"2007-10-01T00:00:00","date_gmt":"2007-09-30T22:00:00","guid":{"rendered":"http:\/\/b.bati-journal.com\/la-vegetalisation-des-batiments-est-une-filiere-davenir\/80614"},"modified":"2007-10-01T00:00:00","modified_gmt":"2007-09-30T22:00:00","slug":"la-vegetalisation-des-batiments-est-une-filiere-davenir","status":"publish","type":"post","link":"https:\/\/batijournal.com\/index.php\/la-vegetalisation-des-batiments-est-une-filiere-davenir\/80614\/","title":{"rendered":"La v\u00e9g\u00e9talisation des b\u00e2timents est une fili\u00e8re d&rsquo;avenir"},"content":{"rendered":"<p>Organis\u00e9 par ADIVET pour la premi\u00e8re fois en France, le Congr\u00e8s mondial de la v\u00e9g\u00e9talisation du b\u00e2timent, WGIC 2013, vient de se tenir \u00e0 Nantes. En rassemblant pr\u00e8s de 500 participants, dont de tr\u00e8s nombreux r\u00e9f\u00e9rents \u00e9trangers, aux conf\u00e9rences, \u00e0 la journ\u00e9e de formation, \u00e0 l&rsquo;\u00e9tape du Grand tour de la Cit\u00e9 Verte mais aussi aux visites de r\u00e9alisations remarquables sur la r\u00e9gion Pays de La Loire et \u00e0 Paris, le Congr\u00e8s Mondial de la v\u00e9g\u00e9talisation a atteint un premier objectif : mobiliser sur un \u00e9v\u00e9nement retentissant tous les acteurs \u00e9conomiques de la fili\u00e8re, chercheurs, ma\u00eetres d&rsquo;oeuvre et ma\u00eetres d&rsquo;ouvrage, \u00e9lus et professionnels. Sur le moyen terme, les engagements des gouvernants pr\u00e9sents dans les diff\u00e9rentes tribunes laissent esp\u00e9rer, qu&rsquo;au-del\u00e0 de l&rsquo;impact instantan\u00e9 du Congr\u00e8s, la v\u00e9g\u00e9talisation du b\u00e2timent s&rsquo;inscrive d\u00e9finitivement dans les politiques publiques tant au niveau national que local. Les \u00e9tats des lieux et t\u00e9moignages venus du monde entier, les avanc\u00e9es affich\u00e9es par la recherche internationale sur la connaissance et le fonctionnement des syst\u00e8mes de v\u00e9g\u00e9talisation verticale et horizontale, les innovations technologiques d\u00e9voil\u00e9es par les entreprises pr\u00e9sentes au Congr\u00e8s en mati\u00e8re de conception de syst\u00e8mes, de substrats, de palette v\u00e9g\u00e9tale et biodiversit\u00e9, en termes de finalit\u00e9s \u00e9conomiques et sociales (jusqu&rsquo;\u00e0 la production potag\u00e8re en toiture) sont aussi autant de promesses pour la v\u00e9g\u00e9talisation du b\u00e2timent au niveau fran\u00e7ais et mondial. ADIVET envisage d&rsquo;ores et d\u00e9j\u00e0, pour les ann\u00e9es \u00e0 venir, une d\u00e9clinaison sous diverses formes de cet \u00e9v\u00e9nement sur le plan national.<\/p>\n","protected":false},"excerpt":{"rendered":"<p>Organis\u00e9 par ADIVET pour la premi\u00e8re fois en France, le Congr\u00e8s mondial de la v\u00e9g\u00e9talisation du b\u00e2timent, WGIC 2013, vient de se tenir \u00e0 Nantes. En rassemblant pr\u00e8s de 500 participants, dont de tr\u00e8s nombreux r\u00e9f\u00e9rents \u00e9trangers, aux conf\u00e9rences, \u00e0 la journ\u00e9e de formation, \u00e0 l&rsquo;\u00e9tape du Grand tour de la Cit\u00e9 Verte mais aussi [&hellip;]<\/p>\n","protected":false},"author":1,"featured_media":80615,"comment_status":"open","ping_status":"closed","sticky":false,"template":"","format":"standard","meta":{"_et_pb_use_builder":"","_et_pb_old_content":"","_et_gb_content_width":"","footnotes":""},"categories":[9192],"tags":[626,1658],"class_list":["post-80614","post","type-post","status-publish","format-standard","has-post-thumbnail","hentry","category-evenements","tag-toiture","tag-vegetalisation"],"yoast_head":"<!-- This site is optimized with the Yoast SEO plugin v27.4 - https:\/\/yoast.com\/product\/yoast-seo-wordpress\/ -->\n<title>La v\u00e9g\u00e9talisation des b\u00e2timents est une fili\u00e8re d&#039;avenir<\/title>\n<meta name=\"robots\" content=\"index, follow, max-snippet:-1, max-image-preview:large, max-video-preview:-1\" \/>\n<link rel=\"canonical\" href=\"https:\/\/batijournal.com\/index.php\/la-vegetalisation-des-batiments-est-une-filiere-davenir\/80614\/\" \/>\n<meta property=\"og:locale\" content=\"fr_FR\" \/>\n<meta property=\"og:type\" content=\"article\" \/>\n<meta property=\"og:title\" content=\"La v\u00e9g\u00e9talisation des b\u00e2timents est une fili\u00e8re d&#039;avenir\" \/>\n<meta property=\"og:description\" content=\"Organis\u00e9 par ADIVET pour la premi\u00e8re fois en France, le Congr\u00e8s mondial de la v\u00e9g\u00e9talisation du b\u00e2timent, WGIC 2013, vient de se tenir \u00e0 Nantes. En rassemblant pr\u00e8s de 500 participants, dont de tr\u00e8s nombreux r\u00e9f\u00e9rents \u00e9trangers, aux conf\u00e9rences, \u00e0 la journ\u00e9e de formation, \u00e0 l&rsquo;\u00e9tape du Grand tour de la Cit\u00e9 Verte mais aussi [&hellip;]\" \/>\n<meta property=\"og:url\" content=\"https:\/\/batijournal.com\/index.php\/la-vegetalisation-des-batiments-est-une-filiere-davenir\/80614\/\" \/>\n<meta property=\"og:site_name\" content=\"Batijournal\" \/>\n<meta property=\"article:published_time\" content=\"2007-09-30T22:00:00+00:00\" \/>\n<meta property=\"og:image\" content=\"https:\/\/batijournal.com\/wp-content\/uploads\/2015\/03\/72309571.jpg\" \/>\n\t<meta property=\"og:image:width\" content=\"600\" \/>\n\t<meta property=\"og:image:height\" content=\"450\" \/>\n\t<meta property=\"og:image:type\" content=\"image\/jpeg\" \/>\n<meta name=\"author\" content=\"Bati-journal\" \/>\n<meta name=\"twitter:card\" content=\"summary_large_image\" \/>\n<meta name=\"twitter:creator\" content=\"@bati_journal\" \/>\n<meta name=\"twitter:site\" content=\"@bati_journal\" \/>\n<meta name=\"twitter:label1\" content=\"\u00c9crit par\" \/>\n\t<meta name=\"twitter:data1\" content=\"Bati-journal\" \/>\n\t<meta name=\"twitter:label2\" content=\"Dur\u00e9e de lecture estim\u00e9e\" \/>\n\t<meta name=\"twitter:data2\" content=\"1 minute\" \/>\n<script type=\"application\/ld+json\" class=\"yoast-schema-graph\">{\"@context\":\"https:\\\/\\\/schema.org\",\"@graph\":[{\"@type\":\"Article\",\"@id\":\"https:\\\/\\\/batijournal.com\\\/index.php\\\/la-vegetalisation-des-batiments-est-une-filiere-davenir\\\/80614\\\/#article\",\"isPartOf\":{\"@id\":\"https:\\\/\\\/batijournal.com\\\/index.php\\\/la-vegetalisation-des-batiments-est-une-filiere-davenir\\\/80614\\\/\"},\"author\":{\"name\":\"Bati-journal\",\"@id\":\"https:\\\/\\\/batijournal.com\\\/#\\\/schema\\\/person\\\/6a657e8967569e1b299972574848aa76\"},\"headline\":\"La v\u00e9g\u00e9talisation des b\u00e2timents est une fili\u00e8re d&rsquo;avenir\",\"datePublished\":\"2007-09-30T22:00:00+00:00\",\"mainEntityOfPage\":{\"@id\":\"https:\\\/\\\/batijournal.com\\\/index.php\\\/la-vegetalisation-des-batiments-est-une-filiere-davenir\\\/80614\\\/\"},\"wordCount\":307,\"commentCount\":0,\"image\":{\"@id\":\"https:\\\/\\\/batijournal.com\\\/index.php\\\/la-vegetalisation-des-batiments-est-une-filiere-davenir\\\/80614\\\/#primaryimage\"},\"thumbnailUrl\":\"https:\\\/\\\/batijournal.com\\\/wp-content\\\/uploads\\\/2015\\\/03\\\/72309571.jpg\",\"keywords\":[\"toiture\",\"v\u00e9g\u00e9talisation\"],\"articleSection\":[\"\u00c9v\u00e9nements\"],\"inLanguage\":\"fr-FR\",\"potentialAction\":[{\"@type\":\"CommentAction\",\"name\":\"Comment\",\"target\":[\"https:\\\/\\\/batijournal.com\\\/index.php\\\/la-vegetalisation-des-batiments-est-une-filiere-davenir\\\/80614\\\/#respond\"]}]},{\"@type\":\"WebPage\",\"@id\":\"https:\\\/\\\/batijournal.com\\\/index.php\\\/la-vegetalisation-des-batiments-est-une-filiere-davenir\\\/80614\\\/\",\"url\":\"https:\\\/\\\/batijournal.com\\\/index.php\\\/la-vegetalisation-des-batiments-est-une-filiere-davenir\\\/80614\\\/\",\"name\":\"La v\u00e9g\u00e9talisation des b\u00e2timents est une fili\u00e8re d'avenir\",\"isPartOf\":{\"@id\":\"https:\\\/\\\/batijournal.com\\\/#website\"},\"primaryImageOfPage\":{\"@id\":\"https:\\\/\\\/batijournal.com\\\/index.php\\\/la-vegetalisation-des-batiments-est-une-filiere-davenir\\\/80614\\\/#primaryimage\"},\"image\":{\"@id\":\"https:\\\/\\\/batijournal.com\\\/index.php\\\/la-vegetalisation-des-batiments-est-une-filiere-davenir\\\/80614\\\/#primaryimage\"},\"thumbnailUrl\":\"https:\\\/\\\/batijournal.com\\\/wp-content\\\/uploads\\\/2015\\\/03\\\/72309571.jpg\",\"datePublished\":\"2007-09-30T22:00:00+00:00\",\"author\":{\"@id\":\"https:\\\/\\\/batijournal.com\\\/#\\\/schema\\\/person\\\/6a657e8967569e1b299972574848aa76\"},\"breadcrumb\":{\"@id\":\"https:\\\/\\\/batijournal.com\\\/index.php\\\/la-vegetalisation-des-batiments-est-une-filiere-davenir\\\/80614\\\/#breadcrumb\"},\"inLanguage\":\"fr-FR\",\"potentialAction\":[{\"@type\":\"ReadAction\",\"target\":[\"https:\\\/\\\/batijournal.com\\\/index.php\\\/la-vegetalisation-des-batiments-est-une-filiere-davenir\\\/80614\\\/\"]}]},{\"@type\":\"ImageObject\",\"inLanguage\":\"fr-FR\",\"@id\":\"https:\\\/\\\/batijournal.com\\\/index.php\\\/la-vegetalisation-des-batiments-est-une-filiere-davenir\\\/80614\\\/#primaryimage\",\"url\":\"https:\\\/\\\/batijournal.com\\\/wp-content\\\/uploads\\\/2015\\\/03\\\/72309571.jpg\",\"contentUrl\":\"https:\\\/\\\/batijournal.com\\\/wp-content\\\/uploads\\\/2015\\\/03\\\/72309571.jpg\",\"width\":600,\"height\":450},{\"@type\":\"BreadcrumbList\",\"@id\":\"https:\\\/\\\/batijournal.com\\\/index.php\\\/la-vegetalisation-des-batiments-est-une-filiere-davenir\\\/80614\\\/#breadcrumb\",\"itemListElement\":[{\"@type\":\"ListItem\",\"position\":1,\"name\":\"Accueil\",\"item\":\"https:\\\/\\\/batijournal.com\\\/\"},{\"@type\":\"ListItem\",\"position\":2,\"name\":\"\u00c9v\u00e9nements\",\"item\":\"https:\\\/\\\/batijournal.com\\\/index.php\\\/category\\\/evenements\\\/\"},{\"@type\":\"ListItem\",\"position\":3,\"name\":\"La v\u00e9g\u00e9talisation des b\u00e2timents est une fili\u00e8re d&rsquo;avenir\"}]},{\"@type\":\"WebSite\",\"@id\":\"https:\\\/\\\/batijournal.com\\\/#website\",\"url\":\"https:\\\/\\\/batijournal.com\\\/\",\"name\":\"Batijournal\",\"description\":\"L&#039;actualit\u00e9 du b\u00e2timent\",\"potentialAction\":[{\"@type\":\"SearchAction\",\"target\":{\"@type\":\"EntryPoint\",\"urlTemplate\":\"https:\\\/\\\/batijournal.com\\\/?s={search_term_string}\"},\"query-input\":{\"@type\":\"PropertyValueSpecification\",\"valueRequired\":true,\"valueName\":\"search_term_string\"}}],\"inLanguage\":\"fr-FR\"},{\"@type\":\"Person\",\"@id\":\"https:\\\/\\\/batijournal.com\\\/#\\\/schema\\\/person\\\/6a657e8967569e1b299972574848aa76\",\"name\":\"Bati-journal\",\"image\":{\"@type\":\"ImageObject\",\"inLanguage\":\"fr-FR\",\"@id\":\"https:\\\/\\\/secure.gravatar.com\\\/avatar\\\/a64364ea26392f9b4dd47e017ddaec74ff03aefc073b49e492e847201258f777?s=96&d=mm&r=g\",\"url\":\"https:\\\/\\\/secure.gravatar.com\\\/avatar\\\/a64364ea26392f9b4dd47e017ddaec74ff03aefc073b49e492e847201258f777?s=96&d=mm&r=g\",\"contentUrl\":\"https:\\\/\\\/secure.gravatar.com\\\/avatar\\\/a64364ea26392f9b4dd47e017ddaec74ff03aefc073b49e492e847201258f777?s=96&d=mm&r=g\",\"caption\":\"Bati-journal\"},\"url\":\"https:\\\/\\\/batijournal.com\\\/index.php\\\/author\\\/elodie\\\/\"}]}<\/script>\n<!-- \/ Yoast SEO plugin. -->","yoast_head_json":{"title":"La v\u00e9g\u00e9talisation des b\u00e2timents est une fili\u00e8re d'avenir","robots":{"index":"index","follow":"follow","max-snippet":"max-snippet:-1","max-image-preview":"max-image-preview:large","max-video-preview":"max-video-preview:-1"},"canonical":"https:\/\/batijournal.com\/index.php\/la-vegetalisation-des-batiments-est-une-filiere-davenir\/80614\/","og_locale":"fr_FR","og_type":"article","og_title":"La v\u00e9g\u00e9talisation des b\u00e2timents est une fili\u00e8re d'avenir","og_description":"Organis\u00e9 par ADIVET pour la premi\u00e8re fois en France, le Congr\u00e8s mondial de la v\u00e9g\u00e9talisation du b\u00e2timent, WGIC 2013, vient de se tenir \u00e0 Nantes. En rassemblant pr\u00e8s de 500 participants, dont de tr\u00e8s nombreux r\u00e9f\u00e9rents \u00e9trangers, aux conf\u00e9rences, \u00e0 la journ\u00e9e de formation, \u00e0 l&rsquo;\u00e9tape du Grand tour de la Cit\u00e9 Verte mais aussi [&hellip;]","og_url":"https:\/\/batijournal.com\/index.php\/la-vegetalisation-des-batiments-est-une-filiere-davenir\/80614\/","og_site_name":"Batijournal","article_published_time":"2007-09-30T22:00:00+00:00","og_image":[{"width":600,"height":450,"url":"https:\/\/batijournal.com\/wp-content\/uploads\/2015\/03\/72309571.jpg","type":"image\/jpeg"}],"author":"Bati-journal","twitter_card":"summary_large_image","twitter_creator":"@bati_journal","twitter_site":"@bati_journal","twitter_misc":{"\u00c9crit par":"Bati-journal","Dur\u00e9e de lecture estim\u00e9e":"1 minute"},"schema":{"@context":"https:\/\/schema.org","@graph":[{"@type":"Article","@id":"https:\/\/batijournal.com\/index.php\/la-vegetalisation-des-batiments-est-une-filiere-davenir\/80614\/#article","isPartOf":{"@id":"https:\/\/batijournal.com\/index.php\/la-vegetalisation-des-batiments-est-une-filiere-davenir\/80614\/"},"author":{"name":"Bati-journal","@id":"https:\/\/batijournal.com\/#\/schema\/person\/6a657e8967569e1b299972574848aa76"},"headline":"La v\u00e9g\u00e9talisation des b\u00e2timents est une fili\u00e8re d&rsquo;avenir","datePublished":"2007-09-30T22:00:00+00:00","mainEntityOfPage":{"@id":"https:\/\/batijournal.com\/index.php\/la-vegetalisation-des-batiments-est-une-filiere-davenir\/80614\/"},"wordCount":307,"commentCount":0,"image":{"@id":"https:\/\/batijournal.com\/index.php\/la-vegetalisation-des-batiments-est-une-filiere-davenir\/80614\/#primaryimage"},"thumbnailUrl":"https:\/\/batijournal.com\/wp-content\/uploads\/2015\/03\/72309571.jpg","keywords":["toiture","v\u00e9g\u00e9talisation"],"articleSection":["\u00c9v\u00e9nements"],"inLanguage":"fr-FR","potentialAction":[{"@type":"CommentAction","name":"Comment","target":["https:\/\/batijournal.com\/index.php\/la-vegetalisation-des-batiments-est-une-filiere-davenir\/80614\/#respond"]}]},{"@type":"WebPage","@id":"https:\/\/batijournal.com\/index.php\/la-vegetalisation-des-batiments-est-une-filiere-davenir\/80614\/","url":"https:\/\/batijournal.com\/index.php\/la-vegetalisation-des-batiments-est-une-filiere-davenir\/80614\/","name":"La v\u00e9g\u00e9talisation des b\u00e2timents est une fili\u00e8re d'avenir","isPartOf":{"@id":"https:\/\/batijournal.com\/#website"},"primaryImageOfPage":{"@id":"https:\/\/batijournal.com\/index.php\/la-vegetalisation-des-batiments-est-une-filiere-davenir\/80614\/#primaryimage"},"image":{"@id":"https:\/\/batijournal.com\/index.php\/la-vegetalisation-des-batiments-est-une-filiere-davenir\/80614\/#primaryimage"},"thumbnailUrl":"https:\/\/batijournal.com\/wp-content\/uploads\/2015\/03\/72309571.jpg","datePublished":"2007-09-30T22:00:00+00:00","author":{"@id":"https:\/\/batijournal.com\/#\/schema\/person\/6a657e8967569e1b299972574848aa76"},"breadcrumb":{"@id":"https:\/\/batijournal.com\/index.php\/la-vegetalisation-des-batiments-est-une-filiere-davenir\/80614\/#breadcrumb"},"inLanguage":"fr-FR","potentialAction":[{"@type":"ReadAction","target":["https:\/\/batijournal.com\/index.php\/la-vegetalisation-des-batiments-est-une-filiere-davenir\/80614\/"]}]},{"@type":"ImageObject","inLanguage":"fr-FR","@id":"https:\/\/batijournal.com\/index.php\/la-vegetalisation-des-batiments-est-une-filiere-davenir\/80614\/#primaryimage","url":"https:\/\/batijournal.com\/wp-content\/uploads\/2015\/03\/72309571.jpg","contentUrl":"https:\/\/batijournal.com\/wp-content\/uploads\/2015\/03\/72309571.jpg","width":600,"height":450},{"@type":"BreadcrumbList","@id":"https:\/\/batijournal.com\/index.php\/la-vegetalisation-des-batiments-est-une-filiere-davenir\/80614\/#breadcrumb","itemListElement":[{"@type":"ListItem","position":1,"name":"Accueil","item":"https:\/\/batijournal.com\/"},{"@type":"ListItem","position":2,"name":"\u00c9v\u00e9nements","item":"https:\/\/batijournal.com\/index.php\/category\/evenements\/"},{"@type":"ListItem","position":3,"name":"La v\u00e9g\u00e9talisation des b\u00e2timents est une fili\u00e8re d&rsquo;avenir"}]},{"@type":"WebSite","@id":"https:\/\/batijournal.com\/#website","url":"https:\/\/batijournal.com\/","name":"Batijournal","description":"L&#039;actualit\u00e9 du b\u00e2timent","potentialAction":[{"@type":"SearchAction","target":{"@type":"EntryPoint","urlTemplate":"https:\/\/batijournal.com\/?s={search_term_string}"},"query-input":{"@type":"PropertyValueSpecification","valueRequired":true,"valueName":"search_term_string"}}],"inLanguage":"fr-FR"},{"@type":"Person","@id":"https:\/\/batijournal.com\/#\/schema\/person\/6a657e8967569e1b299972574848aa76","name":"Bati-journal","image":{"@type":"ImageObject","inLanguage":"fr-FR","@id":"https:\/\/secure.gravatar.com\/avatar\/a64364ea26392f9b4dd47e017ddaec74ff03aefc073b49e492e847201258f777?s=96&d=mm&r=g","url":"https:\/\/secure.gravatar.com\/avatar\/a64364ea26392f9b4dd47e017ddaec74ff03aefc073b49e492e847201258f777?s=96&d=mm&r=g","contentUrl":"https:\/\/secure.gravatar.com\/avatar\/a64364ea26392f9b4dd47e017ddaec74ff03aefc073b49e492e847201258f777?s=96&d=mm&r=g","caption":"Bati-journal"},"url":"https:\/\/batijournal.com\/index.php\/author\/elodie\/"}]}},"_links":{"self":[{"href":"https:\/\/batijournal.com\/index.php\/wp-json\/wp\/v2\/posts\/80614","targetHints":{"allow":["GET"]}}],"collection":[{"href":"https:\/\/batijournal.com\/index.php\/wp-json\/wp\/v2\/posts"}],"about":[{"href":"https:\/\/batijournal.com\/index.php\/wp-json\/wp\/v2\/types\/post"}],"author":[{"embeddable":true,"href":"https:\/\/batijournal.com\/index.php\/wp-json\/wp\/v2\/users\/1"}],"replies":[{"embeddable":true,"href":"https:\/\/batijournal.com\/index.php\/wp-json\/wp\/v2\/comments?post=80614"}],"version-history":[{"count":0,"href":"https:\/\/batijournal.com\/index.php\/wp-json\/wp\/v2\/posts\/80614\/revisions"}],"wp:featuredmedia":[{"embeddable":true,"href":"https:\/\/batijournal.com\/index.php\/wp-json\/wp\/v2\/media\/80615"}],"wp:attachment":[{"href":"https:\/\/batijournal.com\/index.php\/wp-json\/wp\/v2\/media?parent=80614"}],"wp:term":[{"taxonomy":"category","embeddable":true,"href":"https:\/\/batijournal.com\/index.php\/wp-json\/wp\/v2\/categories?post=80614"},{"taxonomy":"post_tag","embeddable":true,"href":"https:\/\/batijournal.com\/index.php\/wp-json\/wp\/v2\/tags?post=80614"}],"curies":[{"name":"wp","href":"https:\/\/api.w.org\/{rel}","templated":true}]}}