{"id":80620,"date":"2007-10-10T00:00:00","date_gmt":"2007-10-09T22:00:00","guid":{"rendered":"http:\/\/b.bati-journal.com\/echanges-autour-du-patrimoine-industriel-et-technique\/80620"},"modified":"2007-10-10T00:00:00","modified_gmt":"2007-10-09T22:00:00","slug":"echanges-autour-du-patrimoine-industriel-et-technique","status":"publish","type":"post","link":"https:\/\/batijournal.com\/index.php\/echanges-autour-du-patrimoine-industriel-et-technique\/80620\/","title":{"rendered":"Echanges autour du patrimoine industriel et technique"},"content":{"rendered":"<p>E-Faith, F\u00e9d\u00e9ration europ\u00e9enne des associations du patrimoine industriel et technique, organise une deuxi\u00e8me rencontre europ\u00e9enne. Destin\u00e9es aux associations \u00e0 but non lucratif et aux b\u00e9n\u00e9voles engag\u00e9s dans la recherche, la conservation, l&rsquo;interpr\u00e9tation du patrimoine industriel et technique, ces journ\u00e9es seront ax\u00e9es sur la coop\u00e9ration europ\u00e9enne transfrontali\u00e8re, le jumelage et les  \u00e9changes d&rsquo;exp\u00e9riences. Cet \u00e9v\u00e9nement est ainsi l&rsquo;occasion de pr\u00e9senter et de comparer id\u00e9es, projets et r\u00e9sultats, mais aussi de se renseigner sur le d\u00e9veloppement de coop\u00e9rations ou de projets communs. La rencontre se d\u00e9roulera au Mus\u00e9e national du Lin, \u00e0 Kortrijk (Courtrai), et dans l&rsquo;ancienne centrale \u00e9lectrique de Zwevegem en Belgique, du 16 au 18 novembre 2007. Ces deux villes sont situ\u00e9es \u00e0 la fronti\u00e8re franco-belge, \u00e0 moins de 30 km de Lille (France).<\/p>\n","protected":false},"excerpt":{"rendered":"<p>E-Faith, F\u00e9d\u00e9ration europ\u00e9enne des associations du patrimoine industriel et technique, organise une deuxi\u00e8me rencontre europ\u00e9enne. Destin\u00e9es aux associations \u00e0 but non lucratif et aux b\u00e9n\u00e9voles engag\u00e9s dans la recherche, la conservation, l&rsquo;interpr\u00e9tation du patrimoine industriel et technique, ces journ\u00e9es seront ax\u00e9es sur la coop\u00e9ration europ\u00e9enne transfrontali\u00e8re, le jumelage et les \u00e9changes d&rsquo;exp\u00e9riences. Cet \u00e9v\u00e9nement est [&hellip;]<\/p>\n","protected":false},"author":1,"featured_media":0,"comment_status":"open","ping_status":"closed","sticky":false,"template":"","format":"standard","meta":{"_et_pb_use_builder":"","_et_pb_old_content":"","_et_gb_content_width":"","footnotes":""},"categories":[9192],"tags":[],"class_list":["post-80620","post","type-post","status-publish","format-standard","hentry","category-evenements"],"yoast_head":"<!-- This site is optimized with the Yoast SEO plugin v27.4 - https:\/\/yoast.com\/product\/yoast-seo-wordpress\/ -->\n<title>Echanges autour du patrimoine industriel et technique<\/title>\n<meta name=\"robots\" content=\"index, follow, max-snippet:-1, max-image-preview:large, max-video-preview:-1\" \/>\n<link rel=\"canonical\" href=\"https:\/\/batijournal.com\/index.php\/echanges-autour-du-patrimoine-industriel-et-technique\/80620\/\" \/>\n<meta property=\"og:locale\" content=\"fr_FR\" \/>\n<meta property=\"og:type\" content=\"article\" \/>\n<meta property=\"og:title\" content=\"Echanges autour du patrimoine industriel et technique\" \/>\n<meta property=\"og:description\" content=\"E-Faith, F\u00e9d\u00e9ration europ\u00e9enne des associations du patrimoine industriel et technique, organise une deuxi\u00e8me rencontre europ\u00e9enne. Destin\u00e9es aux associations \u00e0 but non lucratif et aux b\u00e9n\u00e9voles engag\u00e9s dans la recherche, la conservation, l&rsquo;interpr\u00e9tation du patrimoine industriel et technique, ces journ\u00e9es seront ax\u00e9es sur la coop\u00e9ration europ\u00e9enne transfrontali\u00e8re, le jumelage et les \u00e9changes d&rsquo;exp\u00e9riences. Cet \u00e9v\u00e9nement est [&hellip;]\" \/>\n<meta property=\"og:url\" content=\"https:\/\/batijournal.com\/index.php\/echanges-autour-du-patrimoine-industriel-et-technique\/80620\/\" \/>\n<meta property=\"og:site_name\" content=\"Batijournal\" \/>\n<meta property=\"article:published_time\" content=\"2007-10-09T22:00:00+00:00\" \/>\n<meta name=\"author\" content=\"Bati-journal\" \/>\n<meta name=\"twitter:card\" content=\"summary_large_image\" \/>\n<meta name=\"twitter:creator\" content=\"@bati_journal\" \/>\n<meta name=\"twitter:site\" content=\"@bati_journal\" \/>\n<meta name=\"twitter:label1\" content=\"\u00c9crit par\" \/>\n\t<meta name=\"twitter:data1\" content=\"Bati-journal\" \/>\n\t<meta name=\"twitter:label2\" content=\"Dur\u00e9e de lecture estim\u00e9e\" \/>\n\t<meta name=\"twitter:data2\" content=\"1 minute\" \/>\n<script type=\"application\/ld+json\" class=\"yoast-schema-graph\">{\"@context\":\"https:\\\/\\\/schema.org\",\"@graph\":[{\"@type\":\"Article\",\"@id\":\"https:\\\/\\\/batijournal.com\\\/index.php\\\/echanges-autour-du-patrimoine-industriel-et-technique\\\/80620\\\/#article\",\"isPartOf\":{\"@id\":\"https:\\\/\\\/batijournal.com\\\/index.php\\\/echanges-autour-du-patrimoine-industriel-et-technique\\\/80620\\\/\"},\"author\":{\"name\":\"Bati-journal\",\"@id\":\"https:\\\/\\\/batijournal.com\\\/#\\\/schema\\\/person\\\/6a657e8967569e1b299972574848aa76\"},\"headline\":\"Echanges autour du patrimoine industriel et technique\",\"datePublished\":\"2007-10-09T22:00:00+00:00\",\"mainEntityOfPage\":{\"@id\":\"https:\\\/\\\/batijournal.com\\\/index.php\\\/echanges-autour-du-patrimoine-industriel-et-technique\\\/80620\\\/\"},\"wordCount\":153,\"commentCount\":0,\"articleSection\":[\"\u00c9v\u00e9nements\"],\"inLanguage\":\"fr-FR\",\"potentialAction\":[{\"@type\":\"CommentAction\",\"name\":\"Comment\",\"target\":[\"https:\\\/\\\/batijournal.com\\\/index.php\\\/echanges-autour-du-patrimoine-industriel-et-technique\\\/80620\\\/#respond\"]}]},{\"@type\":\"WebPage\",\"@id\":\"https:\\\/\\\/batijournal.com\\\/index.php\\\/echanges-autour-du-patrimoine-industriel-et-technique\\\/80620\\\/\",\"url\":\"https:\\\/\\\/batijournal.com\\\/index.php\\\/echanges-autour-du-patrimoine-industriel-et-technique\\\/80620\\\/\",\"name\":\"Echanges autour du patrimoine industriel et technique\",\"isPartOf\":{\"@id\":\"https:\\\/\\\/batijournal.com\\\/#website\"},\"datePublished\":\"2007-10-09T22:00:00+00:00\",\"author\":{\"@id\":\"https:\\\/\\\/batijournal.com\\\/#\\\/schema\\\/person\\\/6a657e8967569e1b299972574848aa76\"},\"breadcrumb\":{\"@id\":\"https:\\\/\\\/batijournal.com\\\/index.php\\\/echanges-autour-du-patrimoine-industriel-et-technique\\\/80620\\\/#breadcrumb\"},\"inLanguage\":\"fr-FR\",\"potentialAction\":[{\"@type\":\"ReadAction\",\"target\":[\"https:\\\/\\\/batijournal.com\\\/index.php\\\/echanges-autour-du-patrimoine-industriel-et-technique\\\/80620\\\/\"]}]},{\"@type\":\"BreadcrumbList\",\"@id\":\"https:\\\/\\\/batijournal.com\\\/index.php\\\/echanges-autour-du-patrimoine-industriel-et-technique\\\/80620\\\/#breadcrumb\",\"itemListElement\":[{\"@type\":\"ListItem\",\"position\":1,\"name\":\"Accueil\",\"item\":\"https:\\\/\\\/batijournal.com\\\/\"},{\"@type\":\"ListItem\",\"position\":2,\"name\":\"\u00c9v\u00e9nements\",\"item\":\"https:\\\/\\\/batijournal.com\\\/index.php\\\/category\\\/evenements\\\/\"},{\"@type\":\"ListItem\",\"position\":3,\"name\":\"Echanges autour du patrimoine industriel et technique\"}]},{\"@type\":\"WebSite\",\"@id\":\"https:\\\/\\\/batijournal.com\\\/#website\",\"url\":\"https:\\\/\\\/batijournal.com\\\/\",\"name\":\"Batijournal\",\"description\":\"L&#039;actualit\u00e9 du b\u00e2timent\",\"potentialAction\":[{\"@type\":\"SearchAction\",\"target\":{\"@type\":\"EntryPoint\",\"urlTemplate\":\"https:\\\/\\\/batijournal.com\\\/?s={search_term_string}\"},\"query-input\":{\"@type\":\"PropertyValueSpecification\",\"valueRequired\":true,\"valueName\":\"search_term_string\"}}],\"inLanguage\":\"fr-FR\"},{\"@type\":\"Person\",\"@id\":\"https:\\\/\\\/batijournal.com\\\/#\\\/schema\\\/person\\\/6a657e8967569e1b299972574848aa76\",\"name\":\"Bati-journal\",\"image\":{\"@type\":\"ImageObject\",\"inLanguage\":\"fr-FR\",\"@id\":\"https:\\\/\\\/secure.gravatar.com\\\/avatar\\\/a64364ea26392f9b4dd47e017ddaec74ff03aefc073b49e492e847201258f777?s=96&d=mm&r=g\",\"url\":\"https:\\\/\\\/secure.gravatar.com\\\/avatar\\\/a64364ea26392f9b4dd47e017ddaec74ff03aefc073b49e492e847201258f777?s=96&d=mm&r=g\",\"contentUrl\":\"https:\\\/\\\/secure.gravatar.com\\\/avatar\\\/a64364ea26392f9b4dd47e017ddaec74ff03aefc073b49e492e847201258f777?s=96&d=mm&r=g\",\"caption\":\"Bati-journal\"},\"url\":\"https:\\\/\\\/batijournal.com\\\/index.php\\\/author\\\/elodie\\\/\"}]}<\/script>\n<!-- \/ Yoast SEO plugin. -->","yoast_head_json":{"title":"Echanges autour du patrimoine industriel et technique","robots":{"index":"index","follow":"follow","max-snippet":"max-snippet:-1","max-image-preview":"max-image-preview:large","max-video-preview":"max-video-preview:-1"},"canonical":"https:\/\/batijournal.com\/index.php\/echanges-autour-du-patrimoine-industriel-et-technique\/80620\/","og_locale":"fr_FR","og_type":"article","og_title":"Echanges autour du patrimoine industriel et technique","og_description":"E-Faith, F\u00e9d\u00e9ration europ\u00e9enne des associations du patrimoine industriel et technique, organise une deuxi\u00e8me rencontre europ\u00e9enne. Destin\u00e9es aux associations \u00e0 but non lucratif et aux b\u00e9n\u00e9voles engag\u00e9s dans la recherche, la conservation, l&rsquo;interpr\u00e9tation du patrimoine industriel et technique, ces journ\u00e9es seront ax\u00e9es sur la coop\u00e9ration europ\u00e9enne transfrontali\u00e8re, le jumelage et les \u00e9changes d&rsquo;exp\u00e9riences. Cet \u00e9v\u00e9nement est [&hellip;]","og_url":"https:\/\/batijournal.com\/index.php\/echanges-autour-du-patrimoine-industriel-et-technique\/80620\/","og_site_name":"Batijournal","article_published_time":"2007-10-09T22:00:00+00:00","author":"Bati-journal","twitter_card":"summary_large_image","twitter_creator":"@bati_journal","twitter_site":"@bati_journal","twitter_misc":{"\u00c9crit par":"Bati-journal","Dur\u00e9e de lecture estim\u00e9e":"1 minute"},"schema":{"@context":"https:\/\/schema.org","@graph":[{"@type":"Article","@id":"https:\/\/batijournal.com\/index.php\/echanges-autour-du-patrimoine-industriel-et-technique\/80620\/#article","isPartOf":{"@id":"https:\/\/batijournal.com\/index.php\/echanges-autour-du-patrimoine-industriel-et-technique\/80620\/"},"author":{"name":"Bati-journal","@id":"https:\/\/batijournal.com\/#\/schema\/person\/6a657e8967569e1b299972574848aa76"},"headline":"Echanges autour du patrimoine industriel et technique","datePublished":"2007-10-09T22:00:00+00:00","mainEntityOfPage":{"@id":"https:\/\/batijournal.com\/index.php\/echanges-autour-du-patrimoine-industriel-et-technique\/80620\/"},"wordCount":153,"commentCount":0,"articleSection":["\u00c9v\u00e9nements"],"inLanguage":"fr-FR","potentialAction":[{"@type":"CommentAction","name":"Comment","target":["https:\/\/batijournal.com\/index.php\/echanges-autour-du-patrimoine-industriel-et-technique\/80620\/#respond"]}]},{"@type":"WebPage","@id":"https:\/\/batijournal.com\/index.php\/echanges-autour-du-patrimoine-industriel-et-technique\/80620\/","url":"https:\/\/batijournal.com\/index.php\/echanges-autour-du-patrimoine-industriel-et-technique\/80620\/","name":"Echanges autour du patrimoine industriel et technique","isPartOf":{"@id":"https:\/\/batijournal.com\/#website"},"datePublished":"2007-10-09T22:00:00+00:00","author":{"@id":"https:\/\/batijournal.com\/#\/schema\/person\/6a657e8967569e1b299972574848aa76"},"breadcrumb":{"@id":"https:\/\/batijournal.com\/index.php\/echanges-autour-du-patrimoine-industriel-et-technique\/80620\/#breadcrumb"},"inLanguage":"fr-FR","potentialAction":[{"@type":"ReadAction","target":["https:\/\/batijournal.com\/index.php\/echanges-autour-du-patrimoine-industriel-et-technique\/80620\/"]}]},{"@type":"BreadcrumbList","@id":"https:\/\/batijournal.com\/index.php\/echanges-autour-du-patrimoine-industriel-et-technique\/80620\/#breadcrumb","itemListElement":[{"@type":"ListItem","position":1,"name":"Accueil","item":"https:\/\/batijournal.com\/"},{"@type":"ListItem","position":2,"name":"\u00c9v\u00e9nements","item":"https:\/\/batijournal.com\/index.php\/category\/evenements\/"},{"@type":"ListItem","position":3,"name":"Echanges autour du patrimoine industriel et technique"}]},{"@type":"WebSite","@id":"https:\/\/batijournal.com\/#website","url":"https:\/\/batijournal.com\/","name":"Batijournal","description":"L&#039;actualit\u00e9 du b\u00e2timent","potentialAction":[{"@type":"SearchAction","target":{"@type":"EntryPoint","urlTemplate":"https:\/\/batijournal.com\/?s={search_term_string}"},"query-input":{"@type":"PropertyValueSpecification","valueRequired":true,"valueName":"search_term_string"}}],"inLanguage":"fr-FR"},{"@type":"Person","@id":"https:\/\/batijournal.com\/#\/schema\/person\/6a657e8967569e1b299972574848aa76","name":"Bati-journal","image":{"@type":"ImageObject","inLanguage":"fr-FR","@id":"https:\/\/secure.gravatar.com\/avatar\/a64364ea26392f9b4dd47e017ddaec74ff03aefc073b49e492e847201258f777?s=96&d=mm&r=g","url":"https:\/\/secure.gravatar.com\/avatar\/a64364ea26392f9b4dd47e017ddaec74ff03aefc073b49e492e847201258f777?s=96&d=mm&r=g","contentUrl":"https:\/\/secure.gravatar.com\/avatar\/a64364ea26392f9b4dd47e017ddaec74ff03aefc073b49e492e847201258f777?s=96&d=mm&r=g","caption":"Bati-journal"},"url":"https:\/\/batijournal.com\/index.php\/author\/elodie\/"}]}},"_links":{"self":[{"href":"https:\/\/batijournal.com\/index.php\/wp-json\/wp\/v2\/posts\/80620","targetHints":{"allow":["GET"]}}],"collection":[{"href":"https:\/\/batijournal.com\/index.php\/wp-json\/wp\/v2\/posts"}],"about":[{"href":"https:\/\/batijournal.com\/index.php\/wp-json\/wp\/v2\/types\/post"}],"author":[{"embeddable":true,"href":"https:\/\/batijournal.com\/index.php\/wp-json\/wp\/v2\/users\/1"}],"replies":[{"embeddable":true,"href":"https:\/\/batijournal.com\/index.php\/wp-json\/wp\/v2\/comments?post=80620"}],"version-history":[{"count":0,"href":"https:\/\/batijournal.com\/index.php\/wp-json\/wp\/v2\/posts\/80620\/revisions"}],"wp:attachment":[{"href":"https:\/\/batijournal.com\/index.php\/wp-json\/wp\/v2\/media?parent=80620"}],"wp:term":[{"taxonomy":"category","embeddable":true,"href":"https:\/\/batijournal.com\/index.php\/wp-json\/wp\/v2\/categories?post=80620"},{"taxonomy":"post_tag","embeddable":true,"href":"https:\/\/batijournal.com\/index.php\/wp-json\/wp\/v2\/tags?post=80620"}],"curies":[{"name":"wp","href":"https:\/\/api.w.org\/{rel}","templated":true}]}}