{"id":80650,"date":"2007-11-20T15:18:57","date_gmt":"2007-11-20T14:18:57","guid":{"rendered":"http:\/\/b.bati-journal.com\/le-logement-collectif-bois\/80650"},"modified":"2007-11-20T15:18:57","modified_gmt":"2007-11-20T14:18:57","slug":"le-logement-collectif-bois","status":"publish","type":"post","link":"https:\/\/batijournal.com\/index.php\/le-logement-collectif-bois\/80650\/","title":{"rendered":"Le logement collectif bois"},"content":{"rendered":"<p>Le CNDB (Comit\u00e9 national pour le d\u00e9veloppement du bois), soutenu par France Bois For\u00eat, et la F\u00e9d\u00e9ration su\u00e9doise des industries foresti\u00e8res, en partenariat avec Atlanbois, organisent une conf\u00e9rence \u00e0 Nantes : \u201cLogements collectifs et performances \u00e9nerg\u00e9tiques, des solutions constructives bois\u201c. Entreprises, ma\u00eetres d&rsquo;oeuvre, ma\u00eetres d&rsquo;ouvrage et bureaux d&rsquo;ing\u00e9nierie feront le point sur les solutions bois et ses performances en mati\u00e8re de thermique, acoustique, s\u00e9curit\u00e9 incendie et co\u00fbt de construction dans un secteur o\u00f9 ce mat\u00e9riau est encore trop peu utilis\u00e9. Cette journ\u00e9e comportera des visites de logements collectifs en pr\u00e9sence des architectes.<\/p>\n","protected":false},"excerpt":{"rendered":"<p>Le CNDB (Comit\u00e9 national pour le d\u00e9veloppement du bois), soutenu par France Bois For\u00eat, et la F\u00e9d\u00e9ration su\u00e9doise des industries foresti\u00e8res, en partenariat avec Atlanbois, organisent une conf\u00e9rence \u00e0 Nantes : \u201cLogements collectifs et performances \u00e9nerg\u00e9tiques, des solutions constructives bois\u201c. Entreprises, ma\u00eetres d&rsquo;oeuvre, ma\u00eetres d&rsquo;ouvrage et bureaux d&rsquo;ing\u00e9nierie feront le point sur les solutions bois [&hellip;]<\/p>\n","protected":false},"author":1,"featured_media":0,"comment_status":"open","ping_status":"closed","sticky":false,"template":"","format":"standard","meta":{"_et_pb_use_builder":"","_et_pb_old_content":"","_et_gb_content_width":"","footnotes":""},"categories":[9192],"tags":[],"class_list":["post-80650","post","type-post","status-publish","format-standard","hentry","category-evenements"],"yoast_head":"<!-- This site is optimized with the Yoast SEO plugin v27.4 - https:\/\/yoast.com\/product\/yoast-seo-wordpress\/ -->\n<title>Le logement collectif bois<\/title>\n<meta name=\"robots\" content=\"index, follow, max-snippet:-1, max-image-preview:large, max-video-preview:-1\" \/>\n<link rel=\"canonical\" href=\"https:\/\/batijournal.com\/index.php\/le-logement-collectif-bois\/80650\/\" \/>\n<meta property=\"og:locale\" content=\"fr_FR\" \/>\n<meta property=\"og:type\" content=\"article\" \/>\n<meta property=\"og:title\" content=\"Le logement collectif bois\" \/>\n<meta property=\"og:description\" content=\"Le CNDB (Comit\u00e9 national pour le d\u00e9veloppement du bois), soutenu par France Bois For\u00eat, et la F\u00e9d\u00e9ration su\u00e9doise des industries foresti\u00e8res, en partenariat avec Atlanbois, organisent une conf\u00e9rence \u00e0 Nantes : \u201cLogements collectifs et performances \u00e9nerg\u00e9tiques, des solutions constructives bois\u201c. Entreprises, ma\u00eetres d&rsquo;oeuvre, ma\u00eetres d&rsquo;ouvrage et bureaux d&rsquo;ing\u00e9nierie feront le point sur les solutions bois [&hellip;]\" \/>\n<meta property=\"og:url\" content=\"https:\/\/batijournal.com\/index.php\/le-logement-collectif-bois\/80650\/\" \/>\n<meta property=\"og:site_name\" content=\"Batijournal\" \/>\n<meta property=\"article:published_time\" content=\"2007-11-20T14:18:57+00:00\" \/>\n<meta name=\"author\" content=\"Bati-journal\" \/>\n<meta name=\"twitter:card\" content=\"summary_large_image\" \/>\n<meta name=\"twitter:creator\" content=\"@bati_journal\" \/>\n<meta name=\"twitter:site\" content=\"@bati_journal\" \/>\n<meta name=\"twitter:label1\" content=\"\u00c9crit par\" \/>\n\t<meta name=\"twitter:data1\" content=\"Bati-journal\" \/>\n\t<meta name=\"twitter:label2\" content=\"Dur\u00e9e de lecture estim\u00e9e\" \/>\n\t<meta name=\"twitter:data2\" content=\"1 minute\" \/>\n<script type=\"application\/ld+json\" class=\"yoast-schema-graph\">{\"@context\":\"https:\\\/\\\/schema.org\",\"@graph\":[{\"@type\":\"Article\",\"@id\":\"https:\\\/\\\/batijournal.com\\\/index.php\\\/le-logement-collectif-bois\\\/80650\\\/#article\",\"isPartOf\":{\"@id\":\"https:\\\/\\\/batijournal.com\\\/index.php\\\/le-logement-collectif-bois\\\/80650\\\/\"},\"author\":{\"name\":\"Bati-journal\",\"@id\":\"https:\\\/\\\/batijournal.com\\\/#\\\/schema\\\/person\\\/6a657e8967569e1b299972574848aa76\"},\"headline\":\"Le logement collectif bois\",\"datePublished\":\"2007-11-20T14:18:57+00:00\",\"mainEntityOfPage\":{\"@id\":\"https:\\\/\\\/batijournal.com\\\/index.php\\\/le-logement-collectif-bois\\\/80650\\\/\"},\"wordCount\":114,\"commentCount\":0,\"articleSection\":[\"\u00c9v\u00e9nements\"],\"inLanguage\":\"fr-FR\",\"potentialAction\":[{\"@type\":\"CommentAction\",\"name\":\"Comment\",\"target\":[\"https:\\\/\\\/batijournal.com\\\/index.php\\\/le-logement-collectif-bois\\\/80650\\\/#respond\"]}]},{\"@type\":\"WebPage\",\"@id\":\"https:\\\/\\\/batijournal.com\\\/index.php\\\/le-logement-collectif-bois\\\/80650\\\/\",\"url\":\"https:\\\/\\\/batijournal.com\\\/index.php\\\/le-logement-collectif-bois\\\/80650\\\/\",\"name\":\"Le logement collectif bois\",\"isPartOf\":{\"@id\":\"https:\\\/\\\/batijournal.com\\\/#website\"},\"datePublished\":\"2007-11-20T14:18:57+00:00\",\"author\":{\"@id\":\"https:\\\/\\\/batijournal.com\\\/#\\\/schema\\\/person\\\/6a657e8967569e1b299972574848aa76\"},\"breadcrumb\":{\"@id\":\"https:\\\/\\\/batijournal.com\\\/index.php\\\/le-logement-collectif-bois\\\/80650\\\/#breadcrumb\"},\"inLanguage\":\"fr-FR\",\"potentialAction\":[{\"@type\":\"ReadAction\",\"target\":[\"https:\\\/\\\/batijournal.com\\\/index.php\\\/le-logement-collectif-bois\\\/80650\\\/\"]}]},{\"@type\":\"BreadcrumbList\",\"@id\":\"https:\\\/\\\/batijournal.com\\\/index.php\\\/le-logement-collectif-bois\\\/80650\\\/#breadcrumb\",\"itemListElement\":[{\"@type\":\"ListItem\",\"position\":1,\"name\":\"Accueil\",\"item\":\"https:\\\/\\\/batijournal.com\\\/\"},{\"@type\":\"ListItem\",\"position\":2,\"name\":\"\u00c9v\u00e9nements\",\"item\":\"https:\\\/\\\/batijournal.com\\\/index.php\\\/category\\\/evenements\\\/\"},{\"@type\":\"ListItem\",\"position\":3,\"name\":\"Le logement collectif bois\"}]},{\"@type\":\"WebSite\",\"@id\":\"https:\\\/\\\/batijournal.com\\\/#website\",\"url\":\"https:\\\/\\\/batijournal.com\\\/\",\"name\":\"Batijournal\",\"description\":\"L&#039;actualit\u00e9 du b\u00e2timent\",\"potentialAction\":[{\"@type\":\"SearchAction\",\"target\":{\"@type\":\"EntryPoint\",\"urlTemplate\":\"https:\\\/\\\/batijournal.com\\\/?s={search_term_string}\"},\"query-input\":{\"@type\":\"PropertyValueSpecification\",\"valueRequired\":true,\"valueName\":\"search_term_string\"}}],\"inLanguage\":\"fr-FR\"},{\"@type\":\"Person\",\"@id\":\"https:\\\/\\\/batijournal.com\\\/#\\\/schema\\\/person\\\/6a657e8967569e1b299972574848aa76\",\"name\":\"Bati-journal\",\"image\":{\"@type\":\"ImageObject\",\"inLanguage\":\"fr-FR\",\"@id\":\"https:\\\/\\\/secure.gravatar.com\\\/avatar\\\/a64364ea26392f9b4dd47e017ddaec74ff03aefc073b49e492e847201258f777?s=96&d=mm&r=g\",\"url\":\"https:\\\/\\\/secure.gravatar.com\\\/avatar\\\/a64364ea26392f9b4dd47e017ddaec74ff03aefc073b49e492e847201258f777?s=96&d=mm&r=g\",\"contentUrl\":\"https:\\\/\\\/secure.gravatar.com\\\/avatar\\\/a64364ea26392f9b4dd47e017ddaec74ff03aefc073b49e492e847201258f777?s=96&d=mm&r=g\",\"caption\":\"Bati-journal\"},\"url\":\"https:\\\/\\\/batijournal.com\\\/index.php\\\/author\\\/elodie\\\/\"}]}<\/script>\n<!-- \/ Yoast SEO plugin. -->","yoast_head_json":{"title":"Le logement collectif bois","robots":{"index":"index","follow":"follow","max-snippet":"max-snippet:-1","max-image-preview":"max-image-preview:large","max-video-preview":"max-video-preview:-1"},"canonical":"https:\/\/batijournal.com\/index.php\/le-logement-collectif-bois\/80650\/","og_locale":"fr_FR","og_type":"article","og_title":"Le logement collectif bois","og_description":"Le CNDB (Comit\u00e9 national pour le d\u00e9veloppement du bois), soutenu par France Bois For\u00eat, et la F\u00e9d\u00e9ration su\u00e9doise des industries foresti\u00e8res, en partenariat avec Atlanbois, organisent une conf\u00e9rence \u00e0 Nantes : \u201cLogements collectifs et performances \u00e9nerg\u00e9tiques, des solutions constructives bois\u201c. Entreprises, ma\u00eetres d&rsquo;oeuvre, ma\u00eetres d&rsquo;ouvrage et bureaux d&rsquo;ing\u00e9nierie feront le point sur les solutions bois [&hellip;]","og_url":"https:\/\/batijournal.com\/index.php\/le-logement-collectif-bois\/80650\/","og_site_name":"Batijournal","article_published_time":"2007-11-20T14:18:57+00:00","author":"Bati-journal","twitter_card":"summary_large_image","twitter_creator":"@bati_journal","twitter_site":"@bati_journal","twitter_misc":{"\u00c9crit par":"Bati-journal","Dur\u00e9e de lecture estim\u00e9e":"1 minute"},"schema":{"@context":"https:\/\/schema.org","@graph":[{"@type":"Article","@id":"https:\/\/batijournal.com\/index.php\/le-logement-collectif-bois\/80650\/#article","isPartOf":{"@id":"https:\/\/batijournal.com\/index.php\/le-logement-collectif-bois\/80650\/"},"author":{"name":"Bati-journal","@id":"https:\/\/batijournal.com\/#\/schema\/person\/6a657e8967569e1b299972574848aa76"},"headline":"Le logement collectif bois","datePublished":"2007-11-20T14:18:57+00:00","mainEntityOfPage":{"@id":"https:\/\/batijournal.com\/index.php\/le-logement-collectif-bois\/80650\/"},"wordCount":114,"commentCount":0,"articleSection":["\u00c9v\u00e9nements"],"inLanguage":"fr-FR","potentialAction":[{"@type":"CommentAction","name":"Comment","target":["https:\/\/batijournal.com\/index.php\/le-logement-collectif-bois\/80650\/#respond"]}]},{"@type":"WebPage","@id":"https:\/\/batijournal.com\/index.php\/le-logement-collectif-bois\/80650\/","url":"https:\/\/batijournal.com\/index.php\/le-logement-collectif-bois\/80650\/","name":"Le logement collectif bois","isPartOf":{"@id":"https:\/\/batijournal.com\/#website"},"datePublished":"2007-11-20T14:18:57+00:00","author":{"@id":"https:\/\/batijournal.com\/#\/schema\/person\/6a657e8967569e1b299972574848aa76"},"breadcrumb":{"@id":"https:\/\/batijournal.com\/index.php\/le-logement-collectif-bois\/80650\/#breadcrumb"},"inLanguage":"fr-FR","potentialAction":[{"@type":"ReadAction","target":["https:\/\/batijournal.com\/index.php\/le-logement-collectif-bois\/80650\/"]}]},{"@type":"BreadcrumbList","@id":"https:\/\/batijournal.com\/index.php\/le-logement-collectif-bois\/80650\/#breadcrumb","itemListElement":[{"@type":"ListItem","position":1,"name":"Accueil","item":"https:\/\/batijournal.com\/"},{"@type":"ListItem","position":2,"name":"\u00c9v\u00e9nements","item":"https:\/\/batijournal.com\/index.php\/category\/evenements\/"},{"@type":"ListItem","position":3,"name":"Le logement collectif bois"}]},{"@type":"WebSite","@id":"https:\/\/batijournal.com\/#website","url":"https:\/\/batijournal.com\/","name":"Batijournal","description":"L&#039;actualit\u00e9 du b\u00e2timent","potentialAction":[{"@type":"SearchAction","target":{"@type":"EntryPoint","urlTemplate":"https:\/\/batijournal.com\/?s={search_term_string}"},"query-input":{"@type":"PropertyValueSpecification","valueRequired":true,"valueName":"search_term_string"}}],"inLanguage":"fr-FR"},{"@type":"Person","@id":"https:\/\/batijournal.com\/#\/schema\/person\/6a657e8967569e1b299972574848aa76","name":"Bati-journal","image":{"@type":"ImageObject","inLanguage":"fr-FR","@id":"https:\/\/secure.gravatar.com\/avatar\/a64364ea26392f9b4dd47e017ddaec74ff03aefc073b49e492e847201258f777?s=96&d=mm&r=g","url":"https:\/\/secure.gravatar.com\/avatar\/a64364ea26392f9b4dd47e017ddaec74ff03aefc073b49e492e847201258f777?s=96&d=mm&r=g","contentUrl":"https:\/\/secure.gravatar.com\/avatar\/a64364ea26392f9b4dd47e017ddaec74ff03aefc073b49e492e847201258f777?s=96&d=mm&r=g","caption":"Bati-journal"},"url":"https:\/\/batijournal.com\/index.php\/author\/elodie\/"}]}},"_links":{"self":[{"href":"https:\/\/batijournal.com\/index.php\/wp-json\/wp\/v2\/posts\/80650","targetHints":{"allow":["GET"]}}],"collection":[{"href":"https:\/\/batijournal.com\/index.php\/wp-json\/wp\/v2\/posts"}],"about":[{"href":"https:\/\/batijournal.com\/index.php\/wp-json\/wp\/v2\/types\/post"}],"author":[{"embeddable":true,"href":"https:\/\/batijournal.com\/index.php\/wp-json\/wp\/v2\/users\/1"}],"replies":[{"embeddable":true,"href":"https:\/\/batijournal.com\/index.php\/wp-json\/wp\/v2\/comments?post=80650"}],"version-history":[{"count":0,"href":"https:\/\/batijournal.com\/index.php\/wp-json\/wp\/v2\/posts\/80650\/revisions"}],"wp:attachment":[{"href":"https:\/\/batijournal.com\/index.php\/wp-json\/wp\/v2\/media?parent=80650"}],"wp:term":[{"taxonomy":"category","embeddable":true,"href":"https:\/\/batijournal.com\/index.php\/wp-json\/wp\/v2\/categories?post=80650"},{"taxonomy":"post_tag","embeddable":true,"href":"https:\/\/batijournal.com\/index.php\/wp-json\/wp\/v2\/tags?post=80650"}],"curies":[{"name":"wp","href":"https:\/\/api.w.org\/{rel}","templated":true}]}}