{"id":80653,"date":"2007-11-27T00:00:00","date_gmt":"2007-11-26T23:00:00","guid":{"rendered":"http:\/\/b.bati-journal.com\/pour-le-patrimoine-de-la-bretagne\/80653"},"modified":"2007-11-27T00:00:00","modified_gmt":"2007-11-26T23:00:00","slug":"pour-le-patrimoine-de-la-bretagne","status":"publish","type":"post","link":"https:\/\/batijournal.com\/index.php\/pour-le-patrimoine-de-la-bretagne\/80653\/","title":{"rendered":"Pour le patrimoine de la Bretagne"},"content":{"rendered":"<p>La 7\u00e8me \u00e9dition du Forum des Patrimoines sera, comme chaque ann\u00e9e, organis\u00e9 par GLAD ( \u00ab\u00a0patrimoine\u00a0\u00bb en breton), un collectif de 45 associations de sauvegarde du patrimoine : patrimoine b\u00e2ti, patrimoine naturel et technique. Ces associations regroupent plus de 15.000 membres. Seront pr\u00e9sents sur le forum des structures nationales, comme la Fondation du Patrimoine, la Ligue Urbaine et Rurale, un C.P.I.E., et r\u00e9gionales, comme l&rsquo;ASMB (Association de sauvegarde des moulins de Bretagne), le Cartopole de Baud, l&rsquo; SEPNB (Bretagne vivante), l&rsquo;Institut Culturel de Bretagne, et d&rsquo;autres encore. Les plus nombreuses sont d\u00e9partementales comme la Soci\u00e9t\u00e9 Polymathique du Morbihan, l&rsquo;UMIVEM, le CERAM, etc. Le Forum dure deux jours, en m\u00eame temps qu&rsquo;un cycle de 9 conf\u00e9rences. Allaire-Morbihan. Renseignements aupr\u00e8s de Ren\u00e9 Lepallec (pr\u00e9sident du Cercle d&rsquo;Histoire et de Pr\u00e9histoire de Ruffiac, pr\u00e9sident de GLAD et d\u00e9l\u00e9gu\u00e9 de la LUR) &#8211; T\u00e9l. 02 97 93 73 94<\/p>\n","protected":false},"excerpt":{"rendered":"<p>La 7\u00e8me \u00e9dition du Forum des Patrimoines sera, comme chaque ann\u00e9e, organis\u00e9 par GLAD ( \u00ab\u00a0patrimoine\u00a0\u00bb en breton), un collectif de 45 associations de sauvegarde du patrimoine : patrimoine b\u00e2ti, patrimoine naturel et technique. Ces associations regroupent plus de 15.000 membres. Seront pr\u00e9sents sur le forum des structures nationales, comme la Fondation du Patrimoine, la [&hellip;]<\/p>\n","protected":false},"author":1,"featured_media":0,"comment_status":"open","ping_status":"closed","sticky":false,"template":"","format":"standard","meta":{"_et_pb_use_builder":"","_et_pb_old_content":"","_et_gb_content_width":"","footnotes":""},"categories":[9192],"tags":[2384,9197,11042],"class_list":["post-80653","post","type-post","status-publish","format-standard","hentry","category-evenements","tag-bretagne","tag-evenement","tag-patrimoine"],"yoast_head":"<!-- This site is optimized with the Yoast SEO plugin v27.4 - https:\/\/yoast.com\/product\/yoast-seo-wordpress\/ -->\n<title>Pour le patrimoine de la Bretagne<\/title>\n<meta name=\"robots\" content=\"index, follow, max-snippet:-1, max-image-preview:large, max-video-preview:-1\" \/>\n<link rel=\"canonical\" href=\"https:\/\/batijournal.com\/index.php\/pour-le-patrimoine-de-la-bretagne\/80653\/\" \/>\n<meta property=\"og:locale\" content=\"fr_FR\" \/>\n<meta property=\"og:type\" content=\"article\" \/>\n<meta property=\"og:title\" content=\"Pour le patrimoine de la Bretagne\" \/>\n<meta property=\"og:description\" content=\"La 7\u00e8me \u00e9dition du Forum des Patrimoines sera, comme chaque ann\u00e9e, organis\u00e9 par GLAD ( \u00ab\u00a0patrimoine\u00a0\u00bb en breton), un collectif de 45 associations de sauvegarde du patrimoine : patrimoine b\u00e2ti, patrimoine naturel et technique. Ces associations regroupent plus de 15.000 membres. Seront pr\u00e9sents sur le forum des structures nationales, comme la Fondation du Patrimoine, la [&hellip;]\" \/>\n<meta property=\"og:url\" content=\"https:\/\/batijournal.com\/index.php\/pour-le-patrimoine-de-la-bretagne\/80653\/\" \/>\n<meta property=\"og:site_name\" content=\"Batijournal\" \/>\n<meta property=\"article:published_time\" content=\"2007-11-26T23:00:00+00:00\" \/>\n<meta name=\"author\" content=\"Bati-journal\" \/>\n<meta name=\"twitter:card\" content=\"summary_large_image\" \/>\n<meta name=\"twitter:creator\" content=\"@bati_journal\" \/>\n<meta name=\"twitter:site\" content=\"@bati_journal\" \/>\n<meta name=\"twitter:label1\" content=\"\u00c9crit par\" \/>\n\t<meta name=\"twitter:data1\" content=\"Bati-journal\" \/>\n\t<meta name=\"twitter:label2\" content=\"Dur\u00e9e de lecture estim\u00e9e\" \/>\n\t<meta name=\"twitter:data2\" content=\"1 minute\" \/>\n<script type=\"application\/ld+json\" class=\"yoast-schema-graph\">{\"@context\":\"https:\\\/\\\/schema.org\",\"@graph\":[{\"@type\":\"Article\",\"@id\":\"https:\\\/\\\/batijournal.com\\\/index.php\\\/pour-le-patrimoine-de-la-bretagne\\\/80653\\\/#article\",\"isPartOf\":{\"@id\":\"https:\\\/\\\/batijournal.com\\\/index.php\\\/pour-le-patrimoine-de-la-bretagne\\\/80653\\\/\"},\"author\":{\"name\":\"Bati-journal\",\"@id\":\"https:\\\/\\\/batijournal.com\\\/#\\\/schema\\\/person\\\/6a657e8967569e1b299972574848aa76\"},\"headline\":\"Pour le patrimoine de la Bretagne\",\"datePublished\":\"2007-11-26T23:00:00+00:00\",\"mainEntityOfPage\":{\"@id\":\"https:\\\/\\\/batijournal.com\\\/index.php\\\/pour-le-patrimoine-de-la-bretagne\\\/80653\\\/\"},\"wordCount\":165,\"commentCount\":0,\"keywords\":[\"Bretagne\",\"evenement\",\"patrimoine\"],\"articleSection\":[\"\u00c9v\u00e9nements\"],\"inLanguage\":\"fr-FR\",\"potentialAction\":[{\"@type\":\"CommentAction\",\"name\":\"Comment\",\"target\":[\"https:\\\/\\\/batijournal.com\\\/index.php\\\/pour-le-patrimoine-de-la-bretagne\\\/80653\\\/#respond\"]}]},{\"@type\":\"WebPage\",\"@id\":\"https:\\\/\\\/batijournal.com\\\/index.php\\\/pour-le-patrimoine-de-la-bretagne\\\/80653\\\/\",\"url\":\"https:\\\/\\\/batijournal.com\\\/index.php\\\/pour-le-patrimoine-de-la-bretagne\\\/80653\\\/\",\"name\":\"Pour le patrimoine de la Bretagne\",\"isPartOf\":{\"@id\":\"https:\\\/\\\/batijournal.com\\\/#website\"},\"datePublished\":\"2007-11-26T23:00:00+00:00\",\"author\":{\"@id\":\"https:\\\/\\\/batijournal.com\\\/#\\\/schema\\\/person\\\/6a657e8967569e1b299972574848aa76\"},\"breadcrumb\":{\"@id\":\"https:\\\/\\\/batijournal.com\\\/index.php\\\/pour-le-patrimoine-de-la-bretagne\\\/80653\\\/#breadcrumb\"},\"inLanguage\":\"fr-FR\",\"potentialAction\":[{\"@type\":\"ReadAction\",\"target\":[\"https:\\\/\\\/batijournal.com\\\/index.php\\\/pour-le-patrimoine-de-la-bretagne\\\/80653\\\/\"]}]},{\"@type\":\"BreadcrumbList\",\"@id\":\"https:\\\/\\\/batijournal.com\\\/index.php\\\/pour-le-patrimoine-de-la-bretagne\\\/80653\\\/#breadcrumb\",\"itemListElement\":[{\"@type\":\"ListItem\",\"position\":1,\"name\":\"Accueil\",\"item\":\"https:\\\/\\\/batijournal.com\\\/\"},{\"@type\":\"ListItem\",\"position\":2,\"name\":\"\u00c9v\u00e9nements\",\"item\":\"https:\\\/\\\/batijournal.com\\\/index.php\\\/category\\\/evenements\\\/\"},{\"@type\":\"ListItem\",\"position\":3,\"name\":\"Pour le patrimoine de la Bretagne\"}]},{\"@type\":\"WebSite\",\"@id\":\"https:\\\/\\\/batijournal.com\\\/#website\",\"url\":\"https:\\\/\\\/batijournal.com\\\/\",\"name\":\"Batijournal\",\"description\":\"L&#039;actualit\u00e9 du b\u00e2timent\",\"potentialAction\":[{\"@type\":\"SearchAction\",\"target\":{\"@type\":\"EntryPoint\",\"urlTemplate\":\"https:\\\/\\\/batijournal.com\\\/?s={search_term_string}\"},\"query-input\":{\"@type\":\"PropertyValueSpecification\",\"valueRequired\":true,\"valueName\":\"search_term_string\"}}],\"inLanguage\":\"fr-FR\"},{\"@type\":\"Person\",\"@id\":\"https:\\\/\\\/batijournal.com\\\/#\\\/schema\\\/person\\\/6a657e8967569e1b299972574848aa76\",\"name\":\"Bati-journal\",\"image\":{\"@type\":\"ImageObject\",\"inLanguage\":\"fr-FR\",\"@id\":\"https:\\\/\\\/secure.gravatar.com\\\/avatar\\\/a64364ea26392f9b4dd47e017ddaec74ff03aefc073b49e492e847201258f777?s=96&d=mm&r=g\",\"url\":\"https:\\\/\\\/secure.gravatar.com\\\/avatar\\\/a64364ea26392f9b4dd47e017ddaec74ff03aefc073b49e492e847201258f777?s=96&d=mm&r=g\",\"contentUrl\":\"https:\\\/\\\/secure.gravatar.com\\\/avatar\\\/a64364ea26392f9b4dd47e017ddaec74ff03aefc073b49e492e847201258f777?s=96&d=mm&r=g\",\"caption\":\"Bati-journal\"},\"url\":\"https:\\\/\\\/batijournal.com\\\/index.php\\\/author\\\/elodie\\\/\"}]}<\/script>\n<!-- \/ Yoast SEO plugin. -->","yoast_head_json":{"title":"Pour le patrimoine de la Bretagne","robots":{"index":"index","follow":"follow","max-snippet":"max-snippet:-1","max-image-preview":"max-image-preview:large","max-video-preview":"max-video-preview:-1"},"canonical":"https:\/\/batijournal.com\/index.php\/pour-le-patrimoine-de-la-bretagne\/80653\/","og_locale":"fr_FR","og_type":"article","og_title":"Pour le patrimoine de la Bretagne","og_description":"La 7\u00e8me \u00e9dition du Forum des Patrimoines sera, comme chaque ann\u00e9e, organis\u00e9 par GLAD ( \u00ab\u00a0patrimoine\u00a0\u00bb en breton), un collectif de 45 associations de sauvegarde du patrimoine : patrimoine b\u00e2ti, patrimoine naturel et technique. Ces associations regroupent plus de 15.000 membres. Seront pr\u00e9sents sur le forum des structures nationales, comme la Fondation du Patrimoine, la [&hellip;]","og_url":"https:\/\/batijournal.com\/index.php\/pour-le-patrimoine-de-la-bretagne\/80653\/","og_site_name":"Batijournal","article_published_time":"2007-11-26T23:00:00+00:00","author":"Bati-journal","twitter_card":"summary_large_image","twitter_creator":"@bati_journal","twitter_site":"@bati_journal","twitter_misc":{"\u00c9crit par":"Bati-journal","Dur\u00e9e de lecture estim\u00e9e":"1 minute"},"schema":{"@context":"https:\/\/schema.org","@graph":[{"@type":"Article","@id":"https:\/\/batijournal.com\/index.php\/pour-le-patrimoine-de-la-bretagne\/80653\/#article","isPartOf":{"@id":"https:\/\/batijournal.com\/index.php\/pour-le-patrimoine-de-la-bretagne\/80653\/"},"author":{"name":"Bati-journal","@id":"https:\/\/batijournal.com\/#\/schema\/person\/6a657e8967569e1b299972574848aa76"},"headline":"Pour le patrimoine de la Bretagne","datePublished":"2007-11-26T23:00:00+00:00","mainEntityOfPage":{"@id":"https:\/\/batijournal.com\/index.php\/pour-le-patrimoine-de-la-bretagne\/80653\/"},"wordCount":165,"commentCount":0,"keywords":["Bretagne","evenement","patrimoine"],"articleSection":["\u00c9v\u00e9nements"],"inLanguage":"fr-FR","potentialAction":[{"@type":"CommentAction","name":"Comment","target":["https:\/\/batijournal.com\/index.php\/pour-le-patrimoine-de-la-bretagne\/80653\/#respond"]}]},{"@type":"WebPage","@id":"https:\/\/batijournal.com\/index.php\/pour-le-patrimoine-de-la-bretagne\/80653\/","url":"https:\/\/batijournal.com\/index.php\/pour-le-patrimoine-de-la-bretagne\/80653\/","name":"Pour le patrimoine de la Bretagne","isPartOf":{"@id":"https:\/\/batijournal.com\/#website"},"datePublished":"2007-11-26T23:00:00+00:00","author":{"@id":"https:\/\/batijournal.com\/#\/schema\/person\/6a657e8967569e1b299972574848aa76"},"breadcrumb":{"@id":"https:\/\/batijournal.com\/index.php\/pour-le-patrimoine-de-la-bretagne\/80653\/#breadcrumb"},"inLanguage":"fr-FR","potentialAction":[{"@type":"ReadAction","target":["https:\/\/batijournal.com\/index.php\/pour-le-patrimoine-de-la-bretagne\/80653\/"]}]},{"@type":"BreadcrumbList","@id":"https:\/\/batijournal.com\/index.php\/pour-le-patrimoine-de-la-bretagne\/80653\/#breadcrumb","itemListElement":[{"@type":"ListItem","position":1,"name":"Accueil","item":"https:\/\/batijournal.com\/"},{"@type":"ListItem","position":2,"name":"\u00c9v\u00e9nements","item":"https:\/\/batijournal.com\/index.php\/category\/evenements\/"},{"@type":"ListItem","position":3,"name":"Pour le patrimoine de la Bretagne"}]},{"@type":"WebSite","@id":"https:\/\/batijournal.com\/#website","url":"https:\/\/batijournal.com\/","name":"Batijournal","description":"L&#039;actualit\u00e9 du b\u00e2timent","potentialAction":[{"@type":"SearchAction","target":{"@type":"EntryPoint","urlTemplate":"https:\/\/batijournal.com\/?s={search_term_string}"},"query-input":{"@type":"PropertyValueSpecification","valueRequired":true,"valueName":"search_term_string"}}],"inLanguage":"fr-FR"},{"@type":"Person","@id":"https:\/\/batijournal.com\/#\/schema\/person\/6a657e8967569e1b299972574848aa76","name":"Bati-journal","image":{"@type":"ImageObject","inLanguage":"fr-FR","@id":"https:\/\/secure.gravatar.com\/avatar\/a64364ea26392f9b4dd47e017ddaec74ff03aefc073b49e492e847201258f777?s=96&d=mm&r=g","url":"https:\/\/secure.gravatar.com\/avatar\/a64364ea26392f9b4dd47e017ddaec74ff03aefc073b49e492e847201258f777?s=96&d=mm&r=g","contentUrl":"https:\/\/secure.gravatar.com\/avatar\/a64364ea26392f9b4dd47e017ddaec74ff03aefc073b49e492e847201258f777?s=96&d=mm&r=g","caption":"Bati-journal"},"url":"https:\/\/batijournal.com\/index.php\/author\/elodie\/"}]}},"_links":{"self":[{"href":"https:\/\/batijournal.com\/index.php\/wp-json\/wp\/v2\/posts\/80653","targetHints":{"allow":["GET"]}}],"collection":[{"href":"https:\/\/batijournal.com\/index.php\/wp-json\/wp\/v2\/posts"}],"about":[{"href":"https:\/\/batijournal.com\/index.php\/wp-json\/wp\/v2\/types\/post"}],"author":[{"embeddable":true,"href":"https:\/\/batijournal.com\/index.php\/wp-json\/wp\/v2\/users\/1"}],"replies":[{"embeddable":true,"href":"https:\/\/batijournal.com\/index.php\/wp-json\/wp\/v2\/comments?post=80653"}],"version-history":[{"count":0,"href":"https:\/\/batijournal.com\/index.php\/wp-json\/wp\/v2\/posts\/80653\/revisions"}],"wp:attachment":[{"href":"https:\/\/batijournal.com\/index.php\/wp-json\/wp\/v2\/media?parent=80653"}],"wp:term":[{"taxonomy":"category","embeddable":true,"href":"https:\/\/batijournal.com\/index.php\/wp-json\/wp\/v2\/categories?post=80653"},{"taxonomy":"post_tag","embeddable":true,"href":"https:\/\/batijournal.com\/index.php\/wp-json\/wp\/v2\/tags?post=80653"}],"curies":[{"name":"wp","href":"https:\/\/api.w.org\/{rel}","templated":true}]}}