{"id":80678,"date":"2008-01-08T00:00:00","date_gmt":"2008-01-07T23:00:00","guid":{"rendered":"http:\/\/b.bati-journal.com\/salon-couleurs-et-metiers\/80678"},"modified":"2008-01-08T00:00:00","modified_gmt":"2008-01-07T23:00:00","slug":"salon-couleurs-et-metiers","status":"publish","type":"post","link":"https:\/\/batijournal.com\/index.php\/salon-couleurs-et-metiers\/80678\/","title":{"rendered":"Salon Couleurs et M\u00e9tiers"},"content":{"rendered":"<p>Lyon accueille l&rsquo;\u00e9dition 2008 du salon Couleurs et M\u00e9tiers, rendez-vous en r\u00e9gion de l&rsquo;ensemble des acteurs de la fili\u00e8re second oeuvre\/finition. Cette fili\u00e8re repr\u00e9sente, en Rh\u00f4ne-Alpes, un march\u00e9 de 1,65 milliard d&rsquo;euros HT de chiffre d&rsquo;affaires r\u00e9alis\u00e9 par 8 000 entreprises et 32 000 salari\u00e9s. Cet \u00e9v\u00e9nement est l&rsquo;occasion pour une centaine de fabricants et distributeurs de pr\u00e9senter aux 5 000 professionnels attendus leurs innovations : produits, mat\u00e9riaux, rev\u00eatements de sol et de mur, outillages et \u00e9quipements.<\/p>\n","protected":false},"excerpt":{"rendered":"<p>Lyon accueille l&rsquo;\u00e9dition 2008 du salon Couleurs et M\u00e9tiers, rendez-vous en r\u00e9gion de l&rsquo;ensemble des acteurs de la fili\u00e8re second oeuvre\/finition. Cette fili\u00e8re repr\u00e9sente, en Rh\u00f4ne-Alpes, un march\u00e9 de 1,65 milliard d&rsquo;euros HT de chiffre d&rsquo;affaires r\u00e9alis\u00e9 par 8 000 entreprises et 32 000 salari\u00e9s. Cet \u00e9v\u00e9nement est l&rsquo;occasion pour une centaine de fabricants et [&hellip;]<\/p>\n","protected":false},"author":1,"featured_media":0,"comment_status":"open","ping_status":"closed","sticky":false,"template":"","format":"standard","meta":{"_et_pb_use_builder":"","_et_pb_old_content":"","_et_gb_content_width":"","footnotes":""},"categories":[9192],"tags":[386],"class_list":["post-80678","post","type-post","status-publish","format-standard","hentry","category-evenements","tag-salon"],"yoast_head":"<!-- This site is optimized with the Yoast SEO plugin v27.4 - https:\/\/yoast.com\/product\/yoast-seo-wordpress\/ -->\n<title>Salon Couleurs et M\u00e9tiers<\/title>\n<meta name=\"robots\" content=\"index, follow, max-snippet:-1, max-image-preview:large, max-video-preview:-1\" \/>\n<link rel=\"canonical\" href=\"https:\/\/batijournal.com\/index.php\/salon-couleurs-et-metiers\/80678\/\" \/>\n<meta property=\"og:locale\" content=\"fr_FR\" \/>\n<meta property=\"og:type\" content=\"article\" \/>\n<meta property=\"og:title\" content=\"Salon Couleurs et M\u00e9tiers\" \/>\n<meta property=\"og:description\" content=\"Lyon accueille l&rsquo;\u00e9dition 2008 du salon Couleurs et M\u00e9tiers, rendez-vous en r\u00e9gion de l&rsquo;ensemble des acteurs de la fili\u00e8re second oeuvre\/finition. Cette fili\u00e8re repr\u00e9sente, en Rh\u00f4ne-Alpes, un march\u00e9 de 1,65 milliard d&rsquo;euros HT de chiffre d&rsquo;affaires r\u00e9alis\u00e9 par 8 000 entreprises et 32 000 salari\u00e9s. Cet \u00e9v\u00e9nement est l&rsquo;occasion pour une centaine de fabricants et [&hellip;]\" \/>\n<meta property=\"og:url\" content=\"https:\/\/batijournal.com\/index.php\/salon-couleurs-et-metiers\/80678\/\" \/>\n<meta property=\"og:site_name\" content=\"Batijournal\" \/>\n<meta property=\"article:published_time\" content=\"2008-01-07T23:00:00+00:00\" \/>\n<meta name=\"author\" content=\"Bati-journal\" \/>\n<meta name=\"twitter:card\" content=\"summary_large_image\" \/>\n<meta name=\"twitter:creator\" content=\"@bati_journal\" \/>\n<meta name=\"twitter:site\" content=\"@bati_journal\" \/>\n<meta name=\"twitter:label1\" content=\"\u00c9crit par\" \/>\n\t<meta name=\"twitter:data1\" content=\"Bati-journal\" \/>\n<script type=\"application\/ld+json\" class=\"yoast-schema-graph\">{\"@context\":\"https:\\\/\\\/schema.org\",\"@graph\":[{\"@type\":\"Article\",\"@id\":\"https:\\\/\\\/batijournal.com\\\/index.php\\\/salon-couleurs-et-metiers\\\/80678\\\/#article\",\"isPartOf\":{\"@id\":\"https:\\\/\\\/batijournal.com\\\/index.php\\\/salon-couleurs-et-metiers\\\/80678\\\/\"},\"author\":{\"name\":\"Bati-journal\",\"@id\":\"https:\\\/\\\/batijournal.com\\\/#\\\/schema\\\/person\\\/6a657e8967569e1b299972574848aa76\"},\"headline\":\"Salon Couleurs et M\u00e9tiers\",\"datePublished\":\"2008-01-07T23:00:00+00:00\",\"mainEntityOfPage\":{\"@id\":\"https:\\\/\\\/batijournal.com\\\/index.php\\\/salon-couleurs-et-metiers\\\/80678\\\/\"},\"wordCount\":91,\"commentCount\":0,\"keywords\":[\"salon\"],\"articleSection\":[\"\u00c9v\u00e9nements\"],\"inLanguage\":\"fr-FR\",\"potentialAction\":[{\"@type\":\"CommentAction\",\"name\":\"Comment\",\"target\":[\"https:\\\/\\\/batijournal.com\\\/index.php\\\/salon-couleurs-et-metiers\\\/80678\\\/#respond\"]}]},{\"@type\":\"WebPage\",\"@id\":\"https:\\\/\\\/batijournal.com\\\/index.php\\\/salon-couleurs-et-metiers\\\/80678\\\/\",\"url\":\"https:\\\/\\\/batijournal.com\\\/index.php\\\/salon-couleurs-et-metiers\\\/80678\\\/\",\"name\":\"Salon Couleurs et M\u00e9tiers\",\"isPartOf\":{\"@id\":\"https:\\\/\\\/batijournal.com\\\/#website\"},\"datePublished\":\"2008-01-07T23:00:00+00:00\",\"author\":{\"@id\":\"https:\\\/\\\/batijournal.com\\\/#\\\/schema\\\/person\\\/6a657e8967569e1b299972574848aa76\"},\"breadcrumb\":{\"@id\":\"https:\\\/\\\/batijournal.com\\\/index.php\\\/salon-couleurs-et-metiers\\\/80678\\\/#breadcrumb\"},\"inLanguage\":\"fr-FR\",\"potentialAction\":[{\"@type\":\"ReadAction\",\"target\":[\"https:\\\/\\\/batijournal.com\\\/index.php\\\/salon-couleurs-et-metiers\\\/80678\\\/\"]}]},{\"@type\":\"BreadcrumbList\",\"@id\":\"https:\\\/\\\/batijournal.com\\\/index.php\\\/salon-couleurs-et-metiers\\\/80678\\\/#breadcrumb\",\"itemListElement\":[{\"@type\":\"ListItem\",\"position\":1,\"name\":\"Accueil\",\"item\":\"https:\\\/\\\/batijournal.com\\\/\"},{\"@type\":\"ListItem\",\"position\":2,\"name\":\"\u00c9v\u00e9nements\",\"item\":\"https:\\\/\\\/batijournal.com\\\/index.php\\\/category\\\/evenements\\\/\"},{\"@type\":\"ListItem\",\"position\":3,\"name\":\"Salon Couleurs et M\u00e9tiers\"}]},{\"@type\":\"WebSite\",\"@id\":\"https:\\\/\\\/batijournal.com\\\/#website\",\"url\":\"https:\\\/\\\/batijournal.com\\\/\",\"name\":\"Batijournal\",\"description\":\"L&#039;actualit\u00e9 du b\u00e2timent\",\"potentialAction\":[{\"@type\":\"SearchAction\",\"target\":{\"@type\":\"EntryPoint\",\"urlTemplate\":\"https:\\\/\\\/batijournal.com\\\/?s={search_term_string}\"},\"query-input\":{\"@type\":\"PropertyValueSpecification\",\"valueRequired\":true,\"valueName\":\"search_term_string\"}}],\"inLanguage\":\"fr-FR\"},{\"@type\":\"Person\",\"@id\":\"https:\\\/\\\/batijournal.com\\\/#\\\/schema\\\/person\\\/6a657e8967569e1b299972574848aa76\",\"name\":\"Bati-journal\",\"image\":{\"@type\":\"ImageObject\",\"inLanguage\":\"fr-FR\",\"@id\":\"https:\\\/\\\/secure.gravatar.com\\\/avatar\\\/a64364ea26392f9b4dd47e017ddaec74ff03aefc073b49e492e847201258f777?s=96&d=mm&r=g\",\"url\":\"https:\\\/\\\/secure.gravatar.com\\\/avatar\\\/a64364ea26392f9b4dd47e017ddaec74ff03aefc073b49e492e847201258f777?s=96&d=mm&r=g\",\"contentUrl\":\"https:\\\/\\\/secure.gravatar.com\\\/avatar\\\/a64364ea26392f9b4dd47e017ddaec74ff03aefc073b49e492e847201258f777?s=96&d=mm&r=g\",\"caption\":\"Bati-journal\"},\"url\":\"https:\\\/\\\/batijournal.com\\\/index.php\\\/author\\\/elodie\\\/\"}]}<\/script>\n<!-- \/ Yoast SEO plugin. -->","yoast_head_json":{"title":"Salon Couleurs et M\u00e9tiers","robots":{"index":"index","follow":"follow","max-snippet":"max-snippet:-1","max-image-preview":"max-image-preview:large","max-video-preview":"max-video-preview:-1"},"canonical":"https:\/\/batijournal.com\/index.php\/salon-couleurs-et-metiers\/80678\/","og_locale":"fr_FR","og_type":"article","og_title":"Salon Couleurs et M\u00e9tiers","og_description":"Lyon accueille l&rsquo;\u00e9dition 2008 du salon Couleurs et M\u00e9tiers, rendez-vous en r\u00e9gion de l&rsquo;ensemble des acteurs de la fili\u00e8re second oeuvre\/finition. Cette fili\u00e8re repr\u00e9sente, en Rh\u00f4ne-Alpes, un march\u00e9 de 1,65 milliard d&rsquo;euros HT de chiffre d&rsquo;affaires r\u00e9alis\u00e9 par 8 000 entreprises et 32 000 salari\u00e9s. Cet \u00e9v\u00e9nement est l&rsquo;occasion pour une centaine de fabricants et [&hellip;]","og_url":"https:\/\/batijournal.com\/index.php\/salon-couleurs-et-metiers\/80678\/","og_site_name":"Batijournal","article_published_time":"2008-01-07T23:00:00+00:00","author":"Bati-journal","twitter_card":"summary_large_image","twitter_creator":"@bati_journal","twitter_site":"@bati_journal","twitter_misc":{"\u00c9crit par":"Bati-journal"},"schema":{"@context":"https:\/\/schema.org","@graph":[{"@type":"Article","@id":"https:\/\/batijournal.com\/index.php\/salon-couleurs-et-metiers\/80678\/#article","isPartOf":{"@id":"https:\/\/batijournal.com\/index.php\/salon-couleurs-et-metiers\/80678\/"},"author":{"name":"Bati-journal","@id":"https:\/\/batijournal.com\/#\/schema\/person\/6a657e8967569e1b299972574848aa76"},"headline":"Salon Couleurs et M\u00e9tiers","datePublished":"2008-01-07T23:00:00+00:00","mainEntityOfPage":{"@id":"https:\/\/batijournal.com\/index.php\/salon-couleurs-et-metiers\/80678\/"},"wordCount":91,"commentCount":0,"keywords":["salon"],"articleSection":["\u00c9v\u00e9nements"],"inLanguage":"fr-FR","potentialAction":[{"@type":"CommentAction","name":"Comment","target":["https:\/\/batijournal.com\/index.php\/salon-couleurs-et-metiers\/80678\/#respond"]}]},{"@type":"WebPage","@id":"https:\/\/batijournal.com\/index.php\/salon-couleurs-et-metiers\/80678\/","url":"https:\/\/batijournal.com\/index.php\/salon-couleurs-et-metiers\/80678\/","name":"Salon Couleurs et M\u00e9tiers","isPartOf":{"@id":"https:\/\/batijournal.com\/#website"},"datePublished":"2008-01-07T23:00:00+00:00","author":{"@id":"https:\/\/batijournal.com\/#\/schema\/person\/6a657e8967569e1b299972574848aa76"},"breadcrumb":{"@id":"https:\/\/batijournal.com\/index.php\/salon-couleurs-et-metiers\/80678\/#breadcrumb"},"inLanguage":"fr-FR","potentialAction":[{"@type":"ReadAction","target":["https:\/\/batijournal.com\/index.php\/salon-couleurs-et-metiers\/80678\/"]}]},{"@type":"BreadcrumbList","@id":"https:\/\/batijournal.com\/index.php\/salon-couleurs-et-metiers\/80678\/#breadcrumb","itemListElement":[{"@type":"ListItem","position":1,"name":"Accueil","item":"https:\/\/batijournal.com\/"},{"@type":"ListItem","position":2,"name":"\u00c9v\u00e9nements","item":"https:\/\/batijournal.com\/index.php\/category\/evenements\/"},{"@type":"ListItem","position":3,"name":"Salon Couleurs et M\u00e9tiers"}]},{"@type":"WebSite","@id":"https:\/\/batijournal.com\/#website","url":"https:\/\/batijournal.com\/","name":"Batijournal","description":"L&#039;actualit\u00e9 du b\u00e2timent","potentialAction":[{"@type":"SearchAction","target":{"@type":"EntryPoint","urlTemplate":"https:\/\/batijournal.com\/?s={search_term_string}"},"query-input":{"@type":"PropertyValueSpecification","valueRequired":true,"valueName":"search_term_string"}}],"inLanguage":"fr-FR"},{"@type":"Person","@id":"https:\/\/batijournal.com\/#\/schema\/person\/6a657e8967569e1b299972574848aa76","name":"Bati-journal","image":{"@type":"ImageObject","inLanguage":"fr-FR","@id":"https:\/\/secure.gravatar.com\/avatar\/a64364ea26392f9b4dd47e017ddaec74ff03aefc073b49e492e847201258f777?s=96&d=mm&r=g","url":"https:\/\/secure.gravatar.com\/avatar\/a64364ea26392f9b4dd47e017ddaec74ff03aefc073b49e492e847201258f777?s=96&d=mm&r=g","contentUrl":"https:\/\/secure.gravatar.com\/avatar\/a64364ea26392f9b4dd47e017ddaec74ff03aefc073b49e492e847201258f777?s=96&d=mm&r=g","caption":"Bati-journal"},"url":"https:\/\/batijournal.com\/index.php\/author\/elodie\/"}]}},"_links":{"self":[{"href":"https:\/\/batijournal.com\/index.php\/wp-json\/wp\/v2\/posts\/80678","targetHints":{"allow":["GET"]}}],"collection":[{"href":"https:\/\/batijournal.com\/index.php\/wp-json\/wp\/v2\/posts"}],"about":[{"href":"https:\/\/batijournal.com\/index.php\/wp-json\/wp\/v2\/types\/post"}],"author":[{"embeddable":true,"href":"https:\/\/batijournal.com\/index.php\/wp-json\/wp\/v2\/users\/1"}],"replies":[{"embeddable":true,"href":"https:\/\/batijournal.com\/index.php\/wp-json\/wp\/v2\/comments?post=80678"}],"version-history":[{"count":0,"href":"https:\/\/batijournal.com\/index.php\/wp-json\/wp\/v2\/posts\/80678\/revisions"}],"wp:attachment":[{"href":"https:\/\/batijournal.com\/index.php\/wp-json\/wp\/v2\/media?parent=80678"}],"wp:term":[{"taxonomy":"category","embeddable":true,"href":"https:\/\/batijournal.com\/index.php\/wp-json\/wp\/v2\/categories?post=80678"},{"taxonomy":"post_tag","embeddable":true,"href":"https:\/\/batijournal.com\/index.php\/wp-json\/wp\/v2\/tags?post=80678"}],"curies":[{"name":"wp","href":"https:\/\/api.w.org\/{rel}","templated":true}]}}