{"id":80683,"date":"2008-01-14T00:00:00","date_gmt":"2008-01-13T23:00:00","guid":{"rendered":"http:\/\/b.bati-journal.com\/determiner-lage-des-bois-de-construction\/80683"},"modified":"2008-01-14T00:00:00","modified_gmt":"2008-01-13T23:00:00","slug":"determiner-lage-des-bois-de-construction","status":"publish","type":"post","link":"https:\/\/batijournal.com\/index.php\/determiner-lage-des-bois-de-construction\/80683\/","title":{"rendered":"D\u00e9terminer l&rsquo;\u00e2ge des bois de construction"},"content":{"rendered":"<p>Maisons Paysannes de France Tarn-et-Garonne organise une conf\u00e9rence sur la dendrochronologie, soit l&rsquo;\u00e9tude et la datation des bois de construction, le samedi 9 f\u00e9vrier \u00e0 14 h 30, au centre culturel de Lafran\u00e7aise \u00e0 15 km au nord de Montauban (82). Cette manifestation gratuite sera anim\u00e9e par B\u00e9atrice Szepertyski, directrice du laboratoire d&rsquo;analyses et d&rsquo;expertises des oeuvres d&rsquo;art et d&rsquo;architecture de Bordeaux. Renseignements aupr\u00e8s de Pierre Baffalie : tarnetgaronne@maisons-paysannes.org<\/p>\n","protected":false},"excerpt":{"rendered":"<p>Maisons Paysannes de France Tarn-et-Garonne organise une conf\u00e9rence sur la dendrochronologie, soit l&rsquo;\u00e9tude et la datation des bois de construction, le samedi 9 f\u00e9vrier \u00e0 14 h 30, au centre culturel de Lafran\u00e7aise \u00e0 15 km au nord de Montauban (82). Cette manifestation gratuite sera anim\u00e9e par B\u00e9atrice Szepertyski, directrice du laboratoire d&rsquo;analyses et d&rsquo;expertises [&hellip;]<\/p>\n","protected":false},"author":1,"featured_media":0,"comment_status":"open","ping_status":"closed","sticky":false,"template":"","format":"standard","meta":{"_et_pb_use_builder":"","_et_pb_old_content":"","_et_gb_content_width":"","footnotes":""},"categories":[9192],"tags":[7183],"class_list":["post-80683","post","type-post","status-publish","format-standard","hentry","category-evenements","tag-maisons-paysannes"],"yoast_head":"<!-- This site is optimized with the Yoast SEO plugin v27.4 - https:\/\/yoast.com\/product\/yoast-seo-wordpress\/ -->\n<title>D\u00e9terminer l&#039;\u00e2ge des bois de construction<\/title>\n<meta name=\"robots\" content=\"index, follow, max-snippet:-1, max-image-preview:large, max-video-preview:-1\" \/>\n<link rel=\"canonical\" href=\"https:\/\/batijournal.com\/index.php\/determiner-lage-des-bois-de-construction\/80683\/\" \/>\n<meta property=\"og:locale\" content=\"fr_FR\" \/>\n<meta property=\"og:type\" content=\"article\" \/>\n<meta property=\"og:title\" content=\"D\u00e9terminer l&#039;\u00e2ge des bois de construction\" \/>\n<meta property=\"og:description\" content=\"Maisons Paysannes de France Tarn-et-Garonne organise une conf\u00e9rence sur la dendrochronologie, soit l&rsquo;\u00e9tude et la datation des bois de construction, le samedi 9 f\u00e9vrier \u00e0 14 h 30, au centre culturel de Lafran\u00e7aise \u00e0 15 km au nord de Montauban (82). Cette manifestation gratuite sera anim\u00e9e par B\u00e9atrice Szepertyski, directrice du laboratoire d&rsquo;analyses et d&rsquo;expertises [&hellip;]\" \/>\n<meta property=\"og:url\" content=\"https:\/\/batijournal.com\/index.php\/determiner-lage-des-bois-de-construction\/80683\/\" \/>\n<meta property=\"og:site_name\" content=\"Batijournal\" \/>\n<meta property=\"article:published_time\" content=\"2008-01-13T23:00:00+00:00\" \/>\n<meta name=\"author\" content=\"Bati-journal\" \/>\n<meta name=\"twitter:card\" content=\"summary_large_image\" \/>\n<meta name=\"twitter:creator\" content=\"@bati_journal\" \/>\n<meta name=\"twitter:site\" content=\"@bati_journal\" \/>\n<meta name=\"twitter:label1\" content=\"\u00c9crit par\" \/>\n\t<meta name=\"twitter:data1\" content=\"Bati-journal\" \/>\n<script type=\"application\/ld+json\" class=\"yoast-schema-graph\">{\"@context\":\"https:\\\/\\\/schema.org\",\"@graph\":[{\"@type\":\"Article\",\"@id\":\"https:\\\/\\\/batijournal.com\\\/index.php\\\/determiner-lage-des-bois-de-construction\\\/80683\\\/#article\",\"isPartOf\":{\"@id\":\"https:\\\/\\\/batijournal.com\\\/index.php\\\/determiner-lage-des-bois-de-construction\\\/80683\\\/\"},\"author\":{\"name\":\"Bati-journal\",\"@id\":\"https:\\\/\\\/batijournal.com\\\/#\\\/schema\\\/person\\\/6a657e8967569e1b299972574848aa76\"},\"headline\":\"D\u00e9terminer l&rsquo;\u00e2ge des bois de construction\",\"datePublished\":\"2008-01-13T23:00:00+00:00\",\"mainEntityOfPage\":{\"@id\":\"https:\\\/\\\/batijournal.com\\\/index.php\\\/determiner-lage-des-bois-de-construction\\\/80683\\\/\"},\"wordCount\":82,\"commentCount\":0,\"keywords\":[\"maisons paysannes\"],\"articleSection\":[\"\u00c9v\u00e9nements\"],\"inLanguage\":\"fr-FR\",\"potentialAction\":[{\"@type\":\"CommentAction\",\"name\":\"Comment\",\"target\":[\"https:\\\/\\\/batijournal.com\\\/index.php\\\/determiner-lage-des-bois-de-construction\\\/80683\\\/#respond\"]}]},{\"@type\":\"WebPage\",\"@id\":\"https:\\\/\\\/batijournal.com\\\/index.php\\\/determiner-lage-des-bois-de-construction\\\/80683\\\/\",\"url\":\"https:\\\/\\\/batijournal.com\\\/index.php\\\/determiner-lage-des-bois-de-construction\\\/80683\\\/\",\"name\":\"D\u00e9terminer l'\u00e2ge des bois de construction\",\"isPartOf\":{\"@id\":\"https:\\\/\\\/batijournal.com\\\/#website\"},\"datePublished\":\"2008-01-13T23:00:00+00:00\",\"author\":{\"@id\":\"https:\\\/\\\/batijournal.com\\\/#\\\/schema\\\/person\\\/6a657e8967569e1b299972574848aa76\"},\"breadcrumb\":{\"@id\":\"https:\\\/\\\/batijournal.com\\\/index.php\\\/determiner-lage-des-bois-de-construction\\\/80683\\\/#breadcrumb\"},\"inLanguage\":\"fr-FR\",\"potentialAction\":[{\"@type\":\"ReadAction\",\"target\":[\"https:\\\/\\\/batijournal.com\\\/index.php\\\/determiner-lage-des-bois-de-construction\\\/80683\\\/\"]}]},{\"@type\":\"BreadcrumbList\",\"@id\":\"https:\\\/\\\/batijournal.com\\\/index.php\\\/determiner-lage-des-bois-de-construction\\\/80683\\\/#breadcrumb\",\"itemListElement\":[{\"@type\":\"ListItem\",\"position\":1,\"name\":\"Accueil\",\"item\":\"https:\\\/\\\/batijournal.com\\\/\"},{\"@type\":\"ListItem\",\"position\":2,\"name\":\"\u00c9v\u00e9nements\",\"item\":\"https:\\\/\\\/batijournal.com\\\/index.php\\\/category\\\/evenements\\\/\"},{\"@type\":\"ListItem\",\"position\":3,\"name\":\"D\u00e9terminer l&rsquo;\u00e2ge des bois de construction\"}]},{\"@type\":\"WebSite\",\"@id\":\"https:\\\/\\\/batijournal.com\\\/#website\",\"url\":\"https:\\\/\\\/batijournal.com\\\/\",\"name\":\"Batijournal\",\"description\":\"L&#039;actualit\u00e9 du b\u00e2timent\",\"potentialAction\":[{\"@type\":\"SearchAction\",\"target\":{\"@type\":\"EntryPoint\",\"urlTemplate\":\"https:\\\/\\\/batijournal.com\\\/?s={search_term_string}\"},\"query-input\":{\"@type\":\"PropertyValueSpecification\",\"valueRequired\":true,\"valueName\":\"search_term_string\"}}],\"inLanguage\":\"fr-FR\"},{\"@type\":\"Person\",\"@id\":\"https:\\\/\\\/batijournal.com\\\/#\\\/schema\\\/person\\\/6a657e8967569e1b299972574848aa76\",\"name\":\"Bati-journal\",\"image\":{\"@type\":\"ImageObject\",\"inLanguage\":\"fr-FR\",\"@id\":\"https:\\\/\\\/secure.gravatar.com\\\/avatar\\\/a64364ea26392f9b4dd47e017ddaec74ff03aefc073b49e492e847201258f777?s=96&d=mm&r=g\",\"url\":\"https:\\\/\\\/secure.gravatar.com\\\/avatar\\\/a64364ea26392f9b4dd47e017ddaec74ff03aefc073b49e492e847201258f777?s=96&d=mm&r=g\",\"contentUrl\":\"https:\\\/\\\/secure.gravatar.com\\\/avatar\\\/a64364ea26392f9b4dd47e017ddaec74ff03aefc073b49e492e847201258f777?s=96&d=mm&r=g\",\"caption\":\"Bati-journal\"},\"url\":\"https:\\\/\\\/batijournal.com\\\/index.php\\\/author\\\/elodie\\\/\"}]}<\/script>\n<!-- \/ Yoast SEO plugin. -->","yoast_head_json":{"title":"D\u00e9terminer l'\u00e2ge des bois de construction","robots":{"index":"index","follow":"follow","max-snippet":"max-snippet:-1","max-image-preview":"max-image-preview:large","max-video-preview":"max-video-preview:-1"},"canonical":"https:\/\/batijournal.com\/index.php\/determiner-lage-des-bois-de-construction\/80683\/","og_locale":"fr_FR","og_type":"article","og_title":"D\u00e9terminer l'\u00e2ge des bois de construction","og_description":"Maisons Paysannes de France Tarn-et-Garonne organise une conf\u00e9rence sur la dendrochronologie, soit l&rsquo;\u00e9tude et la datation des bois de construction, le samedi 9 f\u00e9vrier \u00e0 14 h 30, au centre culturel de Lafran\u00e7aise \u00e0 15 km au nord de Montauban (82). Cette manifestation gratuite sera anim\u00e9e par B\u00e9atrice Szepertyski, directrice du laboratoire d&rsquo;analyses et d&rsquo;expertises [&hellip;]","og_url":"https:\/\/batijournal.com\/index.php\/determiner-lage-des-bois-de-construction\/80683\/","og_site_name":"Batijournal","article_published_time":"2008-01-13T23:00:00+00:00","author":"Bati-journal","twitter_card":"summary_large_image","twitter_creator":"@bati_journal","twitter_site":"@bati_journal","twitter_misc":{"\u00c9crit par":"Bati-journal"},"schema":{"@context":"https:\/\/schema.org","@graph":[{"@type":"Article","@id":"https:\/\/batijournal.com\/index.php\/determiner-lage-des-bois-de-construction\/80683\/#article","isPartOf":{"@id":"https:\/\/batijournal.com\/index.php\/determiner-lage-des-bois-de-construction\/80683\/"},"author":{"name":"Bati-journal","@id":"https:\/\/batijournal.com\/#\/schema\/person\/6a657e8967569e1b299972574848aa76"},"headline":"D\u00e9terminer l&rsquo;\u00e2ge des bois de construction","datePublished":"2008-01-13T23:00:00+00:00","mainEntityOfPage":{"@id":"https:\/\/batijournal.com\/index.php\/determiner-lage-des-bois-de-construction\/80683\/"},"wordCount":82,"commentCount":0,"keywords":["maisons paysannes"],"articleSection":["\u00c9v\u00e9nements"],"inLanguage":"fr-FR","potentialAction":[{"@type":"CommentAction","name":"Comment","target":["https:\/\/batijournal.com\/index.php\/determiner-lage-des-bois-de-construction\/80683\/#respond"]}]},{"@type":"WebPage","@id":"https:\/\/batijournal.com\/index.php\/determiner-lage-des-bois-de-construction\/80683\/","url":"https:\/\/batijournal.com\/index.php\/determiner-lage-des-bois-de-construction\/80683\/","name":"D\u00e9terminer l'\u00e2ge des bois de construction","isPartOf":{"@id":"https:\/\/batijournal.com\/#website"},"datePublished":"2008-01-13T23:00:00+00:00","author":{"@id":"https:\/\/batijournal.com\/#\/schema\/person\/6a657e8967569e1b299972574848aa76"},"breadcrumb":{"@id":"https:\/\/batijournal.com\/index.php\/determiner-lage-des-bois-de-construction\/80683\/#breadcrumb"},"inLanguage":"fr-FR","potentialAction":[{"@type":"ReadAction","target":["https:\/\/batijournal.com\/index.php\/determiner-lage-des-bois-de-construction\/80683\/"]}]},{"@type":"BreadcrumbList","@id":"https:\/\/batijournal.com\/index.php\/determiner-lage-des-bois-de-construction\/80683\/#breadcrumb","itemListElement":[{"@type":"ListItem","position":1,"name":"Accueil","item":"https:\/\/batijournal.com\/"},{"@type":"ListItem","position":2,"name":"\u00c9v\u00e9nements","item":"https:\/\/batijournal.com\/index.php\/category\/evenements\/"},{"@type":"ListItem","position":3,"name":"D\u00e9terminer l&rsquo;\u00e2ge des bois de construction"}]},{"@type":"WebSite","@id":"https:\/\/batijournal.com\/#website","url":"https:\/\/batijournal.com\/","name":"Batijournal","description":"L&#039;actualit\u00e9 du b\u00e2timent","potentialAction":[{"@type":"SearchAction","target":{"@type":"EntryPoint","urlTemplate":"https:\/\/batijournal.com\/?s={search_term_string}"},"query-input":{"@type":"PropertyValueSpecification","valueRequired":true,"valueName":"search_term_string"}}],"inLanguage":"fr-FR"},{"@type":"Person","@id":"https:\/\/batijournal.com\/#\/schema\/person\/6a657e8967569e1b299972574848aa76","name":"Bati-journal","image":{"@type":"ImageObject","inLanguage":"fr-FR","@id":"https:\/\/secure.gravatar.com\/avatar\/a64364ea26392f9b4dd47e017ddaec74ff03aefc073b49e492e847201258f777?s=96&d=mm&r=g","url":"https:\/\/secure.gravatar.com\/avatar\/a64364ea26392f9b4dd47e017ddaec74ff03aefc073b49e492e847201258f777?s=96&d=mm&r=g","contentUrl":"https:\/\/secure.gravatar.com\/avatar\/a64364ea26392f9b4dd47e017ddaec74ff03aefc073b49e492e847201258f777?s=96&d=mm&r=g","caption":"Bati-journal"},"url":"https:\/\/batijournal.com\/index.php\/author\/elodie\/"}]}},"_links":{"self":[{"href":"https:\/\/batijournal.com\/index.php\/wp-json\/wp\/v2\/posts\/80683","targetHints":{"allow":["GET"]}}],"collection":[{"href":"https:\/\/batijournal.com\/index.php\/wp-json\/wp\/v2\/posts"}],"about":[{"href":"https:\/\/batijournal.com\/index.php\/wp-json\/wp\/v2\/types\/post"}],"author":[{"embeddable":true,"href":"https:\/\/batijournal.com\/index.php\/wp-json\/wp\/v2\/users\/1"}],"replies":[{"embeddable":true,"href":"https:\/\/batijournal.com\/index.php\/wp-json\/wp\/v2\/comments?post=80683"}],"version-history":[{"count":0,"href":"https:\/\/batijournal.com\/index.php\/wp-json\/wp\/v2\/posts\/80683\/revisions"}],"wp:attachment":[{"href":"https:\/\/batijournal.com\/index.php\/wp-json\/wp\/v2\/media?parent=80683"}],"wp:term":[{"taxonomy":"category","embeddable":true,"href":"https:\/\/batijournal.com\/index.php\/wp-json\/wp\/v2\/categories?post=80683"},{"taxonomy":"post_tag","embeddable":true,"href":"https:\/\/batijournal.com\/index.php\/wp-json\/wp\/v2\/tags?post=80683"}],"curies":[{"name":"wp","href":"https:\/\/api.w.org\/{rel}","templated":true}]}}