{"id":80685,"date":"2008-01-17T00:00:00","date_gmt":"2008-01-16T23:00:00","guid":{"rendered":"http:\/\/b.bati-journal.com\/rencontres-entre-particuliers-et-professionnels-de-la-toiture\/80685"},"modified":"2020-07-17T15:26:12","modified_gmt":"2020-07-17T13:26:12","slug":"rencontres-entre-particuliers-et-professionnels-de-la-toiture","status":"publish","type":"post","link":"https:\/\/batijournal.com\/index.php\/rencontres-entre-particuliers-et-professionnels-de-la-toiture\/80685\/","title":{"rendered":"Rencontres entre particuliers et professionnels de la toiture"},"content":{"rendered":"<p><span class=\"lettrine\">A<\/span>fin de r\u00e9pondre aux attentes des particuliers en mati\u00e8re de toiture, le site <a href=\"http:\/\/www.e-toiture.com\" target=\"_blank\" rel=\"noopener noreferrer\">www.e-toiture.com<\/a> s&rsquo;enrichit d&rsquo;une nouvelle partie d\u00e9di\u00e9e. Consid\u00e9r\u00e9 comme un outil de travail pour les professionnels, ce site d\u00e9di\u00e9 au monde de la toiture et parrain\u00e9 par des industriels leaders &#8211; Imerys Toiture, Knauf, Siplast, Velux, VM Zinc, Dimos et Ardoisi\u00e8res d&rsquo;Angers &#8211; propose ainsi aux particuliers de retrouver pr\u00e8s de 10 000 professionnels de la toiture. Simple et ergonomique, la nouvelle partie r\u00e9pond aux questions les plus fr\u00e9quemment pos\u00e9es sur l&rsquo;ensemble des lots composant la toiture, aide le particulier dans ses choix et rapproche particuliers et professionnels qualifi\u00e9s gr\u00e2ce \u00e0 une base de donn\u00e9es dans laquelle tous les m\u00e9tiers de la couverture sont repr\u00e9sent\u00e9s par des professionnels qualifi\u00e9s.<\/p>\n","protected":false},"excerpt":{"rendered":"<p>Afin de r\u00e9pondre aux attentes des particuliers en mati\u00e8re de toiture, le site www.e-toiture.com s&rsquo;enrichit d&rsquo;une nouvelle partie d\u00e9di\u00e9e. Consid\u00e9r\u00e9 comme un outil de travail pour les professionnels, ce site d\u00e9di\u00e9 au monde de la toiture et parrain\u00e9 par des industriels leaders &#8211; Imerys Toiture, Knauf, Siplast, Velux, VM Zinc, Dimos et Ardoisi\u00e8res d&rsquo;Angers &#8211; [&hellip;]<\/p>\n","protected":false},"author":1,"featured_media":80686,"comment_status":"open","ping_status":"closed","sticky":false,"template":"","format":"standard","meta":{"_et_pb_use_builder":"","_et_pb_old_content":"","_et_gb_content_width":"","footnotes":""},"categories":[9192],"tags":[372,1002,626,455],"class_list":["post-80685","post","type-post","status-publish","format-standard","has-post-thumbnail","hentry","category-evenements","tag-rencontre","tag-site-internet","tag-toiture","tag-velux"],"yoast_head":"<!-- This site is optimized with the Yoast SEO plugin v27.4 - https:\/\/yoast.com\/product\/yoast-seo-wordpress\/ -->\n<title>Rencontres entre particuliers et professionnels de la toiture<\/title>\n<meta name=\"robots\" content=\"index, follow, max-snippet:-1, max-image-preview:large, max-video-preview:-1\" \/>\n<link rel=\"canonical\" href=\"https:\/\/batijournal.com\/index.php\/rencontres-entre-particuliers-et-professionnels-de-la-toiture\/80685\/\" \/>\n<meta property=\"og:locale\" content=\"fr_FR\" \/>\n<meta property=\"og:type\" content=\"article\" \/>\n<meta property=\"og:title\" content=\"Rencontres entre particuliers et professionnels de la toiture\" \/>\n<meta property=\"og:description\" content=\"Afin de r\u00e9pondre aux attentes des particuliers en mati\u00e8re de toiture, le site www.e-toiture.com s&rsquo;enrichit d&rsquo;une nouvelle partie d\u00e9di\u00e9e. Consid\u00e9r\u00e9 comme un outil de travail pour les professionnels, ce site d\u00e9di\u00e9 au monde de la toiture et parrain\u00e9 par des industriels leaders &#8211; Imerys Toiture, Knauf, Siplast, Velux, VM Zinc, Dimos et Ardoisi\u00e8res d&rsquo;Angers &#8211; [&hellip;]\" \/>\n<meta property=\"og:url\" content=\"https:\/\/batijournal.com\/index.php\/rencontres-entre-particuliers-et-professionnels-de-la-toiture\/80685\/\" \/>\n<meta property=\"og:site_name\" content=\"Batijournal\" \/>\n<meta property=\"article:published_time\" content=\"2008-01-16T23:00:00+00:00\" \/>\n<meta property=\"article:modified_time\" content=\"2020-07-17T13:26:12+00:00\" \/>\n<meta property=\"og:image\" content=\"https:\/\/batijournal.com\/wp-content\/uploads\/2015\/03\/002222.jpg\" \/>\n\t<meta property=\"og:image:width\" content=\"600\" \/>\n\t<meta property=\"og:image:height\" content=\"369\" \/>\n\t<meta property=\"og:image:type\" content=\"image\/jpeg\" \/>\n<meta name=\"author\" content=\"Bati-journal\" \/>\n<meta name=\"twitter:card\" content=\"summary_large_image\" \/>\n<meta name=\"twitter:creator\" content=\"@bati_journal\" \/>\n<meta name=\"twitter:site\" content=\"@bati_journal\" \/>\n<meta name=\"twitter:label1\" content=\"\u00c9crit par\" \/>\n\t<meta name=\"twitter:data1\" content=\"Bati-journal\" \/>\n\t<meta name=\"twitter:label2\" content=\"Dur\u00e9e de lecture estim\u00e9e\" \/>\n\t<meta name=\"twitter:data2\" content=\"1 minute\" \/>\n<script type=\"application\/ld+json\" class=\"yoast-schema-graph\">{\"@context\":\"https:\\\/\\\/schema.org\",\"@graph\":[{\"@type\":\"Article\",\"@id\":\"https:\\\/\\\/batijournal.com\\\/index.php\\\/rencontres-entre-particuliers-et-professionnels-de-la-toiture\\\/80685\\\/#article\",\"isPartOf\":{\"@id\":\"https:\\\/\\\/batijournal.com\\\/index.php\\\/rencontres-entre-particuliers-et-professionnels-de-la-toiture\\\/80685\\\/\"},\"author\":{\"name\":\"Bati-journal\",\"@id\":\"https:\\\/\\\/batijournal.com\\\/#\\\/schema\\\/person\\\/6a657e8967569e1b299972574848aa76\"},\"headline\":\"Rencontres entre particuliers et professionnels de la toiture\",\"datePublished\":\"2008-01-16T23:00:00+00:00\",\"dateModified\":\"2020-07-17T13:26:12+00:00\",\"mainEntityOfPage\":{\"@id\":\"https:\\\/\\\/batijournal.com\\\/index.php\\\/rencontres-entre-particuliers-et-professionnels-de-la-toiture\\\/80685\\\/\"},\"wordCount\":150,\"commentCount\":0,\"image\":{\"@id\":\"https:\\\/\\\/batijournal.com\\\/index.php\\\/rencontres-entre-particuliers-et-professionnels-de-la-toiture\\\/80685\\\/#primaryimage\"},\"thumbnailUrl\":\"https:\\\/\\\/batijournal.com\\\/wp-content\\\/uploads\\\/2015\\\/03\\\/002222.jpg\",\"keywords\":[\"rencontre\",\"site internet\",\"toiture\",\"Velux\"],\"articleSection\":[\"\u00c9v\u00e9nements\"],\"inLanguage\":\"fr-FR\",\"potentialAction\":[{\"@type\":\"CommentAction\",\"name\":\"Comment\",\"target\":[\"https:\\\/\\\/batijournal.com\\\/index.php\\\/rencontres-entre-particuliers-et-professionnels-de-la-toiture\\\/80685\\\/#respond\"]}]},{\"@type\":\"WebPage\",\"@id\":\"https:\\\/\\\/batijournal.com\\\/index.php\\\/rencontres-entre-particuliers-et-professionnels-de-la-toiture\\\/80685\\\/\",\"url\":\"https:\\\/\\\/batijournal.com\\\/index.php\\\/rencontres-entre-particuliers-et-professionnels-de-la-toiture\\\/80685\\\/\",\"name\":\"Rencontres entre particuliers et professionnels de la toiture\",\"isPartOf\":{\"@id\":\"https:\\\/\\\/batijournal.com\\\/#website\"},\"primaryImageOfPage\":{\"@id\":\"https:\\\/\\\/batijournal.com\\\/index.php\\\/rencontres-entre-particuliers-et-professionnels-de-la-toiture\\\/80685\\\/#primaryimage\"},\"image\":{\"@id\":\"https:\\\/\\\/batijournal.com\\\/index.php\\\/rencontres-entre-particuliers-et-professionnels-de-la-toiture\\\/80685\\\/#primaryimage\"},\"thumbnailUrl\":\"https:\\\/\\\/batijournal.com\\\/wp-content\\\/uploads\\\/2015\\\/03\\\/002222.jpg\",\"datePublished\":\"2008-01-16T23:00:00+00:00\",\"dateModified\":\"2020-07-17T13:26:12+00:00\",\"author\":{\"@id\":\"https:\\\/\\\/batijournal.com\\\/#\\\/schema\\\/person\\\/6a657e8967569e1b299972574848aa76\"},\"breadcrumb\":{\"@id\":\"https:\\\/\\\/batijournal.com\\\/index.php\\\/rencontres-entre-particuliers-et-professionnels-de-la-toiture\\\/80685\\\/#breadcrumb\"},\"inLanguage\":\"fr-FR\",\"potentialAction\":[{\"@type\":\"ReadAction\",\"target\":[\"https:\\\/\\\/batijournal.com\\\/index.php\\\/rencontres-entre-particuliers-et-professionnels-de-la-toiture\\\/80685\\\/\"]}]},{\"@type\":\"ImageObject\",\"inLanguage\":\"fr-FR\",\"@id\":\"https:\\\/\\\/batijournal.com\\\/index.php\\\/rencontres-entre-particuliers-et-professionnels-de-la-toiture\\\/80685\\\/#primaryimage\",\"url\":\"https:\\\/\\\/batijournal.com\\\/wp-content\\\/uploads\\\/2015\\\/03\\\/002222.jpg\",\"contentUrl\":\"https:\\\/\\\/batijournal.com\\\/wp-content\\\/uploads\\\/2015\\\/03\\\/002222.jpg\",\"width\":600,\"height\":369},{\"@type\":\"BreadcrumbList\",\"@id\":\"https:\\\/\\\/batijournal.com\\\/index.php\\\/rencontres-entre-particuliers-et-professionnels-de-la-toiture\\\/80685\\\/#breadcrumb\",\"itemListElement\":[{\"@type\":\"ListItem\",\"position\":1,\"name\":\"Accueil\",\"item\":\"https:\\\/\\\/batijournal.com\\\/\"},{\"@type\":\"ListItem\",\"position\":2,\"name\":\"\u00c9v\u00e9nements\",\"item\":\"https:\\\/\\\/batijournal.com\\\/index.php\\\/category\\\/evenements\\\/\"},{\"@type\":\"ListItem\",\"position\":3,\"name\":\"Rencontres entre particuliers et professionnels de la toiture\"}]},{\"@type\":\"WebSite\",\"@id\":\"https:\\\/\\\/batijournal.com\\\/#website\",\"url\":\"https:\\\/\\\/batijournal.com\\\/\",\"name\":\"Batijournal\",\"description\":\"L&#039;actualit\u00e9 du b\u00e2timent\",\"potentialAction\":[{\"@type\":\"SearchAction\",\"target\":{\"@type\":\"EntryPoint\",\"urlTemplate\":\"https:\\\/\\\/batijournal.com\\\/?s={search_term_string}\"},\"query-input\":{\"@type\":\"PropertyValueSpecification\",\"valueRequired\":true,\"valueName\":\"search_term_string\"}}],\"inLanguage\":\"fr-FR\"},{\"@type\":\"Person\",\"@id\":\"https:\\\/\\\/batijournal.com\\\/#\\\/schema\\\/person\\\/6a657e8967569e1b299972574848aa76\",\"name\":\"Bati-journal\",\"image\":{\"@type\":\"ImageObject\",\"inLanguage\":\"fr-FR\",\"@id\":\"https:\\\/\\\/secure.gravatar.com\\\/avatar\\\/a64364ea26392f9b4dd47e017ddaec74ff03aefc073b49e492e847201258f777?s=96&d=mm&r=g\",\"url\":\"https:\\\/\\\/secure.gravatar.com\\\/avatar\\\/a64364ea26392f9b4dd47e017ddaec74ff03aefc073b49e492e847201258f777?s=96&d=mm&r=g\",\"contentUrl\":\"https:\\\/\\\/secure.gravatar.com\\\/avatar\\\/a64364ea26392f9b4dd47e017ddaec74ff03aefc073b49e492e847201258f777?s=96&d=mm&r=g\",\"caption\":\"Bati-journal\"},\"url\":\"https:\\\/\\\/batijournal.com\\\/index.php\\\/author\\\/elodie\\\/\"}]}<\/script>\n<!-- \/ Yoast SEO plugin. -->","yoast_head_json":{"title":"Rencontres entre particuliers et professionnels de la toiture","robots":{"index":"index","follow":"follow","max-snippet":"max-snippet:-1","max-image-preview":"max-image-preview:large","max-video-preview":"max-video-preview:-1"},"canonical":"https:\/\/batijournal.com\/index.php\/rencontres-entre-particuliers-et-professionnels-de-la-toiture\/80685\/","og_locale":"fr_FR","og_type":"article","og_title":"Rencontres entre particuliers et professionnels de la toiture","og_description":"Afin de r\u00e9pondre aux attentes des particuliers en mati\u00e8re de toiture, le site www.e-toiture.com s&rsquo;enrichit d&rsquo;une nouvelle partie d\u00e9di\u00e9e. Consid\u00e9r\u00e9 comme un outil de travail pour les professionnels, ce site d\u00e9di\u00e9 au monde de la toiture et parrain\u00e9 par des industriels leaders &#8211; Imerys Toiture, Knauf, Siplast, Velux, VM Zinc, Dimos et Ardoisi\u00e8res d&rsquo;Angers &#8211; [&hellip;]","og_url":"https:\/\/batijournal.com\/index.php\/rencontres-entre-particuliers-et-professionnels-de-la-toiture\/80685\/","og_site_name":"Batijournal","article_published_time":"2008-01-16T23:00:00+00:00","article_modified_time":"2020-07-17T13:26:12+00:00","og_image":[{"width":600,"height":369,"url":"https:\/\/batijournal.com\/wp-content\/uploads\/2015\/03\/002222.jpg","type":"image\/jpeg"}],"author":"Bati-journal","twitter_card":"summary_large_image","twitter_creator":"@bati_journal","twitter_site":"@bati_journal","twitter_misc":{"\u00c9crit par":"Bati-journal","Dur\u00e9e de lecture estim\u00e9e":"1 minute"},"schema":{"@context":"https:\/\/schema.org","@graph":[{"@type":"Article","@id":"https:\/\/batijournal.com\/index.php\/rencontres-entre-particuliers-et-professionnels-de-la-toiture\/80685\/#article","isPartOf":{"@id":"https:\/\/batijournal.com\/index.php\/rencontres-entre-particuliers-et-professionnels-de-la-toiture\/80685\/"},"author":{"name":"Bati-journal","@id":"https:\/\/batijournal.com\/#\/schema\/person\/6a657e8967569e1b299972574848aa76"},"headline":"Rencontres entre particuliers et professionnels de la toiture","datePublished":"2008-01-16T23:00:00+00:00","dateModified":"2020-07-17T13:26:12+00:00","mainEntityOfPage":{"@id":"https:\/\/batijournal.com\/index.php\/rencontres-entre-particuliers-et-professionnels-de-la-toiture\/80685\/"},"wordCount":150,"commentCount":0,"image":{"@id":"https:\/\/batijournal.com\/index.php\/rencontres-entre-particuliers-et-professionnels-de-la-toiture\/80685\/#primaryimage"},"thumbnailUrl":"https:\/\/batijournal.com\/wp-content\/uploads\/2015\/03\/002222.jpg","keywords":["rencontre","site internet","toiture","Velux"],"articleSection":["\u00c9v\u00e9nements"],"inLanguage":"fr-FR","potentialAction":[{"@type":"CommentAction","name":"Comment","target":["https:\/\/batijournal.com\/index.php\/rencontres-entre-particuliers-et-professionnels-de-la-toiture\/80685\/#respond"]}]},{"@type":"WebPage","@id":"https:\/\/batijournal.com\/index.php\/rencontres-entre-particuliers-et-professionnels-de-la-toiture\/80685\/","url":"https:\/\/batijournal.com\/index.php\/rencontres-entre-particuliers-et-professionnels-de-la-toiture\/80685\/","name":"Rencontres entre particuliers et professionnels de la toiture","isPartOf":{"@id":"https:\/\/batijournal.com\/#website"},"primaryImageOfPage":{"@id":"https:\/\/batijournal.com\/index.php\/rencontres-entre-particuliers-et-professionnels-de-la-toiture\/80685\/#primaryimage"},"image":{"@id":"https:\/\/batijournal.com\/index.php\/rencontres-entre-particuliers-et-professionnels-de-la-toiture\/80685\/#primaryimage"},"thumbnailUrl":"https:\/\/batijournal.com\/wp-content\/uploads\/2015\/03\/002222.jpg","datePublished":"2008-01-16T23:00:00+00:00","dateModified":"2020-07-17T13:26:12+00:00","author":{"@id":"https:\/\/batijournal.com\/#\/schema\/person\/6a657e8967569e1b299972574848aa76"},"breadcrumb":{"@id":"https:\/\/batijournal.com\/index.php\/rencontres-entre-particuliers-et-professionnels-de-la-toiture\/80685\/#breadcrumb"},"inLanguage":"fr-FR","potentialAction":[{"@type":"ReadAction","target":["https:\/\/batijournal.com\/index.php\/rencontres-entre-particuliers-et-professionnels-de-la-toiture\/80685\/"]}]},{"@type":"ImageObject","inLanguage":"fr-FR","@id":"https:\/\/batijournal.com\/index.php\/rencontres-entre-particuliers-et-professionnels-de-la-toiture\/80685\/#primaryimage","url":"https:\/\/batijournal.com\/wp-content\/uploads\/2015\/03\/002222.jpg","contentUrl":"https:\/\/batijournal.com\/wp-content\/uploads\/2015\/03\/002222.jpg","width":600,"height":369},{"@type":"BreadcrumbList","@id":"https:\/\/batijournal.com\/index.php\/rencontres-entre-particuliers-et-professionnels-de-la-toiture\/80685\/#breadcrumb","itemListElement":[{"@type":"ListItem","position":1,"name":"Accueil","item":"https:\/\/batijournal.com\/"},{"@type":"ListItem","position":2,"name":"\u00c9v\u00e9nements","item":"https:\/\/batijournal.com\/index.php\/category\/evenements\/"},{"@type":"ListItem","position":3,"name":"Rencontres entre particuliers et professionnels de la toiture"}]},{"@type":"WebSite","@id":"https:\/\/batijournal.com\/#website","url":"https:\/\/batijournal.com\/","name":"Batijournal","description":"L&#039;actualit\u00e9 du b\u00e2timent","potentialAction":[{"@type":"SearchAction","target":{"@type":"EntryPoint","urlTemplate":"https:\/\/batijournal.com\/?s={search_term_string}"},"query-input":{"@type":"PropertyValueSpecification","valueRequired":true,"valueName":"search_term_string"}}],"inLanguage":"fr-FR"},{"@type":"Person","@id":"https:\/\/batijournal.com\/#\/schema\/person\/6a657e8967569e1b299972574848aa76","name":"Bati-journal","image":{"@type":"ImageObject","inLanguage":"fr-FR","@id":"https:\/\/secure.gravatar.com\/avatar\/a64364ea26392f9b4dd47e017ddaec74ff03aefc073b49e492e847201258f777?s=96&d=mm&r=g","url":"https:\/\/secure.gravatar.com\/avatar\/a64364ea26392f9b4dd47e017ddaec74ff03aefc073b49e492e847201258f777?s=96&d=mm&r=g","contentUrl":"https:\/\/secure.gravatar.com\/avatar\/a64364ea26392f9b4dd47e017ddaec74ff03aefc073b49e492e847201258f777?s=96&d=mm&r=g","caption":"Bati-journal"},"url":"https:\/\/batijournal.com\/index.php\/author\/elodie\/"}]}},"_links":{"self":[{"href":"https:\/\/batijournal.com\/index.php\/wp-json\/wp\/v2\/posts\/80685","targetHints":{"allow":["GET"]}}],"collection":[{"href":"https:\/\/batijournal.com\/index.php\/wp-json\/wp\/v2\/posts"}],"about":[{"href":"https:\/\/batijournal.com\/index.php\/wp-json\/wp\/v2\/types\/post"}],"author":[{"embeddable":true,"href":"https:\/\/batijournal.com\/index.php\/wp-json\/wp\/v2\/users\/1"}],"replies":[{"embeddable":true,"href":"https:\/\/batijournal.com\/index.php\/wp-json\/wp\/v2\/comments?post=80685"}],"version-history":[{"count":0,"href":"https:\/\/batijournal.com\/index.php\/wp-json\/wp\/v2\/posts\/80685\/revisions"}],"wp:featuredmedia":[{"embeddable":true,"href":"https:\/\/batijournal.com\/index.php\/wp-json\/wp\/v2\/media\/80686"}],"wp:attachment":[{"href":"https:\/\/batijournal.com\/index.php\/wp-json\/wp\/v2\/media?parent=80685"}],"wp:term":[{"taxonomy":"category","embeddable":true,"href":"https:\/\/batijournal.com\/index.php\/wp-json\/wp\/v2\/categories?post=80685"},{"taxonomy":"post_tag","embeddable":true,"href":"https:\/\/batijournal.com\/index.php\/wp-json\/wp\/v2\/tags?post=80685"}],"curies":[{"name":"wp","href":"https:\/\/api.w.org\/{rel}","templated":true}]}}