{"id":80691,"date":"2008-01-23T00:00:00","date_gmt":"2008-01-22T23:00:00","guid":{"rendered":"http:\/\/b.bati-journal.com\/colloque-les-metiers-du-platre-des-metiers-durables\/80691"},"modified":"2008-01-23T00:00:00","modified_gmt":"2008-01-22T23:00:00","slug":"colloque-les-metiers-du-platre-des-metiers-durables","status":"publish","type":"post","link":"https:\/\/batijournal.com\/index.php\/colloque-les-metiers-du-platre-des-metiers-durables\/80691\/","title":{"rendered":"Colloque : les m\u00e9tiers du pl\u00e2tre, des m\u00e9tiers durables"},"content":{"rendered":"<p>Afin de d\u00e9battre, entre professionnels, des d\u00e9fis impos\u00e9s par le Grenelle de l&rsquo;Environnement, l&rsquo;Institut des m\u00e9tiers du pl\u00e2tre organise un colloque, anim\u00e9 par les Compagnons du Devoir. Que repr\u00e9sentent les m\u00e9tiers du pl\u00e2tre en 2008, en terme de march\u00e9, d&rsquo;effectif et de formation, en France et \u00e0 l&rsquo;\u00e9tranger ? Quelles comp\u00e9tences et quelles organisations d\u00e9velopper pour \u00eatre \u00e0 la pointe du progr\u00e8s ? Lors de cette journ\u00e9e de travail, des professionnels des m\u00e9tiers du pl\u00e2tre animeront des tables rondes pour r\u00e9pondre \u00e0 ces nombreuses questions. Maison de la Chimie, Paris<\/p>\n","protected":false},"excerpt":{"rendered":"<p>Afin de d\u00e9battre, entre professionnels, des d\u00e9fis impos\u00e9s par le Grenelle de l&rsquo;Environnement, l&rsquo;Institut des m\u00e9tiers du pl\u00e2tre organise un colloque, anim\u00e9 par les Compagnons du Devoir. Que repr\u00e9sentent les m\u00e9tiers du pl\u00e2tre en 2008, en terme de march\u00e9, d&rsquo;effectif et de formation, en France et \u00e0 l&rsquo;\u00e9tranger ? Quelles comp\u00e9tences et quelles organisations d\u00e9velopper [&hellip;]<\/p>\n","protected":false},"author":1,"featured_media":0,"comment_status":"open","ping_status":"closed","sticky":false,"template":"","format":"standard","meta":{"_et_pb_use_builder":"","_et_pb_old_content":"","_et_gb_content_width":"","footnotes":""},"categories":[9192],"tags":[],"class_list":["post-80691","post","type-post","status-publish","format-standard","hentry","category-evenements"],"yoast_head":"<!-- This site is optimized with the Yoast SEO plugin v27.4 - https:\/\/yoast.com\/product\/yoast-seo-wordpress\/ -->\n<title>Colloque : les m\u00e9tiers du pl\u00e2tre, des m\u00e9tiers durables<\/title>\n<meta name=\"robots\" content=\"index, follow, max-snippet:-1, max-image-preview:large, max-video-preview:-1\" \/>\n<link rel=\"canonical\" href=\"https:\/\/batijournal.com\/index.php\/colloque-les-metiers-du-platre-des-metiers-durables\/80691\/\" \/>\n<meta property=\"og:locale\" content=\"fr_FR\" \/>\n<meta property=\"og:type\" content=\"article\" \/>\n<meta property=\"og:title\" content=\"Colloque : les m\u00e9tiers du pl\u00e2tre, des m\u00e9tiers durables\" \/>\n<meta property=\"og:description\" content=\"Afin de d\u00e9battre, entre professionnels, des d\u00e9fis impos\u00e9s par le Grenelle de l&rsquo;Environnement, l&rsquo;Institut des m\u00e9tiers du pl\u00e2tre organise un colloque, anim\u00e9 par les Compagnons du Devoir. Que repr\u00e9sentent les m\u00e9tiers du pl\u00e2tre en 2008, en terme de march\u00e9, d&rsquo;effectif et de formation, en France et \u00e0 l&rsquo;\u00e9tranger ? Quelles comp\u00e9tences et quelles organisations d\u00e9velopper [&hellip;]\" \/>\n<meta property=\"og:url\" content=\"https:\/\/batijournal.com\/index.php\/colloque-les-metiers-du-platre-des-metiers-durables\/80691\/\" \/>\n<meta property=\"og:site_name\" content=\"Batijournal\" \/>\n<meta property=\"article:published_time\" content=\"2008-01-22T23:00:00+00:00\" \/>\n<meta name=\"author\" content=\"Bati-journal\" \/>\n<meta name=\"twitter:card\" content=\"summary_large_image\" \/>\n<meta name=\"twitter:creator\" content=\"@bati_journal\" \/>\n<meta name=\"twitter:site\" content=\"@bati_journal\" \/>\n<meta name=\"twitter:label1\" content=\"\u00c9crit par\" \/>\n\t<meta name=\"twitter:data1\" content=\"Bati-journal\" \/>\n\t<meta name=\"twitter:label2\" content=\"Dur\u00e9e de lecture estim\u00e9e\" \/>\n\t<meta name=\"twitter:data2\" content=\"1 minute\" \/>\n<script type=\"application\/ld+json\" class=\"yoast-schema-graph\">{\"@context\":\"https:\\\/\\\/schema.org\",\"@graph\":[{\"@type\":\"Article\",\"@id\":\"https:\\\/\\\/batijournal.com\\\/index.php\\\/colloque-les-metiers-du-platre-des-metiers-durables\\\/80691\\\/#article\",\"isPartOf\":{\"@id\":\"https:\\\/\\\/batijournal.com\\\/index.php\\\/colloque-les-metiers-du-platre-des-metiers-durables\\\/80691\\\/\"},\"author\":{\"name\":\"Bati-journal\",\"@id\":\"https:\\\/\\\/batijournal.com\\\/#\\\/schema\\\/person\\\/6a657e8967569e1b299972574848aa76\"},\"headline\":\"Colloque : les m\u00e9tiers du pl\u00e2tre, des m\u00e9tiers durables\",\"datePublished\":\"2008-01-22T23:00:00+00:00\",\"mainEntityOfPage\":{\"@id\":\"https:\\\/\\\/batijournal.com\\\/index.php\\\/colloque-les-metiers-du-platre-des-metiers-durables\\\/80691\\\/\"},\"wordCount\":114,\"commentCount\":0,\"articleSection\":[\"\u00c9v\u00e9nements\"],\"inLanguage\":\"fr-FR\",\"potentialAction\":[{\"@type\":\"CommentAction\",\"name\":\"Comment\",\"target\":[\"https:\\\/\\\/batijournal.com\\\/index.php\\\/colloque-les-metiers-du-platre-des-metiers-durables\\\/80691\\\/#respond\"]}]},{\"@type\":\"WebPage\",\"@id\":\"https:\\\/\\\/batijournal.com\\\/index.php\\\/colloque-les-metiers-du-platre-des-metiers-durables\\\/80691\\\/\",\"url\":\"https:\\\/\\\/batijournal.com\\\/index.php\\\/colloque-les-metiers-du-platre-des-metiers-durables\\\/80691\\\/\",\"name\":\"Colloque : les m\u00e9tiers du pl\u00e2tre, des m\u00e9tiers durables\",\"isPartOf\":{\"@id\":\"https:\\\/\\\/batijournal.com\\\/#website\"},\"datePublished\":\"2008-01-22T23:00:00+00:00\",\"author\":{\"@id\":\"https:\\\/\\\/batijournal.com\\\/#\\\/schema\\\/person\\\/6a657e8967569e1b299972574848aa76\"},\"breadcrumb\":{\"@id\":\"https:\\\/\\\/batijournal.com\\\/index.php\\\/colloque-les-metiers-du-platre-des-metiers-durables\\\/80691\\\/#breadcrumb\"},\"inLanguage\":\"fr-FR\",\"potentialAction\":[{\"@type\":\"ReadAction\",\"target\":[\"https:\\\/\\\/batijournal.com\\\/index.php\\\/colloque-les-metiers-du-platre-des-metiers-durables\\\/80691\\\/\"]}]},{\"@type\":\"BreadcrumbList\",\"@id\":\"https:\\\/\\\/batijournal.com\\\/index.php\\\/colloque-les-metiers-du-platre-des-metiers-durables\\\/80691\\\/#breadcrumb\",\"itemListElement\":[{\"@type\":\"ListItem\",\"position\":1,\"name\":\"Accueil\",\"item\":\"https:\\\/\\\/batijournal.com\\\/\"},{\"@type\":\"ListItem\",\"position\":2,\"name\":\"\u00c9v\u00e9nements\",\"item\":\"https:\\\/\\\/batijournal.com\\\/index.php\\\/category\\\/evenements\\\/\"},{\"@type\":\"ListItem\",\"position\":3,\"name\":\"Colloque : les m\u00e9tiers du pl\u00e2tre, des m\u00e9tiers durables\"}]},{\"@type\":\"WebSite\",\"@id\":\"https:\\\/\\\/batijournal.com\\\/#website\",\"url\":\"https:\\\/\\\/batijournal.com\\\/\",\"name\":\"Batijournal\",\"description\":\"L&#039;actualit\u00e9 du b\u00e2timent\",\"potentialAction\":[{\"@type\":\"SearchAction\",\"target\":{\"@type\":\"EntryPoint\",\"urlTemplate\":\"https:\\\/\\\/batijournal.com\\\/?s={search_term_string}\"},\"query-input\":{\"@type\":\"PropertyValueSpecification\",\"valueRequired\":true,\"valueName\":\"search_term_string\"}}],\"inLanguage\":\"fr-FR\"},{\"@type\":\"Person\",\"@id\":\"https:\\\/\\\/batijournal.com\\\/#\\\/schema\\\/person\\\/6a657e8967569e1b299972574848aa76\",\"name\":\"Bati-journal\",\"image\":{\"@type\":\"ImageObject\",\"inLanguage\":\"fr-FR\",\"@id\":\"https:\\\/\\\/secure.gravatar.com\\\/avatar\\\/a64364ea26392f9b4dd47e017ddaec74ff03aefc073b49e492e847201258f777?s=96&d=mm&r=g\",\"url\":\"https:\\\/\\\/secure.gravatar.com\\\/avatar\\\/a64364ea26392f9b4dd47e017ddaec74ff03aefc073b49e492e847201258f777?s=96&d=mm&r=g\",\"contentUrl\":\"https:\\\/\\\/secure.gravatar.com\\\/avatar\\\/a64364ea26392f9b4dd47e017ddaec74ff03aefc073b49e492e847201258f777?s=96&d=mm&r=g\",\"caption\":\"Bati-journal\"},\"url\":\"https:\\\/\\\/batijournal.com\\\/index.php\\\/author\\\/elodie\\\/\"}]}<\/script>\n<!-- \/ Yoast SEO plugin. -->","yoast_head_json":{"title":"Colloque : les m\u00e9tiers du pl\u00e2tre, des m\u00e9tiers durables","robots":{"index":"index","follow":"follow","max-snippet":"max-snippet:-1","max-image-preview":"max-image-preview:large","max-video-preview":"max-video-preview:-1"},"canonical":"https:\/\/batijournal.com\/index.php\/colloque-les-metiers-du-platre-des-metiers-durables\/80691\/","og_locale":"fr_FR","og_type":"article","og_title":"Colloque : les m\u00e9tiers du pl\u00e2tre, des m\u00e9tiers durables","og_description":"Afin de d\u00e9battre, entre professionnels, des d\u00e9fis impos\u00e9s par le Grenelle de l&rsquo;Environnement, l&rsquo;Institut des m\u00e9tiers du pl\u00e2tre organise un colloque, anim\u00e9 par les Compagnons du Devoir. Que repr\u00e9sentent les m\u00e9tiers du pl\u00e2tre en 2008, en terme de march\u00e9, d&rsquo;effectif et de formation, en France et \u00e0 l&rsquo;\u00e9tranger ? Quelles comp\u00e9tences et quelles organisations d\u00e9velopper [&hellip;]","og_url":"https:\/\/batijournal.com\/index.php\/colloque-les-metiers-du-platre-des-metiers-durables\/80691\/","og_site_name":"Batijournal","article_published_time":"2008-01-22T23:00:00+00:00","author":"Bati-journal","twitter_card":"summary_large_image","twitter_creator":"@bati_journal","twitter_site":"@bati_journal","twitter_misc":{"\u00c9crit par":"Bati-journal","Dur\u00e9e de lecture estim\u00e9e":"1 minute"},"schema":{"@context":"https:\/\/schema.org","@graph":[{"@type":"Article","@id":"https:\/\/batijournal.com\/index.php\/colloque-les-metiers-du-platre-des-metiers-durables\/80691\/#article","isPartOf":{"@id":"https:\/\/batijournal.com\/index.php\/colloque-les-metiers-du-platre-des-metiers-durables\/80691\/"},"author":{"name":"Bati-journal","@id":"https:\/\/batijournal.com\/#\/schema\/person\/6a657e8967569e1b299972574848aa76"},"headline":"Colloque : les m\u00e9tiers du pl\u00e2tre, des m\u00e9tiers durables","datePublished":"2008-01-22T23:00:00+00:00","mainEntityOfPage":{"@id":"https:\/\/batijournal.com\/index.php\/colloque-les-metiers-du-platre-des-metiers-durables\/80691\/"},"wordCount":114,"commentCount":0,"articleSection":["\u00c9v\u00e9nements"],"inLanguage":"fr-FR","potentialAction":[{"@type":"CommentAction","name":"Comment","target":["https:\/\/batijournal.com\/index.php\/colloque-les-metiers-du-platre-des-metiers-durables\/80691\/#respond"]}]},{"@type":"WebPage","@id":"https:\/\/batijournal.com\/index.php\/colloque-les-metiers-du-platre-des-metiers-durables\/80691\/","url":"https:\/\/batijournal.com\/index.php\/colloque-les-metiers-du-platre-des-metiers-durables\/80691\/","name":"Colloque : les m\u00e9tiers du pl\u00e2tre, des m\u00e9tiers durables","isPartOf":{"@id":"https:\/\/batijournal.com\/#website"},"datePublished":"2008-01-22T23:00:00+00:00","author":{"@id":"https:\/\/batijournal.com\/#\/schema\/person\/6a657e8967569e1b299972574848aa76"},"breadcrumb":{"@id":"https:\/\/batijournal.com\/index.php\/colloque-les-metiers-du-platre-des-metiers-durables\/80691\/#breadcrumb"},"inLanguage":"fr-FR","potentialAction":[{"@type":"ReadAction","target":["https:\/\/batijournal.com\/index.php\/colloque-les-metiers-du-platre-des-metiers-durables\/80691\/"]}]},{"@type":"BreadcrumbList","@id":"https:\/\/batijournal.com\/index.php\/colloque-les-metiers-du-platre-des-metiers-durables\/80691\/#breadcrumb","itemListElement":[{"@type":"ListItem","position":1,"name":"Accueil","item":"https:\/\/batijournal.com\/"},{"@type":"ListItem","position":2,"name":"\u00c9v\u00e9nements","item":"https:\/\/batijournal.com\/index.php\/category\/evenements\/"},{"@type":"ListItem","position":3,"name":"Colloque : les m\u00e9tiers du pl\u00e2tre, des m\u00e9tiers durables"}]},{"@type":"WebSite","@id":"https:\/\/batijournal.com\/#website","url":"https:\/\/batijournal.com\/","name":"Batijournal","description":"L&#039;actualit\u00e9 du b\u00e2timent","potentialAction":[{"@type":"SearchAction","target":{"@type":"EntryPoint","urlTemplate":"https:\/\/batijournal.com\/?s={search_term_string}"},"query-input":{"@type":"PropertyValueSpecification","valueRequired":true,"valueName":"search_term_string"}}],"inLanguage":"fr-FR"},{"@type":"Person","@id":"https:\/\/batijournal.com\/#\/schema\/person\/6a657e8967569e1b299972574848aa76","name":"Bati-journal","image":{"@type":"ImageObject","inLanguage":"fr-FR","@id":"https:\/\/secure.gravatar.com\/avatar\/a64364ea26392f9b4dd47e017ddaec74ff03aefc073b49e492e847201258f777?s=96&d=mm&r=g","url":"https:\/\/secure.gravatar.com\/avatar\/a64364ea26392f9b4dd47e017ddaec74ff03aefc073b49e492e847201258f777?s=96&d=mm&r=g","contentUrl":"https:\/\/secure.gravatar.com\/avatar\/a64364ea26392f9b4dd47e017ddaec74ff03aefc073b49e492e847201258f777?s=96&d=mm&r=g","caption":"Bati-journal"},"url":"https:\/\/batijournal.com\/index.php\/author\/elodie\/"}]}},"_links":{"self":[{"href":"https:\/\/batijournal.com\/index.php\/wp-json\/wp\/v2\/posts\/80691","targetHints":{"allow":["GET"]}}],"collection":[{"href":"https:\/\/batijournal.com\/index.php\/wp-json\/wp\/v2\/posts"}],"about":[{"href":"https:\/\/batijournal.com\/index.php\/wp-json\/wp\/v2\/types\/post"}],"author":[{"embeddable":true,"href":"https:\/\/batijournal.com\/index.php\/wp-json\/wp\/v2\/users\/1"}],"replies":[{"embeddable":true,"href":"https:\/\/batijournal.com\/index.php\/wp-json\/wp\/v2\/comments?post=80691"}],"version-history":[{"count":0,"href":"https:\/\/batijournal.com\/index.php\/wp-json\/wp\/v2\/posts\/80691\/revisions"}],"wp:attachment":[{"href":"https:\/\/batijournal.com\/index.php\/wp-json\/wp\/v2\/media?parent=80691"}],"wp:term":[{"taxonomy":"category","embeddable":true,"href":"https:\/\/batijournal.com\/index.php\/wp-json\/wp\/v2\/categories?post=80691"},{"taxonomy":"post_tag","embeddable":true,"href":"https:\/\/batijournal.com\/index.php\/wp-json\/wp\/v2\/tags?post=80691"}],"curies":[{"name":"wp","href":"https:\/\/api.w.org\/{rel}","templated":true}]}}