{"id":80705,"date":"2008-02-15T12:20:15","date_gmt":"2008-02-15T11:20:15","guid":{"rendered":"http:\/\/b.bati-journal.com\/un-concours-darchitecture-pour-lutter-contre-le-rechauffement-climatique\/80705"},"modified":"2008-02-15T12:20:15","modified_gmt":"2008-02-15T11:20:15","slug":"un-concours-darchitecture-pour-lutter-contre-le-rechauffement-climatique","status":"publish","type":"post","link":"https:\/\/batijournal.com\/index.php\/un-concours-darchitecture-pour-lutter-contre-le-rechauffement-climatique\/80705\/","title":{"rendered":"Un concours d&rsquo;architecture pour lutter contre le r\u00e9chauffement climatique"},"content":{"rendered":"<p>EDF lance un concours d&rsquo;architecture sous l&rsquo;\u00e9gide de sa marque Bleu Ciel d&rsquo;EDF. L&rsquo;objectif \u00a0est de r\u00e9compenser des projets de maisons individuelles et d&rsquo;habitats collectifs bas-carbone en France qui combinent une excellente performance \u00e9nerg\u00e9tique et une utilisation majoritaire d&rsquo;\u00e9nergies renouvelables. Les \u00e9quipes concurrentes (architectes et bureaux d&rsquo;\u00e9tudes) devront imaginer des projets de logements r\u00e9pondant \u00e0 des crit\u00e8res pr\u00e9cis : \u00e9missions de CO2, \u00e9nergie consomm\u00e9e, part des \u00e9nergies renouvelables, co\u00fbt de construction au m\u00e8tre carr\u00e9 Les laur\u00e9ats seront s\u00e9lectionn\u00e9s \u00e0 la fin du mois d&rsquo;avril 2008 par un jury de professionnels du b\u00e2timent et du d\u00e9veloppement durable. Le grand public pourra \u00e9galement, via un site Internet d\u00e9di\u00e9, r\u00e9compenser ses \u201ccoups de coeur\u201c \u00e0 partir de mai 2008. Les dossiers de candidatures sont \u00e0 d\u00e9poser avant le 15 f\u00e9vrier. Renseignements aupr\u00e8s d&rsquo;Eric Plantive : eric.plantive@edf.fr<\/p>\n","protected":false},"excerpt":{"rendered":"<p>EDF lance un concours d&rsquo;architecture sous l&rsquo;\u00e9gide de sa marque Bleu Ciel d&rsquo;EDF. L&rsquo;objectif \u00a0est de r\u00e9compenser des projets de maisons individuelles et d&rsquo;habitats collectifs bas-carbone en France qui combinent une excellente performance \u00e9nerg\u00e9tique et une utilisation majoritaire d&rsquo;\u00e9nergies renouvelables. Les \u00e9quipes concurrentes (architectes et bureaux d&rsquo;\u00e9tudes) devront imaginer des projets de logements r\u00e9pondant \u00e0 [&hellip;]<\/p>\n","protected":false},"author":1,"featured_media":80706,"comment_status":"open","ping_status":"closed","sticky":false,"template":"","format":"standard","meta":{"_et_pb_use_builder":"","_et_pb_old_content":"","_et_gb_content_width":"","footnotes":""},"categories":[9192],"tags":[11005,8251],"class_list":["post-80705","post","type-post","status-publish","format-standard","has-post-thumbnail","hentry","category-evenements","tag-concours","tag-rechauffement-climatique"],"yoast_head":"<!-- This site is optimized with the Yoast SEO plugin v27.4 - https:\/\/yoast.com\/product\/yoast-seo-wordpress\/ -->\n<title>Un concours d&#039;architecture pour lutter contre le r\u00e9chauffement climatique<\/title>\n<meta name=\"robots\" content=\"index, follow, max-snippet:-1, max-image-preview:large, max-video-preview:-1\" \/>\n<link rel=\"canonical\" href=\"https:\/\/batijournal.com\/index.php\/un-concours-darchitecture-pour-lutter-contre-le-rechauffement-climatique\/80705\/\" \/>\n<meta property=\"og:locale\" content=\"fr_FR\" \/>\n<meta property=\"og:type\" content=\"article\" \/>\n<meta property=\"og:title\" content=\"Un concours d&#039;architecture pour lutter contre le r\u00e9chauffement climatique\" \/>\n<meta property=\"og:description\" content=\"EDF lance un concours d&rsquo;architecture sous l&rsquo;\u00e9gide de sa marque Bleu Ciel d&rsquo;EDF. L&rsquo;objectif \u00a0est de r\u00e9compenser des projets de maisons individuelles et d&rsquo;habitats collectifs bas-carbone en France qui combinent une excellente performance \u00e9nerg\u00e9tique et une utilisation majoritaire d&rsquo;\u00e9nergies renouvelables. Les \u00e9quipes concurrentes (architectes et bureaux d&rsquo;\u00e9tudes) devront imaginer des projets de logements r\u00e9pondant \u00e0 [&hellip;]\" \/>\n<meta property=\"og:url\" content=\"https:\/\/batijournal.com\/index.php\/un-concours-darchitecture-pour-lutter-contre-le-rechauffement-climatique\/80705\/\" \/>\n<meta property=\"og:site_name\" content=\"Batijournal\" \/>\n<meta property=\"article:published_time\" content=\"2008-02-15T11:20:15+00:00\" \/>\n<meta property=\"og:image\" content=\"https:\/\/batijournal.com\/wp-content\/uploads\/2015\/03\/002324.jpg\" \/>\n\t<meta property=\"og:image:width\" content=\"600\" \/>\n\t<meta property=\"og:image:height\" content=\"535\" \/>\n\t<meta property=\"og:image:type\" content=\"image\/jpeg\" \/>\n<meta name=\"author\" content=\"Bati-journal\" \/>\n<meta name=\"twitter:card\" content=\"summary_large_image\" \/>\n<meta name=\"twitter:creator\" content=\"@bati_journal\" \/>\n<meta name=\"twitter:site\" content=\"@bati_journal\" \/>\n<meta name=\"twitter:label1\" content=\"\u00c9crit par\" \/>\n\t<meta name=\"twitter:data1\" content=\"Bati-journal\" \/>\n\t<meta name=\"twitter:label2\" content=\"Dur\u00e9e de lecture estim\u00e9e\" \/>\n\t<meta name=\"twitter:data2\" content=\"1 minute\" \/>\n<script type=\"application\/ld+json\" class=\"yoast-schema-graph\">{\"@context\":\"https:\\\/\\\/schema.org\",\"@graph\":[{\"@type\":\"Article\",\"@id\":\"https:\\\/\\\/batijournal.com\\\/index.php\\\/un-concours-darchitecture-pour-lutter-contre-le-rechauffement-climatique\\\/80705\\\/#article\",\"isPartOf\":{\"@id\":\"https:\\\/\\\/batijournal.com\\\/index.php\\\/un-concours-darchitecture-pour-lutter-contre-le-rechauffement-climatique\\\/80705\\\/\"},\"author\":{\"name\":\"Bati-journal\",\"@id\":\"https:\\\/\\\/batijournal.com\\\/#\\\/schema\\\/person\\\/6a657e8967569e1b299972574848aa76\"},\"headline\":\"Un concours d&rsquo;architecture pour lutter contre le r\u00e9chauffement climatique\",\"datePublished\":\"2008-02-15T11:20:15+00:00\",\"mainEntityOfPage\":{\"@id\":\"https:\\\/\\\/batijournal.com\\\/index.php\\\/un-concours-darchitecture-pour-lutter-contre-le-rechauffement-climatique\\\/80705\\\/\"},\"wordCount\":165,\"commentCount\":0,\"image\":{\"@id\":\"https:\\\/\\\/batijournal.com\\\/index.php\\\/un-concours-darchitecture-pour-lutter-contre-le-rechauffement-climatique\\\/80705\\\/#primaryimage\"},\"thumbnailUrl\":\"https:\\\/\\\/batijournal.com\\\/wp-content\\\/uploads\\\/2015\\\/03\\\/002324.jpg\",\"keywords\":[\"concours\",\"rechauffement climatique\"],\"articleSection\":[\"\u00c9v\u00e9nements\"],\"inLanguage\":\"fr-FR\",\"potentialAction\":[{\"@type\":\"CommentAction\",\"name\":\"Comment\",\"target\":[\"https:\\\/\\\/batijournal.com\\\/index.php\\\/un-concours-darchitecture-pour-lutter-contre-le-rechauffement-climatique\\\/80705\\\/#respond\"]}]},{\"@type\":\"WebPage\",\"@id\":\"https:\\\/\\\/batijournal.com\\\/index.php\\\/un-concours-darchitecture-pour-lutter-contre-le-rechauffement-climatique\\\/80705\\\/\",\"url\":\"https:\\\/\\\/batijournal.com\\\/index.php\\\/un-concours-darchitecture-pour-lutter-contre-le-rechauffement-climatique\\\/80705\\\/\",\"name\":\"Un concours d'architecture pour lutter contre le r\u00e9chauffement climatique\",\"isPartOf\":{\"@id\":\"https:\\\/\\\/batijournal.com\\\/#website\"},\"primaryImageOfPage\":{\"@id\":\"https:\\\/\\\/batijournal.com\\\/index.php\\\/un-concours-darchitecture-pour-lutter-contre-le-rechauffement-climatique\\\/80705\\\/#primaryimage\"},\"image\":{\"@id\":\"https:\\\/\\\/batijournal.com\\\/index.php\\\/un-concours-darchitecture-pour-lutter-contre-le-rechauffement-climatique\\\/80705\\\/#primaryimage\"},\"thumbnailUrl\":\"https:\\\/\\\/batijournal.com\\\/wp-content\\\/uploads\\\/2015\\\/03\\\/002324.jpg\",\"datePublished\":\"2008-02-15T11:20:15+00:00\",\"author\":{\"@id\":\"https:\\\/\\\/batijournal.com\\\/#\\\/schema\\\/person\\\/6a657e8967569e1b299972574848aa76\"},\"breadcrumb\":{\"@id\":\"https:\\\/\\\/batijournal.com\\\/index.php\\\/un-concours-darchitecture-pour-lutter-contre-le-rechauffement-climatique\\\/80705\\\/#breadcrumb\"},\"inLanguage\":\"fr-FR\",\"potentialAction\":[{\"@type\":\"ReadAction\",\"target\":[\"https:\\\/\\\/batijournal.com\\\/index.php\\\/un-concours-darchitecture-pour-lutter-contre-le-rechauffement-climatique\\\/80705\\\/\"]}]},{\"@type\":\"ImageObject\",\"inLanguage\":\"fr-FR\",\"@id\":\"https:\\\/\\\/batijournal.com\\\/index.php\\\/un-concours-darchitecture-pour-lutter-contre-le-rechauffement-climatique\\\/80705\\\/#primaryimage\",\"url\":\"https:\\\/\\\/batijournal.com\\\/wp-content\\\/uploads\\\/2015\\\/03\\\/002324.jpg\",\"contentUrl\":\"https:\\\/\\\/batijournal.com\\\/wp-content\\\/uploads\\\/2015\\\/03\\\/002324.jpg\",\"width\":600,\"height\":535},{\"@type\":\"BreadcrumbList\",\"@id\":\"https:\\\/\\\/batijournal.com\\\/index.php\\\/un-concours-darchitecture-pour-lutter-contre-le-rechauffement-climatique\\\/80705\\\/#breadcrumb\",\"itemListElement\":[{\"@type\":\"ListItem\",\"position\":1,\"name\":\"Accueil\",\"item\":\"https:\\\/\\\/batijournal.com\\\/\"},{\"@type\":\"ListItem\",\"position\":2,\"name\":\"\u00c9v\u00e9nements\",\"item\":\"https:\\\/\\\/batijournal.com\\\/index.php\\\/category\\\/evenements\\\/\"},{\"@type\":\"ListItem\",\"position\":3,\"name\":\"Un concours d&rsquo;architecture pour lutter contre le r\u00e9chauffement climatique\"}]},{\"@type\":\"WebSite\",\"@id\":\"https:\\\/\\\/batijournal.com\\\/#website\",\"url\":\"https:\\\/\\\/batijournal.com\\\/\",\"name\":\"Batijournal\",\"description\":\"L&#039;actualit\u00e9 du b\u00e2timent\",\"potentialAction\":[{\"@type\":\"SearchAction\",\"target\":{\"@type\":\"EntryPoint\",\"urlTemplate\":\"https:\\\/\\\/batijournal.com\\\/?s={search_term_string}\"},\"query-input\":{\"@type\":\"PropertyValueSpecification\",\"valueRequired\":true,\"valueName\":\"search_term_string\"}}],\"inLanguage\":\"fr-FR\"},{\"@type\":\"Person\",\"@id\":\"https:\\\/\\\/batijournal.com\\\/#\\\/schema\\\/person\\\/6a657e8967569e1b299972574848aa76\",\"name\":\"Bati-journal\",\"image\":{\"@type\":\"ImageObject\",\"inLanguage\":\"fr-FR\",\"@id\":\"https:\\\/\\\/secure.gravatar.com\\\/avatar\\\/a64364ea26392f9b4dd47e017ddaec74ff03aefc073b49e492e847201258f777?s=96&d=mm&r=g\",\"url\":\"https:\\\/\\\/secure.gravatar.com\\\/avatar\\\/a64364ea26392f9b4dd47e017ddaec74ff03aefc073b49e492e847201258f777?s=96&d=mm&r=g\",\"contentUrl\":\"https:\\\/\\\/secure.gravatar.com\\\/avatar\\\/a64364ea26392f9b4dd47e017ddaec74ff03aefc073b49e492e847201258f777?s=96&d=mm&r=g\",\"caption\":\"Bati-journal\"},\"url\":\"https:\\\/\\\/batijournal.com\\\/index.php\\\/author\\\/elodie\\\/\"}]}<\/script>\n<!-- \/ Yoast SEO plugin. -->","yoast_head_json":{"title":"Un concours d'architecture pour lutter contre le r\u00e9chauffement climatique","robots":{"index":"index","follow":"follow","max-snippet":"max-snippet:-1","max-image-preview":"max-image-preview:large","max-video-preview":"max-video-preview:-1"},"canonical":"https:\/\/batijournal.com\/index.php\/un-concours-darchitecture-pour-lutter-contre-le-rechauffement-climatique\/80705\/","og_locale":"fr_FR","og_type":"article","og_title":"Un concours d'architecture pour lutter contre le r\u00e9chauffement climatique","og_description":"EDF lance un concours d&rsquo;architecture sous l&rsquo;\u00e9gide de sa marque Bleu Ciel d&rsquo;EDF. L&rsquo;objectif \u00a0est de r\u00e9compenser des projets de maisons individuelles et d&rsquo;habitats collectifs bas-carbone en France qui combinent une excellente performance \u00e9nerg\u00e9tique et une utilisation majoritaire d&rsquo;\u00e9nergies renouvelables. Les \u00e9quipes concurrentes (architectes et bureaux d&rsquo;\u00e9tudes) devront imaginer des projets de logements r\u00e9pondant \u00e0 [&hellip;]","og_url":"https:\/\/batijournal.com\/index.php\/un-concours-darchitecture-pour-lutter-contre-le-rechauffement-climatique\/80705\/","og_site_name":"Batijournal","article_published_time":"2008-02-15T11:20:15+00:00","og_image":[{"width":600,"height":535,"url":"https:\/\/batijournal.com\/wp-content\/uploads\/2015\/03\/002324.jpg","type":"image\/jpeg"}],"author":"Bati-journal","twitter_card":"summary_large_image","twitter_creator":"@bati_journal","twitter_site":"@bati_journal","twitter_misc":{"\u00c9crit par":"Bati-journal","Dur\u00e9e de lecture estim\u00e9e":"1 minute"},"schema":{"@context":"https:\/\/schema.org","@graph":[{"@type":"Article","@id":"https:\/\/batijournal.com\/index.php\/un-concours-darchitecture-pour-lutter-contre-le-rechauffement-climatique\/80705\/#article","isPartOf":{"@id":"https:\/\/batijournal.com\/index.php\/un-concours-darchitecture-pour-lutter-contre-le-rechauffement-climatique\/80705\/"},"author":{"name":"Bati-journal","@id":"https:\/\/batijournal.com\/#\/schema\/person\/6a657e8967569e1b299972574848aa76"},"headline":"Un concours d&rsquo;architecture pour lutter contre le r\u00e9chauffement climatique","datePublished":"2008-02-15T11:20:15+00:00","mainEntityOfPage":{"@id":"https:\/\/batijournal.com\/index.php\/un-concours-darchitecture-pour-lutter-contre-le-rechauffement-climatique\/80705\/"},"wordCount":165,"commentCount":0,"image":{"@id":"https:\/\/batijournal.com\/index.php\/un-concours-darchitecture-pour-lutter-contre-le-rechauffement-climatique\/80705\/#primaryimage"},"thumbnailUrl":"https:\/\/batijournal.com\/wp-content\/uploads\/2015\/03\/002324.jpg","keywords":["concours","rechauffement climatique"],"articleSection":["\u00c9v\u00e9nements"],"inLanguage":"fr-FR","potentialAction":[{"@type":"CommentAction","name":"Comment","target":["https:\/\/batijournal.com\/index.php\/un-concours-darchitecture-pour-lutter-contre-le-rechauffement-climatique\/80705\/#respond"]}]},{"@type":"WebPage","@id":"https:\/\/batijournal.com\/index.php\/un-concours-darchitecture-pour-lutter-contre-le-rechauffement-climatique\/80705\/","url":"https:\/\/batijournal.com\/index.php\/un-concours-darchitecture-pour-lutter-contre-le-rechauffement-climatique\/80705\/","name":"Un concours d'architecture pour lutter contre le r\u00e9chauffement climatique","isPartOf":{"@id":"https:\/\/batijournal.com\/#website"},"primaryImageOfPage":{"@id":"https:\/\/batijournal.com\/index.php\/un-concours-darchitecture-pour-lutter-contre-le-rechauffement-climatique\/80705\/#primaryimage"},"image":{"@id":"https:\/\/batijournal.com\/index.php\/un-concours-darchitecture-pour-lutter-contre-le-rechauffement-climatique\/80705\/#primaryimage"},"thumbnailUrl":"https:\/\/batijournal.com\/wp-content\/uploads\/2015\/03\/002324.jpg","datePublished":"2008-02-15T11:20:15+00:00","author":{"@id":"https:\/\/batijournal.com\/#\/schema\/person\/6a657e8967569e1b299972574848aa76"},"breadcrumb":{"@id":"https:\/\/batijournal.com\/index.php\/un-concours-darchitecture-pour-lutter-contre-le-rechauffement-climatique\/80705\/#breadcrumb"},"inLanguage":"fr-FR","potentialAction":[{"@type":"ReadAction","target":["https:\/\/batijournal.com\/index.php\/un-concours-darchitecture-pour-lutter-contre-le-rechauffement-climatique\/80705\/"]}]},{"@type":"ImageObject","inLanguage":"fr-FR","@id":"https:\/\/batijournal.com\/index.php\/un-concours-darchitecture-pour-lutter-contre-le-rechauffement-climatique\/80705\/#primaryimage","url":"https:\/\/batijournal.com\/wp-content\/uploads\/2015\/03\/002324.jpg","contentUrl":"https:\/\/batijournal.com\/wp-content\/uploads\/2015\/03\/002324.jpg","width":600,"height":535},{"@type":"BreadcrumbList","@id":"https:\/\/batijournal.com\/index.php\/un-concours-darchitecture-pour-lutter-contre-le-rechauffement-climatique\/80705\/#breadcrumb","itemListElement":[{"@type":"ListItem","position":1,"name":"Accueil","item":"https:\/\/batijournal.com\/"},{"@type":"ListItem","position":2,"name":"\u00c9v\u00e9nements","item":"https:\/\/batijournal.com\/index.php\/category\/evenements\/"},{"@type":"ListItem","position":3,"name":"Un concours d&rsquo;architecture pour lutter contre le r\u00e9chauffement climatique"}]},{"@type":"WebSite","@id":"https:\/\/batijournal.com\/#website","url":"https:\/\/batijournal.com\/","name":"Batijournal","description":"L&#039;actualit\u00e9 du b\u00e2timent","potentialAction":[{"@type":"SearchAction","target":{"@type":"EntryPoint","urlTemplate":"https:\/\/batijournal.com\/?s={search_term_string}"},"query-input":{"@type":"PropertyValueSpecification","valueRequired":true,"valueName":"search_term_string"}}],"inLanguage":"fr-FR"},{"@type":"Person","@id":"https:\/\/batijournal.com\/#\/schema\/person\/6a657e8967569e1b299972574848aa76","name":"Bati-journal","image":{"@type":"ImageObject","inLanguage":"fr-FR","@id":"https:\/\/secure.gravatar.com\/avatar\/a64364ea26392f9b4dd47e017ddaec74ff03aefc073b49e492e847201258f777?s=96&d=mm&r=g","url":"https:\/\/secure.gravatar.com\/avatar\/a64364ea26392f9b4dd47e017ddaec74ff03aefc073b49e492e847201258f777?s=96&d=mm&r=g","contentUrl":"https:\/\/secure.gravatar.com\/avatar\/a64364ea26392f9b4dd47e017ddaec74ff03aefc073b49e492e847201258f777?s=96&d=mm&r=g","caption":"Bati-journal"},"url":"https:\/\/batijournal.com\/index.php\/author\/elodie\/"}]}},"_links":{"self":[{"href":"https:\/\/batijournal.com\/index.php\/wp-json\/wp\/v2\/posts\/80705","targetHints":{"allow":["GET"]}}],"collection":[{"href":"https:\/\/batijournal.com\/index.php\/wp-json\/wp\/v2\/posts"}],"about":[{"href":"https:\/\/batijournal.com\/index.php\/wp-json\/wp\/v2\/types\/post"}],"author":[{"embeddable":true,"href":"https:\/\/batijournal.com\/index.php\/wp-json\/wp\/v2\/users\/1"}],"replies":[{"embeddable":true,"href":"https:\/\/batijournal.com\/index.php\/wp-json\/wp\/v2\/comments?post=80705"}],"version-history":[{"count":0,"href":"https:\/\/batijournal.com\/index.php\/wp-json\/wp\/v2\/posts\/80705\/revisions"}],"wp:featuredmedia":[{"embeddable":true,"href":"https:\/\/batijournal.com\/index.php\/wp-json\/wp\/v2\/media\/80706"}],"wp:attachment":[{"href":"https:\/\/batijournal.com\/index.php\/wp-json\/wp\/v2\/media?parent=80705"}],"wp:term":[{"taxonomy":"category","embeddable":true,"href":"https:\/\/batijournal.com\/index.php\/wp-json\/wp\/v2\/categories?post=80705"},{"taxonomy":"post_tag","embeddable":true,"href":"https:\/\/batijournal.com\/index.php\/wp-json\/wp\/v2\/tags?post=80705"}],"curies":[{"name":"wp","href":"https:\/\/api.w.org\/{rel}","templated":true}]}}