{"id":80725,"date":"2008-03-07T14:22:51","date_gmt":"2008-03-07T13:22:51","guid":{"rendered":"http:\/\/b.bati-journal.com\/un-espace-bois-au-salon-habitat-deco-de-nancy\/80725"},"modified":"2008-03-07T14:22:51","modified_gmt":"2008-03-07T13:22:51","slug":"un-espace-bois-au-salon-habitat-deco-de-nancy","status":"publish","type":"post","link":"https:\/\/batijournal.com\/index.php\/un-espace-bois-au-salon-habitat-deco-de-nancy\/80725\/","title":{"rendered":"Un espace Bois au salon Habitat D\u00e9co de Nancy"},"content":{"rendered":"<p>Pour la troisi\u00e8me ann\u00e9e, les professionnels de la construction bois participent au salon Habitat D\u00e9co de Nancy dans un espace enti\u00e8rement d\u00e9di\u00e9 au bois et \u00e0 l&rsquo;\u00e9coconstruction. Fruit d&rsquo;un partenariat entre le parc des Expositions de Nancy, le conseil r\u00e9gional de Lorraine, le GIPEBLOR et l&rsquo;ONF Lorraine, cet espace accueille des visiteurs venus d\u00e9couvrir les diff\u00e9rentes possibilit\u00e9s de construire ou d&rsquo;am\u00e9nager avec le bois et de discuter de leur projet avec les professionnels lorrains du secteur. V\u00e9ritable vitrine de la fili\u00e8re bois construction r\u00e9gionale, le stand int\u00e9grera, cette ann\u00e9e, l&rsquo;exposition \u201cParcours Bois\u201c, le jardin paysager r\u00e9alis\u00e9 par l&rsquo;ONF Lorraine avec une reconstitution grandeur nature d&rsquo;une for\u00eat, ainsi qu&rsquo;une exposition de maquettes bois sur le th\u00e8me de la ferme exp\u00e9rimentale, r\u00e9sultat d&rsquo;un travail collectif des \u00e9l\u00e8ves architectes de l&rsquo;Ecole d&rsquo;architecture de Nancy et des ing\u00e9nieurs bois de l&rsquo;ENSTIB.<\/p>\n","protected":false},"excerpt":{"rendered":"<p>Pour la troisi\u00e8me ann\u00e9e, les professionnels de la construction bois participent au salon Habitat D\u00e9co de Nancy dans un espace enti\u00e8rement d\u00e9di\u00e9 au bois et \u00e0 l&rsquo;\u00e9coconstruction. Fruit d&rsquo;un partenariat entre le parc des Expositions de Nancy, le conseil r\u00e9gional de Lorraine, le GIPEBLOR et l&rsquo;ONF Lorraine, cet espace accueille des visiteurs venus d\u00e9couvrir les [&hellip;]<\/p>\n","protected":false},"author":1,"featured_media":0,"comment_status":"open","ping_status":"closed","sticky":false,"template":"","format":"standard","meta":{"_et_pb_use_builder":"","_et_pb_old_content":"","_et_gb_content_width":"","footnotes":""},"categories":[9192],"tags":[9197],"class_list":["post-80725","post","type-post","status-publish","format-standard","hentry","category-evenements","tag-evenement"],"yoast_head":"<!-- This site is optimized with the Yoast SEO plugin v27.4 - https:\/\/yoast.com\/product\/yoast-seo-wordpress\/ -->\n<title>Un espace Bois au salon Habitat D\u00e9co de Nancy<\/title>\n<meta name=\"robots\" content=\"index, follow, max-snippet:-1, max-image-preview:large, max-video-preview:-1\" \/>\n<link rel=\"canonical\" href=\"https:\/\/batijournal.com\/index.php\/un-espace-bois-au-salon-habitat-deco-de-nancy\/80725\/\" \/>\n<meta property=\"og:locale\" content=\"fr_FR\" \/>\n<meta property=\"og:type\" content=\"article\" \/>\n<meta property=\"og:title\" content=\"Un espace Bois au salon Habitat D\u00e9co de Nancy\" \/>\n<meta property=\"og:description\" content=\"Pour la troisi\u00e8me ann\u00e9e, les professionnels de la construction bois participent au salon Habitat D\u00e9co de Nancy dans un espace enti\u00e8rement d\u00e9di\u00e9 au bois et \u00e0 l&rsquo;\u00e9coconstruction. Fruit d&rsquo;un partenariat entre le parc des Expositions de Nancy, le conseil r\u00e9gional de Lorraine, le GIPEBLOR et l&rsquo;ONF Lorraine, cet espace accueille des visiteurs venus d\u00e9couvrir les [&hellip;]\" \/>\n<meta property=\"og:url\" content=\"https:\/\/batijournal.com\/index.php\/un-espace-bois-au-salon-habitat-deco-de-nancy\/80725\/\" \/>\n<meta property=\"og:site_name\" content=\"Batijournal\" \/>\n<meta property=\"article:published_time\" content=\"2008-03-07T13:22:51+00:00\" \/>\n<meta name=\"author\" content=\"Bati-journal\" \/>\n<meta name=\"twitter:card\" content=\"summary_large_image\" \/>\n<meta name=\"twitter:creator\" content=\"@bati_journal\" \/>\n<meta name=\"twitter:site\" content=\"@bati_journal\" \/>\n<meta name=\"twitter:label1\" content=\"\u00c9crit par\" \/>\n\t<meta name=\"twitter:data1\" content=\"Bati-journal\" \/>\n\t<meta name=\"twitter:label2\" content=\"Dur\u00e9e de lecture estim\u00e9e\" \/>\n\t<meta name=\"twitter:data2\" content=\"1 minute\" \/>\n<script type=\"application\/ld+json\" class=\"yoast-schema-graph\">{\"@context\":\"https:\\\/\\\/schema.org\",\"@graph\":[{\"@type\":\"Article\",\"@id\":\"https:\\\/\\\/batijournal.com\\\/index.php\\\/un-espace-bois-au-salon-habitat-deco-de-nancy\\\/80725\\\/#article\",\"isPartOf\":{\"@id\":\"https:\\\/\\\/batijournal.com\\\/index.php\\\/un-espace-bois-au-salon-habitat-deco-de-nancy\\\/80725\\\/\"},\"author\":{\"name\":\"Bati-journal\",\"@id\":\"https:\\\/\\\/batijournal.com\\\/#\\\/schema\\\/person\\\/6a657e8967569e1b299972574848aa76\"},\"headline\":\"Un espace Bois au salon Habitat D\u00e9co de Nancy\",\"datePublished\":\"2008-03-07T13:22:51+00:00\",\"mainEntityOfPage\":{\"@id\":\"https:\\\/\\\/batijournal.com\\\/index.php\\\/un-espace-bois-au-salon-habitat-deco-de-nancy\\\/80725\\\/\"},\"wordCount\":180,\"commentCount\":0,\"keywords\":[\"evenement\"],\"articleSection\":[\"\u00c9v\u00e9nements\"],\"inLanguage\":\"fr-FR\",\"potentialAction\":[{\"@type\":\"CommentAction\",\"name\":\"Comment\",\"target\":[\"https:\\\/\\\/batijournal.com\\\/index.php\\\/un-espace-bois-au-salon-habitat-deco-de-nancy\\\/80725\\\/#respond\"]}]},{\"@type\":\"WebPage\",\"@id\":\"https:\\\/\\\/batijournal.com\\\/index.php\\\/un-espace-bois-au-salon-habitat-deco-de-nancy\\\/80725\\\/\",\"url\":\"https:\\\/\\\/batijournal.com\\\/index.php\\\/un-espace-bois-au-salon-habitat-deco-de-nancy\\\/80725\\\/\",\"name\":\"Un espace Bois au salon Habitat D\u00e9co de Nancy\",\"isPartOf\":{\"@id\":\"https:\\\/\\\/batijournal.com\\\/#website\"},\"datePublished\":\"2008-03-07T13:22:51+00:00\",\"author\":{\"@id\":\"https:\\\/\\\/batijournal.com\\\/#\\\/schema\\\/person\\\/6a657e8967569e1b299972574848aa76\"},\"breadcrumb\":{\"@id\":\"https:\\\/\\\/batijournal.com\\\/index.php\\\/un-espace-bois-au-salon-habitat-deco-de-nancy\\\/80725\\\/#breadcrumb\"},\"inLanguage\":\"fr-FR\",\"potentialAction\":[{\"@type\":\"ReadAction\",\"target\":[\"https:\\\/\\\/batijournal.com\\\/index.php\\\/un-espace-bois-au-salon-habitat-deco-de-nancy\\\/80725\\\/\"]}]},{\"@type\":\"BreadcrumbList\",\"@id\":\"https:\\\/\\\/batijournal.com\\\/index.php\\\/un-espace-bois-au-salon-habitat-deco-de-nancy\\\/80725\\\/#breadcrumb\",\"itemListElement\":[{\"@type\":\"ListItem\",\"position\":1,\"name\":\"Accueil\",\"item\":\"https:\\\/\\\/batijournal.com\\\/\"},{\"@type\":\"ListItem\",\"position\":2,\"name\":\"\u00c9v\u00e9nements\",\"item\":\"https:\\\/\\\/batijournal.com\\\/index.php\\\/category\\\/evenements\\\/\"},{\"@type\":\"ListItem\",\"position\":3,\"name\":\"Un espace Bois au salon Habitat D\u00e9co de Nancy\"}]},{\"@type\":\"WebSite\",\"@id\":\"https:\\\/\\\/batijournal.com\\\/#website\",\"url\":\"https:\\\/\\\/batijournal.com\\\/\",\"name\":\"Batijournal\",\"description\":\"L&#039;actualit\u00e9 du b\u00e2timent\",\"potentialAction\":[{\"@type\":\"SearchAction\",\"target\":{\"@type\":\"EntryPoint\",\"urlTemplate\":\"https:\\\/\\\/batijournal.com\\\/?s={search_term_string}\"},\"query-input\":{\"@type\":\"PropertyValueSpecification\",\"valueRequired\":true,\"valueName\":\"search_term_string\"}}],\"inLanguage\":\"fr-FR\"},{\"@type\":\"Person\",\"@id\":\"https:\\\/\\\/batijournal.com\\\/#\\\/schema\\\/person\\\/6a657e8967569e1b299972574848aa76\",\"name\":\"Bati-journal\",\"image\":{\"@type\":\"ImageObject\",\"inLanguage\":\"fr-FR\",\"@id\":\"https:\\\/\\\/secure.gravatar.com\\\/avatar\\\/a64364ea26392f9b4dd47e017ddaec74ff03aefc073b49e492e847201258f777?s=96&d=mm&r=g\",\"url\":\"https:\\\/\\\/secure.gravatar.com\\\/avatar\\\/a64364ea26392f9b4dd47e017ddaec74ff03aefc073b49e492e847201258f777?s=96&d=mm&r=g\",\"contentUrl\":\"https:\\\/\\\/secure.gravatar.com\\\/avatar\\\/a64364ea26392f9b4dd47e017ddaec74ff03aefc073b49e492e847201258f777?s=96&d=mm&r=g\",\"caption\":\"Bati-journal\"},\"url\":\"https:\\\/\\\/batijournal.com\\\/index.php\\\/author\\\/elodie\\\/\"}]}<\/script>\n<!-- \/ Yoast SEO plugin. -->","yoast_head_json":{"title":"Un espace Bois au salon Habitat D\u00e9co de Nancy","robots":{"index":"index","follow":"follow","max-snippet":"max-snippet:-1","max-image-preview":"max-image-preview:large","max-video-preview":"max-video-preview:-1"},"canonical":"https:\/\/batijournal.com\/index.php\/un-espace-bois-au-salon-habitat-deco-de-nancy\/80725\/","og_locale":"fr_FR","og_type":"article","og_title":"Un espace Bois au salon Habitat D\u00e9co de Nancy","og_description":"Pour la troisi\u00e8me ann\u00e9e, les professionnels de la construction bois participent au salon Habitat D\u00e9co de Nancy dans un espace enti\u00e8rement d\u00e9di\u00e9 au bois et \u00e0 l&rsquo;\u00e9coconstruction. Fruit d&rsquo;un partenariat entre le parc des Expositions de Nancy, le conseil r\u00e9gional de Lorraine, le GIPEBLOR et l&rsquo;ONF Lorraine, cet espace accueille des visiteurs venus d\u00e9couvrir les [&hellip;]","og_url":"https:\/\/batijournal.com\/index.php\/un-espace-bois-au-salon-habitat-deco-de-nancy\/80725\/","og_site_name":"Batijournal","article_published_time":"2008-03-07T13:22:51+00:00","author":"Bati-journal","twitter_card":"summary_large_image","twitter_creator":"@bati_journal","twitter_site":"@bati_journal","twitter_misc":{"\u00c9crit par":"Bati-journal","Dur\u00e9e de lecture estim\u00e9e":"1 minute"},"schema":{"@context":"https:\/\/schema.org","@graph":[{"@type":"Article","@id":"https:\/\/batijournal.com\/index.php\/un-espace-bois-au-salon-habitat-deco-de-nancy\/80725\/#article","isPartOf":{"@id":"https:\/\/batijournal.com\/index.php\/un-espace-bois-au-salon-habitat-deco-de-nancy\/80725\/"},"author":{"name":"Bati-journal","@id":"https:\/\/batijournal.com\/#\/schema\/person\/6a657e8967569e1b299972574848aa76"},"headline":"Un espace Bois au salon Habitat D\u00e9co de Nancy","datePublished":"2008-03-07T13:22:51+00:00","mainEntityOfPage":{"@id":"https:\/\/batijournal.com\/index.php\/un-espace-bois-au-salon-habitat-deco-de-nancy\/80725\/"},"wordCount":180,"commentCount":0,"keywords":["evenement"],"articleSection":["\u00c9v\u00e9nements"],"inLanguage":"fr-FR","potentialAction":[{"@type":"CommentAction","name":"Comment","target":["https:\/\/batijournal.com\/index.php\/un-espace-bois-au-salon-habitat-deco-de-nancy\/80725\/#respond"]}]},{"@type":"WebPage","@id":"https:\/\/batijournal.com\/index.php\/un-espace-bois-au-salon-habitat-deco-de-nancy\/80725\/","url":"https:\/\/batijournal.com\/index.php\/un-espace-bois-au-salon-habitat-deco-de-nancy\/80725\/","name":"Un espace Bois au salon Habitat D\u00e9co de Nancy","isPartOf":{"@id":"https:\/\/batijournal.com\/#website"},"datePublished":"2008-03-07T13:22:51+00:00","author":{"@id":"https:\/\/batijournal.com\/#\/schema\/person\/6a657e8967569e1b299972574848aa76"},"breadcrumb":{"@id":"https:\/\/batijournal.com\/index.php\/un-espace-bois-au-salon-habitat-deco-de-nancy\/80725\/#breadcrumb"},"inLanguage":"fr-FR","potentialAction":[{"@type":"ReadAction","target":["https:\/\/batijournal.com\/index.php\/un-espace-bois-au-salon-habitat-deco-de-nancy\/80725\/"]}]},{"@type":"BreadcrumbList","@id":"https:\/\/batijournal.com\/index.php\/un-espace-bois-au-salon-habitat-deco-de-nancy\/80725\/#breadcrumb","itemListElement":[{"@type":"ListItem","position":1,"name":"Accueil","item":"https:\/\/batijournal.com\/"},{"@type":"ListItem","position":2,"name":"\u00c9v\u00e9nements","item":"https:\/\/batijournal.com\/index.php\/category\/evenements\/"},{"@type":"ListItem","position":3,"name":"Un espace Bois au salon Habitat D\u00e9co de Nancy"}]},{"@type":"WebSite","@id":"https:\/\/batijournal.com\/#website","url":"https:\/\/batijournal.com\/","name":"Batijournal","description":"L&#039;actualit\u00e9 du b\u00e2timent","potentialAction":[{"@type":"SearchAction","target":{"@type":"EntryPoint","urlTemplate":"https:\/\/batijournal.com\/?s={search_term_string}"},"query-input":{"@type":"PropertyValueSpecification","valueRequired":true,"valueName":"search_term_string"}}],"inLanguage":"fr-FR"},{"@type":"Person","@id":"https:\/\/batijournal.com\/#\/schema\/person\/6a657e8967569e1b299972574848aa76","name":"Bati-journal","image":{"@type":"ImageObject","inLanguage":"fr-FR","@id":"https:\/\/secure.gravatar.com\/avatar\/a64364ea26392f9b4dd47e017ddaec74ff03aefc073b49e492e847201258f777?s=96&d=mm&r=g","url":"https:\/\/secure.gravatar.com\/avatar\/a64364ea26392f9b4dd47e017ddaec74ff03aefc073b49e492e847201258f777?s=96&d=mm&r=g","contentUrl":"https:\/\/secure.gravatar.com\/avatar\/a64364ea26392f9b4dd47e017ddaec74ff03aefc073b49e492e847201258f777?s=96&d=mm&r=g","caption":"Bati-journal"},"url":"https:\/\/batijournal.com\/index.php\/author\/elodie\/"}]}},"_links":{"self":[{"href":"https:\/\/batijournal.com\/index.php\/wp-json\/wp\/v2\/posts\/80725","targetHints":{"allow":["GET"]}}],"collection":[{"href":"https:\/\/batijournal.com\/index.php\/wp-json\/wp\/v2\/posts"}],"about":[{"href":"https:\/\/batijournal.com\/index.php\/wp-json\/wp\/v2\/types\/post"}],"author":[{"embeddable":true,"href":"https:\/\/batijournal.com\/index.php\/wp-json\/wp\/v2\/users\/1"}],"replies":[{"embeddable":true,"href":"https:\/\/batijournal.com\/index.php\/wp-json\/wp\/v2\/comments?post=80725"}],"version-history":[{"count":0,"href":"https:\/\/batijournal.com\/index.php\/wp-json\/wp\/v2\/posts\/80725\/revisions"}],"wp:attachment":[{"href":"https:\/\/batijournal.com\/index.php\/wp-json\/wp\/v2\/media?parent=80725"}],"wp:term":[{"taxonomy":"category","embeddable":true,"href":"https:\/\/batijournal.com\/index.php\/wp-json\/wp\/v2\/categories?post=80725"},{"taxonomy":"post_tag","embeddable":true,"href":"https:\/\/batijournal.com\/index.php\/wp-json\/wp\/v2\/tags?post=80725"}],"curies":[{"name":"wp","href":"https:\/\/api.w.org\/{rel}","templated":true}]}}