{"id":80746,"date":"2008-04-01T11:31:12","date_gmt":"2008-04-01T09:31:12","guid":{"rendered":"http:\/\/b.bati-journal.com\/espace-bois-de-chartreuse-au-salon-du-bois-de-grenoble\/80746"},"modified":"2008-04-01T11:31:12","modified_gmt":"2008-04-01T09:31:12","slug":"espace-bois-de-chartreuse-au-salon-du-bois-de-grenoble","status":"publish","type":"post","link":"https:\/\/batijournal.com\/index.php\/espace-bois-de-chartreuse-au-salon-du-bois-de-grenoble\/80746\/","title":{"rendered":"Espace Bois de Chartreuse au salon du bois de Grenoble"},"content":{"rendered":"<p>Le parc naturel r\u00e9gional de Chartreuse et les professionnels du bois du territoire se rassemblent \u00e0 l&rsquo;occasion du salon du bois de Grenoble. L&rsquo;objectif est de d\u00e9montrer l\u2019excellente performance \u00e9nerg\u00e9tique des bois locaux dans la construction (la proximit\u00e9 de la ressource permet de minimiser le bilan carbone), la qualit\u00e9 m\u00e9canique des bois de Chartreuse et la richesse de l&rsquo;offre commerciale. Deux conf\u00e9rences sont organis\u00e9es : le samedi 5 avril \u00e0 16 h 00 : La pertinence des fili\u00e8res courtes, au plus pr\u00e8s de la for\u00eat et au plus pr\u00e8s des c\u0153urs : l\u2019exemple du bois de Chartreuse ; le vendredi 4 avril \u00e0 10 h 00 : Le bois de Chartreuse : qualit\u00e9 m\u00e9canique et lancement op\u00e9rationnel du suivi de tra\u00e7abilit\u00e9.<\/p>\n","protected":false},"excerpt":{"rendered":"<p>Le parc naturel r\u00e9gional de Chartreuse et les professionnels du bois du territoire se rassemblent \u00e0 l&rsquo;occasion du salon du bois de Grenoble. L&rsquo;objectif est de d\u00e9montrer l\u2019excellente performance \u00e9nerg\u00e9tique des bois locaux dans la construction (la proximit\u00e9 de la ressource permet de minimiser le bilan carbone), la qualit\u00e9 m\u00e9canique des bois de Chartreuse et [&hellip;]<\/p>\n","protected":false},"author":1,"featured_media":80747,"comment_status":"open","ping_status":"closed","sticky":false,"template":"","format":"standard","meta":{"_et_pb_use_builder":"","_et_pb_old_content":"","_et_gb_content_width":"","footnotes":""},"categories":[9192],"tags":[2777,5950,6161],"class_list":["post-80746","post","type-post","status-publish","format-standard","has-post-thumbnail","hentry","category-evenements","tag-grenoble","tag-performance-energetique","tag-salon-du-bois"],"yoast_head":"<!-- This site is optimized with the Yoast SEO plugin v27.4 - https:\/\/yoast.com\/product\/yoast-seo-wordpress\/ -->\n<title>Espace Bois de Chartreuse au salon du bois de Grenoble<\/title>\n<meta name=\"robots\" content=\"index, follow, max-snippet:-1, max-image-preview:large, max-video-preview:-1\" \/>\n<link rel=\"canonical\" href=\"https:\/\/batijournal.com\/index.php\/espace-bois-de-chartreuse-au-salon-du-bois-de-grenoble\/80746\/\" \/>\n<meta property=\"og:locale\" content=\"fr_FR\" \/>\n<meta property=\"og:type\" content=\"article\" \/>\n<meta property=\"og:title\" content=\"Espace Bois de Chartreuse au salon du bois de Grenoble\" \/>\n<meta property=\"og:description\" content=\"Le parc naturel r\u00e9gional de Chartreuse et les professionnels du bois du territoire se rassemblent \u00e0 l&rsquo;occasion du salon du bois de Grenoble. L&rsquo;objectif est de d\u00e9montrer l\u2019excellente performance \u00e9nerg\u00e9tique des bois locaux dans la construction (la proximit\u00e9 de la ressource permet de minimiser le bilan carbone), la qualit\u00e9 m\u00e9canique des bois de Chartreuse et [&hellip;]\" \/>\n<meta property=\"og:url\" content=\"https:\/\/batijournal.com\/index.php\/espace-bois-de-chartreuse-au-salon-du-bois-de-grenoble\/80746\/\" \/>\n<meta property=\"og:site_name\" content=\"Batijournal\" \/>\n<meta property=\"article:published_time\" content=\"2008-04-01T09:31:12+00:00\" \/>\n<meta property=\"og:image\" content=\"https:\/\/batijournal.com\/wp-content\/uploads\/2015\/03\/002545.jpg\" \/>\n\t<meta property=\"og:image:width\" content=\"600\" \/>\n\t<meta property=\"og:image:height\" content=\"348\" \/>\n\t<meta property=\"og:image:type\" content=\"image\/jpeg\" \/>\n<meta name=\"author\" content=\"Bati-journal\" \/>\n<meta name=\"twitter:card\" content=\"summary_large_image\" \/>\n<meta name=\"twitter:creator\" content=\"@bati_journal\" \/>\n<meta name=\"twitter:site\" content=\"@bati_journal\" \/>\n<meta name=\"twitter:label1\" content=\"\u00c9crit par\" \/>\n\t<meta name=\"twitter:data1\" content=\"Bati-journal\" \/>\n\t<meta name=\"twitter:label2\" content=\"Dur\u00e9e de lecture estim\u00e9e\" \/>\n\t<meta name=\"twitter:data2\" content=\"1 minute\" \/>\n<script type=\"application\/ld+json\" class=\"yoast-schema-graph\">{\"@context\":\"https:\\\/\\\/schema.org\",\"@graph\":[{\"@type\":\"Article\",\"@id\":\"https:\\\/\\\/batijournal.com\\\/index.php\\\/espace-bois-de-chartreuse-au-salon-du-bois-de-grenoble\\\/80746\\\/#article\",\"isPartOf\":{\"@id\":\"https:\\\/\\\/batijournal.com\\\/index.php\\\/espace-bois-de-chartreuse-au-salon-du-bois-de-grenoble\\\/80746\\\/\"},\"author\":{\"name\":\"Bati-journal\",\"@id\":\"https:\\\/\\\/batijournal.com\\\/#\\\/schema\\\/person\\\/6a657e8967569e1b299972574848aa76\"},\"headline\":\"Espace Bois de Chartreuse au salon du bois de Grenoble\",\"datePublished\":\"2008-04-01T09:31:12+00:00\",\"mainEntityOfPage\":{\"@id\":\"https:\\\/\\\/batijournal.com\\\/index.php\\\/espace-bois-de-chartreuse-au-salon-du-bois-de-grenoble\\\/80746\\\/\"},\"wordCount\":135,\"commentCount\":0,\"image\":{\"@id\":\"https:\\\/\\\/batijournal.com\\\/index.php\\\/espace-bois-de-chartreuse-au-salon-du-bois-de-grenoble\\\/80746\\\/#primaryimage\"},\"thumbnailUrl\":\"https:\\\/\\\/batijournal.com\\\/wp-content\\\/uploads\\\/2015\\\/03\\\/002545.jpg\",\"keywords\":[\"Grenoble\",\"performance \u00e9nerg\u00e9tique\",\"salon du bois\"],\"articleSection\":[\"\u00c9v\u00e9nements\"],\"inLanguage\":\"fr-FR\",\"potentialAction\":[{\"@type\":\"CommentAction\",\"name\":\"Comment\",\"target\":[\"https:\\\/\\\/batijournal.com\\\/index.php\\\/espace-bois-de-chartreuse-au-salon-du-bois-de-grenoble\\\/80746\\\/#respond\"]}]},{\"@type\":\"WebPage\",\"@id\":\"https:\\\/\\\/batijournal.com\\\/index.php\\\/espace-bois-de-chartreuse-au-salon-du-bois-de-grenoble\\\/80746\\\/\",\"url\":\"https:\\\/\\\/batijournal.com\\\/index.php\\\/espace-bois-de-chartreuse-au-salon-du-bois-de-grenoble\\\/80746\\\/\",\"name\":\"Espace Bois de Chartreuse au salon du bois de Grenoble\",\"isPartOf\":{\"@id\":\"https:\\\/\\\/batijournal.com\\\/#website\"},\"primaryImageOfPage\":{\"@id\":\"https:\\\/\\\/batijournal.com\\\/index.php\\\/espace-bois-de-chartreuse-au-salon-du-bois-de-grenoble\\\/80746\\\/#primaryimage\"},\"image\":{\"@id\":\"https:\\\/\\\/batijournal.com\\\/index.php\\\/espace-bois-de-chartreuse-au-salon-du-bois-de-grenoble\\\/80746\\\/#primaryimage\"},\"thumbnailUrl\":\"https:\\\/\\\/batijournal.com\\\/wp-content\\\/uploads\\\/2015\\\/03\\\/002545.jpg\",\"datePublished\":\"2008-04-01T09:31:12+00:00\",\"author\":{\"@id\":\"https:\\\/\\\/batijournal.com\\\/#\\\/schema\\\/person\\\/6a657e8967569e1b299972574848aa76\"},\"breadcrumb\":{\"@id\":\"https:\\\/\\\/batijournal.com\\\/index.php\\\/espace-bois-de-chartreuse-au-salon-du-bois-de-grenoble\\\/80746\\\/#breadcrumb\"},\"inLanguage\":\"fr-FR\",\"potentialAction\":[{\"@type\":\"ReadAction\",\"target\":[\"https:\\\/\\\/batijournal.com\\\/index.php\\\/espace-bois-de-chartreuse-au-salon-du-bois-de-grenoble\\\/80746\\\/\"]}]},{\"@type\":\"ImageObject\",\"inLanguage\":\"fr-FR\",\"@id\":\"https:\\\/\\\/batijournal.com\\\/index.php\\\/espace-bois-de-chartreuse-au-salon-du-bois-de-grenoble\\\/80746\\\/#primaryimage\",\"url\":\"https:\\\/\\\/batijournal.com\\\/wp-content\\\/uploads\\\/2015\\\/03\\\/002545.jpg\",\"contentUrl\":\"https:\\\/\\\/batijournal.com\\\/wp-content\\\/uploads\\\/2015\\\/03\\\/002545.jpg\",\"width\":600,\"height\":348},{\"@type\":\"BreadcrumbList\",\"@id\":\"https:\\\/\\\/batijournal.com\\\/index.php\\\/espace-bois-de-chartreuse-au-salon-du-bois-de-grenoble\\\/80746\\\/#breadcrumb\",\"itemListElement\":[{\"@type\":\"ListItem\",\"position\":1,\"name\":\"Accueil\",\"item\":\"https:\\\/\\\/batijournal.com\\\/\"},{\"@type\":\"ListItem\",\"position\":2,\"name\":\"\u00c9v\u00e9nements\",\"item\":\"https:\\\/\\\/batijournal.com\\\/index.php\\\/category\\\/evenements\\\/\"},{\"@type\":\"ListItem\",\"position\":3,\"name\":\"Espace Bois de Chartreuse au salon du bois de Grenoble\"}]},{\"@type\":\"WebSite\",\"@id\":\"https:\\\/\\\/batijournal.com\\\/#website\",\"url\":\"https:\\\/\\\/batijournal.com\\\/\",\"name\":\"Batijournal\",\"description\":\"L&#039;actualit\u00e9 du b\u00e2timent\",\"potentialAction\":[{\"@type\":\"SearchAction\",\"target\":{\"@type\":\"EntryPoint\",\"urlTemplate\":\"https:\\\/\\\/batijournal.com\\\/?s={search_term_string}\"},\"query-input\":{\"@type\":\"PropertyValueSpecification\",\"valueRequired\":true,\"valueName\":\"search_term_string\"}}],\"inLanguage\":\"fr-FR\"},{\"@type\":\"Person\",\"@id\":\"https:\\\/\\\/batijournal.com\\\/#\\\/schema\\\/person\\\/6a657e8967569e1b299972574848aa76\",\"name\":\"Bati-journal\",\"image\":{\"@type\":\"ImageObject\",\"inLanguage\":\"fr-FR\",\"@id\":\"https:\\\/\\\/secure.gravatar.com\\\/avatar\\\/a64364ea26392f9b4dd47e017ddaec74ff03aefc073b49e492e847201258f777?s=96&d=mm&r=g\",\"url\":\"https:\\\/\\\/secure.gravatar.com\\\/avatar\\\/a64364ea26392f9b4dd47e017ddaec74ff03aefc073b49e492e847201258f777?s=96&d=mm&r=g\",\"contentUrl\":\"https:\\\/\\\/secure.gravatar.com\\\/avatar\\\/a64364ea26392f9b4dd47e017ddaec74ff03aefc073b49e492e847201258f777?s=96&d=mm&r=g\",\"caption\":\"Bati-journal\"},\"url\":\"https:\\\/\\\/batijournal.com\\\/index.php\\\/author\\\/elodie\\\/\"}]}<\/script>\n<!-- \/ Yoast SEO plugin. -->","yoast_head_json":{"title":"Espace Bois de Chartreuse au salon du bois de Grenoble","robots":{"index":"index","follow":"follow","max-snippet":"max-snippet:-1","max-image-preview":"max-image-preview:large","max-video-preview":"max-video-preview:-1"},"canonical":"https:\/\/batijournal.com\/index.php\/espace-bois-de-chartreuse-au-salon-du-bois-de-grenoble\/80746\/","og_locale":"fr_FR","og_type":"article","og_title":"Espace Bois de Chartreuse au salon du bois de Grenoble","og_description":"Le parc naturel r\u00e9gional de Chartreuse et les professionnels du bois du territoire se rassemblent \u00e0 l&rsquo;occasion du salon du bois de Grenoble. L&rsquo;objectif est de d\u00e9montrer l\u2019excellente performance \u00e9nerg\u00e9tique des bois locaux dans la construction (la proximit\u00e9 de la ressource permet de minimiser le bilan carbone), la qualit\u00e9 m\u00e9canique des bois de Chartreuse et [&hellip;]","og_url":"https:\/\/batijournal.com\/index.php\/espace-bois-de-chartreuse-au-salon-du-bois-de-grenoble\/80746\/","og_site_name":"Batijournal","article_published_time":"2008-04-01T09:31:12+00:00","og_image":[{"width":600,"height":348,"url":"https:\/\/batijournal.com\/wp-content\/uploads\/2015\/03\/002545.jpg","type":"image\/jpeg"}],"author":"Bati-journal","twitter_card":"summary_large_image","twitter_creator":"@bati_journal","twitter_site":"@bati_journal","twitter_misc":{"\u00c9crit par":"Bati-journal","Dur\u00e9e de lecture estim\u00e9e":"1 minute"},"schema":{"@context":"https:\/\/schema.org","@graph":[{"@type":"Article","@id":"https:\/\/batijournal.com\/index.php\/espace-bois-de-chartreuse-au-salon-du-bois-de-grenoble\/80746\/#article","isPartOf":{"@id":"https:\/\/batijournal.com\/index.php\/espace-bois-de-chartreuse-au-salon-du-bois-de-grenoble\/80746\/"},"author":{"name":"Bati-journal","@id":"https:\/\/batijournal.com\/#\/schema\/person\/6a657e8967569e1b299972574848aa76"},"headline":"Espace Bois de Chartreuse au salon du bois de Grenoble","datePublished":"2008-04-01T09:31:12+00:00","mainEntityOfPage":{"@id":"https:\/\/batijournal.com\/index.php\/espace-bois-de-chartreuse-au-salon-du-bois-de-grenoble\/80746\/"},"wordCount":135,"commentCount":0,"image":{"@id":"https:\/\/batijournal.com\/index.php\/espace-bois-de-chartreuse-au-salon-du-bois-de-grenoble\/80746\/#primaryimage"},"thumbnailUrl":"https:\/\/batijournal.com\/wp-content\/uploads\/2015\/03\/002545.jpg","keywords":["Grenoble","performance \u00e9nerg\u00e9tique","salon du bois"],"articleSection":["\u00c9v\u00e9nements"],"inLanguage":"fr-FR","potentialAction":[{"@type":"CommentAction","name":"Comment","target":["https:\/\/batijournal.com\/index.php\/espace-bois-de-chartreuse-au-salon-du-bois-de-grenoble\/80746\/#respond"]}]},{"@type":"WebPage","@id":"https:\/\/batijournal.com\/index.php\/espace-bois-de-chartreuse-au-salon-du-bois-de-grenoble\/80746\/","url":"https:\/\/batijournal.com\/index.php\/espace-bois-de-chartreuse-au-salon-du-bois-de-grenoble\/80746\/","name":"Espace Bois de Chartreuse au salon du bois de Grenoble","isPartOf":{"@id":"https:\/\/batijournal.com\/#website"},"primaryImageOfPage":{"@id":"https:\/\/batijournal.com\/index.php\/espace-bois-de-chartreuse-au-salon-du-bois-de-grenoble\/80746\/#primaryimage"},"image":{"@id":"https:\/\/batijournal.com\/index.php\/espace-bois-de-chartreuse-au-salon-du-bois-de-grenoble\/80746\/#primaryimage"},"thumbnailUrl":"https:\/\/batijournal.com\/wp-content\/uploads\/2015\/03\/002545.jpg","datePublished":"2008-04-01T09:31:12+00:00","author":{"@id":"https:\/\/batijournal.com\/#\/schema\/person\/6a657e8967569e1b299972574848aa76"},"breadcrumb":{"@id":"https:\/\/batijournal.com\/index.php\/espace-bois-de-chartreuse-au-salon-du-bois-de-grenoble\/80746\/#breadcrumb"},"inLanguage":"fr-FR","potentialAction":[{"@type":"ReadAction","target":["https:\/\/batijournal.com\/index.php\/espace-bois-de-chartreuse-au-salon-du-bois-de-grenoble\/80746\/"]}]},{"@type":"ImageObject","inLanguage":"fr-FR","@id":"https:\/\/batijournal.com\/index.php\/espace-bois-de-chartreuse-au-salon-du-bois-de-grenoble\/80746\/#primaryimage","url":"https:\/\/batijournal.com\/wp-content\/uploads\/2015\/03\/002545.jpg","contentUrl":"https:\/\/batijournal.com\/wp-content\/uploads\/2015\/03\/002545.jpg","width":600,"height":348},{"@type":"BreadcrumbList","@id":"https:\/\/batijournal.com\/index.php\/espace-bois-de-chartreuse-au-salon-du-bois-de-grenoble\/80746\/#breadcrumb","itemListElement":[{"@type":"ListItem","position":1,"name":"Accueil","item":"https:\/\/batijournal.com\/"},{"@type":"ListItem","position":2,"name":"\u00c9v\u00e9nements","item":"https:\/\/batijournal.com\/index.php\/category\/evenements\/"},{"@type":"ListItem","position":3,"name":"Espace Bois de Chartreuse au salon du bois de Grenoble"}]},{"@type":"WebSite","@id":"https:\/\/batijournal.com\/#website","url":"https:\/\/batijournal.com\/","name":"Batijournal","description":"L&#039;actualit\u00e9 du b\u00e2timent","potentialAction":[{"@type":"SearchAction","target":{"@type":"EntryPoint","urlTemplate":"https:\/\/batijournal.com\/?s={search_term_string}"},"query-input":{"@type":"PropertyValueSpecification","valueRequired":true,"valueName":"search_term_string"}}],"inLanguage":"fr-FR"},{"@type":"Person","@id":"https:\/\/batijournal.com\/#\/schema\/person\/6a657e8967569e1b299972574848aa76","name":"Bati-journal","image":{"@type":"ImageObject","inLanguage":"fr-FR","@id":"https:\/\/secure.gravatar.com\/avatar\/a64364ea26392f9b4dd47e017ddaec74ff03aefc073b49e492e847201258f777?s=96&d=mm&r=g","url":"https:\/\/secure.gravatar.com\/avatar\/a64364ea26392f9b4dd47e017ddaec74ff03aefc073b49e492e847201258f777?s=96&d=mm&r=g","contentUrl":"https:\/\/secure.gravatar.com\/avatar\/a64364ea26392f9b4dd47e017ddaec74ff03aefc073b49e492e847201258f777?s=96&d=mm&r=g","caption":"Bati-journal"},"url":"https:\/\/batijournal.com\/index.php\/author\/elodie\/"}]}},"_links":{"self":[{"href":"https:\/\/batijournal.com\/index.php\/wp-json\/wp\/v2\/posts\/80746","targetHints":{"allow":["GET"]}}],"collection":[{"href":"https:\/\/batijournal.com\/index.php\/wp-json\/wp\/v2\/posts"}],"about":[{"href":"https:\/\/batijournal.com\/index.php\/wp-json\/wp\/v2\/types\/post"}],"author":[{"embeddable":true,"href":"https:\/\/batijournal.com\/index.php\/wp-json\/wp\/v2\/users\/1"}],"replies":[{"embeddable":true,"href":"https:\/\/batijournal.com\/index.php\/wp-json\/wp\/v2\/comments?post=80746"}],"version-history":[{"count":0,"href":"https:\/\/batijournal.com\/index.php\/wp-json\/wp\/v2\/posts\/80746\/revisions"}],"wp:featuredmedia":[{"embeddable":true,"href":"https:\/\/batijournal.com\/index.php\/wp-json\/wp\/v2\/media\/80747"}],"wp:attachment":[{"href":"https:\/\/batijournal.com\/index.php\/wp-json\/wp\/v2\/media?parent=80746"}],"wp:term":[{"taxonomy":"category","embeddable":true,"href":"https:\/\/batijournal.com\/index.php\/wp-json\/wp\/v2\/categories?post=80746"},{"taxonomy":"post_tag","embeddable":true,"href":"https:\/\/batijournal.com\/index.php\/wp-json\/wp\/v2\/tags?post=80746"}],"curies":[{"name":"wp","href":"https:\/\/api.w.org\/{rel}","templated":true}]}}