{"id":80764,"date":"2008-04-17T17:06:29","date_gmt":"2008-04-17T15:06:29","guid":{"rendered":"http:\/\/b.bati-journal.com\/poitier-conference-sur-la-maison-bois-bioclimatique-passive\/80764"},"modified":"2008-04-17T17:06:29","modified_gmt":"2008-04-17T15:06:29","slug":"poitier-conference-sur-la-maison-bois-bioclimatique-passive","status":"publish","type":"post","link":"https:\/\/batijournal.com\/index.php\/poitier-conference-sur-la-maison-bois-bioclimatique-passive\/80764\/","title":{"rendered":"Poitier : conf\u00e9rence sur la maison bois bioclimatique passive"},"content":{"rendered":"<p>La maison bois bioclimatique passive sera le sujet d&rsquo;une conf\u00e9rence organis\u00e9e par l&rsquo;interprofession du bois Poitou-Charentes Futurobois. Louis Hatte, consultant bioclimatique passive, d\u00e9veloppera les sujets de la maison basse consommation, habitat sain et \u00e9cologique et permettra \u00e0 chacun, grand public ou professionnel, de dialoguer avec des acteurs du secteur. Lundi 28 avril \u00e0 18 h &#8211; Espace Mend\u00e8s France, Poitiers.<\/p>\n","protected":false},"excerpt":{"rendered":"<p>La maison bois bioclimatique passive sera le sujet d&rsquo;une conf\u00e9rence organis\u00e9e par l&rsquo;interprofession du bois Poitou-Charentes Futurobois. Louis Hatte, consultant bioclimatique passive, d\u00e9veloppera les sujets de la maison basse consommation, habitat sain et \u00e9cologique et permettra \u00e0 chacun, grand public ou professionnel, de dialoguer avec des acteurs du secteur. Lundi 28 avril \u00e0 18 h [&hellip;]<\/p>\n","protected":false},"author":1,"featured_media":0,"comment_status":"open","ping_status":"closed","sticky":false,"template":"","format":"standard","meta":{"_et_pb_use_builder":"","_et_pb_old_content":"","_et_gb_content_width":"","footnotes":""},"categories":[9192],"tags":[2946,685],"class_list":["post-80764","post","type-post","status-publish","format-standard","hentry","category-evenements","tag-bioclimatique","tag-conference"],"yoast_head":"<!-- This site is optimized with the Yoast SEO plugin v27.4 - https:\/\/yoast.com\/product\/yoast-seo-wordpress\/ -->\n<title>Poitier : conf\u00e9rence sur la maison bois bioclimatique passive<\/title>\n<meta name=\"robots\" content=\"index, follow, max-snippet:-1, max-image-preview:large, max-video-preview:-1\" \/>\n<link rel=\"canonical\" href=\"https:\/\/batijournal.com\/index.php\/poitier-conference-sur-la-maison-bois-bioclimatique-passive\/80764\/\" \/>\n<meta property=\"og:locale\" content=\"fr_FR\" \/>\n<meta property=\"og:type\" content=\"article\" \/>\n<meta property=\"og:title\" content=\"Poitier : conf\u00e9rence sur la maison bois bioclimatique passive\" \/>\n<meta property=\"og:description\" content=\"La maison bois bioclimatique passive sera le sujet d&rsquo;une conf\u00e9rence organis\u00e9e par l&rsquo;interprofession du bois Poitou-Charentes Futurobois. Louis Hatte, consultant bioclimatique passive, d\u00e9veloppera les sujets de la maison basse consommation, habitat sain et \u00e9cologique et permettra \u00e0 chacun, grand public ou professionnel, de dialoguer avec des acteurs du secteur. Lundi 28 avril \u00e0 18 h [&hellip;]\" \/>\n<meta property=\"og:url\" content=\"https:\/\/batijournal.com\/index.php\/poitier-conference-sur-la-maison-bois-bioclimatique-passive\/80764\/\" \/>\n<meta property=\"og:site_name\" content=\"Batijournal\" \/>\n<meta property=\"article:published_time\" content=\"2008-04-17T15:06:29+00:00\" \/>\n<meta name=\"author\" content=\"Bati-journal\" \/>\n<meta name=\"twitter:card\" content=\"summary_large_image\" \/>\n<meta name=\"twitter:creator\" content=\"@bati_journal\" \/>\n<meta name=\"twitter:site\" content=\"@bati_journal\" \/>\n<meta name=\"twitter:label1\" content=\"\u00c9crit par\" \/>\n\t<meta name=\"twitter:data1\" content=\"Bati-journal\" \/>\n<script type=\"application\/ld+json\" class=\"yoast-schema-graph\">{\"@context\":\"https:\\\/\\\/schema.org\",\"@graph\":[{\"@type\":\"Article\",\"@id\":\"https:\\\/\\\/batijournal.com\\\/index.php\\\/poitier-conference-sur-la-maison-bois-bioclimatique-passive\\\/80764\\\/#article\",\"isPartOf\":{\"@id\":\"https:\\\/\\\/batijournal.com\\\/index.php\\\/poitier-conference-sur-la-maison-bois-bioclimatique-passive\\\/80764\\\/\"},\"author\":{\"name\":\"Bati-journal\",\"@id\":\"https:\\\/\\\/batijournal.com\\\/#\\\/schema\\\/person\\\/6a657e8967569e1b299972574848aa76\"},\"headline\":\"Poitier : conf\u00e9rence sur la maison bois bioclimatique passive\",\"datePublished\":\"2008-04-17T15:06:29+00:00\",\"mainEntityOfPage\":{\"@id\":\"https:\\\/\\\/batijournal.com\\\/index.php\\\/poitier-conference-sur-la-maison-bois-bioclimatique-passive\\\/80764\\\/\"},\"wordCount\":71,\"commentCount\":0,\"keywords\":[\"bioclimatique\",\"conf\u00e9rence\"],\"articleSection\":[\"\u00c9v\u00e9nements\"],\"inLanguage\":\"fr-FR\",\"potentialAction\":[{\"@type\":\"CommentAction\",\"name\":\"Comment\",\"target\":[\"https:\\\/\\\/batijournal.com\\\/index.php\\\/poitier-conference-sur-la-maison-bois-bioclimatique-passive\\\/80764\\\/#respond\"]}]},{\"@type\":\"WebPage\",\"@id\":\"https:\\\/\\\/batijournal.com\\\/index.php\\\/poitier-conference-sur-la-maison-bois-bioclimatique-passive\\\/80764\\\/\",\"url\":\"https:\\\/\\\/batijournal.com\\\/index.php\\\/poitier-conference-sur-la-maison-bois-bioclimatique-passive\\\/80764\\\/\",\"name\":\"Poitier : conf\u00e9rence sur la maison bois bioclimatique passive\",\"isPartOf\":{\"@id\":\"https:\\\/\\\/batijournal.com\\\/#website\"},\"datePublished\":\"2008-04-17T15:06:29+00:00\",\"author\":{\"@id\":\"https:\\\/\\\/batijournal.com\\\/#\\\/schema\\\/person\\\/6a657e8967569e1b299972574848aa76\"},\"breadcrumb\":{\"@id\":\"https:\\\/\\\/batijournal.com\\\/index.php\\\/poitier-conference-sur-la-maison-bois-bioclimatique-passive\\\/80764\\\/#breadcrumb\"},\"inLanguage\":\"fr-FR\",\"potentialAction\":[{\"@type\":\"ReadAction\",\"target\":[\"https:\\\/\\\/batijournal.com\\\/index.php\\\/poitier-conference-sur-la-maison-bois-bioclimatique-passive\\\/80764\\\/\"]}]},{\"@type\":\"BreadcrumbList\",\"@id\":\"https:\\\/\\\/batijournal.com\\\/index.php\\\/poitier-conference-sur-la-maison-bois-bioclimatique-passive\\\/80764\\\/#breadcrumb\",\"itemListElement\":[{\"@type\":\"ListItem\",\"position\":1,\"name\":\"Accueil\",\"item\":\"https:\\\/\\\/batijournal.com\\\/\"},{\"@type\":\"ListItem\",\"position\":2,\"name\":\"\u00c9v\u00e9nements\",\"item\":\"https:\\\/\\\/batijournal.com\\\/index.php\\\/category\\\/evenements\\\/\"},{\"@type\":\"ListItem\",\"position\":3,\"name\":\"Poitier : conf\u00e9rence sur la maison bois bioclimatique passive\"}]},{\"@type\":\"WebSite\",\"@id\":\"https:\\\/\\\/batijournal.com\\\/#website\",\"url\":\"https:\\\/\\\/batijournal.com\\\/\",\"name\":\"Batijournal\",\"description\":\"L&#039;actualit\u00e9 du b\u00e2timent\",\"potentialAction\":[{\"@type\":\"SearchAction\",\"target\":{\"@type\":\"EntryPoint\",\"urlTemplate\":\"https:\\\/\\\/batijournal.com\\\/?s={search_term_string}\"},\"query-input\":{\"@type\":\"PropertyValueSpecification\",\"valueRequired\":true,\"valueName\":\"search_term_string\"}}],\"inLanguage\":\"fr-FR\"},{\"@type\":\"Person\",\"@id\":\"https:\\\/\\\/batijournal.com\\\/#\\\/schema\\\/person\\\/6a657e8967569e1b299972574848aa76\",\"name\":\"Bati-journal\",\"image\":{\"@type\":\"ImageObject\",\"inLanguage\":\"fr-FR\",\"@id\":\"https:\\\/\\\/secure.gravatar.com\\\/avatar\\\/a64364ea26392f9b4dd47e017ddaec74ff03aefc073b49e492e847201258f777?s=96&d=mm&r=g\",\"url\":\"https:\\\/\\\/secure.gravatar.com\\\/avatar\\\/a64364ea26392f9b4dd47e017ddaec74ff03aefc073b49e492e847201258f777?s=96&d=mm&r=g\",\"contentUrl\":\"https:\\\/\\\/secure.gravatar.com\\\/avatar\\\/a64364ea26392f9b4dd47e017ddaec74ff03aefc073b49e492e847201258f777?s=96&d=mm&r=g\",\"caption\":\"Bati-journal\"},\"url\":\"https:\\\/\\\/batijournal.com\\\/index.php\\\/author\\\/elodie\\\/\"}]}<\/script>\n<!-- \/ Yoast SEO plugin. -->","yoast_head_json":{"title":"Poitier : conf\u00e9rence sur la maison bois bioclimatique passive","robots":{"index":"index","follow":"follow","max-snippet":"max-snippet:-1","max-image-preview":"max-image-preview:large","max-video-preview":"max-video-preview:-1"},"canonical":"https:\/\/batijournal.com\/index.php\/poitier-conference-sur-la-maison-bois-bioclimatique-passive\/80764\/","og_locale":"fr_FR","og_type":"article","og_title":"Poitier : conf\u00e9rence sur la maison bois bioclimatique passive","og_description":"La maison bois bioclimatique passive sera le sujet d&rsquo;une conf\u00e9rence organis\u00e9e par l&rsquo;interprofession du bois Poitou-Charentes Futurobois. Louis Hatte, consultant bioclimatique passive, d\u00e9veloppera les sujets de la maison basse consommation, habitat sain et \u00e9cologique et permettra \u00e0 chacun, grand public ou professionnel, de dialoguer avec des acteurs du secteur. Lundi 28 avril \u00e0 18 h [&hellip;]","og_url":"https:\/\/batijournal.com\/index.php\/poitier-conference-sur-la-maison-bois-bioclimatique-passive\/80764\/","og_site_name":"Batijournal","article_published_time":"2008-04-17T15:06:29+00:00","author":"Bati-journal","twitter_card":"summary_large_image","twitter_creator":"@bati_journal","twitter_site":"@bati_journal","twitter_misc":{"\u00c9crit par":"Bati-journal"},"schema":{"@context":"https:\/\/schema.org","@graph":[{"@type":"Article","@id":"https:\/\/batijournal.com\/index.php\/poitier-conference-sur-la-maison-bois-bioclimatique-passive\/80764\/#article","isPartOf":{"@id":"https:\/\/batijournal.com\/index.php\/poitier-conference-sur-la-maison-bois-bioclimatique-passive\/80764\/"},"author":{"name":"Bati-journal","@id":"https:\/\/batijournal.com\/#\/schema\/person\/6a657e8967569e1b299972574848aa76"},"headline":"Poitier : conf\u00e9rence sur la maison bois bioclimatique passive","datePublished":"2008-04-17T15:06:29+00:00","mainEntityOfPage":{"@id":"https:\/\/batijournal.com\/index.php\/poitier-conference-sur-la-maison-bois-bioclimatique-passive\/80764\/"},"wordCount":71,"commentCount":0,"keywords":["bioclimatique","conf\u00e9rence"],"articleSection":["\u00c9v\u00e9nements"],"inLanguage":"fr-FR","potentialAction":[{"@type":"CommentAction","name":"Comment","target":["https:\/\/batijournal.com\/index.php\/poitier-conference-sur-la-maison-bois-bioclimatique-passive\/80764\/#respond"]}]},{"@type":"WebPage","@id":"https:\/\/batijournal.com\/index.php\/poitier-conference-sur-la-maison-bois-bioclimatique-passive\/80764\/","url":"https:\/\/batijournal.com\/index.php\/poitier-conference-sur-la-maison-bois-bioclimatique-passive\/80764\/","name":"Poitier : conf\u00e9rence sur la maison bois bioclimatique passive","isPartOf":{"@id":"https:\/\/batijournal.com\/#website"},"datePublished":"2008-04-17T15:06:29+00:00","author":{"@id":"https:\/\/batijournal.com\/#\/schema\/person\/6a657e8967569e1b299972574848aa76"},"breadcrumb":{"@id":"https:\/\/batijournal.com\/index.php\/poitier-conference-sur-la-maison-bois-bioclimatique-passive\/80764\/#breadcrumb"},"inLanguage":"fr-FR","potentialAction":[{"@type":"ReadAction","target":["https:\/\/batijournal.com\/index.php\/poitier-conference-sur-la-maison-bois-bioclimatique-passive\/80764\/"]}]},{"@type":"BreadcrumbList","@id":"https:\/\/batijournal.com\/index.php\/poitier-conference-sur-la-maison-bois-bioclimatique-passive\/80764\/#breadcrumb","itemListElement":[{"@type":"ListItem","position":1,"name":"Accueil","item":"https:\/\/batijournal.com\/"},{"@type":"ListItem","position":2,"name":"\u00c9v\u00e9nements","item":"https:\/\/batijournal.com\/index.php\/category\/evenements\/"},{"@type":"ListItem","position":3,"name":"Poitier : conf\u00e9rence sur la maison bois bioclimatique passive"}]},{"@type":"WebSite","@id":"https:\/\/batijournal.com\/#website","url":"https:\/\/batijournal.com\/","name":"Batijournal","description":"L&#039;actualit\u00e9 du b\u00e2timent","potentialAction":[{"@type":"SearchAction","target":{"@type":"EntryPoint","urlTemplate":"https:\/\/batijournal.com\/?s={search_term_string}"},"query-input":{"@type":"PropertyValueSpecification","valueRequired":true,"valueName":"search_term_string"}}],"inLanguage":"fr-FR"},{"@type":"Person","@id":"https:\/\/batijournal.com\/#\/schema\/person\/6a657e8967569e1b299972574848aa76","name":"Bati-journal","image":{"@type":"ImageObject","inLanguage":"fr-FR","@id":"https:\/\/secure.gravatar.com\/avatar\/a64364ea26392f9b4dd47e017ddaec74ff03aefc073b49e492e847201258f777?s=96&d=mm&r=g","url":"https:\/\/secure.gravatar.com\/avatar\/a64364ea26392f9b4dd47e017ddaec74ff03aefc073b49e492e847201258f777?s=96&d=mm&r=g","contentUrl":"https:\/\/secure.gravatar.com\/avatar\/a64364ea26392f9b4dd47e017ddaec74ff03aefc073b49e492e847201258f777?s=96&d=mm&r=g","caption":"Bati-journal"},"url":"https:\/\/batijournal.com\/index.php\/author\/elodie\/"}]}},"_links":{"self":[{"href":"https:\/\/batijournal.com\/index.php\/wp-json\/wp\/v2\/posts\/80764","targetHints":{"allow":["GET"]}}],"collection":[{"href":"https:\/\/batijournal.com\/index.php\/wp-json\/wp\/v2\/posts"}],"about":[{"href":"https:\/\/batijournal.com\/index.php\/wp-json\/wp\/v2\/types\/post"}],"author":[{"embeddable":true,"href":"https:\/\/batijournal.com\/index.php\/wp-json\/wp\/v2\/users\/1"}],"replies":[{"embeddable":true,"href":"https:\/\/batijournal.com\/index.php\/wp-json\/wp\/v2\/comments?post=80764"}],"version-history":[{"count":0,"href":"https:\/\/batijournal.com\/index.php\/wp-json\/wp\/v2\/posts\/80764\/revisions"}],"wp:attachment":[{"href":"https:\/\/batijournal.com\/index.php\/wp-json\/wp\/v2\/media?parent=80764"}],"wp:term":[{"taxonomy":"category","embeddable":true,"href":"https:\/\/batijournal.com\/index.php\/wp-json\/wp\/v2\/categories?post=80764"},{"taxonomy":"post_tag","embeddable":true,"href":"https:\/\/batijournal.com\/index.php\/wp-json\/wp\/v2\/tags?post=80764"}],"curies":[{"name":"wp","href":"https:\/\/api.w.org\/{rel}","templated":true}]}}