{"id":80771,"date":"2008-04-28T17:39:57","date_gmt":"2008-04-28T15:39:57","guid":{"rendered":"http:\/\/b.bati-journal.com\/puy-de-dome-2e-salon-du-bois-energie-et-construction\/80771"},"modified":"2008-04-28T17:39:57","modified_gmt":"2008-04-28T15:39:57","slug":"puy-de-dome-2e-salon-du-bois-energie-et-construction","status":"publish","type":"post","link":"https:\/\/batijournal.com\/index.php\/puy-de-dome-2e-salon-du-bois-energie-et-construction\/80771\/","title":{"rendered":"Puy-de-D\u00f4me, 2e salon du bois \u00e9nergie et construction"},"content":{"rendered":"<p>Afin de valoriser la fili\u00e8re bois, l&rsquo;une des plus en pointe en Auvergne, et d&rsquo;exposer le potentiel de ce produit naturel, la communaut\u00e9 de communes du pays d&rsquo;Arlanc (entre Ambert et la Chaise-Dieu) organise le 2e salon du bois \u00e9nergie et construction. Cette manifestation souhaite sensibiliser les propri\u00e9taires \u00e0 une gestion foresti\u00e8re de qualit\u00e9, et informer les collectivit\u00e9s, le grand public et les professionnels des possibilit\u00e9s offertes par la production de bois \u00e9nergie et la construction bois. Elle pr\u00e9sentera \u00e9galement les dispositifs d&rsquo;aides, le potentiel d&#8217;emplois de la fili\u00e8re ainsi que les formations scolaires existantes. Le programme pr\u00e9voit pr\u00e8s de 50 exposants, des ateliers d&rsquo;\u00e9changes, des conf\u00e9rences et d\u00e9monstrations, une conf\u00e9rence d\u00e9bat sur la construction bois et des visites d&rsquo;installations de chaudi\u00e8res. Renseignements : 04 73 95 19 13 &#8211; Du 16 au 18 mai 2008 &#8211; Arlanc (63)<\/p>\n","protected":false},"excerpt":{"rendered":"<p>Afin de valoriser la fili\u00e8re bois, l&rsquo;une des plus en pointe en Auvergne, et d&rsquo;exposer le potentiel de ce produit naturel, la communaut\u00e9 de communes du pays d&rsquo;Arlanc (entre Ambert et la Chaise-Dieu) organise le 2e salon du bois \u00e9nergie et construction. Cette manifestation souhaite sensibiliser les propri\u00e9taires \u00e0 une gestion foresti\u00e8re de qualit\u00e9, et [&hellip;]<\/p>\n","protected":false},"author":1,"featured_media":80772,"comment_status":"open","ping_status":"closed","sticky":false,"template":"","format":"standard","meta":{"_et_pb_use_builder":"","_et_pb_old_content":"","_et_gb_content_width":"","footnotes":""},"categories":[9192],"tags":[4083,53,6395],"class_list":["post-80771","post","type-post","status-publish","format-standard","has-post-thumbnail","hentry","category-evenements","tag-bois-energie","tag-construction","tag-salon-salon"],"yoast_head":"<!-- This site is optimized with the Yoast SEO plugin v27.4 - https:\/\/yoast.com\/product\/yoast-seo-wordpress\/ -->\n<title>Puy-de-D\u00f4me, 2e salon du bois \u00e9nergie et construction<\/title>\n<meta name=\"robots\" content=\"index, follow, max-snippet:-1, max-image-preview:large, max-video-preview:-1\" \/>\n<link rel=\"canonical\" href=\"https:\/\/batijournal.com\/index.php\/puy-de-dome-2e-salon-du-bois-energie-et-construction\/80771\/\" \/>\n<meta property=\"og:locale\" content=\"fr_FR\" \/>\n<meta property=\"og:type\" content=\"article\" \/>\n<meta property=\"og:title\" content=\"Puy-de-D\u00f4me, 2e salon du bois \u00e9nergie et construction\" \/>\n<meta property=\"og:description\" content=\"Afin de valoriser la fili\u00e8re bois, l&rsquo;une des plus en pointe en Auvergne, et d&rsquo;exposer le potentiel de ce produit naturel, la communaut\u00e9 de communes du pays d&rsquo;Arlanc (entre Ambert et la Chaise-Dieu) organise le 2e salon du bois \u00e9nergie et construction. Cette manifestation souhaite sensibiliser les propri\u00e9taires \u00e0 une gestion foresti\u00e8re de qualit\u00e9, et [&hellip;]\" \/>\n<meta property=\"og:url\" content=\"https:\/\/batijournal.com\/index.php\/puy-de-dome-2e-salon-du-bois-energie-et-construction\/80771\/\" \/>\n<meta property=\"og:site_name\" content=\"Batijournal\" \/>\n<meta property=\"article:published_time\" content=\"2008-04-28T15:39:57+00:00\" \/>\n<meta property=\"og:image\" content=\"https:\/\/batijournal.com\/wp-content\/uploads\/2015\/03\/002651.jpg\" \/>\n\t<meta property=\"og:image:width\" content=\"600\" \/>\n\t<meta property=\"og:image:height\" content=\"356\" \/>\n\t<meta property=\"og:image:type\" content=\"image\/jpeg\" \/>\n<meta name=\"author\" content=\"Bati-journal\" \/>\n<meta name=\"twitter:card\" content=\"summary_large_image\" \/>\n<meta name=\"twitter:creator\" content=\"@bati_journal\" \/>\n<meta name=\"twitter:site\" content=\"@bati_journal\" \/>\n<meta name=\"twitter:label1\" content=\"\u00c9crit par\" \/>\n\t<meta name=\"twitter:data1\" content=\"Bati-journal\" \/>\n\t<meta name=\"twitter:label2\" content=\"Dur\u00e9e de lecture estim\u00e9e\" \/>\n\t<meta name=\"twitter:data2\" content=\"1 minute\" \/>\n<script type=\"application\/ld+json\" class=\"yoast-schema-graph\">{\"@context\":\"https:\\\/\\\/schema.org\",\"@graph\":[{\"@type\":\"Article\",\"@id\":\"https:\\\/\\\/batijournal.com\\\/index.php\\\/puy-de-dome-2e-salon-du-bois-energie-et-construction\\\/80771\\\/#article\",\"isPartOf\":{\"@id\":\"https:\\\/\\\/batijournal.com\\\/index.php\\\/puy-de-dome-2e-salon-du-bois-energie-et-construction\\\/80771\\\/\"},\"author\":{\"name\":\"Bati-journal\",\"@id\":\"https:\\\/\\\/batijournal.com\\\/#\\\/schema\\\/person\\\/6a657e8967569e1b299972574848aa76\"},\"headline\":\"Puy-de-D\u00f4me, 2e salon du bois \u00e9nergie et construction\",\"datePublished\":\"2008-04-28T15:39:57+00:00\",\"mainEntityOfPage\":{\"@id\":\"https:\\\/\\\/batijournal.com\\\/index.php\\\/puy-de-dome-2e-salon-du-bois-energie-et-construction\\\/80771\\\/\"},\"wordCount\":157,\"commentCount\":0,\"image\":{\"@id\":\"https:\\\/\\\/batijournal.com\\\/index.php\\\/puy-de-dome-2e-salon-du-bois-energie-et-construction\\\/80771\\\/#primaryimage\"},\"thumbnailUrl\":\"https:\\\/\\\/batijournal.com\\\/wp-content\\\/uploads\\\/2015\\\/03\\\/002651.jpg\",\"keywords\":[\"bois \u00e9nergie\",\"construction\",\"salon salon\"],\"articleSection\":[\"\u00c9v\u00e9nements\"],\"inLanguage\":\"fr-FR\",\"potentialAction\":[{\"@type\":\"CommentAction\",\"name\":\"Comment\",\"target\":[\"https:\\\/\\\/batijournal.com\\\/index.php\\\/puy-de-dome-2e-salon-du-bois-energie-et-construction\\\/80771\\\/#respond\"]}]},{\"@type\":\"WebPage\",\"@id\":\"https:\\\/\\\/batijournal.com\\\/index.php\\\/puy-de-dome-2e-salon-du-bois-energie-et-construction\\\/80771\\\/\",\"url\":\"https:\\\/\\\/batijournal.com\\\/index.php\\\/puy-de-dome-2e-salon-du-bois-energie-et-construction\\\/80771\\\/\",\"name\":\"Puy-de-D\u00f4me, 2e salon du bois \u00e9nergie et construction\",\"isPartOf\":{\"@id\":\"https:\\\/\\\/batijournal.com\\\/#website\"},\"primaryImageOfPage\":{\"@id\":\"https:\\\/\\\/batijournal.com\\\/index.php\\\/puy-de-dome-2e-salon-du-bois-energie-et-construction\\\/80771\\\/#primaryimage\"},\"image\":{\"@id\":\"https:\\\/\\\/batijournal.com\\\/index.php\\\/puy-de-dome-2e-salon-du-bois-energie-et-construction\\\/80771\\\/#primaryimage\"},\"thumbnailUrl\":\"https:\\\/\\\/batijournal.com\\\/wp-content\\\/uploads\\\/2015\\\/03\\\/002651.jpg\",\"datePublished\":\"2008-04-28T15:39:57+00:00\",\"author\":{\"@id\":\"https:\\\/\\\/batijournal.com\\\/#\\\/schema\\\/person\\\/6a657e8967569e1b299972574848aa76\"},\"breadcrumb\":{\"@id\":\"https:\\\/\\\/batijournal.com\\\/index.php\\\/puy-de-dome-2e-salon-du-bois-energie-et-construction\\\/80771\\\/#breadcrumb\"},\"inLanguage\":\"fr-FR\",\"potentialAction\":[{\"@type\":\"ReadAction\",\"target\":[\"https:\\\/\\\/batijournal.com\\\/index.php\\\/puy-de-dome-2e-salon-du-bois-energie-et-construction\\\/80771\\\/\"]}]},{\"@type\":\"ImageObject\",\"inLanguage\":\"fr-FR\",\"@id\":\"https:\\\/\\\/batijournal.com\\\/index.php\\\/puy-de-dome-2e-salon-du-bois-energie-et-construction\\\/80771\\\/#primaryimage\",\"url\":\"https:\\\/\\\/batijournal.com\\\/wp-content\\\/uploads\\\/2015\\\/03\\\/002651.jpg\",\"contentUrl\":\"https:\\\/\\\/batijournal.com\\\/wp-content\\\/uploads\\\/2015\\\/03\\\/002651.jpg\",\"width\":600,\"height\":356},{\"@type\":\"BreadcrumbList\",\"@id\":\"https:\\\/\\\/batijournal.com\\\/index.php\\\/puy-de-dome-2e-salon-du-bois-energie-et-construction\\\/80771\\\/#breadcrumb\",\"itemListElement\":[{\"@type\":\"ListItem\",\"position\":1,\"name\":\"Accueil\",\"item\":\"https:\\\/\\\/batijournal.com\\\/\"},{\"@type\":\"ListItem\",\"position\":2,\"name\":\"\u00c9v\u00e9nements\",\"item\":\"https:\\\/\\\/batijournal.com\\\/index.php\\\/category\\\/evenements\\\/\"},{\"@type\":\"ListItem\",\"position\":3,\"name\":\"Puy-de-D\u00f4me, 2e salon du bois \u00e9nergie et construction\"}]},{\"@type\":\"WebSite\",\"@id\":\"https:\\\/\\\/batijournal.com\\\/#website\",\"url\":\"https:\\\/\\\/batijournal.com\\\/\",\"name\":\"Batijournal\",\"description\":\"L&#039;actualit\u00e9 du b\u00e2timent\",\"potentialAction\":[{\"@type\":\"SearchAction\",\"target\":{\"@type\":\"EntryPoint\",\"urlTemplate\":\"https:\\\/\\\/batijournal.com\\\/?s={search_term_string}\"},\"query-input\":{\"@type\":\"PropertyValueSpecification\",\"valueRequired\":true,\"valueName\":\"search_term_string\"}}],\"inLanguage\":\"fr-FR\"},{\"@type\":\"Person\",\"@id\":\"https:\\\/\\\/batijournal.com\\\/#\\\/schema\\\/person\\\/6a657e8967569e1b299972574848aa76\",\"name\":\"Bati-journal\",\"image\":{\"@type\":\"ImageObject\",\"inLanguage\":\"fr-FR\",\"@id\":\"https:\\\/\\\/secure.gravatar.com\\\/avatar\\\/a64364ea26392f9b4dd47e017ddaec74ff03aefc073b49e492e847201258f777?s=96&d=mm&r=g\",\"url\":\"https:\\\/\\\/secure.gravatar.com\\\/avatar\\\/a64364ea26392f9b4dd47e017ddaec74ff03aefc073b49e492e847201258f777?s=96&d=mm&r=g\",\"contentUrl\":\"https:\\\/\\\/secure.gravatar.com\\\/avatar\\\/a64364ea26392f9b4dd47e017ddaec74ff03aefc073b49e492e847201258f777?s=96&d=mm&r=g\",\"caption\":\"Bati-journal\"},\"url\":\"https:\\\/\\\/batijournal.com\\\/index.php\\\/author\\\/elodie\\\/\"}]}<\/script>\n<!-- \/ Yoast SEO plugin. -->","yoast_head_json":{"title":"Puy-de-D\u00f4me, 2e salon du bois \u00e9nergie et construction","robots":{"index":"index","follow":"follow","max-snippet":"max-snippet:-1","max-image-preview":"max-image-preview:large","max-video-preview":"max-video-preview:-1"},"canonical":"https:\/\/batijournal.com\/index.php\/puy-de-dome-2e-salon-du-bois-energie-et-construction\/80771\/","og_locale":"fr_FR","og_type":"article","og_title":"Puy-de-D\u00f4me, 2e salon du bois \u00e9nergie et construction","og_description":"Afin de valoriser la fili\u00e8re bois, l&rsquo;une des plus en pointe en Auvergne, et d&rsquo;exposer le potentiel de ce produit naturel, la communaut\u00e9 de communes du pays d&rsquo;Arlanc (entre Ambert et la Chaise-Dieu) organise le 2e salon du bois \u00e9nergie et construction. Cette manifestation souhaite sensibiliser les propri\u00e9taires \u00e0 une gestion foresti\u00e8re de qualit\u00e9, et [&hellip;]","og_url":"https:\/\/batijournal.com\/index.php\/puy-de-dome-2e-salon-du-bois-energie-et-construction\/80771\/","og_site_name":"Batijournal","article_published_time":"2008-04-28T15:39:57+00:00","og_image":[{"width":600,"height":356,"url":"https:\/\/batijournal.com\/wp-content\/uploads\/2015\/03\/002651.jpg","type":"image\/jpeg"}],"author":"Bati-journal","twitter_card":"summary_large_image","twitter_creator":"@bati_journal","twitter_site":"@bati_journal","twitter_misc":{"\u00c9crit par":"Bati-journal","Dur\u00e9e de lecture estim\u00e9e":"1 minute"},"schema":{"@context":"https:\/\/schema.org","@graph":[{"@type":"Article","@id":"https:\/\/batijournal.com\/index.php\/puy-de-dome-2e-salon-du-bois-energie-et-construction\/80771\/#article","isPartOf":{"@id":"https:\/\/batijournal.com\/index.php\/puy-de-dome-2e-salon-du-bois-energie-et-construction\/80771\/"},"author":{"name":"Bati-journal","@id":"https:\/\/batijournal.com\/#\/schema\/person\/6a657e8967569e1b299972574848aa76"},"headline":"Puy-de-D\u00f4me, 2e salon du bois \u00e9nergie et construction","datePublished":"2008-04-28T15:39:57+00:00","mainEntityOfPage":{"@id":"https:\/\/batijournal.com\/index.php\/puy-de-dome-2e-salon-du-bois-energie-et-construction\/80771\/"},"wordCount":157,"commentCount":0,"image":{"@id":"https:\/\/batijournal.com\/index.php\/puy-de-dome-2e-salon-du-bois-energie-et-construction\/80771\/#primaryimage"},"thumbnailUrl":"https:\/\/batijournal.com\/wp-content\/uploads\/2015\/03\/002651.jpg","keywords":["bois \u00e9nergie","construction","salon salon"],"articleSection":["\u00c9v\u00e9nements"],"inLanguage":"fr-FR","potentialAction":[{"@type":"CommentAction","name":"Comment","target":["https:\/\/batijournal.com\/index.php\/puy-de-dome-2e-salon-du-bois-energie-et-construction\/80771\/#respond"]}]},{"@type":"WebPage","@id":"https:\/\/batijournal.com\/index.php\/puy-de-dome-2e-salon-du-bois-energie-et-construction\/80771\/","url":"https:\/\/batijournal.com\/index.php\/puy-de-dome-2e-salon-du-bois-energie-et-construction\/80771\/","name":"Puy-de-D\u00f4me, 2e salon du bois \u00e9nergie et construction","isPartOf":{"@id":"https:\/\/batijournal.com\/#website"},"primaryImageOfPage":{"@id":"https:\/\/batijournal.com\/index.php\/puy-de-dome-2e-salon-du-bois-energie-et-construction\/80771\/#primaryimage"},"image":{"@id":"https:\/\/batijournal.com\/index.php\/puy-de-dome-2e-salon-du-bois-energie-et-construction\/80771\/#primaryimage"},"thumbnailUrl":"https:\/\/batijournal.com\/wp-content\/uploads\/2015\/03\/002651.jpg","datePublished":"2008-04-28T15:39:57+00:00","author":{"@id":"https:\/\/batijournal.com\/#\/schema\/person\/6a657e8967569e1b299972574848aa76"},"breadcrumb":{"@id":"https:\/\/batijournal.com\/index.php\/puy-de-dome-2e-salon-du-bois-energie-et-construction\/80771\/#breadcrumb"},"inLanguage":"fr-FR","potentialAction":[{"@type":"ReadAction","target":["https:\/\/batijournal.com\/index.php\/puy-de-dome-2e-salon-du-bois-energie-et-construction\/80771\/"]}]},{"@type":"ImageObject","inLanguage":"fr-FR","@id":"https:\/\/batijournal.com\/index.php\/puy-de-dome-2e-salon-du-bois-energie-et-construction\/80771\/#primaryimage","url":"https:\/\/batijournal.com\/wp-content\/uploads\/2015\/03\/002651.jpg","contentUrl":"https:\/\/batijournal.com\/wp-content\/uploads\/2015\/03\/002651.jpg","width":600,"height":356},{"@type":"BreadcrumbList","@id":"https:\/\/batijournal.com\/index.php\/puy-de-dome-2e-salon-du-bois-energie-et-construction\/80771\/#breadcrumb","itemListElement":[{"@type":"ListItem","position":1,"name":"Accueil","item":"https:\/\/batijournal.com\/"},{"@type":"ListItem","position":2,"name":"\u00c9v\u00e9nements","item":"https:\/\/batijournal.com\/index.php\/category\/evenements\/"},{"@type":"ListItem","position":3,"name":"Puy-de-D\u00f4me, 2e salon du bois \u00e9nergie et construction"}]},{"@type":"WebSite","@id":"https:\/\/batijournal.com\/#website","url":"https:\/\/batijournal.com\/","name":"Batijournal","description":"L&#039;actualit\u00e9 du b\u00e2timent","potentialAction":[{"@type":"SearchAction","target":{"@type":"EntryPoint","urlTemplate":"https:\/\/batijournal.com\/?s={search_term_string}"},"query-input":{"@type":"PropertyValueSpecification","valueRequired":true,"valueName":"search_term_string"}}],"inLanguage":"fr-FR"},{"@type":"Person","@id":"https:\/\/batijournal.com\/#\/schema\/person\/6a657e8967569e1b299972574848aa76","name":"Bati-journal","image":{"@type":"ImageObject","inLanguage":"fr-FR","@id":"https:\/\/secure.gravatar.com\/avatar\/a64364ea26392f9b4dd47e017ddaec74ff03aefc073b49e492e847201258f777?s=96&d=mm&r=g","url":"https:\/\/secure.gravatar.com\/avatar\/a64364ea26392f9b4dd47e017ddaec74ff03aefc073b49e492e847201258f777?s=96&d=mm&r=g","contentUrl":"https:\/\/secure.gravatar.com\/avatar\/a64364ea26392f9b4dd47e017ddaec74ff03aefc073b49e492e847201258f777?s=96&d=mm&r=g","caption":"Bati-journal"},"url":"https:\/\/batijournal.com\/index.php\/author\/elodie\/"}]}},"_links":{"self":[{"href":"https:\/\/batijournal.com\/index.php\/wp-json\/wp\/v2\/posts\/80771","targetHints":{"allow":["GET"]}}],"collection":[{"href":"https:\/\/batijournal.com\/index.php\/wp-json\/wp\/v2\/posts"}],"about":[{"href":"https:\/\/batijournal.com\/index.php\/wp-json\/wp\/v2\/types\/post"}],"author":[{"embeddable":true,"href":"https:\/\/batijournal.com\/index.php\/wp-json\/wp\/v2\/users\/1"}],"replies":[{"embeddable":true,"href":"https:\/\/batijournal.com\/index.php\/wp-json\/wp\/v2\/comments?post=80771"}],"version-history":[{"count":0,"href":"https:\/\/batijournal.com\/index.php\/wp-json\/wp\/v2\/posts\/80771\/revisions"}],"wp:featuredmedia":[{"embeddable":true,"href":"https:\/\/batijournal.com\/index.php\/wp-json\/wp\/v2\/media\/80772"}],"wp:attachment":[{"href":"https:\/\/batijournal.com\/index.php\/wp-json\/wp\/v2\/media?parent=80771"}],"wp:term":[{"taxonomy":"category","embeddable":true,"href":"https:\/\/batijournal.com\/index.php\/wp-json\/wp\/v2\/categories?post=80771"},{"taxonomy":"post_tag","embeddable":true,"href":"https:\/\/batijournal.com\/index.php\/wp-json\/wp\/v2\/tags?post=80771"}],"curies":[{"name":"wp","href":"https:\/\/api.w.org\/{rel}","templated":true}]}}